{"id":27804,"date":"2014-01-10T04:11:56","date_gmt":"2014-01-10T09:11:56","guid":{"rendered":"http:\/\/akunq.net\/tr\/?p=27804"},"modified":"2014-01-10T04:12:16","modified_gmt":"2014-01-10T09:12:16","slug":"hrantin-arkadaslari-sozkonusu-bir-ermeni-oldugunda-milli-ittifakta-birlesiyorlar","status":"publish","type":"post","link":"https:\/\/akunq.net\/tr\/?p=27804","title":{"rendered":"Hrant&#8217;\u0131n Arkada\u015flar\u0131: &#8220;S\u00f6zkonusu bir Ermeni oldu\u011funda Milli \u0130ttifakta birle\u015fiyorlar&#8221;"},"content":{"rendered":"<p style=\"text-align: justify;\"><b><i><a href=\"http:\/\/akunq.net\/tr\/wp-content\/uploads\/2014\/01\/\u0534\u056b\u0576\u0584\u056b-\u0568\u0576\u056f\u0565\u0580\u0576\u0565\u0580.jpg\"><img loading=\"lazy\" decoding=\"async\" class=\"alignright size-medium wp-image-27805\" alt=\"\u0534\u056b\u0576\u0584\u056b \u0568\u0576\u056f\u0565\u0580\u0576\u0565\u0580\" src=\"http:\/\/akunq.net\/tr\/wp-content\/uploads\/2014\/01\/\u0534\u056b\u0576\u0584\u056b-\u0568\u0576\u056f\u0565\u0580\u0576\u0565\u0580-300x168.jpg\" width=\"300\" height=\"168\" srcset=\"https:\/\/akunq.net\/tr\/wp-content\/uploads\/sites\/6\/2014\/01\/\u0534\u056b\u0576\u0584\u056b-\u0568\u0576\u056f\u0565\u0580\u0576\u0565\u0580-300x168.jpg 300w, https:\/\/akunq.net\/tr\/wp-content\/uploads\/sites\/6\/2014\/01\/\u0534\u056b\u0576\u0584\u056b-\u0568\u0576\u056f\u0565\u0580\u0576\u0565\u0580.jpg 450w\" sizes=\"auto, (max-width: 300px) 100vw, 300px\" \/><\/a>Hrant&#8217;\u0131n Arkada\u015flar\u0131 yapt\u0131klar\u0131 a\u00e7\u0131klamada s\u00f6zkonusu bir Ermeni ise 17 Aral\u0131k operasyonu sonras\u0131nda aralar\u0131nda a\u00e7\u0131k bir gerilim olmas\u0131na kar\u015f\u0131n AKP ve Cemaat&#8217;in klasik devlet kanad\u0131yla milli ittifakta birle\u015fti\u011fini belirtti.<\/i><\/b><\/p>\n<p style=\"text-align: justify;\">Agos Gazetesi Genel Yay\u0131n Y\u00f6netmeni Hrant Dink&#8217;in \u00f6ld\u00fcr\u00fclmesine ili\u015fkin yeniden g\u00f6r\u00fclen davan\u0131n \u00fc\u00e7\u00fcnc\u00fc duru\u015fmas\u0131 ba\u015flad\u0131.<br \/>\nHrant&#8217;\u0131n Arkada\u015flar\u0131 yine \u00c7a\u011flaya Adliyesi \u00f6n\u00fcndeydi.<\/p>\n<p style=\"text-align: justify;\">Bas\u0131n a\u00e7\u0131klamas\u0131n\u0131 okuyan Ahmet \u00dcmit, yolsuzluk operasyonunda ilgin\u00e7 bir tesad\u00fcfle Hrant Dink davas\u0131nda yarg\u0131lanmas\u0131 istenen ki\u015fileri de vurdu\u011funu hat\u0131rlatarak \u015f\u00f6yle dedi:<br \/>\n&#8220;\u0130\u00e7i\u015fleri Bakan\u0131 Muammer G\u00fcler, soru\u015fturma \u00e7er\u00e7evesinde o\u011flu tutukland\u0131\u011f\u0131 i\u00e7in istifa etmek zorunda kal\u0131rken, Emniyet&#8217;te Tefti\u015f Kurulu Ba\u015fkanl\u0131\u011f\u0131 g\u00f6revini y\u00fcr\u00fctmekte olan Ramazan Aky\u00fcrek devleti cemaatten ar\u0131nd\u0131rmaya y\u00f6nelik kar\u015f\u0131 operasyon \u00e7er\u00e7evesinde y\u00fczlerce polis \u015fefiyle birlikte g\u00f6revden al\u0131nd\u0131.<br \/>\n&#8220;Manzara gayet a\u00e7\u0131k. Bu yolsuzluk soru\u015fturmas\u0131 olmasa bakan da, polis \u015fefi de g\u00f6revlerine devam edecekti. Kimse onlara dokunmayacakt\u0131. Birbirlerine dokundular ve g\u00f6revlerinden oldular.<br \/>\n\u00dcmit, Dink cinayetinde dile getirilen AKP-Cemaat, klasik devlet kanatlar\u0131yla ilgili de\u011ferlendirmelerin s\u00f6zkonusu bir Ermeni oldu\u011fu i\u00e7in eksik kald\u0131\u011f\u0131n\u0131 vurgulayarak \u00e7ok derinde milli bir ittifak\u0131n varoldu\u011funu ve hala da\u011f\u0131lmad\u0131\u011f\u0131n\u0131 belirtti.<br \/>\n&#8220;Ya\u015fananlar o milli gelene\u011fi t\u00fcm kanatlar\u0131n i\u00e7tenlikle payla\u015ft\u0131\u011f\u0131n\u0131, bir Ermeni&#8217;nin \u00f6ld\u00fcr\u00fclmesinin devlet i\u00e7in hala rutin ve cezas\u0131z bir i\u015flem oldu\u011funu bize bir kez daha g\u00f6steriyor. Biz &#8216;vur&#8217; diyenler yarg\u0131lanmad\u0131k\u00e7a bu ger\u00e7e\u011fi her duru\u015fmada dile getirece\u011fiz.&#8221;<\/p>\n<p style=\"text-align: justify;\"><b><i>http:\/\/www.turnusol.biz\/public\/haber.aspx?id=18320&amp;pid=19<\/i><\/b><\/p>\n","protected":false},"excerpt":{"rendered":"<p>Hrant&#8217;\u0131n Arkada\u015flar\u0131 yapt\u0131klar\u0131 a\u00e7\u0131klamada s\u00f6zkonusu bir Ermeni ise 17 Aral\u0131k operasyonu sonras\u0131nda aralar\u0131nda a\u00e7\u0131k bir gerilim olmas\u0131na kar\u015f\u0131n AKP ve Cemaat&#8217;in klasik devlet kanad\u0131yla milli ittifakta birle\u015fti\u011fini belirtti. Agos Gazetesi Genel Yay\u0131n Y\u00f6netmeni Hrant Dink&#8217;in \u00f6ld\u00fcr\u00fclmesine ili\u015fkin yeniden g\u00f6r\u00fclen davan\u0131n \u00fc\u00e7\u00fcnc\u00fc duru\u015fmas\u0131 ba\u015flad\u0131. Hrant&#8217;\u0131n Arkada\u015flar\u0131 yine \u00c7a\u011flaya Adliyesi \u00f6n\u00fcndeydi. Bas\u0131n a\u00e7\u0131klamas\u0131n\u0131 okuyan Ahmet \u00dcmit, yolsuzluk [&hellip;]<\/p>\n","protected":false},"author":7,"featured_media":0,"comment_status":"open","ping_status":"open","sticky":false,"template":"","format":"standard","meta":{"footnotes":""},"categories":[1],"tags":[],"class_list":["post-27804","post","type-post","status-publish","format-standard","hentry","category-haberler"],"yoast_head":"<!-- This site is optimized with the Yoast SEO plugin v27.4 - https:\/\/yoast.com\/product\/yoast-seo-wordpress\/ -->\n<title>Hrant&#039;\u0131n Arkada\u015flar\u0131: &quot;S\u00f6zkonusu bir Ermeni oldu\u011funda Milli \u0130ttifakta birle\u015fiyorlar&quot; - Bati Ermenistan Ve Bati Ermenileri Sorunlari Ara\u015ftirmalar Merkezi<\/title>\n<meta name=\"robots\" content=\"index, follow, max-snippet:-1, max-image-preview:large, max-video-preview:-1\" \/>\n<link rel=\"canonical\" href=\"https:\/\/akunq.net\/tr\/?p=27804\" \/>\n<meta property=\"og:locale\" content=\"en_US\" \/>\n<meta property=\"og:type\" content=\"article\" \/>\n<meta property=\"og:title\" content=\"Hrant&#039;\u0131n Arkada\u015flar\u0131: &quot;S\u00f6zkonusu bir Ermeni oldu\u011funda Milli \u0130ttifakta birle\u015fiyorlar&quot; - Bati Ermenistan Ve Bati Ermenileri Sorunlari Ara\u015ftirmalar Merkezi\" \/>\n<meta property=\"og:description\" content=\"Hrant&#8217;\u0131n Arkada\u015flar\u0131 yapt\u0131klar\u0131 a\u00e7\u0131klamada s\u00f6zkonusu bir Ermeni ise 17 Aral\u0131k operasyonu sonras\u0131nda aralar\u0131nda a\u00e7\u0131k bir gerilim olmas\u0131na kar\u015f\u0131n AKP ve Cemaat&#8217;in klasik devlet kanad\u0131yla milli ittifakta birle\u015fti\u011fini belirtti. Agos Gazetesi Genel Yay\u0131n Y\u00f6netmeni Hrant Dink&#8217;in \u00f6ld\u00fcr\u00fclmesine ili\u015fkin yeniden g\u00f6r\u00fclen davan\u0131n \u00fc\u00e7\u00fcnc\u00fc duru\u015fmas\u0131 ba\u015flad\u0131. Hrant&#8217;\u0131n Arkada\u015flar\u0131 yine \u00c7a\u011flaya Adliyesi \u00f6n\u00fcndeydi. Bas\u0131n a\u00e7\u0131klamas\u0131n\u0131 okuyan Ahmet \u00dcmit, yolsuzluk [&hellip;]\" \/>\n<meta property=\"og:url\" content=\"https:\/\/akunq.net\/tr\/?p=27804\" \/>\n<meta property=\"og:site_name\" content=\"Bati Ermenistan Ve Bati Ermenileri Sorunlari Ara\u015ftirmalar Merkezi\" \/>\n<meta property=\"article:published_time\" content=\"2014-01-10T09:11:56+00:00\" \/>\n<meta property=\"article:modified_time\" content=\"2014-01-10T09:12:16+00:00\" \/>\n<meta name=\"author\" content=\"admin\" \/>\n<meta name=\"twitter:card\" content=\"summary_large_image\" \/>\n<meta name=\"twitter:label1\" content=\"Written by\" \/>\n\t<meta name=\"twitter:data1\" content=\"admin\" \/>\n\t<meta name=\"twitter:label2\" content=\"Est. reading time\" \/>\n\t<meta name=\"twitter:data2\" content=\"1 minute\" \/>\n<script type=\"application\/ld+json\" class=\"yoast-schema-graph\">{\"@context\":\"https:\\\/\\\/schema.org\",\"@graph\":[{\"@type\":\"Article\",\"@id\":\"https:\\\/\\\/akunq.net\\\/tr\\\/?p=27804#article\",\"isPartOf\":{\"@id\":\"https:\\\/\\\/akunq.net\\\/tr\\\/?p=27804\"},\"author\":{\"name\":\"admin\",\"@id\":\"https:\\\/\\\/akunq.net\\\/tr\\\/#\\\/schema\\\/person\\\/096f1d38a12cce57fb855b485ed24c9e\"},\"headline\":\"Hrant&#8217;\u0131n Arkada\u015flar\u0131: &#8220;S\u00f6zkonusu bir Ermeni oldu\u011funda Milli \u0130ttifakta birle\u015fiyorlar&#8221;\",\"datePublished\":\"2014-01-10T09:11:56+00:00\",\"dateModified\":\"2014-01-10T09:12:16+00:00\",\"mainEntityOfPage\":{\"@id\":\"https:\\\/\\\/akunq.net\\\/tr\\\/?p=27804\"},\"wordCount\":306,\"commentCount\":0,\"articleSection\":[\"Haberler\"],\"inLanguage\":\"en-US\",\"potentialAction\":[{\"@type\":\"CommentAction\",\"name\":\"Comment\",\"target\":[\"https:\\\/\\\/akunq.net\\\/tr\\\/?p=27804#respond\"]}]},{\"@type\":\"WebPage\",\"@id\":\"https:\\\/\\\/akunq.net\\\/tr\\\/?p=27804\",\"url\":\"https:\\\/\\\/akunq.net\\\/tr\\\/?p=27804\",\"name\":\"Hrant'\u0131n Arkada\u015flar\u0131: \\\"S\u00f6zkonusu bir Ermeni oldu\u011funda Milli \u0130ttifakta birle\u015fiyorlar\\\" - Bati Ermenistan Ve Bati Ermenileri Sorunlari Ara\u015ftirmalar Merkezi\",\"isPartOf\":{\"@id\":\"https:\\\/\\\/akunq.net\\\/tr\\\/#website\"},\"datePublished\":\"2014-01-10T09:11:56+00:00\",\"dateModified\":\"2014-01-10T09:12:16+00:00\",\"author\":{\"@id\":\"https:\\\/\\\/akunq.net\\\/tr\\\/#\\\/schema\\\/person\\\/096f1d38a12cce57fb855b485ed24c9e\"},\"breadcrumb\":{\"@id\":\"https:\\\/\\\/akunq.net\\\/tr\\\/?p=27804#breadcrumb\"},\"inLanguage\":\"en-US\",\"potentialAction\":[{\"@type\":\"ReadAction\",\"target\":[\"https:\\\/\\\/akunq.net\\\/tr\\\/?p=27804\"]}]},{\"@type\":\"BreadcrumbList\",\"@id\":\"https:\\\/\\\/akunq.net\\\/tr\\\/?p=27804#breadcrumb\",\"itemListElement\":[{\"@type\":\"ListItem\",\"position\":1,\"name\":\"Home\",\"item\":\"https:\\\/\\\/akunq.net\\\/tr\"},{\"@type\":\"ListItem\",\"position\":2,\"name\":\"Hrant&#8217;\u0131n Arkada\u015flar\u0131: &#8220;S\u00f6zkonusu bir Ermeni oldu\u011funda Milli \u0130ttifakta birle\u015fiyorlar&#8221;\"}]},{\"@type\":\"WebSite\",\"@id\":\"https:\\\/\\\/akunq.net\\\/tr\\\/#website\",\"url\":\"https:\\\/\\\/akunq.net\\\/tr\\\/\",\"name\":\"Bati Ermenistan Ve Bati Ermenileri Sorunlari Ara\u015ftirmalar Merkezi\",\"description\":\"\",\"potentialAction\":[{\"@type\":\"SearchAction\",\"target\":{\"@type\":\"EntryPoint\",\"urlTemplate\":\"https:\\\/\\\/akunq.net\\\/tr\\\/?s={search_term_string}\"},\"query-input\":{\"@type\":\"PropertyValueSpecification\",\"valueRequired\":true,\"valueName\":\"search_term_string\"}}],\"inLanguage\":\"en-US\"},{\"@type\":\"Person\",\"@id\":\"https:\\\/\\\/akunq.net\\\/tr\\\/#\\\/schema\\\/person\\\/096f1d38a12cce57fb855b485ed24c9e\",\"name\":\"admin\",\"url\":\"https:\\\/\\\/akunq.net\\\/tr\\\/?author=7\"}]}<\/script>\n<!-- \/ Yoast SEO plugin. -->","yoast_head_json":{"title":"Hrant'\u0131n Arkada\u015flar\u0131: \"S\u00f6zkonusu bir Ermeni oldu\u011funda Milli \u0130ttifakta birle\u015fiyorlar\" - Bati Ermenistan Ve Bati Ermenileri Sorunlari Ara\u015ftirmalar Merkezi","robots":{"index":"index","follow":"follow","max-snippet":"max-snippet:-1","max-image-preview":"max-image-preview:large","max-video-preview":"max-video-preview:-1"},"canonical":"https:\/\/akunq.net\/tr\/?p=27804","og_locale":"en_US","og_type":"article","og_title":"Hrant'\u0131n Arkada\u015flar\u0131: \"S\u00f6zkonusu bir Ermeni oldu\u011funda Milli \u0130ttifakta birle\u015fiyorlar\" - Bati Ermenistan Ve Bati Ermenileri Sorunlari Ara\u015ftirmalar Merkezi","og_description":"Hrant&#8217;\u0131n Arkada\u015flar\u0131 yapt\u0131klar\u0131 a\u00e7\u0131klamada s\u00f6zkonusu bir Ermeni ise 17 Aral\u0131k operasyonu sonras\u0131nda aralar\u0131nda a\u00e7\u0131k bir gerilim olmas\u0131na kar\u015f\u0131n AKP ve Cemaat&#8217;in klasik devlet kanad\u0131yla milli ittifakta birle\u015fti\u011fini belirtti. Agos Gazetesi Genel Yay\u0131n Y\u00f6netmeni Hrant Dink&#8217;in \u00f6ld\u00fcr\u00fclmesine ili\u015fkin yeniden g\u00f6r\u00fclen davan\u0131n \u00fc\u00e7\u00fcnc\u00fc duru\u015fmas\u0131 ba\u015flad\u0131. Hrant&#8217;\u0131n Arkada\u015flar\u0131 yine \u00c7a\u011flaya Adliyesi \u00f6n\u00fcndeydi. Bas\u0131n a\u00e7\u0131klamas\u0131n\u0131 okuyan Ahmet \u00dcmit, yolsuzluk [&hellip;]","og_url":"https:\/\/akunq.net\/tr\/?p=27804","og_site_name":"Bati Ermenistan Ve Bati Ermenileri Sorunlari Ara\u015ftirmalar Merkezi","article_published_time":"2014-01-10T09:11:56+00:00","article_modified_time":"2014-01-10T09:12:16+00:00","author":"admin","twitter_card":"summary_large_image","twitter_misc":{"Written by":"admin","Est. reading time":"1 minute"},"schema":{"@context":"https:\/\/schema.org","@graph":[{"@type":"Article","@id":"https:\/\/akunq.net\/tr\/?p=27804#article","isPartOf":{"@id":"https:\/\/akunq.net\/tr\/?p=27804"},"author":{"name":"admin","@id":"https:\/\/akunq.net\/tr\/#\/schema\/person\/096f1d38a12cce57fb855b485ed24c9e"},"headline":"Hrant&#8217;\u0131n Arkada\u015flar\u0131: &#8220;S\u00f6zkonusu bir Ermeni oldu\u011funda Milli \u0130ttifakta birle\u015fiyorlar&#8221;","datePublished":"2014-01-10T09:11:56+00:00","dateModified":"2014-01-10T09:12:16+00:00","mainEntityOfPage":{"@id":"https:\/\/akunq.net\/tr\/?p=27804"},"wordCount":306,"commentCount":0,"articleSection":["Haberler"],"inLanguage":"en-US","potentialAction":[{"@type":"CommentAction","name":"Comment","target":["https:\/\/akunq.net\/tr\/?p=27804#respond"]}]},{"@type":"WebPage","@id":"https:\/\/akunq.net\/tr\/?p=27804","url":"https:\/\/akunq.net\/tr\/?p=27804","name":"Hrant'\u0131n Arkada\u015flar\u0131: \"S\u00f6zkonusu bir Ermeni oldu\u011funda Milli \u0130ttifakta birle\u015fiyorlar\" - Bati Ermenistan Ve Bati Ermenileri Sorunlari Ara\u015ftirmalar Merkezi","isPartOf":{"@id":"https:\/\/akunq.net\/tr\/#website"},"datePublished":"2014-01-10T09:11:56+00:00","dateModified":"2014-01-10T09:12:16+00:00","author":{"@id":"https:\/\/akunq.net\/tr\/#\/schema\/person\/096f1d38a12cce57fb855b485ed24c9e"},"breadcrumb":{"@id":"https:\/\/akunq.net\/tr\/?p=27804#breadcrumb"},"inLanguage":"en-US","potentialAction":[{"@type":"ReadAction","target":["https:\/\/akunq.net\/tr\/?p=27804"]}]},{"@type":"BreadcrumbList","@id":"https:\/\/akunq.net\/tr\/?p=27804#breadcrumb","itemListElement":[{"@type":"ListItem","position":1,"name":"Home","item":"https:\/\/akunq.net\/tr"},{"@type":"ListItem","position":2,"name":"Hrant&#8217;\u0131n Arkada\u015flar\u0131: &#8220;S\u00f6zkonusu bir Ermeni oldu\u011funda Milli \u0130ttifakta birle\u015fiyorlar&#8221;"}]},{"@type":"WebSite","@id":"https:\/\/akunq.net\/tr\/#website","url":"https:\/\/akunq.net\/tr\/","name":"Bati Ermenistan Ve Bati Ermenileri Sorunlari Ara\u015ftirmalar Merkezi","description":"","potentialAction":[{"@type":"SearchAction","target":{"@type":"EntryPoint","urlTemplate":"https:\/\/akunq.net\/tr\/?s={search_term_string}"},"query-input":{"@type":"PropertyValueSpecification","valueRequired":true,"valueName":"search_term_string"}}],"inLanguage":"en-US"},{"@type":"Person","@id":"https:\/\/akunq.net\/tr\/#\/schema\/person\/096f1d38a12cce57fb855b485ed24c9e","name":"admin","url":"https:\/\/akunq.net\/tr\/?author=7"}]}},"_links":{"self":[{"href":"https:\/\/akunq.net\/tr\/index.php?rest_route=\/wp\/v2\/posts\/27804","targetHints":{"allow":["GET"]}}],"collection":[{"href":"https:\/\/akunq.net\/tr\/index.php?rest_route=\/wp\/v2\/posts"}],"about":[{"href":"https:\/\/akunq.net\/tr\/index.php?rest_route=\/wp\/v2\/types\/post"}],"author":[{"embeddable":true,"href":"https:\/\/akunq.net\/tr\/index.php?rest_route=\/wp\/v2\/users\/7"}],"replies":[{"embeddable":true,"href":"https:\/\/akunq.net\/tr\/index.php?rest_route=%2Fwp%2Fv2%2Fcomments&post=27804"}],"version-history":[{"count":2,"href":"https:\/\/akunq.net\/tr\/index.php?rest_route=\/wp\/v2\/posts\/27804\/revisions"}],"predecessor-version":[{"id":27807,"href":"https:\/\/akunq.net\/tr\/index.php?rest_route=\/wp\/v2\/posts\/27804\/revisions\/27807"}],"wp:attachment":[{"href":"https:\/\/akunq.net\/tr\/index.php?rest_route=%2Fwp%2Fv2%2Fmedia&parent=27804"}],"wp:term":[{"taxonomy":"category","embeddable":true,"href":"https:\/\/akunq.net\/tr\/index.php?rest_route=%2Fwp%2Fv2%2Fcategories&post=27804"},{"taxonomy":"post_tag","embeddable":true,"href":"https:\/\/akunq.net\/tr\/index.php?rest_route=%2Fwp%2Fv2%2Ftags&post=27804"}],"curies":[{"name":"wp","href":"https:\/\/api.w.org\/{rel}","templated":true}]}}