{"id":27800,"date":"2014-01-10T03:54:04","date_gmt":"2014-01-10T08:54:04","guid":{"rendered":"http:\/\/akunq.net\/tr\/?p=27800"},"modified":"2014-01-10T03:54:26","modified_gmt":"2014-01-10T08:54:26","slug":"chp-fisleme-icin-meclis-arastirmasi-istedi","status":"publish","type":"post","link":"https:\/\/akunq.net\/tr\/?p=27800","title":{"rendered":"CHP &#8216;Fi\u015fleme&#8217; \u0130\u00e7in Meclis Ara\u015ft\u0131rmas\u0131 \u0130stedi"},"content":{"rendered":"<p style=\"text-align: justify;\"><b><i><a href=\"http:\/\/akunq.net\/tr\/wp-content\/uploads\/2014\/01\/CHP.jpg\"><img loading=\"lazy\" decoding=\"async\" class=\"alignright size-medium wp-image-27801\" alt=\"CHP\" src=\"http:\/\/akunq.net\/tr\/wp-content\/uploads\/2014\/01\/CHP-300x354.jpg\" width=\"300\" height=\"354\" srcset=\"https:\/\/akunq.net\/tr\/wp-content\/uploads\/sites\/6\/2014\/01\/CHP-300x354.jpg 300w, https:\/\/akunq.net\/tr\/wp-content\/uploads\/sites\/6\/2014\/01\/CHP-600x709.jpg 600w, https:\/\/akunq.net\/tr\/wp-content\/uploads\/sites\/6\/2014\/01\/CHP.jpg 1397w\" sizes=\"auto, (max-width: 300px) 100vw, 300px\" \/><\/a>CHP, ki\u015fi hak ve \u00f6zg\u00fcrl\u00fcklerinin anayasal g\u00fcvence alt\u0131nda olmas\u0131 gerekirken vatanda\u015flar\u0131n fi\u015flenmesi konusunda Meclis ara\u015ft\u0131rmas\u0131 istedi.<\/i><\/b><\/p>\n<p style=\"text-align: justify;\">CHP Genel Ba\u015fkan Yard\u0131mc\u0131s\u0131 <a title=\"Sezgin Tanr\u0131kulu Haberleri\" href=\"http:\/\/haberler.com\/sezgin-tanrikulu\/\">Sezgin Tanr\u0131kulu<\/a>, <a title=\"TBMM Haberleri\" href=\"http:\/\/haberler.com\/tbmm\/\">TBMM<\/a> Ba\u015fkanl\u0131\u011f\u0131na ba\u015fvurarak \u201cKi\u015fi hak ve \u00f6zg\u00fcrl\u00fcklerinin anayasal g\u00fcvence alt\u0131nda olmas\u0131 gerekirken buna ra\u011fmen vatanda\u015flar\u0131n fi\u015flenmesi devam etmektedir ve fi\u015fleme faaliyetinde bulunanlar hakk\u0131nda adli ve idari soru\u015fturma yap\u0131lmamaktad\u0131r. Farkl\u0131 etnik, dinsel mezhepsel kimliklere sahip vatanda\u015flar\u0131n haklar\u0131n\u0131n korunmas\u0131 amac\u0131yla Anayasa&#8217;n\u0131n 98\u2019inci, I\u00e7t\u00fcz\u00fc\u011f\u00fcn 104 ve 105\u2019inci maddeleri gere\u011fince Meclis ara\u015ft\u0131rmas\u0131 a\u00e7\u0131lmas\u0131 i\u00e7in gere\u011fini arz ederim.\u201d dedi.<\/p>\n<p style=\"text-align: justify;\"><b>\u201c1980\u2019DEKI FI\u015eLEMELERI AKLA GETIRIYOR\u201d<\/b><\/p>\n<p style=\"text-align: justify;\">\u00d6nergenin gerek\u00e7esi ise \u00fcniversitelerde yap\u0131lan fi\u015flemeler sonucu ceza alan \u00f6\u011frenciler oldu\u011funun belirtildi\u011fi \u00f6nergede &#8216;\u00dcniversitelerde Disiplin Soru\u015fturmalar\u0131: \u00d6\u011frencilerin Ifade ve \u00d6rg\u00fctlenme \u00d6zg\u00fcrl\u00fc\u011f\u00fc AIHS \u00c7er\u00e7evesinde Bir De\u011ferlendirme Raporu&#8217;nda yer ald\u0131\u011f\u0131na i\u015faret edilerek, \u201cRaporu haz\u0131rlayan akademisyenler, soru\u015fturmac\u0131lar ve \u00f6\u011frencilerle de g\u00f6r\u00fc\u015ft\u00fc. Yans\u0131yan g\u00f6r\u00fc\u015flerse soru\u015fturmalar\u0131n polis listeleriyle a\u00e7\u0131ld\u0131\u011f\u0131n\u0131n itiraf\u0131yd\u0131. Emniyet M\u00fcd\u00fcrl\u00fc\u011f\u00fc\u2019nden gelen listeler \u00fczerine soru\u015fturma a\u00e7t\u0131klar\u0131n\u0131 s\u00f6yleyen bir g\u00f6revli, listede oldu\u011fu i\u00e7in okulda olmad\u0131\u011f\u0131 halde bir \u00f6\u011frenciye soru\u015fturma a\u00e7\u0131ld\u0131\u011f\u0131n\u0131 da aktard\u0131. <a title=\"Gezi Park\u0131 Haberleri\" href=\"http:\/\/haberler.com\/gezi-parki\/\">Gezi Park\u0131<\/a> protestolar\u0131 sonucu ortaya \u00e7\u0131kan resmi de\u011ferlendirme raporlar\u0131nda eylemlere kat\u0131lan vatanda\u015flar\u0131 etnik ve mezhepsel olarak fi\u015fleyen g\u00fcvenlik kuvvetleri, <a title=\"12 Eyl\u00fcl Haberleri\" href=\"http:\/\/haberler.com\/12-eylul\/\">12 Eyl\u00fcl<\/a> 1980 \u00f6ncesi yap\u0131lan fi\u015flemeleri akla getirmektedir. <a title=\"12 Eyl\u00fcl Haberleri\" href=\"http:\/\/haberler.com\/12-eylul\/\">12 Eyl\u00fcl<\/a> askeri darbesi \u00f6ncesi ve sonras\u0131 bir milyondan fazla vatanda\u015f\u0131n fi\u015flendi\u011fi utanc\u0131 haf\u0131zalardaki yerini korurken, mevcut siyasi iktidar\u0131n miting alanlar\u0131nda &#8216;fi\u015fleme tarihe kar\u0131\u015facak&#8217; s\u00f6z\u00fcne ve yasal g\u00fcvencelere ra\u011fmen fi\u015fleme h\u0131z kesmeden devam etmektedir.\u201d diye belirtildi.<\/p>\n<p style=\"text-align: justify;\"><b>\u201c\u015e\u00dcPHELILERIN Y\u00dcZDE 78\u2019I ALEVI K\u00d6KENLI\u201d<\/b><\/p>\n<p style=\"text-align: justify;\">G\u00fcvenlik birimlerinin <a title=\"Gezi Park\u0131 Haberleri\" href=\"http:\/\/haberler.com\/gezi-parki\/\">Gezi Park\u0131<\/a> eylemlerine ili\u015fkin de\u011ferlendirmelerinde \u015f\u00fcphelilerin y\u00fczde 78\u2019inin Alevi k\u00f6kenli oldu\u011funun belirtildi\u011fi hat\u0131rlat\u0131lan gerek\u00e7ede, \u201cErmeni okuluna kay\u0131t yapt\u0131rmak isteyen \u00f6\u011frenci velisinden Il Milli E\u011fitim M\u00fcd\u00fcrl\u00fc\u011f\u00fcnden izin yaz\u0131s\u0131 istenmi\u015ftir. <a title=\"Milli E\u011fitim M\u00fcd\u00fcrl\u00fc\u011f\u00fc Haberleri\" href=\"http:\/\/haberler.com\/milli-egitim-mudurlugu\/\">Milli E\u011fitim M\u00fcd\u00fcrl\u00fc\u011f\u00fc<\/a> yaz\u0131\u015fmalar\u0131nda gizli soy kodunun varl\u0131\u011f\u0131na de\u011finmi\u015f; gizli soy kodu uygun olmad\u0131\u011f\u0131ndan \u00f6\u011frenci velisinin iste\u011fi geri \u00e7evrilmi\u015ftir. Bas\u0131na yans\u0131yan fi\u015fleme ve gizli soy kodu uygulamalar\u0131yla iktidar\u0131n ve g\u00fcvenlik birimlerinin g\u00f6rev ve yetkilerini k\u00f6t\u00fcye kulland\u0131\u011f\u0131 ortaya \u00e7\u0131km\u0131\u015ft\u0131r. Fi\u015fleme <a title=\"Ak Parti Haberleri\" href=\"http:\/\/haberler.com\/ak-parti\/\">Ak Parti<\/a> iktidar\u0131n\u0131n muhalefeti sindirme, bask\u0131 alt\u0131na alma, kamu haklar\u0131ndan mahrum b\u0131rakma politikalar\u0131na kaynakl\u0131k etmektedir. Rumlar, Ermenilere kar\u015f\u0131 gizli soy kodu uygulamas\u0131 bu etnik gruplar \u00fczerinde bask\u0131 kurmak, sindirme, taciz politikas\u0131na referans g\u00f6stermek amac\u0131n\u0131 ta\u015f\u0131maktad\u0131r. Devletin vatanda\u015flar\u0131na kar\u015f\u0131 fi\u015fleme, gizli soy kodu uygulamas\u0131 gibi tehditk\u00e2r bir politika y\u00fcr\u00fctmesi kabul edilemezdir. Hukuk devletinde bir su\u00e7 i\u015flenmi\u015fse ba\u011f\u0131ms\u0131z mahkemelerde yarg\u0131lan\u0131r. Hi\u00e7 kimse etnik, dinsel, mezhepsel kimli\u011fiyle ili\u015fkilendirilerek su\u00e7 \u015f\u00fcphesiyle tehdit edilemez, bask\u0131 alt\u0131na al\u0131namaz.&#8221; ifadeleri yer ald\u0131.<\/p>\n<p style=\"text-align: justify;\"><b>\u201cFI\u015eLEME YAPANLAR I\u00c7IN ADLI VE IDARI SORU\u015eTURMALAR\u201d<\/b><\/p>\n<p style=\"text-align: justify;\">CHP\u2019nin Meclis Ara\u015ft\u0131rma \u00f6nergesi, \u201cT\u00fcrkiye Cumhuriyeti Anayasas\u0131&#8217;nda devletin vatanda\u015flar\u0131na kar\u015f\u0131 m\u00fckellefiyetlerini d\u00fc\u015f\u00fcnd\u00fc\u011f\u00fcm\u00fczde fi\u015fleme, gizli soy kodu uygulamas\u0131; vatanda\u015flar\u0131n bir k\u0131sm\u0131n\u0131 ikini s\u0131n\u0131f vatanda\u015f olarak ay\u0131rmak anlam\u0131na gelmektedir. Fi\u015fleme, gizli soy kodu uygulamas\u0131 esas\u0131nda ki\u015finin varolu\u015f kimli\u011fi gibi manevi varl\u0131k alan\u0131na girilmesi, masumiyet karinesinin \u00e7i\u011fnenmesi, toplumu b\u00f6l\u00fcc\u00fc, tahrik edici, kin ve nefrete s\u00fcr\u00fckleyici olma sebebiyle hukuk d\u0131\u015f\u0131 bir uygulamad\u0131r. Bu uygulamalar\u0131n ne gerek\u00e7elerle devam etti\u011finin, fi\u015fleme yapanlar hakk\u0131nda adli ve idari soru\u015fturmalar\u0131n durumu ve vatanda\u015flar\u0131n farkl\u0131 etnik, dinsel mezhepsel kimliklere sahip vatanda\u015flar\u0131n haklar\u0131n\u0131n korunmas\u0131 amac\u0131yla Meclis ara\u015ft\u0131rmas\u0131 a\u00e7\u0131lmas\u0131 elzemdir.\u201d c\u00fcmleleriyle sona erdi.<\/p>\n<p style=\"text-align: justify;\"><b><i>http:\/\/haberler.com\/chp-fisleme-icin-meclis-arastirmasi-istedi-haberi\/<\/i><\/b><\/p>\n","protected":false},"excerpt":{"rendered":"<p>CHP, ki\u015fi hak ve \u00f6zg\u00fcrl\u00fcklerinin anayasal g\u00fcvence alt\u0131nda olmas\u0131 gerekirken vatanda\u015flar\u0131n fi\u015flenmesi konusunda Meclis ara\u015ft\u0131rmas\u0131 istedi. CHP Genel Ba\u015fkan Yard\u0131mc\u0131s\u0131 Sezgin Tanr\u0131kulu, TBMM Ba\u015fkanl\u0131\u011f\u0131na ba\u015fvurarak \u201cKi\u015fi hak ve \u00f6zg\u00fcrl\u00fcklerinin anayasal g\u00fcvence alt\u0131nda olmas\u0131 gerekirken buna ra\u011fmen vatanda\u015flar\u0131n fi\u015flenmesi devam etmektedir ve fi\u015fleme faaliyetinde bulunanlar hakk\u0131nda adli ve idari soru\u015fturma yap\u0131lmamaktad\u0131r. Farkl\u0131 etnik, dinsel mezhepsel kimliklere [&hellip;]<\/p>\n","protected":false},"author":7,"featured_media":0,"comment_status":"open","ping_status":"open","sticky":false,"template":"","format":"standard","meta":{"footnotes":""},"categories":[1],"tags":[],"class_list":["post-27800","post","type-post","status-publish","format-standard","hentry","category-haberler"],"yoast_head":"<!-- This site is optimized with the Yoast SEO plugin v27.4 - https:\/\/yoast.com\/product\/yoast-seo-wordpress\/ -->\n<title>CHP &#039;Fi\u015fleme&#039; \u0130\u00e7in Meclis Ara\u015ft\u0131rmas\u0131 \u0130stedi - Bati Ermenistan Ve Bati Ermenileri Sorunlari Ara\u015ftirmalar Merkezi<\/title>\n<meta name=\"robots\" content=\"index, follow, max-snippet:-1, max-image-preview:large, max-video-preview:-1\" \/>\n<link rel=\"canonical\" href=\"https:\/\/akunq.net\/tr\/?p=27800\" \/>\n<meta property=\"og:locale\" content=\"en_US\" \/>\n<meta property=\"og:type\" content=\"article\" \/>\n<meta property=\"og:title\" content=\"CHP &#039;Fi\u015fleme&#039; \u0130\u00e7in Meclis Ara\u015ft\u0131rmas\u0131 \u0130stedi - Bati Ermenistan Ve Bati Ermenileri Sorunlari Ara\u015ftirmalar Merkezi\" \/>\n<meta property=\"og:description\" content=\"CHP, ki\u015fi hak ve \u00f6zg\u00fcrl\u00fcklerinin anayasal g\u00fcvence alt\u0131nda olmas\u0131 gerekirken vatanda\u015flar\u0131n fi\u015flenmesi konusunda Meclis ara\u015ft\u0131rmas\u0131 istedi. CHP Genel Ba\u015fkan Yard\u0131mc\u0131s\u0131 Sezgin Tanr\u0131kulu, TBMM Ba\u015fkanl\u0131\u011f\u0131na ba\u015fvurarak \u201cKi\u015fi hak ve \u00f6zg\u00fcrl\u00fcklerinin anayasal g\u00fcvence alt\u0131nda olmas\u0131 gerekirken buna ra\u011fmen vatanda\u015flar\u0131n fi\u015flenmesi devam etmektedir ve fi\u015fleme faaliyetinde bulunanlar hakk\u0131nda adli ve idari soru\u015fturma yap\u0131lmamaktad\u0131r. Farkl\u0131 etnik, dinsel mezhepsel kimliklere [&hellip;]\" \/>\n<meta property=\"og:url\" content=\"https:\/\/akunq.net\/tr\/?p=27800\" \/>\n<meta property=\"og:site_name\" content=\"Bati Ermenistan Ve Bati Ermenileri Sorunlari Ara\u015ftirmalar Merkezi\" \/>\n<meta property=\"article:published_time\" content=\"2014-01-10T08:54:04+00:00\" \/>\n<meta property=\"article:modified_time\" content=\"2014-01-10T08:54:26+00:00\" \/>\n<meta property=\"og:image\" content=\"http:\/\/akunq.net\/tr\/wp-content\/uploads\/2014\/01\/CHP-300x354.jpg\" \/>\n<meta name=\"author\" content=\"admin\" \/>\n<meta name=\"twitter:card\" content=\"summary_large_image\" \/>\n<meta name=\"twitter:label1\" content=\"Written by\" \/>\n\t<meta name=\"twitter:data1\" content=\"admin\" \/>\n\t<meta name=\"twitter:label2\" content=\"Est. reading time\" \/>\n\t<meta name=\"twitter:data2\" content=\"3 minutes\" \/>\n<script type=\"application\/ld+json\" class=\"yoast-schema-graph\">{\"@context\":\"https:\\\/\\\/schema.org\",\"@graph\":[{\"@type\":\"Article\",\"@id\":\"https:\\\/\\\/akunq.net\\\/tr\\\/?p=27800#article\",\"isPartOf\":{\"@id\":\"https:\\\/\\\/akunq.net\\\/tr\\\/?p=27800\"},\"author\":{\"name\":\"admin\",\"@id\":\"https:\\\/\\\/akunq.net\\\/tr\\\/#\\\/schema\\\/person\\\/096f1d38a12cce57fb855b485ed24c9e\"},\"headline\":\"CHP &#8216;Fi\u015fleme&#8217; \u0130\u00e7in Meclis Ara\u015ft\u0131rmas\u0131 \u0130stedi\",\"datePublished\":\"2014-01-10T08:54:04+00:00\",\"dateModified\":\"2014-01-10T08:54:26+00:00\",\"mainEntityOfPage\":{\"@id\":\"https:\\\/\\\/akunq.net\\\/tr\\\/?p=27800\"},\"wordCount\":701,\"commentCount\":0,\"image\":{\"@id\":\"https:\\\/\\\/akunq.net\\\/tr\\\/?p=27800#primaryimage\"},\"thumbnailUrl\":\"http:\\\/\\\/akunq.net\\\/tr\\\/wp-content\\\/uploads\\\/2014\\\/01\\\/CHP-300x354.jpg\",\"articleSection\":[\"Haberler\"],\"inLanguage\":\"en-US\",\"potentialAction\":[{\"@type\":\"CommentAction\",\"name\":\"Comment\",\"target\":[\"https:\\\/\\\/akunq.net\\\/tr\\\/?p=27800#respond\"]}]},{\"@type\":\"WebPage\",\"@id\":\"https:\\\/\\\/akunq.net\\\/tr\\\/?p=27800\",\"url\":\"https:\\\/\\\/akunq.net\\\/tr\\\/?p=27800\",\"name\":\"CHP 'Fi\u015fleme' \u0130\u00e7in Meclis Ara\u015ft\u0131rmas\u0131 \u0130stedi - Bati Ermenistan Ve Bati Ermenileri Sorunlari Ara\u015ftirmalar Merkezi\",\"isPartOf\":{\"@id\":\"https:\\\/\\\/akunq.net\\\/tr\\\/#website\"},\"primaryImageOfPage\":{\"@id\":\"https:\\\/\\\/akunq.net\\\/tr\\\/?p=27800#primaryimage\"},\"image\":{\"@id\":\"https:\\\/\\\/akunq.net\\\/tr\\\/?p=27800#primaryimage\"},\"thumbnailUrl\":\"http:\\\/\\\/akunq.net\\\/tr\\\/wp-content\\\/uploads\\\/2014\\\/01\\\/CHP-300x354.jpg\",\"datePublished\":\"2014-01-10T08:54:04+00:00\",\"dateModified\":\"2014-01-10T08:54:26+00:00\",\"author\":{\"@id\":\"https:\\\/\\\/akunq.net\\\/tr\\\/#\\\/schema\\\/person\\\/096f1d38a12cce57fb855b485ed24c9e\"},\"breadcrumb\":{\"@id\":\"https:\\\/\\\/akunq.net\\\/tr\\\/?p=27800#breadcrumb\"},\"inLanguage\":\"en-US\",\"potentialAction\":[{\"@type\":\"ReadAction\",\"target\":[\"https:\\\/\\\/akunq.net\\\/tr\\\/?p=27800\"]}]},{\"@type\":\"ImageObject\",\"inLanguage\":\"en-US\",\"@id\":\"https:\\\/\\\/akunq.net\\\/tr\\\/?p=27800#primaryimage\",\"url\":\"https:\\\/\\\/akunq.net\\\/tr\\\/wp-content\\\/uploads\\\/sites\\\/6\\\/2014\\\/01\\\/CHP.jpg\",\"contentUrl\":\"https:\\\/\\\/akunq.net\\\/tr\\\/wp-content\\\/uploads\\\/sites\\\/6\\\/2014\\\/01\\\/CHP.jpg\",\"width\":1397,\"height\":1651},{\"@type\":\"BreadcrumbList\",\"@id\":\"https:\\\/\\\/akunq.net\\\/tr\\\/?p=27800#breadcrumb\",\"itemListElement\":[{\"@type\":\"ListItem\",\"position\":1,\"name\":\"Home\",\"item\":\"https:\\\/\\\/akunq.net\\\/tr\"},{\"@type\":\"ListItem\",\"position\":2,\"name\":\"CHP &#8216;Fi\u015fleme&#8217; \u0130\u00e7in Meclis Ara\u015ft\u0131rmas\u0131 \u0130stedi\"}]},{\"@type\":\"WebSite\",\"@id\":\"https:\\\/\\\/akunq.net\\\/tr\\\/#website\",\"url\":\"https:\\\/\\\/akunq.net\\\/tr\\\/\",\"name\":\"Bati Ermenistan Ve Bati Ermenileri Sorunlari Ara\u015ftirmalar Merkezi\",\"description\":\"\",\"potentialAction\":[{\"@type\":\"SearchAction\",\"target\":{\"@type\":\"EntryPoint\",\"urlTemplate\":\"https:\\\/\\\/akunq.net\\\/tr\\\/?s={search_term_string}\"},\"query-input\":{\"@type\":\"PropertyValueSpecification\",\"valueRequired\":true,\"valueName\":\"search_term_string\"}}],\"inLanguage\":\"en-US\"},{\"@type\":\"Person\",\"@id\":\"https:\\\/\\\/akunq.net\\\/tr\\\/#\\\/schema\\\/person\\\/096f1d38a12cce57fb855b485ed24c9e\",\"name\":\"admin\",\"url\":\"https:\\\/\\\/akunq.net\\\/tr\\\/?author=7\"}]}<\/script>\n<!-- \/ Yoast SEO plugin. -->","yoast_head_json":{"title":"CHP 'Fi\u015fleme' \u0130\u00e7in Meclis Ara\u015ft\u0131rmas\u0131 \u0130stedi - Bati Ermenistan Ve Bati Ermenileri Sorunlari Ara\u015ftirmalar Merkezi","robots":{"index":"index","follow":"follow","max-snippet":"max-snippet:-1","max-image-preview":"max-image-preview:large","max-video-preview":"max-video-preview:-1"},"canonical":"https:\/\/akunq.net\/tr\/?p=27800","og_locale":"en_US","og_type":"article","og_title":"CHP 'Fi\u015fleme' \u0130\u00e7in Meclis Ara\u015ft\u0131rmas\u0131 \u0130stedi - Bati Ermenistan Ve Bati Ermenileri Sorunlari Ara\u015ftirmalar Merkezi","og_description":"CHP, ki\u015fi hak ve \u00f6zg\u00fcrl\u00fcklerinin anayasal g\u00fcvence alt\u0131nda olmas\u0131 gerekirken vatanda\u015flar\u0131n fi\u015flenmesi konusunda Meclis ara\u015ft\u0131rmas\u0131 istedi. CHP Genel Ba\u015fkan Yard\u0131mc\u0131s\u0131 Sezgin Tanr\u0131kulu, TBMM Ba\u015fkanl\u0131\u011f\u0131na ba\u015fvurarak \u201cKi\u015fi hak ve \u00f6zg\u00fcrl\u00fcklerinin anayasal g\u00fcvence alt\u0131nda olmas\u0131 gerekirken buna ra\u011fmen vatanda\u015flar\u0131n fi\u015flenmesi devam etmektedir ve fi\u015fleme faaliyetinde bulunanlar hakk\u0131nda adli ve idari soru\u015fturma yap\u0131lmamaktad\u0131r. Farkl\u0131 etnik, dinsel mezhepsel kimliklere [&hellip;]","og_url":"https:\/\/akunq.net\/tr\/?p=27800","og_site_name":"Bati Ermenistan Ve Bati Ermenileri Sorunlari Ara\u015ftirmalar Merkezi","article_published_time":"2014-01-10T08:54:04+00:00","article_modified_time":"2014-01-10T08:54:26+00:00","og_image":[{"url":"http:\/\/akunq.net\/tr\/wp-content\/uploads\/2014\/01\/CHP-300x354.jpg","type":"","width":"","height":""}],"author":"admin","twitter_card":"summary_large_image","twitter_misc":{"Written by":"admin","Est. reading time":"3 minutes"},"schema":{"@context":"https:\/\/schema.org","@graph":[{"@type":"Article","@id":"https:\/\/akunq.net\/tr\/?p=27800#article","isPartOf":{"@id":"https:\/\/akunq.net\/tr\/?p=27800"},"author":{"name":"admin","@id":"https:\/\/akunq.net\/tr\/#\/schema\/person\/096f1d38a12cce57fb855b485ed24c9e"},"headline":"CHP &#8216;Fi\u015fleme&#8217; \u0130\u00e7in Meclis Ara\u015ft\u0131rmas\u0131 \u0130stedi","datePublished":"2014-01-10T08:54:04+00:00","dateModified":"2014-01-10T08:54:26+00:00","mainEntityOfPage":{"@id":"https:\/\/akunq.net\/tr\/?p=27800"},"wordCount":701,"commentCount":0,"image":{"@id":"https:\/\/akunq.net\/tr\/?p=27800#primaryimage"},"thumbnailUrl":"http:\/\/akunq.net\/tr\/wp-content\/uploads\/2014\/01\/CHP-300x354.jpg","articleSection":["Haberler"],"inLanguage":"en-US","potentialAction":[{"@type":"CommentAction","name":"Comment","target":["https:\/\/akunq.net\/tr\/?p=27800#respond"]}]},{"@type":"WebPage","@id":"https:\/\/akunq.net\/tr\/?p=27800","url":"https:\/\/akunq.net\/tr\/?p=27800","name":"CHP 'Fi\u015fleme' \u0130\u00e7in Meclis Ara\u015ft\u0131rmas\u0131 \u0130stedi - Bati Ermenistan Ve Bati Ermenileri Sorunlari Ara\u015ftirmalar Merkezi","isPartOf":{"@id":"https:\/\/akunq.net\/tr\/#website"},"primaryImageOfPage":{"@id":"https:\/\/akunq.net\/tr\/?p=27800#primaryimage"},"image":{"@id":"https:\/\/akunq.net\/tr\/?p=27800#primaryimage"},"thumbnailUrl":"http:\/\/akunq.net\/tr\/wp-content\/uploads\/2014\/01\/CHP-300x354.jpg","datePublished":"2014-01-10T08:54:04+00:00","dateModified":"2014-01-10T08:54:26+00:00","author":{"@id":"https:\/\/akunq.net\/tr\/#\/schema\/person\/096f1d38a12cce57fb855b485ed24c9e"},"breadcrumb":{"@id":"https:\/\/akunq.net\/tr\/?p=27800#breadcrumb"},"inLanguage":"en-US","potentialAction":[{"@type":"ReadAction","target":["https:\/\/akunq.net\/tr\/?p=27800"]}]},{"@type":"ImageObject","inLanguage":"en-US","@id":"https:\/\/akunq.net\/tr\/?p=27800#primaryimage","url":"https:\/\/akunq.net\/tr\/wp-content\/uploads\/sites\/6\/2014\/01\/CHP.jpg","contentUrl":"https:\/\/akunq.net\/tr\/wp-content\/uploads\/sites\/6\/2014\/01\/CHP.jpg","width":1397,"height":1651},{"@type":"BreadcrumbList","@id":"https:\/\/akunq.net\/tr\/?p=27800#breadcrumb","itemListElement":[{"@type":"ListItem","position":1,"name":"Home","item":"https:\/\/akunq.net\/tr"},{"@type":"ListItem","position":2,"name":"CHP &#8216;Fi\u015fleme&#8217; \u0130\u00e7in Meclis Ara\u015ft\u0131rmas\u0131 \u0130stedi"}]},{"@type":"WebSite","@id":"https:\/\/akunq.net\/tr\/#website","url":"https:\/\/akunq.net\/tr\/","name":"Bati Ermenistan Ve Bati Ermenileri Sorunlari Ara\u015ftirmalar Merkezi","description":"","potentialAction":[{"@type":"SearchAction","target":{"@type":"EntryPoint","urlTemplate":"https:\/\/akunq.net\/tr\/?s={search_term_string}"},"query-input":{"@type":"PropertyValueSpecification","valueRequired":true,"valueName":"search_term_string"}}],"inLanguage":"en-US"},{"@type":"Person","@id":"https:\/\/akunq.net\/tr\/#\/schema\/person\/096f1d38a12cce57fb855b485ed24c9e","name":"admin","url":"https:\/\/akunq.net\/tr\/?author=7"}]}},"_links":{"self":[{"href":"https:\/\/akunq.net\/tr\/index.php?rest_route=\/wp\/v2\/posts\/27800","targetHints":{"allow":["GET"]}}],"collection":[{"href":"https:\/\/akunq.net\/tr\/index.php?rest_route=\/wp\/v2\/posts"}],"about":[{"href":"https:\/\/akunq.net\/tr\/index.php?rest_route=\/wp\/v2\/types\/post"}],"author":[{"embeddable":true,"href":"https:\/\/akunq.net\/tr\/index.php?rest_route=\/wp\/v2\/users\/7"}],"replies":[{"embeddable":true,"href":"https:\/\/akunq.net\/tr\/index.php?rest_route=%2Fwp%2Fv2%2Fcomments&post=27800"}],"version-history":[{"count":2,"href":"https:\/\/akunq.net\/tr\/index.php?rest_route=\/wp\/v2\/posts\/27800\/revisions"}],"predecessor-version":[{"id":27803,"href":"https:\/\/akunq.net\/tr\/index.php?rest_route=\/wp\/v2\/posts\/27800\/revisions\/27803"}],"wp:attachment":[{"href":"https:\/\/akunq.net\/tr\/index.php?rest_route=%2Fwp%2Fv2%2Fmedia&parent=27800"}],"wp:term":[{"taxonomy":"category","embeddable":true,"href":"https:\/\/akunq.net\/tr\/index.php?rest_route=%2Fwp%2Fv2%2Fcategories&post=27800"},{"taxonomy":"post_tag","embeddable":true,"href":"https:\/\/akunq.net\/tr\/index.php?rest_route=%2Fwp%2Fv2%2Ftags&post=27800"}],"curies":[{"name":"wp","href":"https:\/\/api.w.org\/{rel}","templated":true}]}}