{"id":27793,"date":"2014-01-10T03:11:28","date_gmt":"2014-01-10T08:11:28","guid":{"rendered":"http:\/\/akunq.net\/tr\/?p=27793"},"modified":"2014-01-10T03:11:28","modified_gmt":"2014-01-10T08:11:28","slug":"isid-ile-suriye-rejimi-arasinda-ortaklik-var","status":"publish","type":"post","link":"https:\/\/akunq.net\/tr\/?p=27793","title":{"rendered":"I\u015e\u0130D ile Suriye rejimi aras\u0131nda ortakl\u0131k var"},"content":{"rendered":"<h2 style=\"text-align: justify;\"><i><a href=\"http:\/\/akunq.net\/tr\/wp-content\/uploads\/2014\/01\/Davuto\u011flu.jpg\"><img loading=\"lazy\" decoding=\"async\" class=\"alignright size-medium wp-image-27794\" alt=\"Davuto\u011flu\" src=\"http:\/\/akunq.net\/tr\/wp-content\/uploads\/2014\/01\/Davuto\u011flu-300x265.jpg\" width=\"300\" height=\"265\" srcset=\"https:\/\/akunq.net\/tr\/wp-content\/uploads\/sites\/6\/2014\/01\/Davuto\u011flu-300x265.jpg 300w, https:\/\/akunq.net\/tr\/wp-content\/uploads\/sites\/6\/2014\/01\/Davuto\u011flu.jpg 450w\" sizes=\"auto, (max-width: 300px) 100vw, 300px\" \/><\/a>D\u0131\u015fi\u015fleri Bakan\u0131 Davuto\u011flu, &#8220;Ne zaman Suriye&#8217;nin Kuzeyi&#8217;nde muhalefet g\u00fc\u00e7lendi, I\u015e\u0130D o zaman \u00e7\u0131kt\u0131. Perde gerisinde bunlarla rejim aras\u0131nda ortakl\u0131k var&#8221; dedi.<\/i><\/h2>\n<p style=\"text-align: justify;\">D\u0131\u015fi\u015fleri Bakan\u0131 Ahmet Davuto\u011flu, Anadolu Ajans\u0131 (AA) Edit\u00f6r Masas\u0131&#8217;na konuk oldu.<\/p>\n<p style=\"text-align: justify;\">Esed y\u00f6netiminin muhalefet olarak g\u00f6rd\u00fcklerini ter\u00f6rle su\u00e7lad\u0131klar\u0131 belirten Davuto\u011flu, &#8220;Ter\u00f6r tehdidini bast\u0131rmak i\u00e7in daha b\u00fcy\u00fck bir \u015fiddet uygulama konusunda me\u015fruiyet kazanm\u0131\u015f oluyorlar, bu durum da \u00e7at\u0131\u015fmalar\u0131 k\u00f6r\u00fckl\u00fcyor&#8221; \u015feklinde konu\u015ftu.<\/p>\n<p style=\"text-align: justify;\">Davuto\u011flu, Hizbullah dahil Suriye&#8217;deki b\u00fct\u00fcn yabanc\u0131 unsurlar\u0131n d\u0131\u015far\u0131 \u00e7\u0131kmas\u0131 gerekti\u011fini dile getirdi. &#8220;Suriye rejimi unsurlar\u0131, PYD unsurlar\u0131, El-Kaide unsurlar\u0131 bizim i\u00e7in g\u00fcvenlik riski olu\u015fturan fakt\u00f6rlerdir&#8221; diyen Davuto\u011flu, bu konuda &#8220;T\u00fcrkiye&#8217;ye d\u00f6n\u00fck bir psikolojik harekat yap\u0131l\u0131yor sanki, T\u00fcrkiye silahl\u0131 gruplar\u0131 destekliyormu\u015f gibi&#8221; \u00a0de\u011ferlendirmesinde bulundu.<\/p>\n<p style=\"text-align: justify;\">Ahmet Davuto\u011flu, Irak-\u015eam \u0130slam Devleti (I\u015e\u0130D) konusunda da &#8220;Ne zaman Suriye&#8217;nin Kuzeyi&#8217;nde muhalefet g\u00fc\u00e7lendi, Irak \u015eam \u0130slam Devleti o zaman ortaya \u00e7\u0131kt\u0131. Perde gerisinde bunlarla rejim aras\u0131nda ortakl\u0131k var&#8221; s\u00f6zlerini kulland\u0131. Davuto\u011flu, Suriye&#8217;deki radikal unsurlar\u0131n uygulad\u0131klar\u0131 yanl\u0131\u015f y\u00f6ntemlerin de rejimi &#8220;ehveni\u015fer&#8221; denilecek noktaya getirdi\u011fini kaydetti.<\/p>\n<p style=\"text-align: justify;\">Suriye muhalefetinin Cenevre-2 Konferans\u0131&#8217;na kat\u0131lmas\u0131 istediklerini ifade eden Davuto\u011flu, \u0130ran&#8217;\u0131n kat\u0131l\u0131m\u0131 konusunda ise &#8220;\u0130ran&#8217;\u0131n Cenevre-2&#8217;ye kat\u0131lmas\u0131n\u0131 do\u011fru buluyoruz&#8221; diye konu\u015ftu.<\/p>\n<p style=\"text-align: justify;\">Davuto\u011flu, Suriye&#8217;deki insani durum konusunda da Birle\u015fmi\u015f Milletleri (BM) \u015fu s\u00f6zlerle ele\u015ftirdi: &#8220;B\u00fct\u00fcn y\u00fczy\u0131l\u0131n en b\u00fcy\u00fck insani kayb\u0131n\u0131n ya\u015fand\u0131\u011f\u0131 Suriye&#8217;de BM tav\u0131r alam\u0131yor. BMGK&#8217;ya ne zaman ihtiyac\u0131m\u0131z var, bug\u00fcn yoksa&#8230; Karar alma kabiliyeti olmayan bir \u00f6rg\u00fct\u00fcn uygulama kabiliyeti kalmaz&#8221; dedi.<\/p>\n<p style=\"text-align: justify;\">Davuto\u011flu, &#8220;Uluslararas\u0131 toplum diye bir toplum varsa, bu toplumun varolu\u015f ispat\u0131n\u0131 kaybetti\u011fi yer Suriye&#8217;dir&#8221; \u015feklinde konu\u015ftu.<\/p>\n<p style=\"text-align: justify;\">Irak&#8217;taki T\u00fcrk vatanda\u015flar\u0131n\u0131n zarar g\u00f6rmemesi i\u00e7in tedbir al\u0131nd\u0131<\/p>\n<p style=\"text-align: justify;\">&#8220;T\u00fcrkiye&#8217;nin de en b\u00fcy\u00fck menfaati, Irak&#8217;ta taraflar aras\u0131ndaki ihtilaf\u0131n \u00e7\u00f6z\u00fclmesi ve enerji kaynaklar\u0131n\u0131n T\u00fcrkiye \u00fczerinden aktar\u0131lmas\u0131d\u0131r.&#8221; diyen Davuto\u011flu, Irak&#8217;taki T\u00fcrk \u015firketlerinin ve vatanda\u015flar\u0131n\u0131n, bu \u00fclke i\u00e7indeki \u00e7at\u0131\u015fmalardan zarar g\u00f6rmemesi i\u00e7in gerekli her t\u00fcrl\u00fc tedbirin al\u0131nd\u0131\u011f\u0131n\u0131 bildirdi.<\/p>\n<p style=\"text-align: justify;\">Bakan Davuto\u011flu, Ba\u015fbakan Erdo\u011fan&#8217;\u0131n bu ay \u00f6ng\u00f6r\u00fclen Tahran ziyaretinde \u0130ran&#8217;la ikili ili\u015fkilerdeki t\u00fcm konular\u0131n yan\u0131s\u0131ra Suriye krizinin ele al\u0131naca\u011f\u0131n\u0131, ticaretle ilgili ili\u015fkilerin son derece iyi seyretti\u011fini s\u00f6yledi.<\/p>\n<p style=\"text-align: justify;\">Davuto\u011flu, &#8220;Paralel yap\u0131lar d\u00fcnyan\u0131n hi\u00e7bir yerinde kabul edilemez ve buna tolerans g\u00f6sterilemez&#8221; dedi.<\/p>\n<p style=\"text-align: justify;\"><strong>T\u00fcrkiye&#8217;ye d\u00f6n\u00fck bir psikolojik harekat yap\u0131l\u0131yor<\/strong><\/p>\n<p style=\"text-align: justify;\">Suriye krizine y\u00f6nelik de\u011ferlendirmede bulunan Davuto\u011flu, hangi etnik ve mezhebi k\u00f6kenden olursa olsun, T\u00fcrkiye&#8217;nin ac\u0131 ve \u0131st\u0131rap \u00e7eken Suriye halk\u0131n\u0131n yan\u0131nda oldu\u011funu belirterek, olaylar ba\u015flamadan \u00f6nce Suriye y\u00f6netimiyle uzun s\u00fcre diplomasi y\u00fcr\u00fctt\u00fcklerini an\u0131msatt\u0131.<\/p>\n<p style=\"text-align: justify;\">Herkesin T\u00fcrkiye&#8217;nin son \u00fc\u00e7 y\u0131ldaki yakla\u015f\u0131m\u0131n\u0131 iyi de\u011ferlendirmesi gerekti\u011fini ifade eden Davuto\u011flu, &#8220;E\u011fer Suriye y\u00f6netimi halk\u0131na bask\u0131 uygulamak yerine, demokratik bir de\u011fi\u015fimi \u00f6ne alsayd\u0131, bizimle y\u00fcr\u00fcme iradesini g\u00f6sterseydi, bug\u00fcn onlarla iyi olurduk ve beraber bir yol y\u00fcr\u00fcyor olurduk. Bizim kimseye \u00f6nyarg\u0131m\u0131z yoktu. Bug\u00fcn T\u00fcrkiye&#8217;ye d\u00f6n\u00fck bir psikolojik harekat yap\u0131l\u0131yor. Sanki T\u00fcrkiye silahl\u0131 gruplara, ter\u00f6r\u00fc destekleyen bir \u00fclke gibi g\u00f6r\u00fcnt\u00fc verilmeye \u00e7al\u0131\u015f\u0131l\u0131yor. Maalesef i\u00e7erde de T\u00fcrkiye&#8217;yi karalamak ad\u0131na h\u00fck\u00fcmete y\u00f6nelik bir kampanyay\u0131 desteklemeye y\u00f6nelik bir propaganda i\u00e7erde de i\u015fliyor&#8221; dedi.\u00a0<\/p>\n<p style=\"text-align: justify;\"><strong>M\u00fclteci ak\u0131n\u0131<\/strong><\/p>\n<p style=\"text-align: justify;\">M\u00fcltecilerin say\u0131s\u0131 onbinleri bulmaya ba\u015flad\u0131\u011f\u0131nda T\u00fcrkiye&#8217;nin bir tercih yapmas\u0131 gereklili\u011finin ortaya \u00e7\u0131kt\u0131\u011f\u0131na dile getiren Davuto\u011flu, \u00fclkesinden ka\u00e7an halka T\u00fcrkiye&#8217;nin sahip \u00e7\u0131kma zorunlulu\u011funun bulundu\u011funu kaydetti. Davuto\u011flu, o andan sonra Suriye halk\u0131n\u0131n taraf\u0131 olmaya ba\u015flad\u0131klar\u0131n\u0131 hat\u0131rlatarak, &#8220;Bizim i\u00e7in ba\u015fka alternatif yoktu. Devlet gelene\u011fimize g\u00f6re, etnik ve mezhebi k\u00f6kene bakmadan kap\u0131m\u0131za yurdumuza s\u0131\u011f\u0131nanlara kap\u0131m\u0131z\u0131 a\u00e7mam\u0131z laz\u0131m. Burada mezhep\u00e7i \u00a0su\u00e7lamalara cevaben s\u00f6yl\u00fcyorum. Daha \u00f6nceki d\u00f6nemlerde nas\u0131l etnik ve mezhebi durumuna bakmadan binlerce m\u00fclteciyi bu \u00fclkede a\u011f\u0131rlad\u0131k, ka\u00e7anlar S\u00fcnni de\u011fil de Nusayri olsayd\u0131 ayn\u0131 muameleyi yapacakt\u0131k. Hristiyanlar geldi onlara da di\u011fer m\u00fcltecilerden \u00e7ok daha iyi \u015fartlarda iltica imkanlar\u0131 tan\u0131d\u0131k. Bizim i\u00e7in \u00f6nemli olan o halka sahip \u00e7\u0131kmakt\u0131r&#8221; diye konu\u015ftu.\u00a0<\/p>\n<p style=\"text-align: justify;\">Suriye&#8217;deki \u00e7at\u0131\u015fmalar ba\u015flad\u0131\u011f\u0131nda Irak \u015eam \u0130slam Devleti (I\u015e\u0130D), Nusra, El Kaide gibi gruplar\u0131n olmad\u0131\u011f\u0131n\u0131, Suriye ordusundan ka\u00e7an askerlerin bulundu\u011funu kaydeden Davuto\u011flu, &#8220;\u015eu an Suriye ordusu i\u00e7indeki general ne kadar me\u015fruysa, Suriye ordusundan ayr\u0131l\u0131p da kendi halk\u0131n\u0131 savunmaya \u00e7al\u0131\u015fan general de o \u00f6l\u00e7\u00fcde me\u015frudur&#8221; dedi.<\/p>\n<p style=\"text-align: justify;\">Suriye ordusuna rejim taraf\u0131ndan kendi halk\u0131na ate\u015f emri verildi\u011finde subaylar\u0131n ordudan ka\u00e7t\u0131\u011f\u0131n\u0131 vurgulayan Davuto\u011flu, \u00d6zg\u00fcr Suriye Ordusu&#8217;nun (\u00d6SO) de\u011fi\u015fik \u00fclkelerden gelen yabanc\u0131lardan olu\u015fmad\u0131\u011f\u0131n\u0131 dile getirdi.<\/p>\n<p style=\"text-align: justify;\"><strong>&#8220;\u00d6SO, I\u015e\u0130D ve rejimle m\u00fccadele diyor&#8221;<\/strong><\/p>\n<p style=\"text-align: justify;\">\u00c7at\u0131\u015fmalardan ka\u00e7arak T\u00fcrkiye&#8217;ye s\u0131\u011f\u0131nanlara uluslararas\u0131 hukuk neyi gerektiriyorsa onun yap\u0131ld\u0131\u011f\u0131n\u0131 s\u00f6yleyen Davuto\u011flu, rejimin hava sald\u0131r\u0131lar\u0131 ve kimyasal silah kullanmas\u0131n\u0131n ard\u0131ndan uluslararas\u0131 toplumun sesiz kald\u0131\u011f\u0131n\u0131 hat\u0131rlatt\u0131. Davuto\u011flu, Suriye i\u00e7inde bar\u0131\u015f\u00e7\u0131l g\u00f6steri imkan\u0131 kalmad\u0131\u011f\u0131 i\u00e7in herkesin kendi k\u00f6y\u00fcn\u00fc savunmaya y\u00f6neldi\u011fini ve bir g\u00fc\u00e7 bo\u015flu\u011funun do\u011fdu\u011funu kaydederek, bu bo\u015flu\u011fu bir\u00e7ok \u00f6rg\u00fct\u00fcn kullanmak istedi\u011fini ve bunlar\u0131n i\u00e7inde El Kaide ba\u011flant\u0131l\u0131 yabanc\u0131 unsurlar\u0131n da bulundu\u011funu belirtti.\u00a0<\/p>\n<p style=\"text-align: justify;\">Davuto\u011flu, do\u011fan g\u00fc\u00e7 bo\u015flu\u011fundan dolay\u0131 PYD gibi baz\u0131 unsurlar\u0131n K\u00fcrt b\u00f6lgelerini, I\u015e\u0130D gibi baz\u0131 unsurlar\u0131nsa S\u00fcnni Arap b\u00f6lgelerindeki etkilerini art\u0131rmaya ba\u015flad\u0131\u011f\u0131na dikkati \u00e7ekti. Davuto\u011flu, &#8220;B\u00fct\u00fcn bunlarda T\u00fcrkiye&#8217;nin hi\u00e7bir dahli yok, olmad\u0131 ve olmazd\u0131. Hi\u00e7bir \u015fekilde de olmad\u0131. Bizim i\u00e7in alanda Suriye rejimi unsurlar\u0131 risk fakt\u00f6r\u00fcd\u00fcr, El Kaide unsurlar\u0131 risk fakt\u00f6r\u00fcd\u00fcr, PYD unsurlar\u0131 g\u00fcvenlik riski olu\u015fturan fakt\u00f6rlerdir&#8221; dedi. Davuto\u011flu, \u015f\u00f6yle devam etti:\u00a0<\/p>\n<p style=\"text-align: justify;\">&#8220;\u00d6SO bir taraftan rejimle bir taraftan da I\u015e\u0130D ile m\u00fccadele ediyor. E\u011fer bug\u00fcn \u00d6SO, I\u015e\u0130D&#8217;in etkisini k\u0131rmak i\u00e7in harekete ge\u00e7memi\u015f olsa durum, tablo ne olurdu? Sivil siyaseti benimseyen Suriye Ulusal Konseyi ile sivil siyaseti benimseyen, \u015eam&#8217;da hala bulunup bir \u015fekilde rejimin i\u00e7inde bile olsa bu katliamlar\u0131n i\u00e7inde yer almam\u0131\u015f olanlard\u0131r bizim muhatap ald\u0131klar\u0131m\u0131z.&#8221;\u00a0<\/p>\n<p style=\"text-align: justify;\"><strong>Suriye&#8217;deki &#8220;yabanc\u0131 sava\u015f\u00e7\u0131lar&#8221;<\/strong><\/p>\n<p style=\"text-align: justify;\">Davuto\u011flu, I\u015e\u0130D t\u00fcr\u00fc yap\u0131lar\u0131n bir batakl\u0131k olu\u015fmu\u015fsa ortaya \u00e7\u0131kabilece\u011fini s\u00f6ylerken, &#8220;Burada \u015funun sorulmas\u0131 gerekiyor. Bu batakl\u0131\u011f\u0131 kim olu\u015fturdu? Batakl\u0131\u011f\u0131 Suriye halk\u0131 m\u0131 olu\u015fturdu, \u00fclkesinden ka\u00e7an m\u00fcltecilere yard\u0131m eden T\u00fcrkiye mi olu\u015fturdu? Batakl\u0131\u011f\u0131 Esed rejiminin bask\u0131lar\u0131, zulm\u00fc insanl\u0131\u011fa kar\u015f\u0131 su\u00e7lar kapsam\u0131na giren rejimin eylemleri olu\u015fturdu&#8221; dedi. \u00a0<\/p>\n<p style=\"text-align: justify;\"><strong>Suriye&#8217;deki &#8220;yabanc\u0131 sava\u015f\u00e7\u0131lar&#8221; ifadesinin iyi de\u011ferlendirilmesi gerekti\u011fini vurgulayan Davuto\u011flu, yabanc\u0131 sava\u015f\u00e7\u0131lar\u0131n sadece I\u015e\u0130D&#8217;de olmad\u0131\u011f\u0131n\u0131 s\u00f6yledi ve Hizbullah&#8217;\u0131n da yabanc\u0131 unsur oldu\u011funa dikkati \u00e7ekti. Davuto\u011flu, s\u00f6zlerini \u015f\u00f6yle s\u00fcrd\u00fcrd\u00fc:\u00a0<\/strong><\/p>\n<p style=\"text-align: justify;\">&#8220;Bir ba\u015fka yerde yabanc\u0131 unsur var, Hizbullah da Suriye&#8217;ye girdi. Onbinlerce Hizbullah ve de\u011fi\u015fik yerlerden rejime destek vermek i\u00e7in gelen yabanc\u0131 sava\u015f\u00e7\u0131lar var. B\u00fct\u00fcn bu unsurlar Suriye&#8217;den \u00e7\u0131kmal\u0131. Ne zaman Suriye&#8217;nin kuzeyinde muhalefet g\u00fc\u00e7lendi, I\u015e\u0130D o zaman ortaya \u00e7\u0131kt\u0131 ve sava\u015f\u0131n\u0131 da muhalif unsurlara kar\u015f\u0131 yapt\u0131. Bunlarla rejim aras\u0131nda perde gerisinde bir ortakl\u0131k var. Rejim bunlar\u0131 g\u00f6stererek &#8216;ter\u00f6r var&#8217; diye kendini me\u015fru k\u0131l\u0131yor. Bunlar da o kadar yanl\u0131\u015f y\u00f6ntemler uyguluyor ki, rejimi nerdeyse &#8216;ehveni \u015fer&#8217; dedirtecek bir noktaya gelerek, halk\u0131 bezdirmek y\u00f6n\u00fcnde bir tav\u0131r sergiliyorlar.&#8221;<\/p>\n<p style=\"text-align: justify;\">Davuto\u011flu, T\u00fcrkiye&#8217;nin Be\u015f\u015far Esed&#8217;in y\u00f6netimden ayr\u0131lmas\u0131 y\u00f6n\u00fcndeki politikas\u0131n\u0131n devam etti\u011fini vurgulayarak, &#8220;Rejimin i\u00e7inde olup da eli kana bula\u015fmam\u0131\u015f olan ve rejimin bu sald\u0131r\u0131lar\u0131nda yer almam\u0131\u015f olanlar, devlet yap\u0131s\u0131n\u0131 koruyacak \u015fekilde yerlerinde kalmas\u0131, Suriye devletinin da\u011f\u0131lmamas\u0131 ve \u00e7\u00f6z\u00fclmemesi gerekiyor&#8221; dedi.\u00a0<\/p>\n<p style=\"text-align: justify;\"><strong>\u0130slam co\u011frafyas\u0131ndaki krizler<\/strong><\/p>\n<p style=\"text-align: justify;\">Krizin ya\u015fand\u0131\u011f\u0131 \u00fclkelerin hepsinin \u0130slam co\u011frafyas\u0131nda bulunmas\u0131na ili\u015fkin 1994 y\u0131l\u0131nda yay\u0131mlanan bir makalesini an\u0131msatan Davuto\u011flu, Samuel Huntington&#8217;un &#8220;medeniyetler \u00e7at\u0131\u015fmas\u0131&#8221; tezine cevap verdi\u011fi bu makalede, Huntington&#8217;\u0131n \u0130slam medeniyet co\u011frafyas\u0131n\u0131 &#8220;kanl\u0131 s\u0131n\u0131rlar co\u011frafyas\u0131&#8221; olarak tan\u0131mlamas\u0131na kar\u015f\u0131l\u0131k olarak, bu durumun \u0130slam medeniyetiyle alakaland\u0131r\u0131lamayaca\u011f\u0131n\u0131 ve medeniyetler \u00e7at\u0131\u015fmas\u0131 tezinin &#8220;Bat\u0131 medeniyetinin daha sakin ve bunlar\u0131 yat\u0131\u015ft\u0131rmaya \u00e7al\u0131\u015f\u0131yor gibi&#8221; ifadesinin yanl\u0131\u015fl\u0131\u011f\u0131ndan bahsetti\u011fini anlatt\u0131.<\/p>\n<p style=\"text-align: justify;\">Davuto\u011flu, 1630&#8217;larda yap\u0131lan 30 Y\u0131l Sava\u015flar\u0131&#8217;ndan ba\u015flayarak yap\u0131lan b\u00fct\u00fcn b\u00fcy\u00fck sava\u015flar\u0131n \u00e7o\u011funun medeniyetler aras\u0131 de\u011fil medeniyetler i\u00e7i \u00e7at\u0131\u015fmalarla ilgili oldu\u011funa ve 1900&#8217;l\u00fc y\u0131llara kadar b\u00fcy\u00fck \u00e7at\u0131\u015fmalar\u0131n ya\u015fand\u0131\u011f\u0131 yerlerin hep Avrupa&#8217;da bulundu\u011funa dikkati \u00e7ekti.<\/p>\n<p style=\"text-align: justify;\">D\u00fcnyadaki 18 \u00f6nemli su ge\u00e7i\u015f yolunun dokuzunun \u00e7ok stratejik oldu\u011funa i\u015faret eden Davuto\u011flu, bu dokuz ge\u00e7i\u015f yolunun da sekizinin \u0130slam co\u011frafyas\u0131nda yer ald\u0131\u011f\u0131n\u0131 belirtti. &#8220;Bu bo\u011fazlar\u0131 kapatt\u0131\u011f\u0131n\u0131zda d\u00fcnya ticareti neredeyse durur&#8221; diyen Bakan Davuto\u011flu, d\u00fcnya ticaretinin ve enerjisinin atardamarlar\u0131n\u0131n M\u00fcsl\u00fcman topluluklar\u0131n yo\u011fun ya\u015fad\u0131\u011f\u0131 yerlerde oldu\u011funu ifade etti.\u00a0<\/p>\n<p style=\"text-align: justify;\">Bu nedenlerle meselenin \u0130slam co\u011frafyas\u0131n\u0131n jeo-ekonomik ve enerji alanlar\u0131yla ilgili b\u00fcy\u00fck bir \u00e7ak\u0131\u015fma alan\u0131 olmas\u0131ndan kaynakland\u0131\u011f\u0131n\u0131 s\u00f6yleyen Davuto\u011flu, &#8220;Dolay\u0131s\u0131yla bunu salt \u0130slam tarihiyle alakaland\u0131rmak de\u011fil, t\u00fcm jeo-ekonomik, jeo-enerji ve k\u00fclt\u00fcrel arka plan\u0131 da g\u00f6rmek laz\u0131m. Ayn\u0131 inanca dayal\u0131 bir topluluk Latin Amerika ya da \u0130skandinavya&#8217;da ya\u015f\u0131yor olsayd\u0131, muhtemelen bu \u00e7at\u0131\u015fma alanlar\u0131yla y\u00fcz y\u00fcze kalmayabilirdi. Bunu g\u00f6rmemiz ve oryantalist bir tavr\u0131 benimsememiz laz\u0131m&#8221; diye konu\u015ftu.<\/p>\n<p style=\"text-align: justify;\">\u0130slam co\u011frafyas\u0131nda 2011 y\u0131l\u0131nda Arap kitlelerinin \u00f6zg\u00fcr se\u00e7imler, \u00f6zg\u00fcr medya, \u00f6rg\u00fctlenme hakk\u0131, yolsuzluklara kar\u015f\u0131 m\u00fccadele, \u015feffafl\u0131k gibi talepler i\u00e7in harekete ge\u00e7ti\u011fini hat\u0131rlatan Davuto\u011flu, 2002 y\u0131l\u0131nda AK Parti&#8217;yi iktidara getiren de\u011ferlerin de ayn\u0131 oldu\u011funu vurgulad\u0131.\u00a0<\/p>\n<p style=\"text-align: justify;\">\u0130nsanlar\u0131n devlet taraf\u0131ndan sayg\u0131 g\u00f6rmek istedi\u011fini, ki\u015fisel onur, \u00fclke onuru arad\u0131\u011f\u0131n\u0131, bunun i\u00e7in aya\u011fa kalkt\u0131\u011f\u0131n\u0131 anlatan Davuto\u011flu, &#8220;Beni Arap Bahar\u0131&#8217;nda heyecanland\u0131ran \u015fey, insanlar\u0131n kendi ki\u015fisel onurlar\u0131n\u0131 otoriter rejimlere kar\u015f\u0131 ve \u00fclke onuru anlam\u0131nda baz\u0131 \u00fclkelere kar\u015f\u0131 k\u0131r\u0131lm\u0131\u015f onurlar\u0131n\u0131 tekrar kazanma aray\u0131\u015flar\u0131&#8221; \u015feklinde konu\u015ftu.<\/p>\n<p style=\"text-align: justify;\"><strong>\u00dclke onuru ile ki\u015fisel onur bir araya geldi\u011finde b\u00fcy\u00fck bir sinerji do\u011faca\u011f\u0131na i\u015faret eden Ahmet Davuto\u011flu, \u015f\u00f6yle devam etti:<\/strong><\/p>\n<p style=\"text-align: justify;\">&#8220;Tunus&#8217;ta, M\u0131s\u0131r&#8217;da ba\u015flayan \u015fey b\u00f6yle bir dalgayd\u0131 ve b\u00fcy\u00fck bir heyecan do\u011furdu. 2012&#8217;de bu heyecan\u0131n \u00fczerinden \u00e7ok say\u0131da se\u00e7imler yap\u0131ld\u0131. Bu, yava\u015f yava\u015f bu irade yans\u0131yor g\u00f6r\u00fcnt\u00fcs\u00fcn\u00fc do\u011furdu. Bu kez stat\u00fckocu g\u00fc\u00e7lerin ve yeni do\u011facak me\u015fruiyet alanlar\u0131ndan rahats\u0131zl\u0131k duyacak kesimlerin g\u00fc\u00e7leriyle, bir geri d\u00f6n\u00fc\u015f psikolojisi olu\u015ftu. Bu da &#8216;bahar k\u0131\u015fa m\u0131 d\u00f6n\u00fcyor&#8217; sorusunu beraberinde getirdi.\u00a0<\/p>\n<p style=\"text-align: justify;\">B\u00f6yle dengeler sars\u0131ld\u0131\u011f\u0131nda \u00fc\u00e7 y\u0131l i\u00e7inde yerine oturam\u0131yor. Olaylar\u0131 so\u011fukkanl\u0131 de\u011ferlendirdi\u011fimizde sonu\u00e7 \u015fudur. Art\u0131k otoriter yap\u0131lar\u0131n eski \u015fekilleriyle bu b\u00f6lgede me\u015fruiyet kazanmas\u0131 \u00e7ok zor. Tabii sanc\u0131l\u0131 olacak bu durum ama de\u011fi\u015fimin bu derece yo\u011fun ya\u015fand\u0131\u011f\u0131 b\u00f6lgelerde 1990&#8217;l\u0131 y\u0131llarda sosyal medya yoktu ve ona ra\u011fmen otoriter rejimler direnemedi.&#8221;\u00a0<\/p>\n<p style=\"text-align: justify;\">Otoriter yap\u0131lar\u0131n muhalefet odaklar\u0131n\u0131 ter\u00f6rle su\u00e7lad\u0131\u011f\u0131na ve o ter\u00f6r tehdidini bast\u0131rmak i\u00e7in daha b\u00fcy\u00fck bir \u015fiddet uygulama konusunda me\u015fruiyet kazanm\u0131\u015f oldu\u011funa i\u015faret eden Davuto\u011flu, bunun da \u00e7at\u0131\u015fmay\u0131 k\u00f6r\u00fckledi\u011fini belirtti.<\/p>\n<p style=\"text-align: justify;\">Suriye&#8217;de g\u00f6sterilerin ba\u015flad\u0131\u011f\u0131nda, yakla\u015f\u0131k 10 ay tek bir silahl\u0131 \u00e7at\u0131\u015fma ya da direni\u015f olmad\u0131\u011f\u0131n\u0131 ancak kitleler umudunu kaybetti\u011finde ve ordudan kopmalar ba\u015flad\u0131\u011f\u0131nda buna do\u011fru y\u00f6nelmeler ba\u015flad\u0131\u011f\u0131n\u0131 hat\u0131rlatan Ahmet Davuto\u011flu, El Kaide, I\u015e\u0130D gibi unsurlar\u0131n 2012 y\u0131l\u0131 sonuna kadar neredeyse alanda bulunmad\u0131\u011f\u0131n\u0131 vurgulad\u0131.<\/p>\n<p style=\"text-align: justify;\">Davuto\u011flu, &#8220;B\u00fct\u00fcn bu co\u011frafyaya aidiyet hissedenlerin sab\u0131rla bu d\u00f6n\u00fc\u015f\u00fcm\u00fc bar\u0131\u015f\u00e7\u0131l yollarla ger\u00e7ekle\u015ftirebilecek unsurlara destek olmas\u0131 ve insanl\u0131k ve \u00fclkelerinin onuruna, kendi iradelerini tayin hakk\u0131na sayg\u0131 g\u00f6steren bir de\u011fi\u015fime destek vermeleri laz\u0131m&#8221; dedi.\u00a0<\/p>\n<p style=\"text-align: justify;\"><b><i>http:\/\/www.aksam.com.tr\/siyaset\/davutoglundan-gundeme-iliskin-kritik-aciklamalar\/haber-275158<\/i><\/b><\/p>\n","protected":false},"excerpt":{"rendered":"<p>D\u0131\u015fi\u015fleri Bakan\u0131 Davuto\u011flu, &#8220;Ne zaman Suriye&#8217;nin Kuzeyi&#8217;nde muhalefet g\u00fc\u00e7lendi, I\u015e\u0130D o zaman \u00e7\u0131kt\u0131. Perde gerisinde bunlarla rejim aras\u0131nda ortakl\u0131k var&#8221; dedi. D\u0131\u015fi\u015fleri Bakan\u0131 Ahmet Davuto\u011flu, Anadolu Ajans\u0131 (AA) Edit\u00f6r Masas\u0131&#8217;na konuk oldu. Esed y\u00f6netiminin muhalefet olarak g\u00f6rd\u00fcklerini ter\u00f6rle su\u00e7lad\u0131klar\u0131 belirten Davuto\u011flu, &#8220;Ter\u00f6r tehdidini bast\u0131rmak i\u00e7in daha b\u00fcy\u00fck bir \u015fiddet uygulama konusunda me\u015fruiyet kazanm\u0131\u015f oluyorlar, bu [&hellip;]<\/p>\n","protected":false},"author":7,"featured_media":0,"comment_status":"open","ping_status":"open","sticky":false,"template":"","format":"standard","meta":{"footnotes":""},"categories":[1],"tags":[],"class_list":["post-27793","post","type-post","status-publish","format-standard","hentry","category-haberler"],"yoast_head":"<!-- This site is optimized with the Yoast SEO plugin v27.4 - https:\/\/yoast.com\/product\/yoast-seo-wordpress\/ -->\n<title>I\u015e\u0130D ile Suriye rejimi aras\u0131nda ortakl\u0131k var - Bati Ermenistan Ve Bati Ermenileri Sorunlari Ara\u015ftirmalar Merkezi<\/title>\n<meta name=\"robots\" content=\"index, follow, max-snippet:-1, max-image-preview:large, max-video-preview:-1\" \/>\n<link rel=\"canonical\" href=\"https:\/\/akunq.net\/tr\/?p=27793\" \/>\n<meta property=\"og:locale\" content=\"en_US\" \/>\n<meta property=\"og:type\" content=\"article\" \/>\n<meta property=\"og:title\" content=\"I\u015e\u0130D ile Suriye rejimi aras\u0131nda ortakl\u0131k var - Bati Ermenistan Ve Bati Ermenileri Sorunlari Ara\u015ftirmalar Merkezi\" \/>\n<meta property=\"og:description\" content=\"D\u0131\u015fi\u015fleri Bakan\u0131 Davuto\u011flu, &#8220;Ne zaman Suriye&#8217;nin Kuzeyi&#8217;nde muhalefet g\u00fc\u00e7lendi, I\u015e\u0130D o zaman \u00e7\u0131kt\u0131. Perde gerisinde bunlarla rejim aras\u0131nda ortakl\u0131k var&#8221; dedi. D\u0131\u015fi\u015fleri Bakan\u0131 Ahmet Davuto\u011flu, Anadolu Ajans\u0131 (AA) Edit\u00f6r Masas\u0131&#8217;na konuk oldu. Esed y\u00f6netiminin muhalefet olarak g\u00f6rd\u00fcklerini ter\u00f6rle su\u00e7lad\u0131klar\u0131 belirten Davuto\u011flu, &#8220;Ter\u00f6r tehdidini bast\u0131rmak i\u00e7in daha b\u00fcy\u00fck bir \u015fiddet uygulama konusunda me\u015fruiyet kazanm\u0131\u015f oluyorlar, bu [&hellip;]\" \/>\n<meta property=\"og:url\" content=\"https:\/\/akunq.net\/tr\/?p=27793\" \/>\n<meta property=\"og:site_name\" content=\"Bati Ermenistan Ve Bati Ermenileri Sorunlari Ara\u015ftirmalar Merkezi\" \/>\n<meta property=\"article:published_time\" content=\"2014-01-10T08:11:28+00:00\" \/>\n<meta name=\"author\" content=\"admin\" \/>\n<meta name=\"twitter:card\" content=\"summary_large_image\" \/>\n<meta name=\"twitter:label1\" content=\"Written by\" \/>\n\t<meta name=\"twitter:data1\" content=\"admin\" \/>\n\t<meta name=\"twitter:label2\" content=\"Est. reading time\" \/>\n\t<meta name=\"twitter:data2\" content=\"11 minutes\" \/>\n<script type=\"application\/ld+json\" class=\"yoast-schema-graph\">{\"@context\":\"https:\\\/\\\/schema.org\",\"@graph\":[{\"@type\":\"Article\",\"@id\":\"https:\\\/\\\/akunq.net\\\/tr\\\/?p=27793#article\",\"isPartOf\":{\"@id\":\"https:\\\/\\\/akunq.net\\\/tr\\\/?p=27793\"},\"author\":{\"name\":\"admin\",\"@id\":\"https:\\\/\\\/akunq.net\\\/tr\\\/#\\\/schema\\\/person\\\/096f1d38a12cce57fb855b485ed24c9e\"},\"headline\":\"I\u015e\u0130D ile Suriye rejimi aras\u0131nda ortakl\u0131k var\",\"datePublished\":\"2014-01-10T08:11:28+00:00\",\"mainEntityOfPage\":{\"@id\":\"https:\\\/\\\/akunq.net\\\/tr\\\/?p=27793\"},\"wordCount\":2224,\"commentCount\":0,\"articleSection\":[\"Haberler\"],\"inLanguage\":\"en-US\",\"potentialAction\":[{\"@type\":\"CommentAction\",\"name\":\"Comment\",\"target\":[\"https:\\\/\\\/akunq.net\\\/tr\\\/?p=27793#respond\"]}]},{\"@type\":\"WebPage\",\"@id\":\"https:\\\/\\\/akunq.net\\\/tr\\\/?p=27793\",\"url\":\"https:\\\/\\\/akunq.net\\\/tr\\\/?p=27793\",\"name\":\"I\u015e\u0130D ile Suriye rejimi aras\u0131nda ortakl\u0131k var - Bati Ermenistan Ve Bati Ermenileri Sorunlari Ara\u015ftirmalar Merkezi\",\"isPartOf\":{\"@id\":\"https:\\\/\\\/akunq.net\\\/tr\\\/#website\"},\"datePublished\":\"2014-01-10T08:11:28+00:00\",\"author\":{\"@id\":\"https:\\\/\\\/akunq.net\\\/tr\\\/#\\\/schema\\\/person\\\/096f1d38a12cce57fb855b485ed24c9e\"},\"breadcrumb\":{\"@id\":\"https:\\\/\\\/akunq.net\\\/tr\\\/?p=27793#breadcrumb\"},\"inLanguage\":\"en-US\",\"potentialAction\":[{\"@type\":\"ReadAction\",\"target\":[\"https:\\\/\\\/akunq.net\\\/tr\\\/?p=27793\"]}]},{\"@type\":\"BreadcrumbList\",\"@id\":\"https:\\\/\\\/akunq.net\\\/tr\\\/?p=27793#breadcrumb\",\"itemListElement\":[{\"@type\":\"ListItem\",\"position\":1,\"name\":\"Home\",\"item\":\"https:\\\/\\\/akunq.net\\\/tr\"},{\"@type\":\"ListItem\",\"position\":2,\"name\":\"I\u015e\u0130D ile Suriye rejimi aras\u0131nda ortakl\u0131k var\"}]},{\"@type\":\"WebSite\",\"@id\":\"https:\\\/\\\/akunq.net\\\/tr\\\/#website\",\"url\":\"https:\\\/\\\/akunq.net\\\/tr\\\/\",\"name\":\"Bati Ermenistan Ve Bati Ermenileri Sorunlari Ara\u015ftirmalar Merkezi\",\"description\":\"\",\"potentialAction\":[{\"@type\":\"SearchAction\",\"target\":{\"@type\":\"EntryPoint\",\"urlTemplate\":\"https:\\\/\\\/akunq.net\\\/tr\\\/?s={search_term_string}\"},\"query-input\":{\"@type\":\"PropertyValueSpecification\",\"valueRequired\":true,\"valueName\":\"search_term_string\"}}],\"inLanguage\":\"en-US\"},{\"@type\":\"Person\",\"@id\":\"https:\\\/\\\/akunq.net\\\/tr\\\/#\\\/schema\\\/person\\\/096f1d38a12cce57fb855b485ed24c9e\",\"name\":\"admin\",\"url\":\"https:\\\/\\\/akunq.net\\\/tr\\\/?author=7\"}]}<\/script>\n<!-- \/ Yoast SEO plugin. -->","yoast_head_json":{"title":"I\u015e\u0130D ile Suriye rejimi aras\u0131nda ortakl\u0131k var - Bati Ermenistan Ve Bati Ermenileri Sorunlari Ara\u015ftirmalar Merkezi","robots":{"index":"index","follow":"follow","max-snippet":"max-snippet:-1","max-image-preview":"max-image-preview:large","max-video-preview":"max-video-preview:-1"},"canonical":"https:\/\/akunq.net\/tr\/?p=27793","og_locale":"en_US","og_type":"article","og_title":"I\u015e\u0130D ile Suriye rejimi aras\u0131nda ortakl\u0131k var - Bati Ermenistan Ve Bati Ermenileri Sorunlari Ara\u015ftirmalar Merkezi","og_description":"D\u0131\u015fi\u015fleri Bakan\u0131 Davuto\u011flu, &#8220;Ne zaman Suriye&#8217;nin Kuzeyi&#8217;nde muhalefet g\u00fc\u00e7lendi, I\u015e\u0130D o zaman \u00e7\u0131kt\u0131. Perde gerisinde bunlarla rejim aras\u0131nda ortakl\u0131k var&#8221; dedi. D\u0131\u015fi\u015fleri Bakan\u0131 Ahmet Davuto\u011flu, Anadolu Ajans\u0131 (AA) Edit\u00f6r Masas\u0131&#8217;na konuk oldu. Esed y\u00f6netiminin muhalefet olarak g\u00f6rd\u00fcklerini ter\u00f6rle su\u00e7lad\u0131klar\u0131 belirten Davuto\u011flu, &#8220;Ter\u00f6r tehdidini bast\u0131rmak i\u00e7in daha b\u00fcy\u00fck bir \u015fiddet uygulama konusunda me\u015fruiyet kazanm\u0131\u015f oluyorlar, bu [&hellip;]","og_url":"https:\/\/akunq.net\/tr\/?p=27793","og_site_name":"Bati Ermenistan Ve Bati Ermenileri Sorunlari Ara\u015ftirmalar Merkezi","article_published_time":"2014-01-10T08:11:28+00:00","author":"admin","twitter_card":"summary_large_image","twitter_misc":{"Written by":"admin","Est. reading time":"11 minutes"},"schema":{"@context":"https:\/\/schema.org","@graph":[{"@type":"Article","@id":"https:\/\/akunq.net\/tr\/?p=27793#article","isPartOf":{"@id":"https:\/\/akunq.net\/tr\/?p=27793"},"author":{"name":"admin","@id":"https:\/\/akunq.net\/tr\/#\/schema\/person\/096f1d38a12cce57fb855b485ed24c9e"},"headline":"I\u015e\u0130D ile Suriye rejimi aras\u0131nda ortakl\u0131k var","datePublished":"2014-01-10T08:11:28+00:00","mainEntityOfPage":{"@id":"https:\/\/akunq.net\/tr\/?p=27793"},"wordCount":2224,"commentCount":0,"articleSection":["Haberler"],"inLanguage":"en-US","potentialAction":[{"@type":"CommentAction","name":"Comment","target":["https:\/\/akunq.net\/tr\/?p=27793#respond"]}]},{"@type":"WebPage","@id":"https:\/\/akunq.net\/tr\/?p=27793","url":"https:\/\/akunq.net\/tr\/?p=27793","name":"I\u015e\u0130D ile Suriye rejimi aras\u0131nda ortakl\u0131k var - Bati Ermenistan Ve Bati Ermenileri Sorunlari Ara\u015ftirmalar Merkezi","isPartOf":{"@id":"https:\/\/akunq.net\/tr\/#website"},"datePublished":"2014-01-10T08:11:28+00:00","author":{"@id":"https:\/\/akunq.net\/tr\/#\/schema\/person\/096f1d38a12cce57fb855b485ed24c9e"},"breadcrumb":{"@id":"https:\/\/akunq.net\/tr\/?p=27793#breadcrumb"},"inLanguage":"en-US","potentialAction":[{"@type":"ReadAction","target":["https:\/\/akunq.net\/tr\/?p=27793"]}]},{"@type":"BreadcrumbList","@id":"https:\/\/akunq.net\/tr\/?p=27793#breadcrumb","itemListElement":[{"@type":"ListItem","position":1,"name":"Home","item":"https:\/\/akunq.net\/tr"},{"@type":"ListItem","position":2,"name":"I\u015e\u0130D ile Suriye rejimi aras\u0131nda ortakl\u0131k var"}]},{"@type":"WebSite","@id":"https:\/\/akunq.net\/tr\/#website","url":"https:\/\/akunq.net\/tr\/","name":"Bati Ermenistan Ve Bati Ermenileri Sorunlari Ara\u015ftirmalar Merkezi","description":"","potentialAction":[{"@type":"SearchAction","target":{"@type":"EntryPoint","urlTemplate":"https:\/\/akunq.net\/tr\/?s={search_term_string}"},"query-input":{"@type":"PropertyValueSpecification","valueRequired":true,"valueName":"search_term_string"}}],"inLanguage":"en-US"},{"@type":"Person","@id":"https:\/\/akunq.net\/tr\/#\/schema\/person\/096f1d38a12cce57fb855b485ed24c9e","name":"admin","url":"https:\/\/akunq.net\/tr\/?author=7"}]}},"_links":{"self":[{"href":"https:\/\/akunq.net\/tr\/index.php?rest_route=\/wp\/v2\/posts\/27793","targetHints":{"allow":["GET"]}}],"collection":[{"href":"https:\/\/akunq.net\/tr\/index.php?rest_route=\/wp\/v2\/posts"}],"about":[{"href":"https:\/\/akunq.net\/tr\/index.php?rest_route=\/wp\/v2\/types\/post"}],"author":[{"embeddable":true,"href":"https:\/\/akunq.net\/tr\/index.php?rest_route=\/wp\/v2\/users\/7"}],"replies":[{"embeddable":true,"href":"https:\/\/akunq.net\/tr\/index.php?rest_route=%2Fwp%2Fv2%2Fcomments&post=27793"}],"version-history":[{"count":1,"href":"https:\/\/akunq.net\/tr\/index.php?rest_route=\/wp\/v2\/posts\/27793\/revisions"}],"predecessor-version":[{"id":27795,"href":"https:\/\/akunq.net\/tr\/index.php?rest_route=\/wp\/v2\/posts\/27793\/revisions\/27795"}],"wp:attachment":[{"href":"https:\/\/akunq.net\/tr\/index.php?rest_route=%2Fwp%2Fv2%2Fmedia&parent=27793"}],"wp:term":[{"taxonomy":"category","embeddable":true,"href":"https:\/\/akunq.net\/tr\/index.php?rest_route=%2Fwp%2Fv2%2Fcategories&post=27793"},{"taxonomy":"post_tag","embeddable":true,"href":"https:\/\/akunq.net\/tr\/index.php?rest_route=%2Fwp%2Fv2%2Ftags&post=27793"}],"curies":[{"name":"wp","href":"https:\/\/api.w.org\/{rel}","templated":true}]}}