{"id":27787,"date":"2014-01-10T01:52:12","date_gmt":"2014-01-10T06:52:12","guid":{"rendered":"http:\/\/akunq.net\/tr\/?p=27787"},"modified":"2014-01-10T01:52:12","modified_gmt":"2014-01-10T06:52:12","slug":"dink-davasinda-osman-hayal-ve-zeynel-abidin-yavuz-serbest","status":"publish","type":"post","link":"https:\/\/akunq.net\/tr\/?p=27787","title":{"rendered":"Dink davas\u0131nda Osman Hayal ve Zeynel Abidin Yavuz serbest"},"content":{"rendered":"<p style=\"text-align: justify;\"><em><strong><a href=\"http:\/\/akunq.net\/tr\/wp-content\/uploads\/2014\/01\/\u0555\u057d\u0574\u0561\u0576-\u0540\u0561\u0575\u0561\u056c-\u0578\u0582-\u0536\u0565\u0575\u0576\u0565\u056c-\u0531\u0562\u056b\u0564\u056b\u0576.jpg\"><img loading=\"lazy\" decoding=\"async\" class=\"alignright size-medium wp-image-27788\" alt=\"\u0555\u057d\u0574\u0561\u0576 \u0540\u0561\u0575\u0561\u056c \u0578\u0582 \u0536\u0565\u0575\u0576\u0565\u056c \u0531\u0562\u056b\u0564\u056b\u0576\" src=\"http:\/\/akunq.net\/tr\/wp-content\/uploads\/2014\/01\/\u0555\u057d\u0574\u0561\u0576-\u0540\u0561\u0575\u0561\u056c-\u0578\u0582-\u0536\u0565\u0575\u0576\u0565\u056c-\u0531\u0562\u056b\u0564\u056b\u0576-300x206.jpg\" width=\"300\" height=\"206\" srcset=\"https:\/\/akunq.net\/tr\/wp-content\/uploads\/sites\/6\/2014\/01\/\u0555\u057d\u0574\u0561\u0576-\u0540\u0561\u0575\u0561\u056c-\u0578\u0582-\u0536\u0565\u0575\u0576\u0565\u056c-\u0531\u0562\u056b\u0564\u056b\u0576-300x206.jpg 300w, https:\/\/akunq.net\/tr\/wp-content\/uploads\/sites\/6\/2014\/01\/\u0555\u057d\u0574\u0561\u0576-\u0540\u0561\u0575\u0561\u056c-\u0578\u0582-\u0536\u0565\u0575\u0576\u0565\u056c-\u0531\u0562\u056b\u0564\u056b\u0576.jpg 307w\" sizes=\"auto, (max-width: 300px) 100vw, 300px\" \/><\/a>Hrant Dink&#8217;in \u00f6ld\u00fcr\u00fclmesine ili\u015fkin \u0130stanbul&#8217;da g\u00f6r\u00fclen dava \u00e7er\u00e7evesinde \u00f6nceki g\u00fcn Trabzon&#8217;da tutuklanan Osman Hayal ile Zeynel Abidin Yavuz serbest b\u0131rak\u0131ld\u0131.<\/strong><\/em><br \/>\n\u0130stanbul 14. A\u011f\u0131r Ceza Mahkemesince verilen karar\u0131n Yarg\u0131tayca k\u0131smen bozulmas\u0131n\u0131n ard\u0131ndan 18 san\u0131\u011f\u0131n yeniden yarg\u0131land\u0131\u011f\u0131 davada, duru\u015fmaya gelmedikleri nedeniyle haklar\u0131nda yakalama karar\u0131 \u00e7\u0131kar\u0131lan Osman Hayal ile Zeynel Abidin Yavuz \u00f6nceki g\u00fcn, Trabzon&#8217;un Pelitli beldesinde yakalanarak Trabzon Adliyesi&#8217;ne \u00e7\u0131kart\u0131lm\u0131\u015f ve n\u00f6bet\u00e7i mahkemece tutuklanm\u0131\u015ft\u0131. Tutuklaman\u0131n ard\u0131ndan Bah\u00e7ecik&#8217;teki Trabzon E Tipi Kapal\u0131 Cezaevi&#8217;ne g\u00f6t\u00fcr\u00fclen Yavuz ile Hayal&#8217;in san\u0131klar\u0131n g\u00f6r\u00fcnt\u00fcl\u00fc olarak sorgu ve i\u015flemlerinin yap\u0131lmas\u0131n\u0131 sa\u011flayan Ses ve G\u00f6r\u00fcnt\u00fc Bili\u015fim Sistemi (SEGB\u0130S) sayesinde, \u0130stanbul 14. A\u011f\u0131r Ceza Mahkemesince ifadeleri al\u0131nd\u0131. \u0130stanbul&#8217;daki duru\u015fmaya neden gitmedikleri konusunda ifadeleri al\u0131nan Hayal ve Yavuz daha sonra cezaevinden serbest b\u0131rak\u0131ld\u0131. \u00d6te yandan Hayal ve Yavuz&#8217;un \u00f6nceki g\u00fcn g\u00f6zalt\u0131na al\u0131narak getirildikleri Trabzon Adliyesi&#8217;nde SEGB\u0130S vas\u0131tas\u0131yla ifadelerinin al\u0131nmak istendi\u011fi ancak \u0130stanbul 14. A\u011f\u0131r Ceza Mahkemesi&#8217;nin bu sisteminde bir sorun ya\u015fand\u0131\u011f\u0131 i\u00e7in ifadelerinin al\u0131namad\u0131\u011f\u0131 ve bu nedenle tutuklanarak cezaevine konulduklar\u0131 \u00f6\u011frenildi.<\/p>\n<p style=\"text-align: justify;\"><em><strong>http:\/\/www.netgazete.com\/turkiye\/604159.html<\/strong><\/em><\/p>\n","protected":false},"excerpt":{"rendered":"<p>Hrant Dink&#8217;in \u00f6ld\u00fcr\u00fclmesine ili\u015fkin \u0130stanbul&#8217;da g\u00f6r\u00fclen dava \u00e7er\u00e7evesinde \u00f6nceki g\u00fcn Trabzon&#8217;da tutuklanan Osman Hayal ile Zeynel Abidin Yavuz serbest b\u0131rak\u0131ld\u0131. \u0130stanbul 14. A\u011f\u0131r Ceza Mahkemesince verilen karar\u0131n Yarg\u0131tayca k\u0131smen bozulmas\u0131n\u0131n ard\u0131ndan 18 san\u0131\u011f\u0131n yeniden yarg\u0131land\u0131\u011f\u0131 davada, duru\u015fmaya gelmedikleri nedeniyle haklar\u0131nda yakalama karar\u0131 \u00e7\u0131kar\u0131lan Osman Hayal ile Zeynel Abidin Yavuz \u00f6nceki g\u00fcn, Trabzon&#8217;un Pelitli beldesinde yakalanarak [&hellip;]<\/p>\n","protected":false},"author":7,"featured_media":0,"comment_status":"open","ping_status":"open","sticky":false,"template":"","format":"standard","meta":{"footnotes":""},"categories":[1],"tags":[],"class_list":["post-27787","post","type-post","status-publish","format-standard","hentry","category-haberler"],"yoast_head":"<!-- This site is optimized with the Yoast SEO plugin v27.4 - https:\/\/yoast.com\/product\/yoast-seo-wordpress\/ -->\n<title>Dink davas\u0131nda Osman Hayal ve Zeynel Abidin Yavuz serbest - Bati Ermenistan Ve Bati Ermenileri Sorunlari Ara\u015ftirmalar Merkezi<\/title>\n<meta name=\"robots\" content=\"index, follow, max-snippet:-1, max-image-preview:large, max-video-preview:-1\" \/>\n<link rel=\"canonical\" href=\"https:\/\/akunq.net\/tr\/?p=27787\" \/>\n<meta property=\"og:locale\" content=\"en_US\" \/>\n<meta property=\"og:type\" content=\"article\" \/>\n<meta property=\"og:title\" content=\"Dink davas\u0131nda Osman Hayal ve Zeynel Abidin Yavuz serbest - Bati Ermenistan Ve Bati Ermenileri Sorunlari Ara\u015ftirmalar Merkezi\" \/>\n<meta property=\"og:description\" content=\"Hrant Dink&#8217;in \u00f6ld\u00fcr\u00fclmesine ili\u015fkin \u0130stanbul&#8217;da g\u00f6r\u00fclen dava \u00e7er\u00e7evesinde \u00f6nceki g\u00fcn Trabzon&#8217;da tutuklanan Osman Hayal ile Zeynel Abidin Yavuz serbest b\u0131rak\u0131ld\u0131. \u0130stanbul 14. A\u011f\u0131r Ceza Mahkemesince verilen karar\u0131n Yarg\u0131tayca k\u0131smen bozulmas\u0131n\u0131n ard\u0131ndan 18 san\u0131\u011f\u0131n yeniden yarg\u0131land\u0131\u011f\u0131 davada, duru\u015fmaya gelmedikleri nedeniyle haklar\u0131nda yakalama karar\u0131 \u00e7\u0131kar\u0131lan Osman Hayal ile Zeynel Abidin Yavuz \u00f6nceki g\u00fcn, Trabzon&#8217;un Pelitli beldesinde yakalanarak [&hellip;]\" \/>\n<meta property=\"og:url\" content=\"https:\/\/akunq.net\/tr\/?p=27787\" \/>\n<meta property=\"og:site_name\" content=\"Bati Ermenistan Ve Bati Ermenileri Sorunlari Ara\u015ftirmalar Merkezi\" \/>\n<meta property=\"article:published_time\" content=\"2014-01-10T06:52:12+00:00\" \/>\n<meta name=\"author\" content=\"admin\" \/>\n<meta name=\"twitter:card\" content=\"summary_large_image\" \/>\n<meta name=\"twitter:label1\" content=\"Written by\" \/>\n\t<meta name=\"twitter:data1\" content=\"admin\" \/>\n\t<meta name=\"twitter:label2\" content=\"Est. reading time\" \/>\n\t<meta name=\"twitter:data2\" content=\"1 minute\" \/>\n<script type=\"application\/ld+json\" class=\"yoast-schema-graph\">{\"@context\":\"https:\\\/\\\/schema.org\",\"@graph\":[{\"@type\":\"Article\",\"@id\":\"https:\\\/\\\/akunq.net\\\/tr\\\/?p=27787#article\",\"isPartOf\":{\"@id\":\"https:\\\/\\\/akunq.net\\\/tr\\\/?p=27787\"},\"author\":{\"name\":\"admin\",\"@id\":\"https:\\\/\\\/akunq.net\\\/tr\\\/#\\\/schema\\\/person\\\/096f1d38a12cce57fb855b485ed24c9e\"},\"headline\":\"Dink davas\u0131nda Osman Hayal ve Zeynel Abidin Yavuz serbest\",\"datePublished\":\"2014-01-10T06:52:12+00:00\",\"mainEntityOfPage\":{\"@id\":\"https:\\\/\\\/akunq.net\\\/tr\\\/?p=27787\"},\"wordCount\":225,\"commentCount\":0,\"articleSection\":[\"Haberler\"],\"inLanguage\":\"en-US\",\"potentialAction\":[{\"@type\":\"CommentAction\",\"name\":\"Comment\",\"target\":[\"https:\\\/\\\/akunq.net\\\/tr\\\/?p=27787#respond\"]}]},{\"@type\":\"WebPage\",\"@id\":\"https:\\\/\\\/akunq.net\\\/tr\\\/?p=27787\",\"url\":\"https:\\\/\\\/akunq.net\\\/tr\\\/?p=27787\",\"name\":\"Dink davas\u0131nda Osman Hayal ve Zeynel Abidin Yavuz serbest - Bati Ermenistan Ve Bati Ermenileri Sorunlari Ara\u015ftirmalar Merkezi\",\"isPartOf\":{\"@id\":\"https:\\\/\\\/akunq.net\\\/tr\\\/#website\"},\"datePublished\":\"2014-01-10T06:52:12+00:00\",\"author\":{\"@id\":\"https:\\\/\\\/akunq.net\\\/tr\\\/#\\\/schema\\\/person\\\/096f1d38a12cce57fb855b485ed24c9e\"},\"breadcrumb\":{\"@id\":\"https:\\\/\\\/akunq.net\\\/tr\\\/?p=27787#breadcrumb\"},\"inLanguage\":\"en-US\",\"potentialAction\":[{\"@type\":\"ReadAction\",\"target\":[\"https:\\\/\\\/akunq.net\\\/tr\\\/?p=27787\"]}]},{\"@type\":\"BreadcrumbList\",\"@id\":\"https:\\\/\\\/akunq.net\\\/tr\\\/?p=27787#breadcrumb\",\"itemListElement\":[{\"@type\":\"ListItem\",\"position\":1,\"name\":\"Home\",\"item\":\"https:\\\/\\\/akunq.net\\\/tr\"},{\"@type\":\"ListItem\",\"position\":2,\"name\":\"Dink davas\u0131nda Osman Hayal ve Zeynel Abidin Yavuz serbest\"}]},{\"@type\":\"WebSite\",\"@id\":\"https:\\\/\\\/akunq.net\\\/tr\\\/#website\",\"url\":\"https:\\\/\\\/akunq.net\\\/tr\\\/\",\"name\":\"Bati Ermenistan Ve Bati Ermenileri Sorunlari Ara\u015ftirmalar Merkezi\",\"description\":\"\",\"potentialAction\":[{\"@type\":\"SearchAction\",\"target\":{\"@type\":\"EntryPoint\",\"urlTemplate\":\"https:\\\/\\\/akunq.net\\\/tr\\\/?s={search_term_string}\"},\"query-input\":{\"@type\":\"PropertyValueSpecification\",\"valueRequired\":true,\"valueName\":\"search_term_string\"}}],\"inLanguage\":\"en-US\"},{\"@type\":\"Person\",\"@id\":\"https:\\\/\\\/akunq.net\\\/tr\\\/#\\\/schema\\\/person\\\/096f1d38a12cce57fb855b485ed24c9e\",\"name\":\"admin\",\"url\":\"https:\\\/\\\/akunq.net\\\/tr\\\/?author=7\"}]}<\/script>\n<!-- \/ Yoast SEO plugin. -->","yoast_head_json":{"title":"Dink davas\u0131nda Osman Hayal ve Zeynel Abidin Yavuz serbest - Bati Ermenistan Ve Bati Ermenileri Sorunlari Ara\u015ftirmalar Merkezi","robots":{"index":"index","follow":"follow","max-snippet":"max-snippet:-1","max-image-preview":"max-image-preview:large","max-video-preview":"max-video-preview:-1"},"canonical":"https:\/\/akunq.net\/tr\/?p=27787","og_locale":"en_US","og_type":"article","og_title":"Dink davas\u0131nda Osman Hayal ve Zeynel Abidin Yavuz serbest - Bati Ermenistan Ve Bati Ermenileri Sorunlari Ara\u015ftirmalar Merkezi","og_description":"Hrant Dink&#8217;in \u00f6ld\u00fcr\u00fclmesine ili\u015fkin \u0130stanbul&#8217;da g\u00f6r\u00fclen dava \u00e7er\u00e7evesinde \u00f6nceki g\u00fcn Trabzon&#8217;da tutuklanan Osman Hayal ile Zeynel Abidin Yavuz serbest b\u0131rak\u0131ld\u0131. \u0130stanbul 14. A\u011f\u0131r Ceza Mahkemesince verilen karar\u0131n Yarg\u0131tayca k\u0131smen bozulmas\u0131n\u0131n ard\u0131ndan 18 san\u0131\u011f\u0131n yeniden yarg\u0131land\u0131\u011f\u0131 davada, duru\u015fmaya gelmedikleri nedeniyle haklar\u0131nda yakalama karar\u0131 \u00e7\u0131kar\u0131lan Osman Hayal ile Zeynel Abidin Yavuz \u00f6nceki g\u00fcn, Trabzon&#8217;un Pelitli beldesinde yakalanarak [&hellip;]","og_url":"https:\/\/akunq.net\/tr\/?p=27787","og_site_name":"Bati Ermenistan Ve Bati Ermenileri Sorunlari Ara\u015ftirmalar Merkezi","article_published_time":"2014-01-10T06:52:12+00:00","author":"admin","twitter_card":"summary_large_image","twitter_misc":{"Written by":"admin","Est. reading time":"1 minute"},"schema":{"@context":"https:\/\/schema.org","@graph":[{"@type":"Article","@id":"https:\/\/akunq.net\/tr\/?p=27787#article","isPartOf":{"@id":"https:\/\/akunq.net\/tr\/?p=27787"},"author":{"name":"admin","@id":"https:\/\/akunq.net\/tr\/#\/schema\/person\/096f1d38a12cce57fb855b485ed24c9e"},"headline":"Dink davas\u0131nda Osman Hayal ve Zeynel Abidin Yavuz serbest","datePublished":"2014-01-10T06:52:12+00:00","mainEntityOfPage":{"@id":"https:\/\/akunq.net\/tr\/?p=27787"},"wordCount":225,"commentCount":0,"articleSection":["Haberler"],"inLanguage":"en-US","potentialAction":[{"@type":"CommentAction","name":"Comment","target":["https:\/\/akunq.net\/tr\/?p=27787#respond"]}]},{"@type":"WebPage","@id":"https:\/\/akunq.net\/tr\/?p=27787","url":"https:\/\/akunq.net\/tr\/?p=27787","name":"Dink davas\u0131nda Osman Hayal ve Zeynel Abidin Yavuz serbest - Bati Ermenistan Ve Bati Ermenileri Sorunlari Ara\u015ftirmalar Merkezi","isPartOf":{"@id":"https:\/\/akunq.net\/tr\/#website"},"datePublished":"2014-01-10T06:52:12+00:00","author":{"@id":"https:\/\/akunq.net\/tr\/#\/schema\/person\/096f1d38a12cce57fb855b485ed24c9e"},"breadcrumb":{"@id":"https:\/\/akunq.net\/tr\/?p=27787#breadcrumb"},"inLanguage":"en-US","potentialAction":[{"@type":"ReadAction","target":["https:\/\/akunq.net\/tr\/?p=27787"]}]},{"@type":"BreadcrumbList","@id":"https:\/\/akunq.net\/tr\/?p=27787#breadcrumb","itemListElement":[{"@type":"ListItem","position":1,"name":"Home","item":"https:\/\/akunq.net\/tr"},{"@type":"ListItem","position":2,"name":"Dink davas\u0131nda Osman Hayal ve Zeynel Abidin Yavuz serbest"}]},{"@type":"WebSite","@id":"https:\/\/akunq.net\/tr\/#website","url":"https:\/\/akunq.net\/tr\/","name":"Bati Ermenistan Ve Bati Ermenileri Sorunlari Ara\u015ftirmalar Merkezi","description":"","potentialAction":[{"@type":"SearchAction","target":{"@type":"EntryPoint","urlTemplate":"https:\/\/akunq.net\/tr\/?s={search_term_string}"},"query-input":{"@type":"PropertyValueSpecification","valueRequired":true,"valueName":"search_term_string"}}],"inLanguage":"en-US"},{"@type":"Person","@id":"https:\/\/akunq.net\/tr\/#\/schema\/person\/096f1d38a12cce57fb855b485ed24c9e","name":"admin","url":"https:\/\/akunq.net\/tr\/?author=7"}]}},"_links":{"self":[{"href":"https:\/\/akunq.net\/tr\/index.php?rest_route=\/wp\/v2\/posts\/27787","targetHints":{"allow":["GET"]}}],"collection":[{"href":"https:\/\/akunq.net\/tr\/index.php?rest_route=\/wp\/v2\/posts"}],"about":[{"href":"https:\/\/akunq.net\/tr\/index.php?rest_route=\/wp\/v2\/types\/post"}],"author":[{"embeddable":true,"href":"https:\/\/akunq.net\/tr\/index.php?rest_route=\/wp\/v2\/users\/7"}],"replies":[{"embeddable":true,"href":"https:\/\/akunq.net\/tr\/index.php?rest_route=%2Fwp%2Fv2%2Fcomments&post=27787"}],"version-history":[{"count":1,"href":"https:\/\/akunq.net\/tr\/index.php?rest_route=\/wp\/v2\/posts\/27787\/revisions"}],"predecessor-version":[{"id":27789,"href":"https:\/\/akunq.net\/tr\/index.php?rest_route=\/wp\/v2\/posts\/27787\/revisions\/27789"}],"wp:attachment":[{"href":"https:\/\/akunq.net\/tr\/index.php?rest_route=%2Fwp%2Fv2%2Fmedia&parent=27787"}],"wp:term":[{"taxonomy":"category","embeddable":true,"href":"https:\/\/akunq.net\/tr\/index.php?rest_route=%2Fwp%2Fv2%2Fcategories&post=27787"},{"taxonomy":"post_tag","embeddable":true,"href":"https:\/\/akunq.net\/tr\/index.php?rest_route=%2Fwp%2Fv2%2Ftags&post=27787"}],"curies":[{"name":"wp","href":"https:\/\/api.w.org\/{rel}","templated":true}]}}