{"id":27773,"date":"2014-01-09T03:10:38","date_gmt":"2014-01-09T08:10:38","guid":{"rendered":"http:\/\/akunq.net\/tr\/?p=27773"},"modified":"2014-01-09T03:10:38","modified_gmt":"2014-01-09T08:10:38","slug":"hrant-dink-ulkeyi-aydinliga-cikaracak","status":"publish","type":"post","link":"https:\/\/akunq.net\/tr\/?p=27773","title":{"rendered":"&#8216;Hrant Dink \u00fclkeyi ayd\u0131nl\u0131\u011fa \u00e7\u0131karacak&#8217;"},"content":{"rendered":"<p style=\"text-align: justify;\"><em><strong><a href=\"http:\/\/akunq.net\/tr\/wp-content\/uploads\/2014\/01\/\u0532\u0561\u0575\u0580\u0561\u0574\u0585\u0572\u056c\u0578\u0582.jpg\"><img loading=\"lazy\" decoding=\"async\" class=\"alignright size-full wp-image-27774\" alt=\"\u0532\u0561\u0575\u0580\u0561\u0574\u0585\u0572\u056c\u0578\u0582\" src=\"http:\/\/akunq.net\/tr\/wp-content\/uploads\/2014\/01\/\u0532\u0561\u0575\u0580\u0561\u0574\u0585\u0572\u056c\u0578\u0582.jpg\" width=\"200\" height=\"150\" \/><\/a>\u0130NTERNETHABER &#8211;<\/strong><\/em> Yeni \u015eafak Gazetesi Yazar\u0131 Ali Bayramo\u011flu, 2007&#8217;de suikast sonucu \u00f6ld\u00fcr\u00fclen Agos Gazetesi Genel Yay\u0131n Y\u00f6netmeni Hrant Dink&#8217;in \u00f6l\u00fcm\u00fcnden beri karanl\u0131k senaryolar\u0131n s\u00fcrd\u00fc\u011f\u00fcn\u00fc dile getirdi. Bayramo\u011flu, Dink Davas\u0131&#8217;n\u0131n \u00fclkeyi ayd\u0131nl\u0131\u011fa \u00e7\u0131kmaya mecbur b\u0131rakt\u0131\u011f\u0131n\u0131 yazd\u0131.<\/p>\n<p style=\"text-align: justify;\">Ali Bayramo\u011flu, 3 y\u0131l \u00f6nce ismini vermedi\u011fi bir vali ile yapt\u0131\u011f\u0131 g\u00f6r\u00fc\u015fmeyi kaleme alarak, devlet i\u00e7indeki derin yap\u0131n\u0131n planlad\u0131\u011f\u0131, uygulad\u0131\u011f\u0131 ve \u00fcst\u00fcn\u00fc \u00f6rtt\u00fc\u011f\u00fc olaylar\u0131n art\u0131k g\u00fcn y\u00fcz\u00fcne \u00e7\u0131kt\u0131\u011f\u0131n\u0131 ve herkesin yapt\u0131klar\u0131 ile y\u00fczle\u015fmeye ba\u015flad\u0131\u011f\u0131n\u0131 savundu.<\/p>\n<p style=\"text-align: justify;\"><strong>&#8220;DINK, ALAYCI BAKACAK&#8221;<\/strong><br \/>\nBayramo\u011flu, &#8220;Hrant Dink Davas\u0131&#8217;n\u0131n kilit oldu\u011funu, karanl\u0131k odalar\u0131 ayd\u0131nl\u0131\u011fa kavu\u015fturacak ana dosya oldu\u011funu kimileri g\u00f6rmedi, h\u00e2l\u00e2 g\u00f6rm\u00fcyor. &#8216;Vicdanl\u0131lar&#8217; kar\u015f\u0131la\u015ft\u0131klar\u0131nda Hrant Dink&#8217;e ne diyecekler acaba? Hrant onlara hafif kalkan ka\u015f\u0131 ve m\u00fcstehzi g\u00fcl\u00fcmsemesiyle bakacak&#8230;&#8221; ifadelerini kulland\u0131.<\/p>\n<p style=\"text-align: justify;\"><em><strong>http:\/\/www.internethaber.com\/hrant-dink-ulkeyi-aydinliga-cikaracak-628053h.htm<\/strong><\/em><\/p>\n","protected":false},"excerpt":{"rendered":"<p>\u0130NTERNETHABER &#8211; Yeni \u015eafak Gazetesi Yazar\u0131 Ali Bayramo\u011flu, 2007&#8217;de suikast sonucu \u00f6ld\u00fcr\u00fclen Agos Gazetesi Genel Yay\u0131n Y\u00f6netmeni Hrant Dink&#8217;in \u00f6l\u00fcm\u00fcnden beri karanl\u0131k senaryolar\u0131n s\u00fcrd\u00fc\u011f\u00fcn\u00fc dile getirdi. Bayramo\u011flu, Dink Davas\u0131&#8217;n\u0131n \u00fclkeyi ayd\u0131nl\u0131\u011fa \u00e7\u0131kmaya mecbur b\u0131rakt\u0131\u011f\u0131n\u0131 yazd\u0131. Ali Bayramo\u011flu, 3 y\u0131l \u00f6nce ismini vermedi\u011fi bir vali ile yapt\u0131\u011f\u0131 g\u00f6r\u00fc\u015fmeyi kaleme alarak, devlet i\u00e7indeki derin yap\u0131n\u0131n planlad\u0131\u011f\u0131, uygulad\u0131\u011f\u0131 [&hellip;]<\/p>\n","protected":false},"author":7,"featured_media":0,"comment_status":"open","ping_status":"open","sticky":false,"template":"","format":"standard","meta":{"footnotes":""},"categories":[1],"tags":[],"class_list":["post-27773","post","type-post","status-publish","format-standard","hentry","category-haberler"],"yoast_head":"<!-- This site is optimized with the Yoast SEO plugin v27.4 - https:\/\/yoast.com\/product\/yoast-seo-wordpress\/ -->\n<title>&#039;Hrant Dink \u00fclkeyi ayd\u0131nl\u0131\u011fa \u00e7\u0131karacak&#039; - Bati Ermenistan Ve Bati Ermenileri Sorunlari Ara\u015ftirmalar Merkezi<\/title>\n<meta name=\"robots\" content=\"index, follow, max-snippet:-1, max-image-preview:large, max-video-preview:-1\" \/>\n<link rel=\"canonical\" href=\"https:\/\/akunq.net\/tr\/?p=27773\" \/>\n<meta property=\"og:locale\" content=\"en_US\" \/>\n<meta property=\"og:type\" content=\"article\" \/>\n<meta property=\"og:title\" content=\"&#039;Hrant Dink \u00fclkeyi ayd\u0131nl\u0131\u011fa \u00e7\u0131karacak&#039; - Bati Ermenistan Ve Bati Ermenileri Sorunlari Ara\u015ftirmalar Merkezi\" \/>\n<meta property=\"og:description\" content=\"\u0130NTERNETHABER &#8211; Yeni \u015eafak Gazetesi Yazar\u0131 Ali Bayramo\u011flu, 2007&#8217;de suikast sonucu \u00f6ld\u00fcr\u00fclen Agos Gazetesi Genel Yay\u0131n Y\u00f6netmeni Hrant Dink&#8217;in \u00f6l\u00fcm\u00fcnden beri karanl\u0131k senaryolar\u0131n s\u00fcrd\u00fc\u011f\u00fcn\u00fc dile getirdi. Bayramo\u011flu, Dink Davas\u0131&#8217;n\u0131n \u00fclkeyi ayd\u0131nl\u0131\u011fa \u00e7\u0131kmaya mecbur b\u0131rakt\u0131\u011f\u0131n\u0131 yazd\u0131. Ali Bayramo\u011flu, 3 y\u0131l \u00f6nce ismini vermedi\u011fi bir vali ile yapt\u0131\u011f\u0131 g\u00f6r\u00fc\u015fmeyi kaleme alarak, devlet i\u00e7indeki derin yap\u0131n\u0131n planlad\u0131\u011f\u0131, uygulad\u0131\u011f\u0131 [&hellip;]\" \/>\n<meta property=\"og:url\" content=\"https:\/\/akunq.net\/tr\/?p=27773\" \/>\n<meta property=\"og:site_name\" content=\"Bati Ermenistan Ve Bati Ermenileri Sorunlari Ara\u015ftirmalar Merkezi\" \/>\n<meta property=\"article:published_time\" content=\"2014-01-09T08:10:38+00:00\" \/>\n<meta name=\"author\" content=\"admin\" \/>\n<meta name=\"twitter:card\" content=\"summary_large_image\" \/>\n<meta name=\"twitter:label1\" content=\"Written by\" \/>\n\t<meta name=\"twitter:data1\" content=\"admin\" \/>\n\t<meta name=\"twitter:label2\" content=\"Est. reading time\" \/>\n\t<meta name=\"twitter:data2\" content=\"1 minute\" \/>\n<script type=\"application\/ld+json\" class=\"yoast-schema-graph\">{\"@context\":\"https:\\\/\\\/schema.org\",\"@graph\":[{\"@type\":\"Article\",\"@id\":\"https:\\\/\\\/akunq.net\\\/tr\\\/?p=27773#article\",\"isPartOf\":{\"@id\":\"https:\\\/\\\/akunq.net\\\/tr\\\/?p=27773\"},\"author\":{\"name\":\"admin\",\"@id\":\"https:\\\/\\\/akunq.net\\\/tr\\\/#\\\/schema\\\/person\\\/096f1d38a12cce57fb855b485ed24c9e\"},\"headline\":\"&#8216;Hrant Dink \u00fclkeyi ayd\u0131nl\u0131\u011fa \u00e7\u0131karacak&#8217;\",\"datePublished\":\"2014-01-09T08:10:38+00:00\",\"mainEntityOfPage\":{\"@id\":\"https:\\\/\\\/akunq.net\\\/tr\\\/?p=27773\"},\"wordCount\":180,\"commentCount\":0,\"articleSection\":[\"Haberler\"],\"inLanguage\":\"en-US\",\"potentialAction\":[{\"@type\":\"CommentAction\",\"name\":\"Comment\",\"target\":[\"https:\\\/\\\/akunq.net\\\/tr\\\/?p=27773#respond\"]}]},{\"@type\":\"WebPage\",\"@id\":\"https:\\\/\\\/akunq.net\\\/tr\\\/?p=27773\",\"url\":\"https:\\\/\\\/akunq.net\\\/tr\\\/?p=27773\",\"name\":\"'Hrant Dink \u00fclkeyi ayd\u0131nl\u0131\u011fa \u00e7\u0131karacak' - Bati Ermenistan Ve Bati Ermenileri Sorunlari Ara\u015ftirmalar Merkezi\",\"isPartOf\":{\"@id\":\"https:\\\/\\\/akunq.net\\\/tr\\\/#website\"},\"datePublished\":\"2014-01-09T08:10:38+00:00\",\"author\":{\"@id\":\"https:\\\/\\\/akunq.net\\\/tr\\\/#\\\/schema\\\/person\\\/096f1d38a12cce57fb855b485ed24c9e\"},\"breadcrumb\":{\"@id\":\"https:\\\/\\\/akunq.net\\\/tr\\\/?p=27773#breadcrumb\"},\"inLanguage\":\"en-US\",\"potentialAction\":[{\"@type\":\"ReadAction\",\"target\":[\"https:\\\/\\\/akunq.net\\\/tr\\\/?p=27773\"]}]},{\"@type\":\"BreadcrumbList\",\"@id\":\"https:\\\/\\\/akunq.net\\\/tr\\\/?p=27773#breadcrumb\",\"itemListElement\":[{\"@type\":\"ListItem\",\"position\":1,\"name\":\"Home\",\"item\":\"https:\\\/\\\/akunq.net\\\/tr\"},{\"@type\":\"ListItem\",\"position\":2,\"name\":\"&#8216;Hrant Dink \u00fclkeyi ayd\u0131nl\u0131\u011fa \u00e7\u0131karacak&#8217;\"}]},{\"@type\":\"WebSite\",\"@id\":\"https:\\\/\\\/akunq.net\\\/tr\\\/#website\",\"url\":\"https:\\\/\\\/akunq.net\\\/tr\\\/\",\"name\":\"Bati Ermenistan Ve Bati Ermenileri Sorunlari Ara\u015ftirmalar Merkezi\",\"description\":\"\",\"potentialAction\":[{\"@type\":\"SearchAction\",\"target\":{\"@type\":\"EntryPoint\",\"urlTemplate\":\"https:\\\/\\\/akunq.net\\\/tr\\\/?s={search_term_string}\"},\"query-input\":{\"@type\":\"PropertyValueSpecification\",\"valueRequired\":true,\"valueName\":\"search_term_string\"}}],\"inLanguage\":\"en-US\"},{\"@type\":\"Person\",\"@id\":\"https:\\\/\\\/akunq.net\\\/tr\\\/#\\\/schema\\\/person\\\/096f1d38a12cce57fb855b485ed24c9e\",\"name\":\"admin\",\"url\":\"https:\\\/\\\/akunq.net\\\/tr\\\/?author=7\"}]}<\/script>\n<!-- \/ Yoast SEO plugin. -->","yoast_head_json":{"title":"'Hrant Dink \u00fclkeyi ayd\u0131nl\u0131\u011fa \u00e7\u0131karacak' - Bati Ermenistan Ve Bati Ermenileri Sorunlari Ara\u015ftirmalar Merkezi","robots":{"index":"index","follow":"follow","max-snippet":"max-snippet:-1","max-image-preview":"max-image-preview:large","max-video-preview":"max-video-preview:-1"},"canonical":"https:\/\/akunq.net\/tr\/?p=27773","og_locale":"en_US","og_type":"article","og_title":"'Hrant Dink \u00fclkeyi ayd\u0131nl\u0131\u011fa \u00e7\u0131karacak' - Bati Ermenistan Ve Bati Ermenileri Sorunlari Ara\u015ftirmalar Merkezi","og_description":"\u0130NTERNETHABER &#8211; Yeni \u015eafak Gazetesi Yazar\u0131 Ali Bayramo\u011flu, 2007&#8217;de suikast sonucu \u00f6ld\u00fcr\u00fclen Agos Gazetesi Genel Yay\u0131n Y\u00f6netmeni Hrant Dink&#8217;in \u00f6l\u00fcm\u00fcnden beri karanl\u0131k senaryolar\u0131n s\u00fcrd\u00fc\u011f\u00fcn\u00fc dile getirdi. Bayramo\u011flu, Dink Davas\u0131&#8217;n\u0131n \u00fclkeyi ayd\u0131nl\u0131\u011fa \u00e7\u0131kmaya mecbur b\u0131rakt\u0131\u011f\u0131n\u0131 yazd\u0131. Ali Bayramo\u011flu, 3 y\u0131l \u00f6nce ismini vermedi\u011fi bir vali ile yapt\u0131\u011f\u0131 g\u00f6r\u00fc\u015fmeyi kaleme alarak, devlet i\u00e7indeki derin yap\u0131n\u0131n planlad\u0131\u011f\u0131, uygulad\u0131\u011f\u0131 [&hellip;]","og_url":"https:\/\/akunq.net\/tr\/?p=27773","og_site_name":"Bati Ermenistan Ve Bati Ermenileri Sorunlari Ara\u015ftirmalar Merkezi","article_published_time":"2014-01-09T08:10:38+00:00","author":"admin","twitter_card":"summary_large_image","twitter_misc":{"Written by":"admin","Est. reading time":"1 minute"},"schema":{"@context":"https:\/\/schema.org","@graph":[{"@type":"Article","@id":"https:\/\/akunq.net\/tr\/?p=27773#article","isPartOf":{"@id":"https:\/\/akunq.net\/tr\/?p=27773"},"author":{"name":"admin","@id":"https:\/\/akunq.net\/tr\/#\/schema\/person\/096f1d38a12cce57fb855b485ed24c9e"},"headline":"&#8216;Hrant Dink \u00fclkeyi ayd\u0131nl\u0131\u011fa \u00e7\u0131karacak&#8217;","datePublished":"2014-01-09T08:10:38+00:00","mainEntityOfPage":{"@id":"https:\/\/akunq.net\/tr\/?p=27773"},"wordCount":180,"commentCount":0,"articleSection":["Haberler"],"inLanguage":"en-US","potentialAction":[{"@type":"CommentAction","name":"Comment","target":["https:\/\/akunq.net\/tr\/?p=27773#respond"]}]},{"@type":"WebPage","@id":"https:\/\/akunq.net\/tr\/?p=27773","url":"https:\/\/akunq.net\/tr\/?p=27773","name":"'Hrant Dink \u00fclkeyi ayd\u0131nl\u0131\u011fa \u00e7\u0131karacak' - Bati Ermenistan Ve Bati Ermenileri Sorunlari Ara\u015ftirmalar Merkezi","isPartOf":{"@id":"https:\/\/akunq.net\/tr\/#website"},"datePublished":"2014-01-09T08:10:38+00:00","author":{"@id":"https:\/\/akunq.net\/tr\/#\/schema\/person\/096f1d38a12cce57fb855b485ed24c9e"},"breadcrumb":{"@id":"https:\/\/akunq.net\/tr\/?p=27773#breadcrumb"},"inLanguage":"en-US","potentialAction":[{"@type":"ReadAction","target":["https:\/\/akunq.net\/tr\/?p=27773"]}]},{"@type":"BreadcrumbList","@id":"https:\/\/akunq.net\/tr\/?p=27773#breadcrumb","itemListElement":[{"@type":"ListItem","position":1,"name":"Home","item":"https:\/\/akunq.net\/tr"},{"@type":"ListItem","position":2,"name":"&#8216;Hrant Dink \u00fclkeyi ayd\u0131nl\u0131\u011fa \u00e7\u0131karacak&#8217;"}]},{"@type":"WebSite","@id":"https:\/\/akunq.net\/tr\/#website","url":"https:\/\/akunq.net\/tr\/","name":"Bati Ermenistan Ve Bati Ermenileri Sorunlari Ara\u015ftirmalar Merkezi","description":"","potentialAction":[{"@type":"SearchAction","target":{"@type":"EntryPoint","urlTemplate":"https:\/\/akunq.net\/tr\/?s={search_term_string}"},"query-input":{"@type":"PropertyValueSpecification","valueRequired":true,"valueName":"search_term_string"}}],"inLanguage":"en-US"},{"@type":"Person","@id":"https:\/\/akunq.net\/tr\/#\/schema\/person\/096f1d38a12cce57fb855b485ed24c9e","name":"admin","url":"https:\/\/akunq.net\/tr\/?author=7"}]}},"_links":{"self":[{"href":"https:\/\/akunq.net\/tr\/index.php?rest_route=\/wp\/v2\/posts\/27773","targetHints":{"allow":["GET"]}}],"collection":[{"href":"https:\/\/akunq.net\/tr\/index.php?rest_route=\/wp\/v2\/posts"}],"about":[{"href":"https:\/\/akunq.net\/tr\/index.php?rest_route=\/wp\/v2\/types\/post"}],"author":[{"embeddable":true,"href":"https:\/\/akunq.net\/tr\/index.php?rest_route=\/wp\/v2\/users\/7"}],"replies":[{"embeddable":true,"href":"https:\/\/akunq.net\/tr\/index.php?rest_route=%2Fwp%2Fv2%2Fcomments&post=27773"}],"version-history":[{"count":1,"href":"https:\/\/akunq.net\/tr\/index.php?rest_route=\/wp\/v2\/posts\/27773\/revisions"}],"predecessor-version":[{"id":27775,"href":"https:\/\/akunq.net\/tr\/index.php?rest_route=\/wp\/v2\/posts\/27773\/revisions\/27775"}],"wp:attachment":[{"href":"https:\/\/akunq.net\/tr\/index.php?rest_route=%2Fwp%2Fv2%2Fmedia&parent=27773"}],"wp:term":[{"taxonomy":"category","embeddable":true,"href":"https:\/\/akunq.net\/tr\/index.php?rest_route=%2Fwp%2Fv2%2Fcategories&post=27773"},{"taxonomy":"post_tag","embeddable":true,"href":"https:\/\/akunq.net\/tr\/index.php?rest_route=%2Fwp%2Fv2%2Ftags&post=27773"}],"curies":[{"name":"wp","href":"https:\/\/api.w.org\/{rel}","templated":true}]}}