{"id":27769,"date":"2014-01-09T03:00:54","date_gmt":"2014-01-09T08:00:54","guid":{"rendered":"http:\/\/akunq.net\/tr\/?p=27769"},"modified":"2014-01-09T03:01:23","modified_gmt":"2014-01-09T08:01:23","slug":"turkiyedeki-yolsuzluk-sorusturmasini-ve-bunu-izleyen-gelismeleri-yakindan-izleyen-alman-medyasi","status":"publish","type":"post","link":"https:\/\/akunq.net\/tr\/?p=27769","title":{"rendered":"T\u00fcrkiye\u2019deki yolsuzluk soru\u015fturmas\u0131n\u0131 ve bunu izleyen geli\u015fmeleri yak\u0131ndan izleyen Alman medyas\u0131"},"content":{"rendered":"<p style=\"text-align: justify;\"><b><i><a href=\"http:\/\/akunq.net\/tr\/wp-content\/uploads\/2014\/01\/\u0537\u0580\u0564\u0578\u0572\u0561\u0576.jpg\"><img loading=\"lazy\" decoding=\"async\" class=\"alignright size-medium wp-image-27770\" alt=\"\u0537\u0580\u0564\u0578\u0572\u0561\u0576\" src=\"http:\/\/akunq.net\/tr\/wp-content\/uploads\/2014\/01\/\u0537\u0580\u0564\u0578\u0572\u0561\u0576-300x168.jpg\" width=\"300\" height=\"168\" srcset=\"https:\/\/akunq.net\/tr\/wp-content\/uploads\/sites\/6\/2014\/01\/\u0537\u0580\u0564\u0578\u0572\u0561\u0576-300x168.jpg 300w, https:\/\/akunq.net\/tr\/wp-content\/uploads\/sites\/6\/2014\/01\/\u0537\u0580\u0564\u0578\u0572\u0561\u0576.jpg 500w\" sizes=\"auto, (max-width: 300px) 100vw, 300px\" \/><\/a>T\u00fcrkiye\u2019deki yolsuzluk soru\u015fturmas\u0131n\u0131 ve bunu izleyen geli\u015fmeleri yak\u0131ndan izleyen Alman medyas\u0131, \u201cBa\u015fbakan Recep Tayyip Erdo\u011fan\u2019\u0131n o\u011flu Bilal Erdo\u011fan ile El Kaide ile ba\u011flant\u0131l\u0131 oldu\u011fu iddia edilen Yasin el-Kad\u0131 aras\u0131ndaki ili\u015fkinin boyutu konusunda soru i\u015faretleri s\u00fcr\u00fcyor\u201d diyor.<br \/>\n<\/i><\/b><br \/>\nDeutsche Welle, yolsuzluk ve r\u00fc\u015fvet soru\u015fturmas\u0131n\u0131n 17 Aral\u0131k\u2019ta kamuoyuna yans\u0131mas\u0131n\u0131n ard\u0131ndan Yasin el-Kad\u0131 isminin yeniden g\u00fcndemde geldi\u011fini belirterek Suudi i\u015fadam\u0131n\u0131n, El Kaide \u00f6rg\u00fct\u00fcne mal\u00ee destek sa\u011flad\u0131\u011f\u0131 gerek\u00e7esiyle BM\u2019nin kara listesine al\u0131nd\u0131\u011f\u0131n\u0131 ancak delil yetersizli\u011fi nedeniyle ge\u00e7en y\u0131l listeden \u00e7\u0131kar\u0131ld\u0131\u011f\u0131n\u0131 an\u0131msatt\u0131.<br \/>\n\u201cAncak Yasin el-Kad\u0131\u2019n\u0131n, ad\u0131n\u0131n ter\u00f6r listelerinde ge\u00e7ti\u011fi d\u00f6nemde T\u00fcrkiye\u2019yi birka\u00e7 kez ziyaret etti\u011fi ve Ba\u015fbakan Recep Tayyip Erdo\u011fan\u2019\u0131n o\u011flu Bilal Erdo\u011fan ile g\u00f6r\u00fc\u015ft\u00fc\u011f\u00fc iddialar\u0131 yeniden tart\u0131\u015fma konusu\u201d diyen DW, bu \u00e7er\u00e7evede CHP Artvin Milletvekili U\u011fur Bayraktutan\u2019\u0131n, k\u0131sa bir s\u00fcre \u00f6nce konuyla ilgili Ba\u015fbakan Recep Tayyip Erdo\u011fan&#8217;\u0131n yaz\u0131l\u0131 olarak yan\u0131tlamas\u0131 istemiyle TBMM Ba\u015fkanl\u0131\u011f\u0131&#8217;na soru \u00f6nergesini yans\u0131tt\u0131.<\/p>\n<p style=\"text-align: justify;\"><strong>\u201cBA\u015eBAKANLIK KORUMALARI\u201d \u0130DD\u0130ASI<\/strong><\/p>\n<p style=\"text-align: justify;\">DW\u2019ye konu\u015fan Bayraktutan da, el-Kad\u0131\u2019n\u0131n yasad\u0131\u015f\u0131 yollardan T\u00fcrkiye\u2019de bulundu\u011funu, ortada bunu kan\u0131tlayan foto\u011fraflar\u0131n oldu\u011funu s\u00f6yledi. El Kaide&#8217;ye mal\u00ee destek sa\u011flad\u0131\u011f\u0131 zann\u0131yla BM\u2019nin kara listesinde yer ald\u0131\u011f\u0131 d\u00f6nemde el- Kad\u0131\u2019n\u0131n birka\u00e7 kez T\u00fcrkiye\u2019ye geldi\u011fini belirten Bayraktutan, el- Kad\u0131\u2019n\u0131n Ba\u015fbakanl\u0131k korumalar\u0131 taraf\u0131ndan korundu\u011fu iddialar\u0131na da dikkat \u00e7ekti.<\/p>\n<p style=\"text-align: justify;\">Haberde MHP Grup Ba\u015fkanvekili Oktay Vural\u2019un da, Yasin el-Kad\u0131&#8217;n\u0131n Ba\u015fbakanl\u0131k koruma ara\u00e7lar\u0131yla korundu\u011funu ifade etti\u011fine i\u015faret edildikten sonra<br \/>\n\u201cMedyada yer alan haberlerde yolsuzluk ve r\u00fc\u015fvet soru\u015fturmalar\u0131n\u0131n ikinci dalgas\u0131 \u00e7er\u00e7evesinde \u015f\u00fcpheliler listesinde Yasin El-Kad\u0131\u2019n\u0131n da bulundu\u011fu belirtiliyor. Ancak ikinci dalga soru\u015fturmay\u0131 y\u00fcr\u00fcten Muammer Akka\u015f g\u00f6revden al\u0131nm\u0131\u015f, \u015f\u00fcpheli olarak 3 Ocak&#8217;ta ifade vermeye \u00e7a\u011f\u0131r\u0131lan Bilal Erdo\u011fan ifade vermeye gitmemi\u015fti\u201d deniliyor.<\/p>\n<p style=\"text-align: justify;\">Ba\u015fbakan Erdo\u011fan\u2019\u0131n daha 2006 y\u0131l\u0131nda ter\u00f6r su\u00e7lamalar\u0131 kar\u015f\u0131s\u0131nda el-Kad\u0131\u2019ya destek \u00e7\u0131kt\u0131\u011f\u0131n\u0131 ve 4 Ocak\u2019ta Dolmabah\u00e7e\u2019de gazetecilerle yap\u0131lan toplant\u0131da da Yasin el-Kad\u0131&#8217;yla ilgili olarak &#8220;T\u00fcrkiye&#8217;yi seven, dindar, yat\u0131r\u0131m yapmak isteyen Suudi bir i\u015fadam\u0131&#8221; \u015feklindeki s\u00f6zlerinin aktar\u0131ld\u0131\u011f\u0131n\u0131 an\u0131msatan DW, \u015funlar\u0131 da s\u00f6yledi:<br \/>\n\u201cYasin el-Kad\u0131, 11 Eyl\u00fcl sald\u0131r\u0131lar\u0131n\u0131n ard\u0131ndan BM G\u00fcvenlik Konseyi karar\u0131yla kara listeye al\u0131nm\u0131\u015f ve akabinde ABD ve AB taraf\u0131ndan malvarl\u0131\u011f\u0131 dondurulmu\u015ftu. ABD y\u00f6netimi el-Kad\u0131\u2019y\u0131 daha \u00f6nce kurdu\u011fu Muvaffak Vakf\u0131 arac\u0131l\u0131\u011f\u0131yla El-Kaide\u2019ye maddi destek sa\u011flamakla su\u00e7lam\u0131\u015ft\u0131. S\u00f6z konusu vakf\u0131 11 Eyl\u00fcl sald\u0131r\u0131lar\u0131ndan \u00f6nce kapatt\u0131\u011f\u0131n\u0131 belirterek yapt\u0131r\u0131mlara itiraz eden el-Kad\u0131, ge\u00e7en y\u0131l BM\u2019nin kara listesinden \u00e7\u0131kar\u0131lm\u0131\u015ft\u0131. Avrupa Adalet Divan\u0131 da, temmuz ay\u0131nda el-Kad\u0131\u2019n\u0131n ter\u00f6r faaliyetlerini finanse etti\u011fi konusunda yeterli delil sunulmamas\u0131ndan hareketle malvarl\u0131\u011f\u0131n\u0131n dondurulmas\u0131 karar\u0131n\u0131n gayrime\u015fru oldu\u011funa h\u00fckmetmi\u015fti.\u201d<\/p>\n<h2 style=\"text-align: justify;\"><i>(ANKA)<\/i><\/h2>\n<p style=\"text-align: justify;\"><b><i>http:\/\/birgun.net\/haber\/yasin-el-kadi-bilmecesi-9622.html<\/i><\/b><\/p>\n","protected":false},"excerpt":{"rendered":"<p>T\u00fcrkiye\u2019deki yolsuzluk soru\u015fturmas\u0131n\u0131 ve bunu izleyen geli\u015fmeleri yak\u0131ndan izleyen Alman medyas\u0131, \u201cBa\u015fbakan Recep Tayyip Erdo\u011fan\u2019\u0131n o\u011flu Bilal Erdo\u011fan ile El Kaide ile ba\u011flant\u0131l\u0131 oldu\u011fu iddia edilen Yasin el-Kad\u0131 aras\u0131ndaki ili\u015fkinin boyutu konusunda soru i\u015faretleri s\u00fcr\u00fcyor\u201d diyor. Deutsche Welle, yolsuzluk ve r\u00fc\u015fvet soru\u015fturmas\u0131n\u0131n 17 Aral\u0131k\u2019ta kamuoyuna yans\u0131mas\u0131n\u0131n ard\u0131ndan Yasin el-Kad\u0131 isminin yeniden g\u00fcndemde geldi\u011fini belirterek Suudi [&hellip;]<\/p>\n","protected":false},"author":7,"featured_media":0,"comment_status":"open","ping_status":"open","sticky":false,"template":"","format":"standard","meta":{"footnotes":""},"categories":[1],"tags":[],"class_list":["post-27769","post","type-post","status-publish","format-standard","hentry","category-haberler"],"yoast_head":"<!-- This site is optimized with the Yoast SEO plugin v27.4 - https:\/\/yoast.com\/product\/yoast-seo-wordpress\/ -->\n<title>T\u00fcrkiye\u2019deki yolsuzluk soru\u015fturmas\u0131n\u0131 ve bunu izleyen geli\u015fmeleri yak\u0131ndan izleyen Alman medyas\u0131 - Bati Ermenistan Ve Bati Ermenileri Sorunlari Ara\u015ftirmalar Merkezi<\/title>\n<meta name=\"robots\" content=\"index, follow, max-snippet:-1, max-image-preview:large, max-video-preview:-1\" \/>\n<link rel=\"canonical\" href=\"https:\/\/akunq.net\/tr\/?p=27769\" \/>\n<meta property=\"og:locale\" content=\"en_US\" \/>\n<meta property=\"og:type\" content=\"article\" \/>\n<meta property=\"og:title\" content=\"T\u00fcrkiye\u2019deki yolsuzluk soru\u015fturmas\u0131n\u0131 ve bunu izleyen geli\u015fmeleri yak\u0131ndan izleyen Alman medyas\u0131 - Bati Ermenistan Ve Bati Ermenileri Sorunlari Ara\u015ftirmalar Merkezi\" \/>\n<meta property=\"og:description\" content=\"T\u00fcrkiye\u2019deki yolsuzluk soru\u015fturmas\u0131n\u0131 ve bunu izleyen geli\u015fmeleri yak\u0131ndan izleyen Alman medyas\u0131, \u201cBa\u015fbakan Recep Tayyip Erdo\u011fan\u2019\u0131n o\u011flu Bilal Erdo\u011fan ile El Kaide ile ba\u011flant\u0131l\u0131 oldu\u011fu iddia edilen Yasin el-Kad\u0131 aras\u0131ndaki ili\u015fkinin boyutu konusunda soru i\u015faretleri s\u00fcr\u00fcyor\u201d diyor. Deutsche Welle, yolsuzluk ve r\u00fc\u015fvet soru\u015fturmas\u0131n\u0131n 17 Aral\u0131k\u2019ta kamuoyuna yans\u0131mas\u0131n\u0131n ard\u0131ndan Yasin el-Kad\u0131 isminin yeniden g\u00fcndemde geldi\u011fini belirterek Suudi [&hellip;]\" \/>\n<meta property=\"og:url\" content=\"https:\/\/akunq.net\/tr\/?p=27769\" \/>\n<meta property=\"og:site_name\" content=\"Bati Ermenistan Ve Bati Ermenileri Sorunlari Ara\u015ftirmalar Merkezi\" \/>\n<meta property=\"article:published_time\" content=\"2014-01-09T08:00:54+00:00\" \/>\n<meta property=\"article:modified_time\" content=\"2014-01-09T08:01:23+00:00\" \/>\n<meta name=\"author\" content=\"admin\" \/>\n<meta name=\"twitter:card\" content=\"summary_large_image\" \/>\n<meta name=\"twitter:label1\" content=\"Written by\" \/>\n\t<meta name=\"twitter:data1\" content=\"admin\" \/>\n\t<meta name=\"twitter:label2\" content=\"Est. reading time\" \/>\n\t<meta name=\"twitter:data2\" content=\"3 minutes\" \/>\n<script type=\"application\/ld+json\" class=\"yoast-schema-graph\">{\"@context\":\"https:\\\/\\\/schema.org\",\"@graph\":[{\"@type\":\"Article\",\"@id\":\"https:\\\/\\\/akunq.net\\\/tr\\\/?p=27769#article\",\"isPartOf\":{\"@id\":\"https:\\\/\\\/akunq.net\\\/tr\\\/?p=27769\"},\"author\":{\"name\":\"admin\",\"@id\":\"https:\\\/\\\/akunq.net\\\/tr\\\/#\\\/schema\\\/person\\\/096f1d38a12cce57fb855b485ed24c9e\"},\"headline\":\"T\u00fcrkiye\u2019deki yolsuzluk soru\u015fturmas\u0131n\u0131 ve bunu izleyen geli\u015fmeleri yak\u0131ndan izleyen Alman medyas\u0131\",\"datePublished\":\"2014-01-09T08:00:54+00:00\",\"dateModified\":\"2014-01-09T08:01:23+00:00\",\"mainEntityOfPage\":{\"@id\":\"https:\\\/\\\/akunq.net\\\/tr\\\/?p=27769\"},\"wordCount\":581,\"commentCount\":0,\"articleSection\":[\"Haberler\"],\"inLanguage\":\"en-US\",\"potentialAction\":[{\"@type\":\"CommentAction\",\"name\":\"Comment\",\"target\":[\"https:\\\/\\\/akunq.net\\\/tr\\\/?p=27769#respond\"]}]},{\"@type\":\"WebPage\",\"@id\":\"https:\\\/\\\/akunq.net\\\/tr\\\/?p=27769\",\"url\":\"https:\\\/\\\/akunq.net\\\/tr\\\/?p=27769\",\"name\":\"T\u00fcrkiye\u2019deki yolsuzluk soru\u015fturmas\u0131n\u0131 ve bunu izleyen geli\u015fmeleri yak\u0131ndan izleyen Alman medyas\u0131 - Bati Ermenistan Ve Bati Ermenileri Sorunlari Ara\u015ftirmalar Merkezi\",\"isPartOf\":{\"@id\":\"https:\\\/\\\/akunq.net\\\/tr\\\/#website\"},\"datePublished\":\"2014-01-09T08:00:54+00:00\",\"dateModified\":\"2014-01-09T08:01:23+00:00\",\"author\":{\"@id\":\"https:\\\/\\\/akunq.net\\\/tr\\\/#\\\/schema\\\/person\\\/096f1d38a12cce57fb855b485ed24c9e\"},\"breadcrumb\":{\"@id\":\"https:\\\/\\\/akunq.net\\\/tr\\\/?p=27769#breadcrumb\"},\"inLanguage\":\"en-US\",\"potentialAction\":[{\"@type\":\"ReadAction\",\"target\":[\"https:\\\/\\\/akunq.net\\\/tr\\\/?p=27769\"]}]},{\"@type\":\"BreadcrumbList\",\"@id\":\"https:\\\/\\\/akunq.net\\\/tr\\\/?p=27769#breadcrumb\",\"itemListElement\":[{\"@type\":\"ListItem\",\"position\":1,\"name\":\"Home\",\"item\":\"https:\\\/\\\/akunq.net\\\/tr\"},{\"@type\":\"ListItem\",\"position\":2,\"name\":\"T\u00fcrkiye\u2019deki yolsuzluk soru\u015fturmas\u0131n\u0131 ve bunu izleyen geli\u015fmeleri yak\u0131ndan izleyen Alman medyas\u0131\"}]},{\"@type\":\"WebSite\",\"@id\":\"https:\\\/\\\/akunq.net\\\/tr\\\/#website\",\"url\":\"https:\\\/\\\/akunq.net\\\/tr\\\/\",\"name\":\"Bati Ermenistan Ve Bati Ermenileri Sorunlari Ara\u015ftirmalar Merkezi\",\"description\":\"\",\"potentialAction\":[{\"@type\":\"SearchAction\",\"target\":{\"@type\":\"EntryPoint\",\"urlTemplate\":\"https:\\\/\\\/akunq.net\\\/tr\\\/?s={search_term_string}\"},\"query-input\":{\"@type\":\"PropertyValueSpecification\",\"valueRequired\":true,\"valueName\":\"search_term_string\"}}],\"inLanguage\":\"en-US\"},{\"@type\":\"Person\",\"@id\":\"https:\\\/\\\/akunq.net\\\/tr\\\/#\\\/schema\\\/person\\\/096f1d38a12cce57fb855b485ed24c9e\",\"name\":\"admin\",\"url\":\"https:\\\/\\\/akunq.net\\\/tr\\\/?author=7\"}]}<\/script>\n<!-- \/ Yoast SEO plugin. -->","yoast_head_json":{"title":"T\u00fcrkiye\u2019deki yolsuzluk soru\u015fturmas\u0131n\u0131 ve bunu izleyen geli\u015fmeleri yak\u0131ndan izleyen Alman medyas\u0131 - Bati Ermenistan Ve Bati Ermenileri Sorunlari Ara\u015ftirmalar Merkezi","robots":{"index":"index","follow":"follow","max-snippet":"max-snippet:-1","max-image-preview":"max-image-preview:large","max-video-preview":"max-video-preview:-1"},"canonical":"https:\/\/akunq.net\/tr\/?p=27769","og_locale":"en_US","og_type":"article","og_title":"T\u00fcrkiye\u2019deki yolsuzluk soru\u015fturmas\u0131n\u0131 ve bunu izleyen geli\u015fmeleri yak\u0131ndan izleyen Alman medyas\u0131 - Bati Ermenistan Ve Bati Ermenileri Sorunlari Ara\u015ftirmalar Merkezi","og_description":"T\u00fcrkiye\u2019deki yolsuzluk soru\u015fturmas\u0131n\u0131 ve bunu izleyen geli\u015fmeleri yak\u0131ndan izleyen Alman medyas\u0131, \u201cBa\u015fbakan Recep Tayyip Erdo\u011fan\u2019\u0131n o\u011flu Bilal Erdo\u011fan ile El Kaide ile ba\u011flant\u0131l\u0131 oldu\u011fu iddia edilen Yasin el-Kad\u0131 aras\u0131ndaki ili\u015fkinin boyutu konusunda soru i\u015faretleri s\u00fcr\u00fcyor\u201d diyor. Deutsche Welle, yolsuzluk ve r\u00fc\u015fvet soru\u015fturmas\u0131n\u0131n 17 Aral\u0131k\u2019ta kamuoyuna yans\u0131mas\u0131n\u0131n ard\u0131ndan Yasin el-Kad\u0131 isminin yeniden g\u00fcndemde geldi\u011fini belirterek Suudi [&hellip;]","og_url":"https:\/\/akunq.net\/tr\/?p=27769","og_site_name":"Bati Ermenistan Ve Bati Ermenileri Sorunlari Ara\u015ftirmalar Merkezi","article_published_time":"2014-01-09T08:00:54+00:00","article_modified_time":"2014-01-09T08:01:23+00:00","author":"admin","twitter_card":"summary_large_image","twitter_misc":{"Written by":"admin","Est. reading time":"3 minutes"},"schema":{"@context":"https:\/\/schema.org","@graph":[{"@type":"Article","@id":"https:\/\/akunq.net\/tr\/?p=27769#article","isPartOf":{"@id":"https:\/\/akunq.net\/tr\/?p=27769"},"author":{"name":"admin","@id":"https:\/\/akunq.net\/tr\/#\/schema\/person\/096f1d38a12cce57fb855b485ed24c9e"},"headline":"T\u00fcrkiye\u2019deki yolsuzluk soru\u015fturmas\u0131n\u0131 ve bunu izleyen geli\u015fmeleri yak\u0131ndan izleyen Alman medyas\u0131","datePublished":"2014-01-09T08:00:54+00:00","dateModified":"2014-01-09T08:01:23+00:00","mainEntityOfPage":{"@id":"https:\/\/akunq.net\/tr\/?p=27769"},"wordCount":581,"commentCount":0,"articleSection":["Haberler"],"inLanguage":"en-US","potentialAction":[{"@type":"CommentAction","name":"Comment","target":["https:\/\/akunq.net\/tr\/?p=27769#respond"]}]},{"@type":"WebPage","@id":"https:\/\/akunq.net\/tr\/?p=27769","url":"https:\/\/akunq.net\/tr\/?p=27769","name":"T\u00fcrkiye\u2019deki yolsuzluk soru\u015fturmas\u0131n\u0131 ve bunu izleyen geli\u015fmeleri yak\u0131ndan izleyen Alman medyas\u0131 - Bati Ermenistan Ve Bati Ermenileri Sorunlari Ara\u015ftirmalar Merkezi","isPartOf":{"@id":"https:\/\/akunq.net\/tr\/#website"},"datePublished":"2014-01-09T08:00:54+00:00","dateModified":"2014-01-09T08:01:23+00:00","author":{"@id":"https:\/\/akunq.net\/tr\/#\/schema\/person\/096f1d38a12cce57fb855b485ed24c9e"},"breadcrumb":{"@id":"https:\/\/akunq.net\/tr\/?p=27769#breadcrumb"},"inLanguage":"en-US","potentialAction":[{"@type":"ReadAction","target":["https:\/\/akunq.net\/tr\/?p=27769"]}]},{"@type":"BreadcrumbList","@id":"https:\/\/akunq.net\/tr\/?p=27769#breadcrumb","itemListElement":[{"@type":"ListItem","position":1,"name":"Home","item":"https:\/\/akunq.net\/tr"},{"@type":"ListItem","position":2,"name":"T\u00fcrkiye\u2019deki yolsuzluk soru\u015fturmas\u0131n\u0131 ve bunu izleyen geli\u015fmeleri yak\u0131ndan izleyen Alman medyas\u0131"}]},{"@type":"WebSite","@id":"https:\/\/akunq.net\/tr\/#website","url":"https:\/\/akunq.net\/tr\/","name":"Bati Ermenistan Ve Bati Ermenileri Sorunlari Ara\u015ftirmalar Merkezi","description":"","potentialAction":[{"@type":"SearchAction","target":{"@type":"EntryPoint","urlTemplate":"https:\/\/akunq.net\/tr\/?s={search_term_string}"},"query-input":{"@type":"PropertyValueSpecification","valueRequired":true,"valueName":"search_term_string"}}],"inLanguage":"en-US"},{"@type":"Person","@id":"https:\/\/akunq.net\/tr\/#\/schema\/person\/096f1d38a12cce57fb855b485ed24c9e","name":"admin","url":"https:\/\/akunq.net\/tr\/?author=7"}]}},"_links":{"self":[{"href":"https:\/\/akunq.net\/tr\/index.php?rest_route=\/wp\/v2\/posts\/27769","targetHints":{"allow":["GET"]}}],"collection":[{"href":"https:\/\/akunq.net\/tr\/index.php?rest_route=\/wp\/v2\/posts"}],"about":[{"href":"https:\/\/akunq.net\/tr\/index.php?rest_route=\/wp\/v2\/types\/post"}],"author":[{"embeddable":true,"href":"https:\/\/akunq.net\/tr\/index.php?rest_route=\/wp\/v2\/users\/7"}],"replies":[{"embeddable":true,"href":"https:\/\/akunq.net\/tr\/index.php?rest_route=%2Fwp%2Fv2%2Fcomments&post=27769"}],"version-history":[{"count":2,"href":"https:\/\/akunq.net\/tr\/index.php?rest_route=\/wp\/v2\/posts\/27769\/revisions"}],"predecessor-version":[{"id":27772,"href":"https:\/\/akunq.net\/tr\/index.php?rest_route=\/wp\/v2\/posts\/27769\/revisions\/27772"}],"wp:attachment":[{"href":"https:\/\/akunq.net\/tr\/index.php?rest_route=%2Fwp%2Fv2%2Fmedia&parent=27769"}],"wp:term":[{"taxonomy":"category","embeddable":true,"href":"https:\/\/akunq.net\/tr\/index.php?rest_route=%2Fwp%2Fv2%2Fcategories&post=27769"},{"taxonomy":"post_tag","embeddable":true,"href":"https:\/\/akunq.net\/tr\/index.php?rest_route=%2Fwp%2Fv2%2Ftags&post=27769"}],"curies":[{"name":"wp","href":"https:\/\/api.w.org\/{rel}","templated":true}]}}