{"id":27760,"date":"2014-01-09T01:57:34","date_gmt":"2014-01-09T06:57:34","guid":{"rendered":"http:\/\/akunq.net\/tr\/?p=27760"},"modified":"2014-01-09T01:57:34","modified_gmt":"2014-01-09T06:57:34","slug":"kars-ermenistan-sinirindaki-ani-oren-yeri-karlar-altinda-ziyaretcilerine-gorsel-solen-sunuyor","status":"publish","type":"post","link":"https:\/\/akunq.net\/tr\/?p=27760","title":{"rendered":"Kars Ermenistan s\u0131n\u0131r\u0131ndaki Ani \u00d6ren Yeri, karlar alt\u0131nda ziyaret\u00e7ilerine g\u00f6rsel \u015f\u00f6len sunuyor"},"content":{"rendered":"<p style=\"text-align: justify;\"><b><i><a href=\"http:\/\/akunq.net\/tr\/wp-content\/uploads\/2014\/01\/Ani.jpg\"><img loading=\"lazy\" decoding=\"async\" class=\"alignright size-medium wp-image-27761\" alt=\"Ani\" src=\"http:\/\/akunq.net\/tr\/wp-content\/uploads\/2014\/01\/Ani-300x187.jpg\" width=\"300\" height=\"187\" srcset=\"https:\/\/akunq.net\/tr\/wp-content\/uploads\/sites\/6\/2014\/01\/Ani-300x187.jpg 300w, https:\/\/akunq.net\/tr\/wp-content\/uploads\/sites\/6\/2014\/01\/Ani.jpg 500w\" sizes=\"auto, (max-width: 300px) 100vw, 300px\" \/><\/a>Kars-Ermenistan s\u0131n\u0131r\u0131nda tarihi <\/i><\/b><a title=\"\u0130pek Yolu Haberleri\" href=\"http:\/\/haberler.com\/ipek-yolu\/\"><b><i>\u0130pek Yolu<\/i><\/b><\/a><b><i> \u00fczerinde\u00a0kurulu\u00a0ve pek \u00e7ok medeniyete ev sahipli\u011fi yapan\u00a0tarihi\u00a0Ani <\/i><\/b><a title=\"\u00d6ren Haberleri\" href=\"http:\/\/haberler.com\/oren\/\"><b><i>\u00d6ren<\/i><\/b><\/a><b><i> Yeri, k\u0131\u015f\u0131n kar alt\u0131nda beyaza b\u00fcr\u00fcnen g\u00f6r\u00fcnt\u00fcs\u00fcyle ziyaret\u00e7ilerden ilgi g\u00f6r\u00fcyor.<\/i><\/b><\/p>\n<p style=\"text-align: justify;\">Kars&#8217;a 42 kilometre uzakl\u0131ktaki <a title=\"Ermenistan Haberleri\" href=\"http:\/\/haberler.com\/ermenistan\/\">Ermenistan<\/a> s\u0131n\u0131r\u0131nda tarihi <a title=\"\u0130pek Yolu Haberleri\" href=\"http:\/\/haberler.com\/ipek-yolu\/\">\u0130pek Yolu<\/a> \u00fczerinde M\u00d6\u00a0600&#8217;l\u00fc y\u0131llarda\u00a0bin 750 metre y\u00fcksekli\u011findeki platoda bar\u0131nd\u0131rd\u0131\u011f\u0131 medeniyetlere ait eserleriyle\u00a0Ani <a title=\"\u00d6ren Haberleri\" href=\"http:\/\/haberler.com\/oren\/\">\u00d6ren<\/a> Yeri, k\u0131\u015f aylar\u0131nda adeta\u00a0beyaz \u00f6rt\u00fcye b\u00fcr\u00fcn\u00fcyor.<\/p>\n<p style=\"text-align: justify;\">&#8220;D\u00fcnya \u015eehri&#8221; olarak adland\u0131r\u0131lan ve i\u00e7erisinde halen yirminin \u00fczerinde tarihi yap\u0131ya ev sahipli\u011fi yapan\u00a0antik\u00a0kent,\u00a08 metre\u00a0y\u00fcksekli\u011finde,\u00a04 bin 500 metre uzunlu\u011fundaki surlarla kapl\u0131.<\/p>\n<p style=\"text-align: justify;\">Aras Nehri&#8217;nin bat\u0131 yakas\u0131nda yakla\u015f\u0131k 78 hektar alan \u00fczerinde kurulan ve bug\u00fcne\u00a0kadar\u00a0Urartu, \u0130skit,\u00a0Pers, Makedon, Part, Ermeni, Sasani,\u00a0\u0130ran,\u00a0Roma, Bizans, Emevi, Abbai,\u00a0Sel\u00e7uklu, Mo\u011fol, \u0130lhanl\u0131, <a title=\"Karakoyunlu Haberleri\" href=\"http:\/\/haberler.com\/karakoyunlu\/\">Karakoyunlu<\/a>,\u00a0Akkoyunlu, Osmanl\u0131, G\u00fcrc\u00fc ve Rus egemenli\u011fine giren ve bu medeniyetlerin izlerini ta\u015f\u0131yan, zaman zaman y\u00fcz binin \u00fczerindeki n\u00fcfusa ula\u015fan ancak ya\u015fad\u0131\u011f\u0131 b\u00fcy\u00fck depremler sonras\u0131 1600&#8217;l\u00fc y\u0131llarda terk edilen\u00a0\u00a0Ani <a title=\"\u00d6ren Haberleri\" href=\"http:\/\/haberler.com\/oren\/\">\u00d6ren<\/a> Yeri, \u00f6zellikle k\u0131\u015f aylar\u0131nda\u00a0dondurucu so\u011fu\u011fa ra\u011fmen ziyaret\u00e7ilerden b\u00fcy\u00fck ilgi g\u00f6r\u00fcyor.<\/p>\n<p style=\"text-align: justify;\">Kars&#8217;a gelen turistlerin\u00a0Kars Kalesi&#8217;nden sonra ziyaret etti\u011fi en \u00f6nemli b\u00f6lge olarak dikkati \u00e7eken Ani <a title=\"\u00d6ren Haberleri\" href=\"http:\/\/haberler.com\/oren\/\">\u00d6ren<\/a> Yeri&#8217;ni\u00a0\u00f6zellikle foto\u011fraf tutkunlar\u0131\u00a0tercih ederken, surlar i\u00e7erisindeki cami, kilise, katedral, manast\u0131r, hamam, k\u00fclliye, \u015fapel ve \u00e7e\u015fitli yerle\u015fim kal\u0131nt\u0131lar\u0131 adeta g\u00f6rsel bir \u015f\u00f6lene ev sahipli\u011fi yap\u0131yor.<\/p>\n<p style=\"text-align: justify;\">\u0130stanbul&#8217;dan <a title=\"Kars Haberleri\" href=\"http:\/\/haberler.com\/kars\/\">Kars<\/a>&#8216;a tren yolculu\u011funu ve k\u0131\u015f\u0131n Ani <a title=\"\u00d6ren Haberleri\" href=\"http:\/\/haberler.com\/oren\/\">\u00d6ren<\/a> Yeri&#8217;ni g\u00f6r\u00fcnt\u00fclemek i\u00e7in antik kente gelen foto\u011fraf sanat\u00e7\u0131s\u0131 Altu\u011f Sencer, Ani <a title=\"\u00d6ren Haberleri\" href=\"http:\/\/haberler.com\/oren\/\">\u00d6ren<\/a> Yeri&#8217;nin\u00a0kar alt\u0131nda \u00e7ok daha etkileyici oldu\u011funu s\u00f6yledi.<\/p>\n<p style=\"text-align: justify;\">\u00d6zellikle havan\u0131n a\u00e7\u0131k oldu\u011fu g\u00fcnlerde ta\u015f yap\u0131lardaki renk dokusu ve \u0131\u015f\u0131k \u00e7e\u015fitli \u00e7ok \u00f6zel foto\u011fraf kareleri i\u00e7in f\u0131rsat olu\u015fturdu\u011funu belirten Bencer, &#8220;Ani <a title=\"\u00d6ren Haberleri\" href=\"http:\/\/haberler.com\/oren\/\">\u00d6ren<\/a> Yeri ger\u00e7ekten etkileyici bir b\u00f6lge. Y\u00fcksek bir plato \u00fczerinde kurulu olmas\u0131, pek \u00e7ok medeniyete ev sahipli\u011fi yapmas\u0131, yap\u0131lar\u0131n \u00e7e\u015fitlili\u011fi ve kullan\u0131lan ta\u015f malzemenin\u00a0\u00f6zelli\u011fi b\u00f6lgeyi \u00e7ok daha \u00f6zel k\u0131l\u0131yor. G\u00fcne\u015f erken saatlerde kentin \u00fczerinde do\u011fuyor\u00a0ve yine kentin \u00fczerinde bat\u0131yor. K\u0131\u015f\u0131n ise kar alt\u0131nda \u00e7ok daha g\u00fczel. Herkesin &#8216;D\u00fcnya \u015eehri&#8217;\u00a0diye adland\u0131r\u0131lan Ani&#8217;yi g\u00f6rmesi gerekti\u011fini d\u00fc\u015f\u00fcn\u00fcyorum&#8221; dedi.<\/p>\n<p style=\"text-align: justify;\"><b><i>http:\/\/haberler.com\/ani-oren-yeri-kar-altinda-5514053-haberi\/<\/i><\/b><\/p>\n","protected":false},"excerpt":{"rendered":"<p>Kars-Ermenistan s\u0131n\u0131r\u0131nda tarihi \u0130pek Yolu \u00fczerinde\u00a0kurulu\u00a0ve pek \u00e7ok medeniyete ev sahipli\u011fi yapan\u00a0tarihi\u00a0Ani \u00d6ren Yeri, k\u0131\u015f\u0131n kar alt\u0131nda beyaza b\u00fcr\u00fcnen g\u00f6r\u00fcnt\u00fcs\u00fcyle ziyaret\u00e7ilerden ilgi g\u00f6r\u00fcyor. Kars&#8217;a 42 kilometre uzakl\u0131ktaki Ermenistan s\u0131n\u0131r\u0131nda tarihi \u0130pek Yolu \u00fczerinde M\u00d6\u00a0600&#8217;l\u00fc y\u0131llarda\u00a0bin 750 metre y\u00fcksekli\u011findeki platoda bar\u0131nd\u0131rd\u0131\u011f\u0131 medeniyetlere ait eserleriyle\u00a0Ani \u00d6ren Yeri, k\u0131\u015f aylar\u0131nda adeta\u00a0beyaz \u00f6rt\u00fcye b\u00fcr\u00fcn\u00fcyor. &#8220;D\u00fcnya \u015eehri&#8221; olarak adland\u0131r\u0131lan ve [&hellip;]<\/p>\n","protected":false},"author":7,"featured_media":0,"comment_status":"open","ping_status":"open","sticky":false,"template":"","format":"standard","meta":{"footnotes":""},"categories":[1],"tags":[],"class_list":["post-27760","post","type-post","status-publish","format-standard","hentry","category-haberler"],"yoast_head":"<!-- This site is optimized with the Yoast SEO plugin v27.4 - https:\/\/yoast.com\/product\/yoast-seo-wordpress\/ -->\n<title>Kars Ermenistan s\u0131n\u0131r\u0131ndaki Ani \u00d6ren Yeri, karlar alt\u0131nda ziyaret\u00e7ilerine g\u00f6rsel \u015f\u00f6len sunuyor - Bati Ermenistan Ve Bati Ermenileri Sorunlari Ara\u015ftirmalar Merkezi<\/title>\n<meta name=\"robots\" content=\"index, follow, max-snippet:-1, max-image-preview:large, max-video-preview:-1\" \/>\n<link rel=\"canonical\" href=\"https:\/\/akunq.net\/tr\/?p=27760\" \/>\n<meta property=\"og:locale\" content=\"en_US\" \/>\n<meta property=\"og:type\" content=\"article\" \/>\n<meta property=\"og:title\" content=\"Kars Ermenistan s\u0131n\u0131r\u0131ndaki Ani \u00d6ren Yeri, karlar alt\u0131nda ziyaret\u00e7ilerine g\u00f6rsel \u015f\u00f6len sunuyor - Bati Ermenistan Ve Bati Ermenileri Sorunlari Ara\u015ftirmalar Merkezi\" \/>\n<meta property=\"og:description\" content=\"Kars-Ermenistan s\u0131n\u0131r\u0131nda tarihi \u0130pek Yolu \u00fczerinde\u00a0kurulu\u00a0ve pek \u00e7ok medeniyete ev sahipli\u011fi yapan\u00a0tarihi\u00a0Ani \u00d6ren Yeri, k\u0131\u015f\u0131n kar alt\u0131nda beyaza b\u00fcr\u00fcnen g\u00f6r\u00fcnt\u00fcs\u00fcyle ziyaret\u00e7ilerden ilgi g\u00f6r\u00fcyor. Kars&#8217;a 42 kilometre uzakl\u0131ktaki Ermenistan s\u0131n\u0131r\u0131nda tarihi \u0130pek Yolu \u00fczerinde M\u00d6\u00a0600&#8217;l\u00fc y\u0131llarda\u00a0bin 750 metre y\u00fcksekli\u011findeki platoda bar\u0131nd\u0131rd\u0131\u011f\u0131 medeniyetlere ait eserleriyle\u00a0Ani \u00d6ren Yeri, k\u0131\u015f aylar\u0131nda adeta\u00a0beyaz \u00f6rt\u00fcye b\u00fcr\u00fcn\u00fcyor. &#8220;D\u00fcnya \u015eehri&#8221; olarak adland\u0131r\u0131lan ve [&hellip;]\" \/>\n<meta property=\"og:url\" content=\"https:\/\/akunq.net\/tr\/?p=27760\" \/>\n<meta property=\"og:site_name\" content=\"Bati Ermenistan Ve Bati Ermenileri Sorunlari Ara\u015ftirmalar Merkezi\" \/>\n<meta property=\"article:published_time\" content=\"2014-01-09T06:57:34+00:00\" \/>\n<meta property=\"og:image\" content=\"http:\/\/akunq.net\/tr\/wp-content\/uploads\/2014\/01\/Ani-300x187.jpg\" \/>\n<meta name=\"author\" content=\"admin\" \/>\n<meta name=\"twitter:card\" content=\"summary_large_image\" \/>\n<meta name=\"twitter:label1\" content=\"Written by\" \/>\n\t<meta name=\"twitter:data1\" content=\"admin\" \/>\n\t<meta name=\"twitter:label2\" content=\"Est. reading time\" \/>\n\t<meta name=\"twitter:data2\" content=\"2 minutes\" \/>\n<script type=\"application\/ld+json\" class=\"yoast-schema-graph\">{\"@context\":\"https:\\\/\\\/schema.org\",\"@graph\":[{\"@type\":\"Article\",\"@id\":\"https:\\\/\\\/akunq.net\\\/tr\\\/?p=27760#article\",\"isPartOf\":{\"@id\":\"https:\\\/\\\/akunq.net\\\/tr\\\/?p=27760\"},\"author\":{\"name\":\"admin\",\"@id\":\"https:\\\/\\\/akunq.net\\\/tr\\\/#\\\/schema\\\/person\\\/096f1d38a12cce57fb855b485ed24c9e\"},\"headline\":\"Kars Ermenistan s\u0131n\u0131r\u0131ndaki Ani \u00d6ren Yeri, karlar alt\u0131nda ziyaret\u00e7ilerine g\u00f6rsel \u015f\u00f6len sunuyor\",\"datePublished\":\"2014-01-09T06:57:34+00:00\",\"mainEntityOfPage\":{\"@id\":\"https:\\\/\\\/akunq.net\\\/tr\\\/?p=27760\"},\"wordCount\":444,\"commentCount\":0,\"image\":{\"@id\":\"https:\\\/\\\/akunq.net\\\/tr\\\/?p=27760#primaryimage\"},\"thumbnailUrl\":\"http:\\\/\\\/akunq.net\\\/tr\\\/wp-content\\\/uploads\\\/2014\\\/01\\\/Ani-300x187.jpg\",\"articleSection\":[\"Haberler\"],\"inLanguage\":\"en-US\",\"potentialAction\":[{\"@type\":\"CommentAction\",\"name\":\"Comment\",\"target\":[\"https:\\\/\\\/akunq.net\\\/tr\\\/?p=27760#respond\"]}]},{\"@type\":\"WebPage\",\"@id\":\"https:\\\/\\\/akunq.net\\\/tr\\\/?p=27760\",\"url\":\"https:\\\/\\\/akunq.net\\\/tr\\\/?p=27760\",\"name\":\"Kars Ermenistan s\u0131n\u0131r\u0131ndaki Ani \u00d6ren Yeri, karlar alt\u0131nda ziyaret\u00e7ilerine g\u00f6rsel \u015f\u00f6len sunuyor - Bati Ermenistan Ve Bati Ermenileri Sorunlari Ara\u015ftirmalar Merkezi\",\"isPartOf\":{\"@id\":\"https:\\\/\\\/akunq.net\\\/tr\\\/#website\"},\"primaryImageOfPage\":{\"@id\":\"https:\\\/\\\/akunq.net\\\/tr\\\/?p=27760#primaryimage\"},\"image\":{\"@id\":\"https:\\\/\\\/akunq.net\\\/tr\\\/?p=27760#primaryimage\"},\"thumbnailUrl\":\"http:\\\/\\\/akunq.net\\\/tr\\\/wp-content\\\/uploads\\\/2014\\\/01\\\/Ani-300x187.jpg\",\"datePublished\":\"2014-01-09T06:57:34+00:00\",\"author\":{\"@id\":\"https:\\\/\\\/akunq.net\\\/tr\\\/#\\\/schema\\\/person\\\/096f1d38a12cce57fb855b485ed24c9e\"},\"breadcrumb\":{\"@id\":\"https:\\\/\\\/akunq.net\\\/tr\\\/?p=27760#breadcrumb\"},\"inLanguage\":\"en-US\",\"potentialAction\":[{\"@type\":\"ReadAction\",\"target\":[\"https:\\\/\\\/akunq.net\\\/tr\\\/?p=27760\"]}]},{\"@type\":\"ImageObject\",\"inLanguage\":\"en-US\",\"@id\":\"https:\\\/\\\/akunq.net\\\/tr\\\/?p=27760#primaryimage\",\"url\":\"https:\\\/\\\/akunq.net\\\/tr\\\/wp-content\\\/uploads\\\/sites\\\/6\\\/2014\\\/01\\\/Ani.jpg\",\"contentUrl\":\"https:\\\/\\\/akunq.net\\\/tr\\\/wp-content\\\/uploads\\\/sites\\\/6\\\/2014\\\/01\\\/Ani.jpg\",\"width\":500,\"height\":313},{\"@type\":\"BreadcrumbList\",\"@id\":\"https:\\\/\\\/akunq.net\\\/tr\\\/?p=27760#breadcrumb\",\"itemListElement\":[{\"@type\":\"ListItem\",\"position\":1,\"name\":\"Home\",\"item\":\"https:\\\/\\\/akunq.net\\\/tr\"},{\"@type\":\"ListItem\",\"position\":2,\"name\":\"Kars Ermenistan s\u0131n\u0131r\u0131ndaki Ani \u00d6ren Yeri, karlar alt\u0131nda ziyaret\u00e7ilerine g\u00f6rsel \u015f\u00f6len sunuyor\"}]},{\"@type\":\"WebSite\",\"@id\":\"https:\\\/\\\/akunq.net\\\/tr\\\/#website\",\"url\":\"https:\\\/\\\/akunq.net\\\/tr\\\/\",\"name\":\"Bati Ermenistan Ve Bati Ermenileri Sorunlari Ara\u015ftirmalar Merkezi\",\"description\":\"\",\"potentialAction\":[{\"@type\":\"SearchAction\",\"target\":{\"@type\":\"EntryPoint\",\"urlTemplate\":\"https:\\\/\\\/akunq.net\\\/tr\\\/?s={search_term_string}\"},\"query-input\":{\"@type\":\"PropertyValueSpecification\",\"valueRequired\":true,\"valueName\":\"search_term_string\"}}],\"inLanguage\":\"en-US\"},{\"@type\":\"Person\",\"@id\":\"https:\\\/\\\/akunq.net\\\/tr\\\/#\\\/schema\\\/person\\\/096f1d38a12cce57fb855b485ed24c9e\",\"name\":\"admin\",\"url\":\"https:\\\/\\\/akunq.net\\\/tr\\\/?author=7\"}]}<\/script>\n<!-- \/ Yoast SEO plugin. -->","yoast_head_json":{"title":"Kars Ermenistan s\u0131n\u0131r\u0131ndaki Ani \u00d6ren Yeri, karlar alt\u0131nda ziyaret\u00e7ilerine g\u00f6rsel \u015f\u00f6len sunuyor - Bati Ermenistan Ve Bati Ermenileri Sorunlari Ara\u015ftirmalar Merkezi","robots":{"index":"index","follow":"follow","max-snippet":"max-snippet:-1","max-image-preview":"max-image-preview:large","max-video-preview":"max-video-preview:-1"},"canonical":"https:\/\/akunq.net\/tr\/?p=27760","og_locale":"en_US","og_type":"article","og_title":"Kars Ermenistan s\u0131n\u0131r\u0131ndaki Ani \u00d6ren Yeri, karlar alt\u0131nda ziyaret\u00e7ilerine g\u00f6rsel \u015f\u00f6len sunuyor - Bati Ermenistan Ve Bati Ermenileri Sorunlari Ara\u015ftirmalar Merkezi","og_description":"Kars-Ermenistan s\u0131n\u0131r\u0131nda tarihi \u0130pek Yolu \u00fczerinde\u00a0kurulu\u00a0ve pek \u00e7ok medeniyete ev sahipli\u011fi yapan\u00a0tarihi\u00a0Ani \u00d6ren Yeri, k\u0131\u015f\u0131n kar alt\u0131nda beyaza b\u00fcr\u00fcnen g\u00f6r\u00fcnt\u00fcs\u00fcyle ziyaret\u00e7ilerden ilgi g\u00f6r\u00fcyor. Kars&#8217;a 42 kilometre uzakl\u0131ktaki Ermenistan s\u0131n\u0131r\u0131nda tarihi \u0130pek Yolu \u00fczerinde M\u00d6\u00a0600&#8217;l\u00fc y\u0131llarda\u00a0bin 750 metre y\u00fcksekli\u011findeki platoda bar\u0131nd\u0131rd\u0131\u011f\u0131 medeniyetlere ait eserleriyle\u00a0Ani \u00d6ren Yeri, k\u0131\u015f aylar\u0131nda adeta\u00a0beyaz \u00f6rt\u00fcye b\u00fcr\u00fcn\u00fcyor. &#8220;D\u00fcnya \u015eehri&#8221; olarak adland\u0131r\u0131lan ve [&hellip;]","og_url":"https:\/\/akunq.net\/tr\/?p=27760","og_site_name":"Bati Ermenistan Ve Bati Ermenileri Sorunlari Ara\u015ftirmalar Merkezi","article_published_time":"2014-01-09T06:57:34+00:00","og_image":[{"url":"http:\/\/akunq.net\/tr\/wp-content\/uploads\/2014\/01\/Ani-300x187.jpg","type":"","width":"","height":""}],"author":"admin","twitter_card":"summary_large_image","twitter_misc":{"Written by":"admin","Est. reading time":"2 minutes"},"schema":{"@context":"https:\/\/schema.org","@graph":[{"@type":"Article","@id":"https:\/\/akunq.net\/tr\/?p=27760#article","isPartOf":{"@id":"https:\/\/akunq.net\/tr\/?p=27760"},"author":{"name":"admin","@id":"https:\/\/akunq.net\/tr\/#\/schema\/person\/096f1d38a12cce57fb855b485ed24c9e"},"headline":"Kars Ermenistan s\u0131n\u0131r\u0131ndaki Ani \u00d6ren Yeri, karlar alt\u0131nda ziyaret\u00e7ilerine g\u00f6rsel \u015f\u00f6len sunuyor","datePublished":"2014-01-09T06:57:34+00:00","mainEntityOfPage":{"@id":"https:\/\/akunq.net\/tr\/?p=27760"},"wordCount":444,"commentCount":0,"image":{"@id":"https:\/\/akunq.net\/tr\/?p=27760#primaryimage"},"thumbnailUrl":"http:\/\/akunq.net\/tr\/wp-content\/uploads\/2014\/01\/Ani-300x187.jpg","articleSection":["Haberler"],"inLanguage":"en-US","potentialAction":[{"@type":"CommentAction","name":"Comment","target":["https:\/\/akunq.net\/tr\/?p=27760#respond"]}]},{"@type":"WebPage","@id":"https:\/\/akunq.net\/tr\/?p=27760","url":"https:\/\/akunq.net\/tr\/?p=27760","name":"Kars Ermenistan s\u0131n\u0131r\u0131ndaki Ani \u00d6ren Yeri, karlar alt\u0131nda ziyaret\u00e7ilerine g\u00f6rsel \u015f\u00f6len sunuyor - Bati Ermenistan Ve Bati Ermenileri Sorunlari Ara\u015ftirmalar Merkezi","isPartOf":{"@id":"https:\/\/akunq.net\/tr\/#website"},"primaryImageOfPage":{"@id":"https:\/\/akunq.net\/tr\/?p=27760#primaryimage"},"image":{"@id":"https:\/\/akunq.net\/tr\/?p=27760#primaryimage"},"thumbnailUrl":"http:\/\/akunq.net\/tr\/wp-content\/uploads\/2014\/01\/Ani-300x187.jpg","datePublished":"2014-01-09T06:57:34+00:00","author":{"@id":"https:\/\/akunq.net\/tr\/#\/schema\/person\/096f1d38a12cce57fb855b485ed24c9e"},"breadcrumb":{"@id":"https:\/\/akunq.net\/tr\/?p=27760#breadcrumb"},"inLanguage":"en-US","potentialAction":[{"@type":"ReadAction","target":["https:\/\/akunq.net\/tr\/?p=27760"]}]},{"@type":"ImageObject","inLanguage":"en-US","@id":"https:\/\/akunq.net\/tr\/?p=27760#primaryimage","url":"https:\/\/akunq.net\/tr\/wp-content\/uploads\/sites\/6\/2014\/01\/Ani.jpg","contentUrl":"https:\/\/akunq.net\/tr\/wp-content\/uploads\/sites\/6\/2014\/01\/Ani.jpg","width":500,"height":313},{"@type":"BreadcrumbList","@id":"https:\/\/akunq.net\/tr\/?p=27760#breadcrumb","itemListElement":[{"@type":"ListItem","position":1,"name":"Home","item":"https:\/\/akunq.net\/tr"},{"@type":"ListItem","position":2,"name":"Kars Ermenistan s\u0131n\u0131r\u0131ndaki Ani \u00d6ren Yeri, karlar alt\u0131nda ziyaret\u00e7ilerine g\u00f6rsel \u015f\u00f6len sunuyor"}]},{"@type":"WebSite","@id":"https:\/\/akunq.net\/tr\/#website","url":"https:\/\/akunq.net\/tr\/","name":"Bati Ermenistan Ve Bati Ermenileri Sorunlari Ara\u015ftirmalar Merkezi","description":"","potentialAction":[{"@type":"SearchAction","target":{"@type":"EntryPoint","urlTemplate":"https:\/\/akunq.net\/tr\/?s={search_term_string}"},"query-input":{"@type":"PropertyValueSpecification","valueRequired":true,"valueName":"search_term_string"}}],"inLanguage":"en-US"},{"@type":"Person","@id":"https:\/\/akunq.net\/tr\/#\/schema\/person\/096f1d38a12cce57fb855b485ed24c9e","name":"admin","url":"https:\/\/akunq.net\/tr\/?author=7"}]}},"_links":{"self":[{"href":"https:\/\/akunq.net\/tr\/index.php?rest_route=\/wp\/v2\/posts\/27760","targetHints":{"allow":["GET"]}}],"collection":[{"href":"https:\/\/akunq.net\/tr\/index.php?rest_route=\/wp\/v2\/posts"}],"about":[{"href":"https:\/\/akunq.net\/tr\/index.php?rest_route=\/wp\/v2\/types\/post"}],"author":[{"embeddable":true,"href":"https:\/\/akunq.net\/tr\/index.php?rest_route=\/wp\/v2\/users\/7"}],"replies":[{"embeddable":true,"href":"https:\/\/akunq.net\/tr\/index.php?rest_route=%2Fwp%2Fv2%2Fcomments&post=27760"}],"version-history":[{"count":1,"href":"https:\/\/akunq.net\/tr\/index.php?rest_route=\/wp\/v2\/posts\/27760\/revisions"}],"predecessor-version":[{"id":27762,"href":"https:\/\/akunq.net\/tr\/index.php?rest_route=\/wp\/v2\/posts\/27760\/revisions\/27762"}],"wp:attachment":[{"href":"https:\/\/akunq.net\/tr\/index.php?rest_route=%2Fwp%2Fv2%2Fmedia&parent=27760"}],"wp:term":[{"taxonomy":"category","embeddable":true,"href":"https:\/\/akunq.net\/tr\/index.php?rest_route=%2Fwp%2Fv2%2Fcategories&post=27760"},{"taxonomy":"post_tag","embeddable":true,"href":"https:\/\/akunq.net\/tr\/index.php?rest_route=%2Fwp%2Fv2%2Ftags&post=27760"}],"curies":[{"name":"wp","href":"https:\/\/api.w.org\/{rel}","templated":true}]}}