{"id":27756,"date":"2014-01-08T03:26:22","date_gmt":"2014-01-08T08:26:22","guid":{"rendered":"http:\/\/akunq.net\/tr\/?p=27756"},"modified":"2014-01-08T03:26:40","modified_gmt":"2014-01-08T08:26:40","slug":"tamir-edilen-ermeni-kilisesi-gecmisin-yaralarini-sariyor","status":"publish","type":"post","link":"https:\/\/akunq.net\/tr\/?p=27756","title":{"rendered":"Tamir Edilen Ermeni Kilisesi Ge\u00e7mi\u015fin Yaralar\u0131n\u0131 Sar\u0131yor"},"content":{"rendered":"<p style=\"text-align: justify;\"><b><i><a href=\"http:\/\/akunq.net\/tr\/wp-content\/uploads\/2014\/01\/Surp-Giragos-Kilisesi.jpg\"><img loading=\"lazy\" decoding=\"async\" class=\"alignright size-medium wp-image-27757\" alt=\"Surp Giragos Kilisesi\" src=\"http:\/\/akunq.net\/tr\/wp-content\/uploads\/2014\/01\/Surp-Giragos-Kilisesi-300x168.jpg\" width=\"300\" height=\"168\" srcset=\"https:\/\/akunq.net\/tr\/wp-content\/uploads\/sites\/6\/2014\/01\/Surp-Giragos-Kilisesi-300x168.jpg 300w, https:\/\/akunq.net\/tr\/wp-content\/uploads\/sites\/6\/2014\/01\/Surp-Giragos-Kilisesi-600x337.jpg 600w, https:\/\/akunq.net\/tr\/wp-content\/uploads\/sites\/6\/2014\/01\/Surp-Giragos-Kilisesi.jpg 640w\" sizes=\"auto, (max-width: 300px) 100vw, 300px\" \/><\/a>Diyarbak\u0131r\u2019da ge\u00e7enlerde tamiri tamamlanan bir kilise, Ermeniler\u2019in k\u00fclt\u00fcrel ge\u00e7mi\u015flerini ve kimliklerini ke\u015ffetmelerine f\u0131rsat tan\u0131yor.<\/i><\/b><\/p>\n<p style=\"text-align: justify;\"><b><i>DIYARBAKIR \u2014<\/i><\/b> Diyarbak\u0131r\u2019da bir zamanlar \u00e7ok say\u0131da Ermeni ya\u015fard\u0131. Ancak neredeyse tamam\u0131 Birinci D\u00fcnya Sava\u015f\u0131 s\u0131ras\u0131nda ya\u015fanan olaylar \u00f6ld\u00fc ya da evlerini terk etmek zorunda kald\u0131.<br \/>\n\u00a0<br \/>\nSurp Giragos Kilisesi Diyarbak\u0131r\u2019\u0131n Sur \u0130l\u00e7esi\u2019nin arka sokaklar\u0131nda bulunuyor. Uzun seneler y\u0131k\u0131k halde olan kilise, iki sene \u00f6nce eski ihti\u015fam\u0131na kavu\u015ftu.<br \/>\n\u00a0<br \/>\nEyl\u00fcl\u2019deki azizler g\u00fcn\u00fcne y\u00fczlerce ki\u015fi kat\u0131lm\u0131\u015f. Ama kiliseye hala peder atanmad\u0131. Ancak kilise g\u00f6revlisi Armin Demirciyan kilisenin \u015fimdiden Ermeni kimli\u011fi i\u00e7in \u00f6nemli bir sembole d\u00f6n\u00fc\u015ft\u00fc\u011f\u00fcn\u00fc s\u00f6yl\u00fcyor.<\/p>\n<p style=\"text-align: justify;\">Kilisenin \u00e7ok \u00f6nemli oldu\u011funu s\u00f6yleyen Demirciyan, kendisinin K\u00fcrt gibi yeti\u015ftirildi\u011fini ve Ermeni kimli\u011fi konusunda hi\u00e7bir \u015fey bilmedi\u011fini belirtiyor.<br \/>\n\u00a0<br \/>\nDemirciyan\u2019\u0131n \u00f6yk\u00fcs\u00fc bu b\u00f6lgede s\u0131radan say\u0131labilir. Babas\u0131, Ermeniler bu topraktan s\u00fcr\u00fcld\u00fc\u011f\u00fcnde \u00e7ocukmu\u015f. B\u00f6lgedeki aileler bir\u00e7ok di\u011fer Ermeni \u00e7ocu\u011fu gibi onu evlat edinmi\u015f ve M\u00fcsl\u00fcman olarak b\u00fcy\u00fctm\u00fc\u015f.<br \/>\n\u00a0<br \/>\nKiliseyi s\u0131k s\u0131k ziyaret eden Melike G\u00fcnal pek \u00e7ok Ermeni gibi, kimli\u011fini y\u0131llarda saklad\u0131\u011f\u0131n\u0131, kilisenin tekrar a\u00e7\u0131lmas\u0131n\u0131n ona kimli\u011fini a\u00e7\u0131k bi\u00e7imde sergileme f\u0131rsat\u0131n\u0131 verdi\u011fini anlat\u0131yor.<br \/>\n\u00a0<br \/>\nG\u00fcnal kiliseye haftada 3-4 kere gelerek mum yak\u0131yor. G\u00fcnal bu kiliseyi ve dinini bulmas\u0131n\u0131n onun i\u00e7in bir Noel mucizesi oldu\u011funu s\u00f6yl\u00fcyor ve eskiden kilisenin \u00e7at\u0131s\u0131 olmad\u0131\u011f\u0131nda buraya gelip a\u011flad\u0131\u011f\u0131n\u0131 belirtiyor.<br \/>\n\u00a0<br \/>\nG\u00fcnal\u2019\u0131n siyasi eylemci babas\u0131 1990\u2019larda PKK ile m\u00fccadele s\u0131ras\u0131nda \u00f6ld\u00fcr\u00fclm\u00fc\u015f. Ancak G\u00fcnal, K\u00fcrtler\u2019in m\u00fccadelesinin az\u0131nl\u0131k haklar\u0131n\u0131 g\u00fcndeme getirerek Ermeniler\u2019in de kimliklerini daha rahat\u00e7a ifade edebilmelerini sa\u011flad\u0131\u011f\u0131n\u0131 s\u00f6yl\u00fcyor.<\/p>\n<p style=\"text-align: justify;\">G\u00fcnal, K\u00fcrtler\u2019in m\u00fccadelesinin Ermeniler\u2019e yeni bir kap\u0131 a\u00e7t\u0131\u011f\u0131n\u0131 s\u00f6yl\u00fcyor. \u201cK\u00fcrtler olmasa biz Ermeniyiz diyemezdik,\u201d diyor ve \u00e7ocukken b\u00fcy\u00fckbaba ve b\u00fcy\u00fckannelerinin Ermenice isimlerini yaln\u0131zca evde dile getirebildiklerini, k\u00fc\u00e7\u00fck ya\u015ftan itibaren kimliklerini saklamay\u0131 \u00f6\u011frendiklerini belirtiyor.<br \/>\n\u00a0<br \/>\nSur Belediyesi kilisenin tamiri i\u00e7in 1 milyon TL\u2019den fazla harcam\u0131\u015f. Abdullah Demirta\u015f bunun \u00e7ok k\u00fclt\u00fcrl\u00fcl\u00fc\u011f\u00fc destekleme politikalar\u0131n\u0131n bir par\u00e7as\u0131 oldu\u011funu s\u00f6yl\u00fcyor.<br \/>\n\u00a0<br \/>\nGe\u00e7mi\u015fte T\u00fcrk devletinin b\u00f6lgede M\u00fcsl\u00fcman T\u00fcrk kimli\u011fi alt\u0131nda tek bir kimlik yaratmak istedi\u011fini s\u00f6yleyen Demirta\u015f, devletin yaln\u0131zca K\u00fcrtler\u2019i de\u011fil di\u011fer t\u00fcm etnik ve dinsel kimlikleri de bast\u0131rd\u0131\u011f\u0131n\u0131 s\u00f6yl\u00fcyor.<br \/>\n\u00a0<br \/>\nAncak Surp Giragos Kilisesi b\u00f6lgedeki Ermeni kimli\u011fini \u00f6ne \u00e7\u0131karmas\u0131 a\u00e7\u0131s\u0131ndan K\u00fcrtler i\u00e7in de sorun olu\u015fturuyor. \u00c7\u00fcnk\u00fc K\u00fcrtler Ermeniler\u2019in \u00f6ld\u00fcr\u00fclmesinde \u00f6nemli bir rol oynam\u0131\u015ft\u0131.<br \/>\n\u00a0<br \/>\nSurp Giragos Kilisesi\u2019nin i\u00e7indeki foto\u011fraflarda bir zamanlar buradaki Ermeni toplumunun ya\u015fam\u0131na y\u00f6nelik ipu\u00e7lar\u0131 bulmak m\u00fcmk\u00fcn. Duvarlardaki resimlerin bir k\u0131sm\u0131 aile portreleri, bir k\u0131sm\u0131 ise \u015farap i\u00e7en, nargile tutturan Ermeniler\u2019i g\u00f6steriyor.<br \/>\n\u00a0<br \/>\nDuvardaki resimlere g\u00f6z gezdiren bir grup gen\u00e7 K\u00fcrt ve Ermeni, resimlerdeki ki\u015filerin \u00e7o\u011funun b\u00fcy\u00fck olas\u0131l\u0131kla 1. D\u00fcnya Sava\u015f\u0131\u2019nda \u00f6lm\u00fc\u015f oldu\u011funun fark\u0131nda.<br \/>\n\u00a0<br \/>\nBaran Do\u011fan K\u00fcrt ve kilisenin ge\u00e7mi\u015fle y\u00fczle\u015fmek i\u00e7in \u00f6nemli oldu\u011funu s\u00f6yl\u00fcyor. \u201cOsmanl\u0131 y\u00f6netiminde K\u00fcrtler\u2019in Ermeniler\u2019e ne yapt\u0131\u011f\u0131n\u0131 \u00e7ok iyi biliyoruz\u201d diyor.<br \/>\n\u00a0<br \/>\nDo\u011fan \u00e7ok yak\u0131n bir arkada\u015f\u0131n\u0131n Ermeni oldu\u011funu \u00e7ok yak\u0131n zamana kadar bilmedi\u011fini, ayn\u0131 zamanda arkada\u015f\u0131n\u0131n da bu ger\u00e7ekten habersiz oldu\u011funu s\u00f6yl\u00fcyor. Do\u011fan bu kiliseyi ziyaret etti\u011finde kendini ufak da olsa \u00f6z\u00fcr dilemi\u015f gibi hissetti\u011fini, ancak hi\u00e7bir \u015feyin Ermeniler\u2019in ba\u015f\u0131ndan ge\u00e7enleri telafi edemeyece\u011fini belirtiyor.<br \/>\n\u00a0<br \/>\n2015 y\u0131l\u0131nda Surp Giragos Kilisesi\u2019nin yeni bir rahibi olacak ve b\u00f6ylece bir zamanlar farkl\u0131 kimliklere ev sahipli\u011fi yapan kent, bu \u00f6zelli\u011fine tekrar kavu\u015fma y\u00f6n\u00fcnde bir ad\u0131m daha atacak.<\/p>\n<p style=\"text-align: justify;\"><b><i>http:\/\/www.amerikaninsesi.com\/content\/tamir-edilen-ermeni-kilisesi-gecmisin-yaralarini-sariyor\/1821057.html<\/i><\/b><\/p>\n","protected":false},"excerpt":{"rendered":"<p>Diyarbak\u0131r\u2019da ge\u00e7enlerde tamiri tamamlanan bir kilise, Ermeniler\u2019in k\u00fclt\u00fcrel ge\u00e7mi\u015flerini ve kimliklerini ke\u015ffetmelerine f\u0131rsat tan\u0131yor. DIYARBAKIR \u2014 Diyarbak\u0131r\u2019da bir zamanlar \u00e7ok say\u0131da Ermeni ya\u015fard\u0131. Ancak neredeyse tamam\u0131 Birinci D\u00fcnya Sava\u015f\u0131 s\u0131ras\u0131nda ya\u015fanan olaylar \u00f6ld\u00fc ya da evlerini terk etmek zorunda kald\u0131. \u00a0 Surp Giragos Kilisesi Diyarbak\u0131r\u2019\u0131n Sur \u0130l\u00e7esi\u2019nin arka sokaklar\u0131nda bulunuyor. Uzun seneler y\u0131k\u0131k halde olan [&hellip;]<\/p>\n","protected":false},"author":7,"featured_media":0,"comment_status":"open","ping_status":"open","sticky":false,"template":"","format":"standard","meta":{"footnotes":""},"categories":[1],"tags":[],"class_list":["post-27756","post","type-post","status-publish","format-standard","hentry","category-haberler"],"yoast_head":"<!-- This site is optimized with the Yoast SEO plugin v27.4 - https:\/\/yoast.com\/product\/yoast-seo-wordpress\/ -->\n<title>Tamir Edilen Ermeni Kilisesi Ge\u00e7mi\u015fin Yaralar\u0131n\u0131 Sar\u0131yor - Bati Ermenistan Ve Bati Ermenileri Sorunlari Ara\u015ftirmalar Merkezi<\/title>\n<meta name=\"robots\" content=\"index, follow, max-snippet:-1, max-image-preview:large, max-video-preview:-1\" \/>\n<link rel=\"canonical\" href=\"https:\/\/akunq.net\/tr\/?p=27756\" \/>\n<meta property=\"og:locale\" content=\"en_US\" \/>\n<meta property=\"og:type\" content=\"article\" \/>\n<meta property=\"og:title\" content=\"Tamir Edilen Ermeni Kilisesi Ge\u00e7mi\u015fin Yaralar\u0131n\u0131 Sar\u0131yor - Bati Ermenistan Ve Bati Ermenileri Sorunlari Ara\u015ftirmalar Merkezi\" \/>\n<meta property=\"og:description\" content=\"Diyarbak\u0131r\u2019da ge\u00e7enlerde tamiri tamamlanan bir kilise, Ermeniler\u2019in k\u00fclt\u00fcrel ge\u00e7mi\u015flerini ve kimliklerini ke\u015ffetmelerine f\u0131rsat tan\u0131yor. DIYARBAKIR \u2014 Diyarbak\u0131r\u2019da bir zamanlar \u00e7ok say\u0131da Ermeni ya\u015fard\u0131. Ancak neredeyse tamam\u0131 Birinci D\u00fcnya Sava\u015f\u0131 s\u0131ras\u0131nda ya\u015fanan olaylar \u00f6ld\u00fc ya da evlerini terk etmek zorunda kald\u0131. \u00a0 Surp Giragos Kilisesi Diyarbak\u0131r\u2019\u0131n Sur \u0130l\u00e7esi\u2019nin arka sokaklar\u0131nda bulunuyor. Uzun seneler y\u0131k\u0131k halde olan [&hellip;]\" \/>\n<meta property=\"og:url\" content=\"https:\/\/akunq.net\/tr\/?p=27756\" \/>\n<meta property=\"og:site_name\" content=\"Bati Ermenistan Ve Bati Ermenileri Sorunlari Ara\u015ftirmalar Merkezi\" \/>\n<meta property=\"article:published_time\" content=\"2014-01-08T08:26:22+00:00\" \/>\n<meta property=\"article:modified_time\" content=\"2014-01-08T08:26:40+00:00\" \/>\n<meta property=\"og:image\" content=\"http:\/\/akunq.net\/tr\/wp-content\/uploads\/2014\/01\/Surp-Giragos-Kilisesi-300x168.jpg\" \/>\n<meta name=\"author\" content=\"admin\" \/>\n<meta name=\"twitter:card\" content=\"summary_large_image\" \/>\n<meta name=\"twitter:label1\" content=\"Written by\" \/>\n\t<meta name=\"twitter:data1\" content=\"admin\" \/>\n\t<meta name=\"twitter:label2\" content=\"Est. reading time\" \/>\n\t<meta name=\"twitter:data2\" content=\"4 minutes\" \/>\n<script type=\"application\/ld+json\" class=\"yoast-schema-graph\">{\"@context\":\"https:\\\/\\\/schema.org\",\"@graph\":[{\"@type\":\"Article\",\"@id\":\"https:\\\/\\\/akunq.net\\\/tr\\\/?p=27756#article\",\"isPartOf\":{\"@id\":\"https:\\\/\\\/akunq.net\\\/tr\\\/?p=27756\"},\"author\":{\"name\":\"admin\",\"@id\":\"https:\\\/\\\/akunq.net\\\/tr\\\/#\\\/schema\\\/person\\\/096f1d38a12cce57fb855b485ed24c9e\"},\"headline\":\"Tamir Edilen Ermeni Kilisesi Ge\u00e7mi\u015fin Yaralar\u0131n\u0131 Sar\u0131yor\",\"datePublished\":\"2014-01-08T08:26:22+00:00\",\"dateModified\":\"2014-01-08T08:26:40+00:00\",\"mainEntityOfPage\":{\"@id\":\"https:\\\/\\\/akunq.net\\\/tr\\\/?p=27756\"},\"wordCount\":727,\"commentCount\":0,\"image\":{\"@id\":\"https:\\\/\\\/akunq.net\\\/tr\\\/?p=27756#primaryimage\"},\"thumbnailUrl\":\"http:\\\/\\\/akunq.net\\\/tr\\\/wp-content\\\/uploads\\\/2014\\\/01\\\/Surp-Giragos-Kilisesi-300x168.jpg\",\"articleSection\":[\"Haberler\"],\"inLanguage\":\"en-US\",\"potentialAction\":[{\"@type\":\"CommentAction\",\"name\":\"Comment\",\"target\":[\"https:\\\/\\\/akunq.net\\\/tr\\\/?p=27756#respond\"]}]},{\"@type\":\"WebPage\",\"@id\":\"https:\\\/\\\/akunq.net\\\/tr\\\/?p=27756\",\"url\":\"https:\\\/\\\/akunq.net\\\/tr\\\/?p=27756\",\"name\":\"Tamir Edilen Ermeni Kilisesi Ge\u00e7mi\u015fin Yaralar\u0131n\u0131 Sar\u0131yor - Bati Ermenistan Ve Bati Ermenileri Sorunlari Ara\u015ftirmalar Merkezi\",\"isPartOf\":{\"@id\":\"https:\\\/\\\/akunq.net\\\/tr\\\/#website\"},\"primaryImageOfPage\":{\"@id\":\"https:\\\/\\\/akunq.net\\\/tr\\\/?p=27756#primaryimage\"},\"image\":{\"@id\":\"https:\\\/\\\/akunq.net\\\/tr\\\/?p=27756#primaryimage\"},\"thumbnailUrl\":\"http:\\\/\\\/akunq.net\\\/tr\\\/wp-content\\\/uploads\\\/2014\\\/01\\\/Surp-Giragos-Kilisesi-300x168.jpg\",\"datePublished\":\"2014-01-08T08:26:22+00:00\",\"dateModified\":\"2014-01-08T08:26:40+00:00\",\"author\":{\"@id\":\"https:\\\/\\\/akunq.net\\\/tr\\\/#\\\/schema\\\/person\\\/096f1d38a12cce57fb855b485ed24c9e\"},\"breadcrumb\":{\"@id\":\"https:\\\/\\\/akunq.net\\\/tr\\\/?p=27756#breadcrumb\"},\"inLanguage\":\"en-US\",\"potentialAction\":[{\"@type\":\"ReadAction\",\"target\":[\"https:\\\/\\\/akunq.net\\\/tr\\\/?p=27756\"]}]},{\"@type\":\"ImageObject\",\"inLanguage\":\"en-US\",\"@id\":\"https:\\\/\\\/akunq.net\\\/tr\\\/?p=27756#primaryimage\",\"url\":\"https:\\\/\\\/akunq.net\\\/tr\\\/wp-content\\\/uploads\\\/sites\\\/6\\\/2014\\\/01\\\/Surp-Giragos-Kilisesi.jpg\",\"contentUrl\":\"https:\\\/\\\/akunq.net\\\/tr\\\/wp-content\\\/uploads\\\/sites\\\/6\\\/2014\\\/01\\\/Surp-Giragos-Kilisesi.jpg\",\"width\":640,\"height\":360},{\"@type\":\"BreadcrumbList\",\"@id\":\"https:\\\/\\\/akunq.net\\\/tr\\\/?p=27756#breadcrumb\",\"itemListElement\":[{\"@type\":\"ListItem\",\"position\":1,\"name\":\"Home\",\"item\":\"https:\\\/\\\/akunq.net\\\/tr\"},{\"@type\":\"ListItem\",\"position\":2,\"name\":\"Tamir Edilen Ermeni Kilisesi Ge\u00e7mi\u015fin Yaralar\u0131n\u0131 Sar\u0131yor\"}]},{\"@type\":\"WebSite\",\"@id\":\"https:\\\/\\\/akunq.net\\\/tr\\\/#website\",\"url\":\"https:\\\/\\\/akunq.net\\\/tr\\\/\",\"name\":\"Bati Ermenistan Ve Bati Ermenileri Sorunlari Ara\u015ftirmalar Merkezi\",\"description\":\"\",\"potentialAction\":[{\"@type\":\"SearchAction\",\"target\":{\"@type\":\"EntryPoint\",\"urlTemplate\":\"https:\\\/\\\/akunq.net\\\/tr\\\/?s={search_term_string}\"},\"query-input\":{\"@type\":\"PropertyValueSpecification\",\"valueRequired\":true,\"valueName\":\"search_term_string\"}}],\"inLanguage\":\"en-US\"},{\"@type\":\"Person\",\"@id\":\"https:\\\/\\\/akunq.net\\\/tr\\\/#\\\/schema\\\/person\\\/096f1d38a12cce57fb855b485ed24c9e\",\"name\":\"admin\",\"url\":\"https:\\\/\\\/akunq.net\\\/tr\\\/?author=7\"}]}<\/script>\n<!-- \/ Yoast SEO plugin. -->","yoast_head_json":{"title":"Tamir Edilen Ermeni Kilisesi Ge\u00e7mi\u015fin Yaralar\u0131n\u0131 Sar\u0131yor - Bati Ermenistan Ve Bati Ermenileri Sorunlari Ara\u015ftirmalar Merkezi","robots":{"index":"index","follow":"follow","max-snippet":"max-snippet:-1","max-image-preview":"max-image-preview:large","max-video-preview":"max-video-preview:-1"},"canonical":"https:\/\/akunq.net\/tr\/?p=27756","og_locale":"en_US","og_type":"article","og_title":"Tamir Edilen Ermeni Kilisesi Ge\u00e7mi\u015fin Yaralar\u0131n\u0131 Sar\u0131yor - Bati Ermenistan Ve Bati Ermenileri Sorunlari Ara\u015ftirmalar Merkezi","og_description":"Diyarbak\u0131r\u2019da ge\u00e7enlerde tamiri tamamlanan bir kilise, Ermeniler\u2019in k\u00fclt\u00fcrel ge\u00e7mi\u015flerini ve kimliklerini ke\u015ffetmelerine f\u0131rsat tan\u0131yor. DIYARBAKIR \u2014 Diyarbak\u0131r\u2019da bir zamanlar \u00e7ok say\u0131da Ermeni ya\u015fard\u0131. Ancak neredeyse tamam\u0131 Birinci D\u00fcnya Sava\u015f\u0131 s\u0131ras\u0131nda ya\u015fanan olaylar \u00f6ld\u00fc ya da evlerini terk etmek zorunda kald\u0131. \u00a0 Surp Giragos Kilisesi Diyarbak\u0131r\u2019\u0131n Sur \u0130l\u00e7esi\u2019nin arka sokaklar\u0131nda bulunuyor. Uzun seneler y\u0131k\u0131k halde olan [&hellip;]","og_url":"https:\/\/akunq.net\/tr\/?p=27756","og_site_name":"Bati Ermenistan Ve Bati Ermenileri Sorunlari Ara\u015ftirmalar Merkezi","article_published_time":"2014-01-08T08:26:22+00:00","article_modified_time":"2014-01-08T08:26:40+00:00","og_image":[{"url":"http:\/\/akunq.net\/tr\/wp-content\/uploads\/2014\/01\/Surp-Giragos-Kilisesi-300x168.jpg","type":"","width":"","height":""}],"author":"admin","twitter_card":"summary_large_image","twitter_misc":{"Written by":"admin","Est. reading time":"4 minutes"},"schema":{"@context":"https:\/\/schema.org","@graph":[{"@type":"Article","@id":"https:\/\/akunq.net\/tr\/?p=27756#article","isPartOf":{"@id":"https:\/\/akunq.net\/tr\/?p=27756"},"author":{"name":"admin","@id":"https:\/\/akunq.net\/tr\/#\/schema\/person\/096f1d38a12cce57fb855b485ed24c9e"},"headline":"Tamir Edilen Ermeni Kilisesi Ge\u00e7mi\u015fin Yaralar\u0131n\u0131 Sar\u0131yor","datePublished":"2014-01-08T08:26:22+00:00","dateModified":"2014-01-08T08:26:40+00:00","mainEntityOfPage":{"@id":"https:\/\/akunq.net\/tr\/?p=27756"},"wordCount":727,"commentCount":0,"image":{"@id":"https:\/\/akunq.net\/tr\/?p=27756#primaryimage"},"thumbnailUrl":"http:\/\/akunq.net\/tr\/wp-content\/uploads\/2014\/01\/Surp-Giragos-Kilisesi-300x168.jpg","articleSection":["Haberler"],"inLanguage":"en-US","potentialAction":[{"@type":"CommentAction","name":"Comment","target":["https:\/\/akunq.net\/tr\/?p=27756#respond"]}]},{"@type":"WebPage","@id":"https:\/\/akunq.net\/tr\/?p=27756","url":"https:\/\/akunq.net\/tr\/?p=27756","name":"Tamir Edilen Ermeni Kilisesi Ge\u00e7mi\u015fin Yaralar\u0131n\u0131 Sar\u0131yor - Bati Ermenistan Ve Bati Ermenileri Sorunlari Ara\u015ftirmalar Merkezi","isPartOf":{"@id":"https:\/\/akunq.net\/tr\/#website"},"primaryImageOfPage":{"@id":"https:\/\/akunq.net\/tr\/?p=27756#primaryimage"},"image":{"@id":"https:\/\/akunq.net\/tr\/?p=27756#primaryimage"},"thumbnailUrl":"http:\/\/akunq.net\/tr\/wp-content\/uploads\/2014\/01\/Surp-Giragos-Kilisesi-300x168.jpg","datePublished":"2014-01-08T08:26:22+00:00","dateModified":"2014-01-08T08:26:40+00:00","author":{"@id":"https:\/\/akunq.net\/tr\/#\/schema\/person\/096f1d38a12cce57fb855b485ed24c9e"},"breadcrumb":{"@id":"https:\/\/akunq.net\/tr\/?p=27756#breadcrumb"},"inLanguage":"en-US","potentialAction":[{"@type":"ReadAction","target":["https:\/\/akunq.net\/tr\/?p=27756"]}]},{"@type":"ImageObject","inLanguage":"en-US","@id":"https:\/\/akunq.net\/tr\/?p=27756#primaryimage","url":"https:\/\/akunq.net\/tr\/wp-content\/uploads\/sites\/6\/2014\/01\/Surp-Giragos-Kilisesi.jpg","contentUrl":"https:\/\/akunq.net\/tr\/wp-content\/uploads\/sites\/6\/2014\/01\/Surp-Giragos-Kilisesi.jpg","width":640,"height":360},{"@type":"BreadcrumbList","@id":"https:\/\/akunq.net\/tr\/?p=27756#breadcrumb","itemListElement":[{"@type":"ListItem","position":1,"name":"Home","item":"https:\/\/akunq.net\/tr"},{"@type":"ListItem","position":2,"name":"Tamir Edilen Ermeni Kilisesi Ge\u00e7mi\u015fin Yaralar\u0131n\u0131 Sar\u0131yor"}]},{"@type":"WebSite","@id":"https:\/\/akunq.net\/tr\/#website","url":"https:\/\/akunq.net\/tr\/","name":"Bati Ermenistan Ve Bati Ermenileri Sorunlari Ara\u015ftirmalar Merkezi","description":"","potentialAction":[{"@type":"SearchAction","target":{"@type":"EntryPoint","urlTemplate":"https:\/\/akunq.net\/tr\/?s={search_term_string}"},"query-input":{"@type":"PropertyValueSpecification","valueRequired":true,"valueName":"search_term_string"}}],"inLanguage":"en-US"},{"@type":"Person","@id":"https:\/\/akunq.net\/tr\/#\/schema\/person\/096f1d38a12cce57fb855b485ed24c9e","name":"admin","url":"https:\/\/akunq.net\/tr\/?author=7"}]}},"_links":{"self":[{"href":"https:\/\/akunq.net\/tr\/index.php?rest_route=\/wp\/v2\/posts\/27756","targetHints":{"allow":["GET"]}}],"collection":[{"href":"https:\/\/akunq.net\/tr\/index.php?rest_route=\/wp\/v2\/posts"}],"about":[{"href":"https:\/\/akunq.net\/tr\/index.php?rest_route=\/wp\/v2\/types\/post"}],"author":[{"embeddable":true,"href":"https:\/\/akunq.net\/tr\/index.php?rest_route=\/wp\/v2\/users\/7"}],"replies":[{"embeddable":true,"href":"https:\/\/akunq.net\/tr\/index.php?rest_route=%2Fwp%2Fv2%2Fcomments&post=27756"}],"version-history":[{"count":2,"href":"https:\/\/akunq.net\/tr\/index.php?rest_route=\/wp\/v2\/posts\/27756\/revisions"}],"predecessor-version":[{"id":27759,"href":"https:\/\/akunq.net\/tr\/index.php?rest_route=\/wp\/v2\/posts\/27756\/revisions\/27759"}],"wp:attachment":[{"href":"https:\/\/akunq.net\/tr\/index.php?rest_route=%2Fwp%2Fv2%2Fmedia&parent=27756"}],"wp:term":[{"taxonomy":"category","embeddable":true,"href":"https:\/\/akunq.net\/tr\/index.php?rest_route=%2Fwp%2Fv2%2Fcategories&post=27756"},{"taxonomy":"post_tag","embeddable":true,"href":"https:\/\/akunq.net\/tr\/index.php?rest_route=%2Fwp%2Fv2%2Ftags&post=27756"}],"curies":[{"name":"wp","href":"https:\/\/api.w.org\/{rel}","templated":true}]}}