{"id":27749,"date":"2014-01-08T03:01:59","date_gmt":"2014-01-08T08:01:59","guid":{"rendered":"http:\/\/akunq.net\/tr\/?p=27749"},"modified":"2014-01-08T03:02:23","modified_gmt":"2014-01-08T08:02:23","slug":"emniyet-genel-mudurlugunde-yeni-deprem","status":"publish","type":"post","link":"https:\/\/akunq.net\/tr\/?p=27749","title":{"rendered":"Emniyet Genel M\u00fcd\u00fcrl\u00fc\u011f\u00fc&#8217;nde yeni deprem"},"content":{"rendered":"<p style=\"text-align: justify;\"><strong><i><a href=\"http:\/\/akunq.net\/tr\/wp-content\/uploads\/2014\/01\/Emniyet-Genel-M\u00fcd\u00fcrl\u00fc\u011f\u00fc.jpg\"><img loading=\"lazy\" decoding=\"async\" class=\"alignright size-medium wp-image-27750\" alt=\"Emniyet Genel M\u00fcd\u00fcrl\u00fc\u011f\u00fc\" src=\"http:\/\/akunq.net\/tr\/wp-content\/uploads\/2014\/01\/Emniyet-Genel-M\u00fcd\u00fcrl\u00fc\u011f\u00fc-300x166.jpg\" width=\"300\" height=\"166\" srcset=\"https:\/\/akunq.net\/tr\/wp-content\/uploads\/sites\/6\/2014\/01\/Emniyet-Genel-M\u00fcd\u00fcrl\u00fc\u011f\u00fc-300x166.jpg 300w, https:\/\/akunq.net\/tr\/wp-content\/uploads\/sites\/6\/2014\/01\/Emniyet-Genel-M\u00fcd\u00fcrl\u00fc\u011f\u00fc-600x333.jpg 600w, https:\/\/akunq.net\/tr\/wp-content\/uploads\/sites\/6\/2014\/01\/Emniyet-Genel-M\u00fcd\u00fcrl\u00fc\u011f\u00fc.jpg 720w\" sizes=\"auto, (max-width: 300px) 100vw, 300px\" \/><\/a>17 Aral\u0131k yolsuzluk ve r\u00fc\u015fvet operasyonu sonras\u0131nda Emniyet\u2019te ba\u015flayan g\u00f6revden alma f\u0131rt\u0131nas\u0131nda \u015fu ana kadar y\u00fczlercesi r\u00fctbeli olmak \u00fczere binlerce polisin yeri de\u011fi\u015ftirildi.<\/i><\/strong><\/p>\n<p style=\"text-align: justify;\">Sadece \u0130stanbul, Ankara, ve \u0130zmir\u2019de yakla\u015f\u0131k 1700 polis farkl\u0131 g\u00f6revlere getirildi. T\u00fcrkiye\u2019yi sarsan yolsuzluk ve r\u00fc\u015fvet operasyonunda, \u0130stanbul Emniyet M\u00fcd\u00fcrl\u00fc\u011f\u00fc\u2019nde, \u0130stanbul Emniyet M\u00fcd\u00fcr\u00fc H\u00fcseyin \u00c7apk\u0131n\u2019\u0131n da aras\u0131nda bulundu\u011fu 116 emniyet m\u00fcd\u00fcr yard\u0131mc\u0131s\u0131, \u015fube m\u00fcd\u00fcr\u00fc ve \u015fube m\u00fcd\u00fcr yard\u0131mc\u0131s\u0131 g\u00f6revden al\u0131nd\u0131 ya da pasif g\u00f6revlere kayd\u0131r\u0131ld\u0131.<\/p>\n<p style=\"text-align: justify;\"><strong>\u0130STANBUL\u2019DA 116 M\u00dcD\u00dcR 1000 POL\u0130S G\u00d6REVDEN ALINDI<\/strong><\/p>\n<p style=\"text-align: justify;\">Ba\u015fta operasyonel \u015fubeler olmak \u00fczere yakla\u015f\u0131k 1000 polis memurunun da g\u00f6rev yeri de\u011fi\u015ftirildi.<\/p>\n<p style=\"text-align: justify;\">\u0130lk dalga operasyondan bir g\u00fcn sonra sabah saatlerinde ya\u015fand\u0131. Operasyonu y\u00fcr\u00fcten Mali Su\u00e7larla M\u00fccadele \u015eube M\u00fcd\u00fcr\u00fc Yakub Sayg\u0131l\u0131,\u00a0 Organize Su\u00e7larla M\u00fccadele \u015eube M\u00fcd\u00fcr\u00fc Nazmi Ard\u0131\u00e7, Ter\u00f6rle M\u00fccadele \u015eube M\u00fcd\u00fcr\u00fc \u00d6mer K\u00f6se, Asayi\u015f \u015eube M\u00fcd\u00fcr\u00fc Ertan Er\u00e7\u0131kt\u0131, Ka\u00e7ak\u00e7\u0131l\u0131k \u015eube M\u00fcd\u00fcr\u00fc Tu\u011frul Turhal, devam\u0131nda da Mali \u015eube\u2019den Sorumlu Emniyet M\u00fcd\u00fcr Yard\u0131mc\u0131s\u0131 Hamza Tosun ve Organize \u015eube\u2019den Sorumlu Emniyet M\u00fcd\u00fcr Yard\u0131mc\u0131s\u0131 Mahir \u00c7akall\u0131 g\u00f6revden al\u0131nd\u0131. \u0130lk sars\u0131nt\u0131n\u0131n ard\u0131ndan 19 Aral\u0131k 2013 g\u00fcn\u00fc \u0130stanbul Emniyet M\u00fcd\u00fcr\u00fc H\u00fcseyin \u00c7apk\u0131n g\u00f6revden al\u0131nd\u0131. Yerine Aksaray Valisi Selami Alt\u0131nok getirildi.\u00a0 \u0130lk sars\u0131nt\u0131y\u0131 11 polis \u015fefi ya\u015farken, 21 Aral\u0131k 2013 g\u00fcn\u00fc sars\u0131nt\u0131 devam etti ve 25 \u015fube ve il\u00e7e emniyet m\u00fcd\u00fcr\u00fcn\u00fcn g\u00f6rev yeri de\u011fi\u015fti. G\u00f6rev yeri de\u011fi\u015fen m\u00fcd\u00fcrler aras\u0131nda Gezi olaylar\u0131nda orant\u0131s\u0131z g\u00fc\u00e7 ve gaz kullan\u0131m\u0131n\u0131n hedefindeki \u00c7evik Kuvvet \u015eube M\u00fcd\u00fcr\u00fc Muhammet Fatih Sar\u0131y\u0131ld\u0131z\u2019\u0131n da yer ald\u0131.<\/p>\n<p style=\"text-align: justify;\"><strong>ALT KADROLARDA DA SARSINTI<\/strong><\/p>\n<p style=\"text-align: justify;\">22 Aral\u0131k 2013\u2019e gelindi\u011finde, 36 m\u00fcd\u00fcr g\u00f6revden al\u0131nm\u0131\u015f, pasif g\u00f6revlere tayin edilmi\u015f ya da m\u00fcd\u00fcriyet emrine al\u0131nm\u0131\u015ft\u0131. 22 Aral\u0131k 2013 g\u00fcn\u00fc, alt kadrolarda sars\u0131nt\u0131 ya\u015fand\u0131. Mali, Organize, Ter\u00f6r, Narkotik, Siber, \u0130stihbarat ve Asayi\u015f \u015eube\u2019lerinde g\u00f6revli \u00e7ok say\u0131da emniyet amiri, ba\u015fkomiser, komiser ve polis memurlar\u0131n\u0131n g\u00f6revden al\u0131nd\u0131. Yerlerine, Asayi\u015f \u015eube M\u00fcd\u00fcrl\u00fc\u011f\u00fc, \u00c7evik Kuvvet \u015eube M\u00fcd\u00fcrl\u00fc\u011f\u00fc, G\u00fcven Timleri, \u00d6nleyici Hizmetler \u015eube M\u00fcd\u00fcrl\u00fc\u011f\u00fc\u2019nde g\u00f6revli polisler getirildi. G\u00f6revden al\u0131nan polisler aras\u0131nda, teknik ve fiziki takip yapan polisler de vard\u0131. Emniyet, ge\u00e7mi\u015f y\u0131llarda, k\u00f6pr\u00fclere s\u00fcr\u00fclen polislerin de aras\u0131nda bulundu\u011fu s\u00fcrg\u00fcn edilen polisleri de tekrar g\u00f6reve \u00e7a\u011f\u0131rd\u0131.<\/p>\n<p style=\"text-align: justify;\"><strong>G\u00d6REVDEN ALMALAR DEVAM ED\u0130YOR<\/strong><\/p>\n<p style=\"text-align: justify;\">Alt kadrolardaki de\u011fi\u015fimler h\u0131zla yap\u0131l\u0131rken 28 Aral\u0131k 2013 g\u00fcn\u00fc bir deprem daha ya\u015fand\u0131. Operasyonel \u015fubelerdeki de\u011fi\u015fimlerin ard\u0131ndan operasyonel olmayan emniyetin A Blok\u2019ta bulunan \u015fubeler sars\u0131nt\u0131 ya\u015fad\u0131.\u00a0\u00a0 A Bloktaki Bas\u0131n ve Halkla \u0130li\u015fkiler \u015eube M\u00fcd\u00fcr\u00fc\u2019n\u00fcn de aras\u0131nda bulundu\u011fu 38 m\u00fcd\u00fcr\u00fcn g\u00f6rev yeri de\u011fi\u015fti. 38 m\u00fcd\u00fcrden 10\u2019u m\u00fcd\u00fcriyet emrine al\u0131nd\u0131.\u00a0 M\u00fcd\u00fcriyet emrindeki 7 m\u00fcd\u00fcr de aktif g\u00f6revlere getirildi. Be\u015fikta\u015f \u0130l\u00e7e Emniyet M\u00fcd\u00fcr Yard\u0131mc\u0131s\u0131 Caner Co\u015far \u0130stanbul Emniyet M\u00fcd\u00fcr\u00fc Selami Alt\u0131nok\u2019un \u00d6zel Kalem M\u00fcd\u00fcr\u00fc oldu.\u00a0<\/p>\n<p style=\"text-align: justify;\">31 Aral\u0131k 2013 g\u00fcn\u00fc, \u0130stanbul Emniyet M\u00fcd\u00fcr\u00fc Selami Alt\u0131nok, g\u00f6revden ald\u0131\u011f\u0131 yerlere yeni atamalar yapt\u0131. 3 Aral\u0131k 2013 g\u00fcn\u00fc, 4. S\u0131n\u0131f 12 emniyet m\u00fcd\u00fcr\u00fc ile 4 emniyet amiri g\u00f6rev yeri de\u011fi\u015fti. 5 Aral\u0131k 2013 g\u00fcn\u00fc ise Selami Alt\u0131nok, 16 yard\u0131mc\u0131s\u0131n\u0131n g\u00f6rev yerini de\u011fi\u015ftirdi. En dikkat \u00e7ekici tayinlerden biri ise, Ba\u015fbakan Recep Tayyip Erdo\u011fan\u2019\u0131n, aramalarda elinde te\u015fbih, bacak bacak \u00fcst\u00fcne atarak lahmacun sipari\u015f etmesi nedeniyle, \u2018k\u00fclhanbeyi\u2019 dedi\u011fi Organize Su\u00e7larla M\u00fccadele \u015eube M\u00fcd\u00fcrl\u00fc\u011f\u00fc\u2019nde g\u00f6revli Ba\u015fkomiser Recep Can\u2019\u0131n g\u00f6revden al\u0131narak pasif g\u00f6reve \u00e7ekilmesi oldu.\u00a0<\/p>\n<p style=\"text-align: justify;\">G\u00f6revden almalarda \u0130stanbul Emniyet M\u00fcd\u00fcrl\u00fc\u011f\u00fc b\u00fcnyesinde yakla\u015f\u0131k 1000 polis memuru g\u00f6revden al\u0131nd\u0131.<\/p>\n<p style=\"text-align: justify;\"><strong>ANKARA\u2019DA 90\u2019I R\u00dcTBEL\u0130 670 POL\u0130S\u0130N YER\u0130 DE\u011e\u0130\u015eT\u0130R\u0130LD\u0130<\/strong><\/p>\n<p style=\"text-align: justify;\">\u201cB\u00dcY\u00dcK r\u00fc\u015fvet\u201d operasyonun ard\u0131ndan emniyetteki deprem \u0130\u00e7i\u015fleri Bakan\u0131 Efkan Ala\u2019n\u0131n geli\u015fiyle de artarak devam ediyor. Ankara Emniyet M\u00fcd\u00fcrl\u00fc\u011f\u00fc\u2019nde 11 Emniyet M\u00fcd\u00fcr Yard\u0131mc\u0131s\u0131 g\u00f6revden al\u0131nd\u0131, 23 \u015fube m\u00fcd\u00fcr\u00fcn\u00fcn g\u00f6rev yeri de\u011fi\u015ftirildi. Ba\u015fta ter\u00f6r, KOM, istihbarat ve siber su\u00e7lar olmak \u00fczere 90\u2019n\u0131 r\u00fctbeli 670 polisin de ba\u015fka birimlere kayd\u0131r\u0131ld\u0131.<\/p>\n<p style=\"text-align: justify;\"><strong>TER\u00d6R VE KOM M\u00dcD\u00dcR\u00dc DE G\u0130TT\u0130<\/strong><\/p>\n<p style=\"text-align: justify;\">17 Aral\u0131k operasyonun ard\u0131ndan Ter\u00f6rden Sorumlu Emniyet M\u00fcd\u00fcr Yard\u0131mc\u0131s\u0131 Lokman K\u0131rc\u0131l\u0131, Mali, Ka\u00e7ak\u00e7\u0131l\u0131k ve Narkotik Su\u00e7larla M\u00fccadele \u015eube M\u00fcd\u00fcrl\u00fckleri\u2019nden sorumlu Emniyet M\u00fcd\u00fcr Yard\u0131mc\u0131s\u0131 \u0130smail \u00d6zt\u00fcrk ile Organize ve Siber Su\u00e7larla M\u00fccadele\u2019den sorumlu Emniyet M\u00fcd\u00fcr Yard\u0131mc\u0131s\u0131 \u0130brahim Pala, Asayi\u015f\u2019ten sorumlu Emniyet M\u00fcd\u00fcr yard\u0131mc\u0131s\u0131 Arif Canl\u0131, Personelden Sorumlu Emniyet M\u00fcd\u00fcr Yard\u0131mc\u0131s\u0131 Hasan Karaca ve G\u00fcvenlik \u015eube ve Toplumsal olaylardan sorumlu Emniyet M\u00fcd\u00fcr Yard\u0131mc\u0131s\u0131 Mahmut Azmaz\u2019\u0131n da aralar\u0131nda bulundu\u011fu 11 Emniyet M\u00fcd\u00fcr Yard\u0131mc\u0131s\u0131 g\u00f6revden al\u0131nd\u0131.<\/p>\n<p style=\"text-align: justify;\"><strong>\u00c7A\u011eLAYAN\u2019IN O\u011eLUNA G\u00d6ZALTI YAPAN M\u00dcD\u00dcR DE G\u0130TT\u0130<\/strong><\/p>\n<p style=\"text-align: justify;\">Operasyon kapsam\u0131nda Ankara\u2019da g\u00f6zalt\u0131na al\u0131nan eski Bakan Zafer \u00c7a\u011flayan\u2019\u0131n o\u011flu Ka\u011fan \u00c7a\u011flayan\u2019\u0131n 5 \u015f\u00fcphelinin i\u015flemini yapan Organize \u015eube M\u00fcd\u00fcr\u00fc Osman \u015eamil Kaya, \u0130stihbarat \u015eube M\u00fcd\u00fcr\u00fc Cihangir Ulusoy\u2019un da i\u00e7inde bulundu\u011fu 23 \u015eube M\u00fcd\u00fcr\u00fc de g\u00f6revden al\u0131nd\u0131. G\u00f6revden al\u0131nan m\u00fcd\u00fcrlerden 5\u2019i geri d\u00f6n\u00fc\u015f i\u00e7in dava a\u00e7t\u0131.<\/p>\n<p style=\"text-align: justify;\"><strong>OPERASYONEL B\u0130R\u0130MLER DA\u011eITILDI<\/strong><\/p>\n<p style=\"text-align: justify;\">Ankara Emniyet\u2019indeki en b\u00fcy\u00fck deprem ise d\u00fcn gece yar\u0131s\u0131 operasyonuyla yap\u0131ld\u0131. Gece yar\u0131s\u0131 karar\u0131yla Ter\u00f6r, istihbarat, Organize, Mali, Ka\u00e7a\u00e7\u0131l\u0131k ve Siber Su\u00e7larla M\u00fccadele \u015fubelerinde g\u00f6revli 90\u2019n\u0131 \u015fube m\u00fcd\u00fcr yard\u0131mc\u0131s\u0131, amir olmak \u00fczere 350 polisin yeri de\u011fi\u015ftirildi. Bu de\u011fi\u015fmle birlikte Ankara Emniyet\u2019in 17 Aral\u0131k operasyonun ard\u0131ndan emniyet m\u00fcd\u00fcr yard\u0131mc\u0131s\u0131, \u015fube m\u00fcd\u00fcr\u00fc, \u015fube m\u00fcd\u00fcr yard\u0131mc\u0131lar\u0131 ve amirlerinin de aralar\u0131nda bulundu\u011fu 670 polis ya g\u00f6revden al\u0131nd\u0131 ya da g\u00f6rev yeri de\u011fi\u015ftirildi.<\/p>\n<p style=\"text-align: justify;\"><strong>EGE \u0130LLER\u0130NDE DE AYNI DURUM<\/strong><\/p>\n<p style=\"text-align: justify;\">\u0130stanbul ve Ankara d\u0131\u015f\u0131nda 17 Aral\u0131k sonras\u0131 ba\u015fta \u0130zmir olmak \u00fczere Ege illerinde de \u00e7ok say\u0131da polisin g\u00f6rev yeri de\u011fi\u015fti.<\/p>\n<p style=\"text-align: justify;\">\u0130zmir Emniyet M\u00fcd\u00fcrl\u00fc\u011f\u00fc\u2019nde \u00f6nce 13 daha sonra 3 \u015fube m\u00fcd\u00fcr\u00fc g\u00f6revden al\u0131nd\u0131. Bal\u0131kesir Emniyet M\u00fcd\u00fcrl\u00fc\u011f\u00fc\u2019nde 2, U\u015fak Emniyet M\u00fcd\u00fcrl\u00fc\u011f\u00fc\u2019nde de 2 \u015fube m\u00fcd\u00fcr\u00fcn\u00fcn g\u00f6rev yeri de\u011fi\u015fti.<\/p>\n<p style=\"text-align: justify;\">\u00c7anakkale Emniyet M\u00fcd\u00fcrl\u00fc\u011f\u00fc\u2019nde 1 personel g\u00f6revden al\u0131nd\u0131.<\/p>\n<p style=\"text-align: justify;\">Manisa Emniyet M\u00fcd\u00fcrl\u00fc\u011f\u00fc\u2019nden 2 ki\u015fi birbirlerinin g\u00f6revine tayin edildi.<\/p>\n<p style=\"text-align: justify;\"><strong>BUG\u00dcN \u0130\u00c7\u0130NDE \u015eU ANA KADAR 5 \u0130L\u0130N EMN\u0130YET\u0130&#8217;NDE G\u00d6REVDEN ALMALAR YA\u015eANDI<\/strong><\/p>\n<p style=\"text-align: justify;\"><strong>Sabah saatlerinden bu yana 5 ilde g\u00f6revden almalar devam etti. \u0130\u015fte o iller ve g\u00f6revden al\u0131nan isimler:<\/strong><\/p>\n<p style=\"text-align: justify;\"><strong>KIRIKKALE<\/strong><\/p>\n<p style=\"text-align: justify;\">K\u0131r\u0131kkale Emniyet M\u00fcd\u00fcrl\u00fc\u011f\u00fc\u2019nde 5 \u015fube m\u00fcd\u00fcr\u00fcn\u00fcn g\u00f6rev yeri de\u011fi\u015ftirildi. Gelen genelgeyle 2 emniyet amirinin tayini \u00e7\u0131kt\u0131.<br \/>\nGenelgeyle K\u0131r\u0131kkale Ka\u00e7ak\u00e7\u0131l\u0131k ve Organze Su\u00e7larla M\u00fccadele \u015eube M\u00fcd\u00fcr\u00fc Muammer S\u00fctl\u00fc, \u00d6zel G\u00fcvenlik \u015eube M\u00fcd\u00fcrl\u00fc\u011f\u00fc\u2019ne, Yah\u015fihan Emniyet Amiri Tamer Ta\u015f, K\u0131r\u0131kkale Emniyet M\u00fcd\u00fcrl\u00fc\u011f\u00fc Ka\u00e7ak\u00e7\u0131l\u0131k ve Organize Su\u00e7larla M\u00fccadele \u015eube M\u00fcd\u00fcrl\u00fc\u011f\u00fc\u2019ne, \u00c7ocuk \u015eube M\u00fcd\u00fcr\u00fc Tuncay K\u0131z\u0131ltu\u011f, Koruma \u015eube M\u00fcd\u00fcr Yard\u0131mc\u0131l\u0131\u011f\u0131na ve Mehmet Do\u011fanay da \u00c7ocuk \u015eube M\u00fcd\u00fcrl\u00fc\u011f\u00fc\u2019ne getirildi.<\/p>\n<p style=\"text-align: justify;\"><strong>ORDU<\/strong><\/p>\n<p style=\"text-align: justify;\">Ordu \u0130l Emniyet M\u00fcd\u00fcrl\u00fc\u011f\u00fc Ka\u00e7ak\u00e7\u0131l\u0131k ve Organize Su\u00e7larla M\u00fccadele (KOM) \u015eube M\u00fcd\u00fcr\u00fc Haluk Y\u0131ld\u0131z g\u00f6revinden al\u0131nd\u0131.Y\u0131ld\u0131z, Fatsa \u0130l\u00e7e Emniyet M\u00fcd\u00fcrl\u00fc\u011f\u00fc g\u00f6revine atand\u0131.\u00a0Fatsa \u0130l\u00e7e Emniyet M\u00fcd\u00fcr\u00fc \u0130brahim Cibellik ise Ordu \u0130l Emniyet M\u00fcd\u00fcrl\u00fc\u011f\u00fc KOM \u015eube M\u00fcd\u00fcrl\u00fc\u011f\u00fc g\u00f6revine getirildi.<\/p>\n<p style=\"text-align: justify;\"><strong>ED\u0130RNE<\/strong><\/p>\n<p style=\"text-align: justify;\">Edirne Emniyet M\u00fcd\u00fcrl\u00fc\u011f\u00fc\u2019nde Ka\u00e7ak\u00e7\u0131l\u0131k ve Organize Su\u00e7larla M\u00fccadele (KOM) \u015eube M\u00fcd\u00fcr\u00fc Semih Erdur g\u00f6revden al\u0131nd\u0131. 2 y\u0131ld\u0131r KOM \u015eube M\u00fcd\u00fcrl\u00fc\u011f\u00fc yapan Erdur\u2019un yerine Evrak Ar\u015fiv \u015eube M\u00fcd\u00fcr\u00fc Serdar \u00dclker getirildi. Semih Erdur ise Kap\u0131kule S\u0131n\u0131r Kap\u0131s\u0131 Emniyet \u015eube M\u00fcd\u00fcrl\u00fc\u011f\u00fc\u2019ne atand\u0131.<\/p>\n<p style=\"text-align: justify;\"><strong>KOCAEL\u0130<\/strong><\/p>\n<p style=\"text-align: justify;\">Kocaeli Emniyet M\u00fcd\u00fcrl\u00fc\u011f\u00fc&#8217;nde 9 emniyet m\u00fcd\u00fcr yard\u0131mc\u0131s\u0131n\u0131n g\u00f6rev yerinin de\u011fi\u015fti\u011fi belirtildi. Kocaeli Emniyet M\u00fcd\u00fcrl\u00fc\u011f\u00fc&#8217;nde bir s\u00fcre \u00f6nce, Ka\u00e7ak\u00e7\u0131l\u0131k ve Organize Su\u00e7larla M\u00fccadele \u015eube M\u00fcd\u00fcr\u00fc Mehmet A\u011fz\u0131ba\u011fl\u0131 ve Ka\u00e7ak\u00e7\u0131l\u0131ktan Sorumlu \u0130l Emniyet M\u00fcd\u00fcr Yard\u0131mc\u0131s\u0131 Abdulkadir Demir&#8217;in g\u00f6rev yeri de\u011fi\u015ftirilmi\u015fti. Ard\u0131ndan, \u0130stihbarat \u015eube M\u00fcd\u00fcr\u00fc Metin Canbay, Ter\u00f6rle M\u00fccadele \u015eube M\u00fcd\u00fcr\u00fc Ali \u00c7avdar, Siber Su\u00e7larla M\u00fccadele \u015eube M\u00fcd\u00fcr\u00fc Turan \u015eahin&#8217;in g\u00f6revlerinden al\u0131nd\u0131\u011f\u0131 \u00f6\u011frenilmi\u015fti. Son olarak da Kocaeli Emniyet&#8217;teki 9 emniyet m\u00fcd\u00fcr yard\u0131mc\u0131s\u0131n\u0131n g\u00f6rev yerinin de\u011fi\u015fti\u011fi kaydedildi.<\/p>\n<p style=\"text-align: justify;\"><strong>TEK\u0130RDA\u011e<\/strong><\/p>\n<p style=\"text-align: justify;\">Tekirda\u011f&#8217;da KOM \u015eube M\u00fcd\u00fcrl\u00fc\u011f\u00fc g\u00f6revini 2 y\u0131ldan bu yana y\u00fcr\u00fcten Nezir \u00d6zcan, g\u00f6revinden al\u0131narak Siber Su\u00e7larla M\u00fccadele \u015eube M\u00fcd\u00fcrl\u00fc\u011f\u00fc g\u00f6revine atand\u0131. Tekirda\u011f B\u00f6lge Trafik \u015eube M\u00fcd\u00fcr\u00fc Atanur Ayd\u0131n da bo\u015falan KOM \u015eube M\u00fcd\u00fcrl\u00fc\u011f\u00fc\u2019ne getirildi.<\/p>\n<p style=\"text-align: justify;\"><b><i>http:\/\/gundem.bugun.com.tr\/emniyette-yeni-deprem-haberi\/923000<\/i><\/b><\/p>\n","protected":false},"excerpt":{"rendered":"<p>17 Aral\u0131k yolsuzluk ve r\u00fc\u015fvet operasyonu sonras\u0131nda Emniyet\u2019te ba\u015flayan g\u00f6revden alma f\u0131rt\u0131nas\u0131nda \u015fu ana kadar y\u00fczlercesi r\u00fctbeli olmak \u00fczere binlerce polisin yeri de\u011fi\u015ftirildi. Sadece \u0130stanbul, Ankara, ve \u0130zmir\u2019de yakla\u015f\u0131k 1700 polis farkl\u0131 g\u00f6revlere getirildi. T\u00fcrkiye\u2019yi sarsan yolsuzluk ve r\u00fc\u015fvet operasyonunda, \u0130stanbul Emniyet M\u00fcd\u00fcrl\u00fc\u011f\u00fc\u2019nde, \u0130stanbul Emniyet M\u00fcd\u00fcr\u00fc H\u00fcseyin \u00c7apk\u0131n\u2019\u0131n da aras\u0131nda bulundu\u011fu 116 emniyet m\u00fcd\u00fcr yard\u0131mc\u0131s\u0131, [&hellip;]<\/p>\n","protected":false},"author":7,"featured_media":0,"comment_status":"open","ping_status":"open","sticky":false,"template":"","format":"standard","meta":{"footnotes":""},"categories":[1],"tags":[],"class_list":["post-27749","post","type-post","status-publish","format-standard","hentry","category-haberler"],"yoast_head":"<!-- This site is optimized with the Yoast SEO plugin v27.4 - https:\/\/yoast.com\/product\/yoast-seo-wordpress\/ -->\n<title>Emniyet Genel M\u00fcd\u00fcrl\u00fc\u011f\u00fc&#039;nde yeni deprem  - Bati Ermenistan Ve Bati Ermenileri Sorunlari Ara\u015ftirmalar Merkezi<\/title>\n<meta name=\"robots\" content=\"index, follow, max-snippet:-1, max-image-preview:large, max-video-preview:-1\" \/>\n<link rel=\"canonical\" href=\"https:\/\/akunq.net\/tr\/?p=27749\" \/>\n<meta property=\"og:locale\" content=\"en_US\" \/>\n<meta property=\"og:type\" content=\"article\" \/>\n<meta property=\"og:title\" content=\"Emniyet Genel M\u00fcd\u00fcrl\u00fc\u011f\u00fc&#039;nde yeni deprem  - Bati Ermenistan Ve Bati Ermenileri Sorunlari Ara\u015ftirmalar Merkezi\" \/>\n<meta property=\"og:description\" content=\"17 Aral\u0131k yolsuzluk ve r\u00fc\u015fvet operasyonu sonras\u0131nda Emniyet\u2019te ba\u015flayan g\u00f6revden alma f\u0131rt\u0131nas\u0131nda \u015fu ana kadar y\u00fczlercesi r\u00fctbeli olmak \u00fczere binlerce polisin yeri de\u011fi\u015ftirildi. Sadece \u0130stanbul, Ankara, ve \u0130zmir\u2019de yakla\u015f\u0131k 1700 polis farkl\u0131 g\u00f6revlere getirildi. T\u00fcrkiye\u2019yi sarsan yolsuzluk ve r\u00fc\u015fvet operasyonunda, \u0130stanbul Emniyet M\u00fcd\u00fcrl\u00fc\u011f\u00fc\u2019nde, \u0130stanbul Emniyet M\u00fcd\u00fcr\u00fc H\u00fcseyin \u00c7apk\u0131n\u2019\u0131n da aras\u0131nda bulundu\u011fu 116 emniyet m\u00fcd\u00fcr yard\u0131mc\u0131s\u0131, [&hellip;]\" \/>\n<meta property=\"og:url\" content=\"https:\/\/akunq.net\/tr\/?p=27749\" \/>\n<meta property=\"og:site_name\" content=\"Bati Ermenistan Ve Bati Ermenileri Sorunlari Ara\u015ftirmalar Merkezi\" \/>\n<meta property=\"article:published_time\" content=\"2014-01-08T08:01:59+00:00\" \/>\n<meta property=\"article:modified_time\" content=\"2014-01-08T08:02:23+00:00\" \/>\n<meta name=\"author\" content=\"admin\" \/>\n<meta name=\"twitter:card\" content=\"summary_large_image\" \/>\n<meta name=\"twitter:label1\" content=\"Written by\" \/>\n\t<meta name=\"twitter:data1\" content=\"admin\" \/>\n\t<meta name=\"twitter:label2\" content=\"Est. reading time\" \/>\n\t<meta name=\"twitter:data2\" content=\"9 minutes\" \/>\n<script type=\"application\/ld+json\" class=\"yoast-schema-graph\">{\"@context\":\"https:\\\/\\\/schema.org\",\"@graph\":[{\"@type\":\"Article\",\"@id\":\"https:\\\/\\\/akunq.net\\\/tr\\\/?p=27749#article\",\"isPartOf\":{\"@id\":\"https:\\\/\\\/akunq.net\\\/tr\\\/?p=27749\"},\"author\":{\"name\":\"admin\",\"@id\":\"https:\\\/\\\/akunq.net\\\/tr\\\/#\\\/schema\\\/person\\\/096f1d38a12cce57fb855b485ed24c9e\"},\"headline\":\"Emniyet Genel M\u00fcd\u00fcrl\u00fc\u011f\u00fc&#8217;nde yeni deprem\",\"datePublished\":\"2014-01-08T08:01:59+00:00\",\"dateModified\":\"2014-01-08T08:02:23+00:00\",\"mainEntityOfPage\":{\"@id\":\"https:\\\/\\\/akunq.net\\\/tr\\\/?p=27749\"},\"wordCount\":1749,\"commentCount\":0,\"articleSection\":[\"Haberler\"],\"inLanguage\":\"en-US\",\"potentialAction\":[{\"@type\":\"CommentAction\",\"name\":\"Comment\",\"target\":[\"https:\\\/\\\/akunq.net\\\/tr\\\/?p=27749#respond\"]}]},{\"@type\":\"WebPage\",\"@id\":\"https:\\\/\\\/akunq.net\\\/tr\\\/?p=27749\",\"url\":\"https:\\\/\\\/akunq.net\\\/tr\\\/?p=27749\",\"name\":\"Emniyet Genel M\u00fcd\u00fcrl\u00fc\u011f\u00fc'nde yeni deprem - Bati Ermenistan Ve Bati Ermenileri Sorunlari Ara\u015ftirmalar Merkezi\",\"isPartOf\":{\"@id\":\"https:\\\/\\\/akunq.net\\\/tr\\\/#website\"},\"datePublished\":\"2014-01-08T08:01:59+00:00\",\"dateModified\":\"2014-01-08T08:02:23+00:00\",\"author\":{\"@id\":\"https:\\\/\\\/akunq.net\\\/tr\\\/#\\\/schema\\\/person\\\/096f1d38a12cce57fb855b485ed24c9e\"},\"breadcrumb\":{\"@id\":\"https:\\\/\\\/akunq.net\\\/tr\\\/?p=27749#breadcrumb\"},\"inLanguage\":\"en-US\",\"potentialAction\":[{\"@type\":\"ReadAction\",\"target\":[\"https:\\\/\\\/akunq.net\\\/tr\\\/?p=27749\"]}]},{\"@type\":\"BreadcrumbList\",\"@id\":\"https:\\\/\\\/akunq.net\\\/tr\\\/?p=27749#breadcrumb\",\"itemListElement\":[{\"@type\":\"ListItem\",\"position\":1,\"name\":\"Home\",\"item\":\"https:\\\/\\\/akunq.net\\\/tr\"},{\"@type\":\"ListItem\",\"position\":2,\"name\":\"Emniyet Genel M\u00fcd\u00fcrl\u00fc\u011f\u00fc&#8217;nde yeni deprem\"}]},{\"@type\":\"WebSite\",\"@id\":\"https:\\\/\\\/akunq.net\\\/tr\\\/#website\",\"url\":\"https:\\\/\\\/akunq.net\\\/tr\\\/\",\"name\":\"Bati Ermenistan Ve Bati Ermenileri Sorunlari Ara\u015ftirmalar Merkezi\",\"description\":\"\",\"potentialAction\":[{\"@type\":\"SearchAction\",\"target\":{\"@type\":\"EntryPoint\",\"urlTemplate\":\"https:\\\/\\\/akunq.net\\\/tr\\\/?s={search_term_string}\"},\"query-input\":{\"@type\":\"PropertyValueSpecification\",\"valueRequired\":true,\"valueName\":\"search_term_string\"}}],\"inLanguage\":\"en-US\"},{\"@type\":\"Person\",\"@id\":\"https:\\\/\\\/akunq.net\\\/tr\\\/#\\\/schema\\\/person\\\/096f1d38a12cce57fb855b485ed24c9e\",\"name\":\"admin\",\"url\":\"https:\\\/\\\/akunq.net\\\/tr\\\/?author=7\"}]}<\/script>\n<!-- \/ Yoast SEO plugin. -->","yoast_head_json":{"title":"Emniyet Genel M\u00fcd\u00fcrl\u00fc\u011f\u00fc'nde yeni deprem  - Bati Ermenistan Ve Bati Ermenileri Sorunlari Ara\u015ftirmalar Merkezi","robots":{"index":"index","follow":"follow","max-snippet":"max-snippet:-1","max-image-preview":"max-image-preview:large","max-video-preview":"max-video-preview:-1"},"canonical":"https:\/\/akunq.net\/tr\/?p=27749","og_locale":"en_US","og_type":"article","og_title":"Emniyet Genel M\u00fcd\u00fcrl\u00fc\u011f\u00fc'nde yeni deprem  - Bati Ermenistan Ve Bati Ermenileri Sorunlari Ara\u015ftirmalar Merkezi","og_description":"17 Aral\u0131k yolsuzluk ve r\u00fc\u015fvet operasyonu sonras\u0131nda Emniyet\u2019te ba\u015flayan g\u00f6revden alma f\u0131rt\u0131nas\u0131nda \u015fu ana kadar y\u00fczlercesi r\u00fctbeli olmak \u00fczere binlerce polisin yeri de\u011fi\u015ftirildi. Sadece \u0130stanbul, Ankara, ve \u0130zmir\u2019de yakla\u015f\u0131k 1700 polis farkl\u0131 g\u00f6revlere getirildi. T\u00fcrkiye\u2019yi sarsan yolsuzluk ve r\u00fc\u015fvet operasyonunda, \u0130stanbul Emniyet M\u00fcd\u00fcrl\u00fc\u011f\u00fc\u2019nde, \u0130stanbul Emniyet M\u00fcd\u00fcr\u00fc H\u00fcseyin \u00c7apk\u0131n\u2019\u0131n da aras\u0131nda bulundu\u011fu 116 emniyet m\u00fcd\u00fcr yard\u0131mc\u0131s\u0131, [&hellip;]","og_url":"https:\/\/akunq.net\/tr\/?p=27749","og_site_name":"Bati Ermenistan Ve Bati Ermenileri Sorunlari Ara\u015ftirmalar Merkezi","article_published_time":"2014-01-08T08:01:59+00:00","article_modified_time":"2014-01-08T08:02:23+00:00","author":"admin","twitter_card":"summary_large_image","twitter_misc":{"Written by":"admin","Est. reading time":"9 minutes"},"schema":{"@context":"https:\/\/schema.org","@graph":[{"@type":"Article","@id":"https:\/\/akunq.net\/tr\/?p=27749#article","isPartOf":{"@id":"https:\/\/akunq.net\/tr\/?p=27749"},"author":{"name":"admin","@id":"https:\/\/akunq.net\/tr\/#\/schema\/person\/096f1d38a12cce57fb855b485ed24c9e"},"headline":"Emniyet Genel M\u00fcd\u00fcrl\u00fc\u011f\u00fc&#8217;nde yeni deprem","datePublished":"2014-01-08T08:01:59+00:00","dateModified":"2014-01-08T08:02:23+00:00","mainEntityOfPage":{"@id":"https:\/\/akunq.net\/tr\/?p=27749"},"wordCount":1749,"commentCount":0,"articleSection":["Haberler"],"inLanguage":"en-US","potentialAction":[{"@type":"CommentAction","name":"Comment","target":["https:\/\/akunq.net\/tr\/?p=27749#respond"]}]},{"@type":"WebPage","@id":"https:\/\/akunq.net\/tr\/?p=27749","url":"https:\/\/akunq.net\/tr\/?p=27749","name":"Emniyet Genel M\u00fcd\u00fcrl\u00fc\u011f\u00fc'nde yeni deprem - Bati Ermenistan Ve Bati Ermenileri Sorunlari Ara\u015ftirmalar Merkezi","isPartOf":{"@id":"https:\/\/akunq.net\/tr\/#website"},"datePublished":"2014-01-08T08:01:59+00:00","dateModified":"2014-01-08T08:02:23+00:00","author":{"@id":"https:\/\/akunq.net\/tr\/#\/schema\/person\/096f1d38a12cce57fb855b485ed24c9e"},"breadcrumb":{"@id":"https:\/\/akunq.net\/tr\/?p=27749#breadcrumb"},"inLanguage":"en-US","potentialAction":[{"@type":"ReadAction","target":["https:\/\/akunq.net\/tr\/?p=27749"]}]},{"@type":"BreadcrumbList","@id":"https:\/\/akunq.net\/tr\/?p=27749#breadcrumb","itemListElement":[{"@type":"ListItem","position":1,"name":"Home","item":"https:\/\/akunq.net\/tr"},{"@type":"ListItem","position":2,"name":"Emniyet Genel M\u00fcd\u00fcrl\u00fc\u011f\u00fc&#8217;nde yeni deprem"}]},{"@type":"WebSite","@id":"https:\/\/akunq.net\/tr\/#website","url":"https:\/\/akunq.net\/tr\/","name":"Bati Ermenistan Ve Bati Ermenileri Sorunlari Ara\u015ftirmalar Merkezi","description":"","potentialAction":[{"@type":"SearchAction","target":{"@type":"EntryPoint","urlTemplate":"https:\/\/akunq.net\/tr\/?s={search_term_string}"},"query-input":{"@type":"PropertyValueSpecification","valueRequired":true,"valueName":"search_term_string"}}],"inLanguage":"en-US"},{"@type":"Person","@id":"https:\/\/akunq.net\/tr\/#\/schema\/person\/096f1d38a12cce57fb855b485ed24c9e","name":"admin","url":"https:\/\/akunq.net\/tr\/?author=7"}]}},"_links":{"self":[{"href":"https:\/\/akunq.net\/tr\/index.php?rest_route=\/wp\/v2\/posts\/27749","targetHints":{"allow":["GET"]}}],"collection":[{"href":"https:\/\/akunq.net\/tr\/index.php?rest_route=\/wp\/v2\/posts"}],"about":[{"href":"https:\/\/akunq.net\/tr\/index.php?rest_route=\/wp\/v2\/types\/post"}],"author":[{"embeddable":true,"href":"https:\/\/akunq.net\/tr\/index.php?rest_route=\/wp\/v2\/users\/7"}],"replies":[{"embeddable":true,"href":"https:\/\/akunq.net\/tr\/index.php?rest_route=%2Fwp%2Fv2%2Fcomments&post=27749"}],"version-history":[{"count":2,"href":"https:\/\/akunq.net\/tr\/index.php?rest_route=\/wp\/v2\/posts\/27749\/revisions"}],"predecessor-version":[{"id":27752,"href":"https:\/\/akunq.net\/tr\/index.php?rest_route=\/wp\/v2\/posts\/27749\/revisions\/27752"}],"wp:attachment":[{"href":"https:\/\/akunq.net\/tr\/index.php?rest_route=%2Fwp%2Fv2%2Fmedia&parent=27749"}],"wp:term":[{"taxonomy":"category","embeddable":true,"href":"https:\/\/akunq.net\/tr\/index.php?rest_route=%2Fwp%2Fv2%2Fcategories&post=27749"},{"taxonomy":"post_tag","embeddable":true,"href":"https:\/\/akunq.net\/tr\/index.php?rest_route=%2Fwp%2Fv2%2Ftags&post=27749"}],"curies":[{"name":"wp","href":"https:\/\/api.w.org\/{rel}","templated":true}]}}