{"id":27746,"date":"2014-01-08T02:51:15","date_gmt":"2014-01-08T07:51:15","guid":{"rendered":"http:\/\/akunq.net\/tr\/?p=27746"},"modified":"2014-01-08T02:51:15","modified_gmt":"2014-01-08T07:51:15","slug":"polonyali-siyaset-uzmani-ermeni-soykiriminin-taninmasi-meselesi-turkiyede-secim-kampanyasi-gundem-meselesine-donusur","status":"publish","type":"post","link":"https:\/\/akunq.net\/tr\/?p=27746","title":{"rendered":"Polonyal\u0131 siyaset uzman\u0131: Ermeni Soyk\u0131r\u0131m\u0131n\u0131n tan\u0131nmas\u0131 meselesi T\u00fcrkiye\u2019de se\u00e7im kampanyas\u0131 g\u00fcndem meselesine d\u00f6n\u00fc\u015f\u00fcr"},"content":{"rendered":"<p style=\"text-align: justify;\"><b><i><a href=\"http:\/\/akunq.net\/tr\/wp-content\/uploads\/2014\/01\/Mateusz-Piskorski.jpg\"><img loading=\"lazy\" decoding=\"async\" class=\"alignright size-medium wp-image-27747\" alt=\"Mateusz Piskorski\" src=\"http:\/\/akunq.net\/tr\/wp-content\/uploads\/2014\/01\/Mateusz-Piskorski-300x224.jpg\" width=\"300\" height=\"224\" srcset=\"https:\/\/akunq.net\/tr\/wp-content\/uploads\/sites\/6\/2014\/01\/Mateusz-Piskorski-300x224.jpg 300w, https:\/\/akunq.net\/tr\/wp-content\/uploads\/sites\/6\/2014\/01\/Mateusz-Piskorski.jpg 314w\" sizes=\"auto, (max-width: 300px) 100vw, 300px\" \/><\/a>T\u00fcrkiye Azerbaycan\u2019\u0131n esiridir, \u00f6yle ki Ermenistan\u2019la ili\u015fkilerin tesisi ve Z\u00fcrih Protokollerinin hayata ge\u00e7irilmesi olas\u0131l\u0131\u011f\u0131 az. <\/i><\/b><a href=\"http:\/\/news.am\/\"><b><i>NEWS.am <\/i><\/b><\/a><b><i>muhabirine beyanat, Avrupa Jepolitik Analiz Merkez Gn. direkt\u00f6r\u00fc, siyaset bilimci Dr. Mateusz Piskorski\u2019den geldi.<\/i><\/b><\/p>\n<p style=\"text-align: justify;\">Dr. Mateusz Piskorski a\u00e7\u0131klamas\u0131nda \u20332014\u2019te T\u00fcrkiye d\u0131\u015f politikas\u0131nda nitel de\u011fi\u015fiklikler beklemeye mahal olmad\u0131\u011f\u0131n\u0131 san\u0131yorum. T\u00fcrkiye D\u0131\u015fi\u015fleri Bakan\u0131 Ahmet Davuto\u011flu\u2019nun Aral\u0131k\u2019taki ziyareti, b\u00fcy\u00fck bir ihtimalle sembolik anlam ta\u015f\u0131maktayd\u0131. Ankara diyalo\u011fa haz\u0131r oldu\u011funu g\u00f6sterme d\u00fc\u015f\u00fcncesinde, zira Amerikal\u0131 m\u00fcttefiki bunu talep etmekte.\u2033 dedi. Uzman T\u00fcrkiye\u2019nin 2014\u2019teki ba\u015fkanl\u0131k se\u00e7imleri ve 2015\u2019te parlamento se\u00e7imleri olmak \u00fczere se\u00e7im kampanyas\u0131 dikkate al\u0131narak Yerevan\u2019la ili\u015fkilerin \u0131s\u0131nmas\u0131na y\u00f6nelik herhangi bir reel ad\u0131m beklememek gerekti\u011fini ifade ederek \u2033Bu 1915 Ermeni Soyk\u0131r\u0131m\u0131n\u0131n tan\u0131nmas\u0131 meselesini de ilgilendirmekte. Bu mesele b\u00fcy\u00fck bir ihtimalle se\u00e7im kampanyas\u0131 g\u00fcndem meselesine d\u00f6n\u00fc\u015f\u00fcr\u2033 dedi.<\/p>\n<p style=\"text-align: justify;\">Hat\u0131ratal\u0131m; 10 Ekim 2009\u2019da \u0130svi\u00e7re\u2019nin Z\u00fcrih kentinde iki \u00fclke d\u0131\u015fi\u015fleri bakanlar\u0131 Edward Nalbandyan ve Ahmet Davuto\u011flu taraf\u0131ndan imzalanan Ermeni-T\u00fcrk protokolleri, iki \u00fclke parlamentolar\u0131nca onaylanmas\u0131 beklenirken, T\u00fcrk taraf\u0131n\u0131n yap\u0131c\u0131 olmayan tutumu ve \u00f6ne s\u00fcrd\u00fc\u011f\u00fc \u00f6nko\u015fullar sebebiyle ask\u0131ya al\u0131nm\u0131\u015f durumda.<\/p>\n<p style=\"text-align: justify;\"><b><i>http:\/\/news.am\/tur\/news\/186320.html<\/i><\/b><\/p>\n","protected":false},"excerpt":{"rendered":"<p>T\u00fcrkiye Azerbaycan\u2019\u0131n esiridir, \u00f6yle ki Ermenistan\u2019la ili\u015fkilerin tesisi ve Z\u00fcrih Protokollerinin hayata ge\u00e7irilmesi olas\u0131l\u0131\u011f\u0131 az. NEWS.am muhabirine beyanat, Avrupa Jepolitik Analiz Merkez Gn. direkt\u00f6r\u00fc, siyaset bilimci Dr. Mateusz Piskorski\u2019den geldi. Dr. Mateusz Piskorski a\u00e7\u0131klamas\u0131nda \u20332014\u2019te T\u00fcrkiye d\u0131\u015f politikas\u0131nda nitel de\u011fi\u015fiklikler beklemeye mahal olmad\u0131\u011f\u0131n\u0131 san\u0131yorum. T\u00fcrkiye D\u0131\u015fi\u015fleri Bakan\u0131 Ahmet Davuto\u011flu\u2019nun Aral\u0131k\u2019taki ziyareti, b\u00fcy\u00fck bir ihtimalle sembolik [&hellip;]<\/p>\n","protected":false},"author":7,"featured_media":0,"comment_status":"open","ping_status":"open","sticky":false,"template":"","format":"standard","meta":{"footnotes":""},"categories":[1],"tags":[],"class_list":["post-27746","post","type-post","status-publish","format-standard","hentry","category-haberler"],"yoast_head":"<!-- This site is optimized with the Yoast SEO plugin v27.4 - https:\/\/yoast.com\/product\/yoast-seo-wordpress\/ -->\n<title>Polonyal\u0131 siyaset uzman\u0131: Ermeni Soyk\u0131r\u0131m\u0131n\u0131n tan\u0131nmas\u0131 meselesi T\u00fcrkiye\u2019de se\u00e7im kampanyas\u0131 g\u00fcndem meselesine d\u00f6n\u00fc\u015f\u00fcr - Bati Ermenistan Ve Bati Ermenileri Sorunlari Ara\u015ftirmalar Merkezi<\/title>\n<meta name=\"robots\" content=\"index, follow, max-snippet:-1, max-image-preview:large, max-video-preview:-1\" \/>\n<link rel=\"canonical\" href=\"https:\/\/akunq.net\/tr\/?p=27746\" \/>\n<meta property=\"og:locale\" content=\"en_US\" \/>\n<meta property=\"og:type\" content=\"article\" \/>\n<meta property=\"og:title\" content=\"Polonyal\u0131 siyaset uzman\u0131: Ermeni Soyk\u0131r\u0131m\u0131n\u0131n tan\u0131nmas\u0131 meselesi T\u00fcrkiye\u2019de se\u00e7im kampanyas\u0131 g\u00fcndem meselesine d\u00f6n\u00fc\u015f\u00fcr - Bati Ermenistan Ve Bati Ermenileri Sorunlari Ara\u015ftirmalar Merkezi\" \/>\n<meta property=\"og:description\" content=\"T\u00fcrkiye Azerbaycan\u2019\u0131n esiridir, \u00f6yle ki Ermenistan\u2019la ili\u015fkilerin tesisi ve Z\u00fcrih Protokollerinin hayata ge\u00e7irilmesi olas\u0131l\u0131\u011f\u0131 az. NEWS.am muhabirine beyanat, Avrupa Jepolitik Analiz Merkez Gn. direkt\u00f6r\u00fc, siyaset bilimci Dr. Mateusz Piskorski\u2019den geldi. Dr. Mateusz Piskorski a\u00e7\u0131klamas\u0131nda \u20332014\u2019te T\u00fcrkiye d\u0131\u015f politikas\u0131nda nitel de\u011fi\u015fiklikler beklemeye mahal olmad\u0131\u011f\u0131n\u0131 san\u0131yorum. T\u00fcrkiye D\u0131\u015fi\u015fleri Bakan\u0131 Ahmet Davuto\u011flu\u2019nun Aral\u0131k\u2019taki ziyareti, b\u00fcy\u00fck bir ihtimalle sembolik [&hellip;]\" \/>\n<meta property=\"og:url\" content=\"https:\/\/akunq.net\/tr\/?p=27746\" \/>\n<meta property=\"og:site_name\" content=\"Bati Ermenistan Ve Bati Ermenileri Sorunlari Ara\u015ftirmalar Merkezi\" \/>\n<meta property=\"article:published_time\" content=\"2014-01-08T07:51:15+00:00\" \/>\n<meta property=\"og:image\" content=\"http:\/\/akunq.net\/tr\/wp-content\/uploads\/2014\/01\/Mateusz-Piskorski-300x224.jpg\" \/>\n<meta name=\"author\" content=\"admin\" \/>\n<meta name=\"twitter:card\" content=\"summary_large_image\" \/>\n<meta name=\"twitter:label1\" content=\"Written by\" \/>\n\t<meta name=\"twitter:data1\" content=\"admin\" \/>\n\t<meta name=\"twitter:label2\" content=\"Est. reading time\" \/>\n\t<meta name=\"twitter:data2\" content=\"1 minute\" \/>\n<script type=\"application\/ld+json\" class=\"yoast-schema-graph\">{\"@context\":\"https:\\\/\\\/schema.org\",\"@graph\":[{\"@type\":\"Article\",\"@id\":\"https:\\\/\\\/akunq.net\\\/tr\\\/?p=27746#article\",\"isPartOf\":{\"@id\":\"https:\\\/\\\/akunq.net\\\/tr\\\/?p=27746\"},\"author\":{\"name\":\"admin\",\"@id\":\"https:\\\/\\\/akunq.net\\\/tr\\\/#\\\/schema\\\/person\\\/096f1d38a12cce57fb855b485ed24c9e\"},\"headline\":\"Polonyal\u0131 siyaset uzman\u0131: Ermeni Soyk\u0131r\u0131m\u0131n\u0131n tan\u0131nmas\u0131 meselesi T\u00fcrkiye\u2019de se\u00e7im kampanyas\u0131 g\u00fcndem meselesine d\u00f6n\u00fc\u015f\u00fcr\",\"datePublished\":\"2014-01-08T07:51:15+00:00\",\"mainEntityOfPage\":{\"@id\":\"https:\\\/\\\/akunq.net\\\/tr\\\/?p=27746\"},\"wordCount\":261,\"commentCount\":0,\"image\":{\"@id\":\"https:\\\/\\\/akunq.net\\\/tr\\\/?p=27746#primaryimage\"},\"thumbnailUrl\":\"http:\\\/\\\/akunq.net\\\/tr\\\/wp-content\\\/uploads\\\/2014\\\/01\\\/Mateusz-Piskorski-300x224.jpg\",\"articleSection\":[\"Haberler\"],\"inLanguage\":\"en-US\",\"potentialAction\":[{\"@type\":\"CommentAction\",\"name\":\"Comment\",\"target\":[\"https:\\\/\\\/akunq.net\\\/tr\\\/?p=27746#respond\"]}]},{\"@type\":\"WebPage\",\"@id\":\"https:\\\/\\\/akunq.net\\\/tr\\\/?p=27746\",\"url\":\"https:\\\/\\\/akunq.net\\\/tr\\\/?p=27746\",\"name\":\"Polonyal\u0131 siyaset uzman\u0131: Ermeni Soyk\u0131r\u0131m\u0131n\u0131n tan\u0131nmas\u0131 meselesi T\u00fcrkiye\u2019de se\u00e7im kampanyas\u0131 g\u00fcndem meselesine d\u00f6n\u00fc\u015f\u00fcr - Bati Ermenistan Ve Bati Ermenileri Sorunlari Ara\u015ftirmalar Merkezi\",\"isPartOf\":{\"@id\":\"https:\\\/\\\/akunq.net\\\/tr\\\/#website\"},\"primaryImageOfPage\":{\"@id\":\"https:\\\/\\\/akunq.net\\\/tr\\\/?p=27746#primaryimage\"},\"image\":{\"@id\":\"https:\\\/\\\/akunq.net\\\/tr\\\/?p=27746#primaryimage\"},\"thumbnailUrl\":\"http:\\\/\\\/akunq.net\\\/tr\\\/wp-content\\\/uploads\\\/2014\\\/01\\\/Mateusz-Piskorski-300x224.jpg\",\"datePublished\":\"2014-01-08T07:51:15+00:00\",\"author\":{\"@id\":\"https:\\\/\\\/akunq.net\\\/tr\\\/#\\\/schema\\\/person\\\/096f1d38a12cce57fb855b485ed24c9e\"},\"breadcrumb\":{\"@id\":\"https:\\\/\\\/akunq.net\\\/tr\\\/?p=27746#breadcrumb\"},\"inLanguage\":\"en-US\",\"potentialAction\":[{\"@type\":\"ReadAction\",\"target\":[\"https:\\\/\\\/akunq.net\\\/tr\\\/?p=27746\"]}]},{\"@type\":\"ImageObject\",\"inLanguage\":\"en-US\",\"@id\":\"https:\\\/\\\/akunq.net\\\/tr\\\/?p=27746#primaryimage\",\"url\":\"https:\\\/\\\/akunq.net\\\/tr\\\/wp-content\\\/uploads\\\/sites\\\/6\\\/2014\\\/01\\\/Mateusz-Piskorski.jpg\",\"contentUrl\":\"https:\\\/\\\/akunq.net\\\/tr\\\/wp-content\\\/uploads\\\/sites\\\/6\\\/2014\\\/01\\\/Mateusz-Piskorski.jpg\",\"width\":314,\"height\":235},{\"@type\":\"BreadcrumbList\",\"@id\":\"https:\\\/\\\/akunq.net\\\/tr\\\/?p=27746#breadcrumb\",\"itemListElement\":[{\"@type\":\"ListItem\",\"position\":1,\"name\":\"Home\",\"item\":\"https:\\\/\\\/akunq.net\\\/tr\"},{\"@type\":\"ListItem\",\"position\":2,\"name\":\"Polonyal\u0131 siyaset uzman\u0131: Ermeni Soyk\u0131r\u0131m\u0131n\u0131n tan\u0131nmas\u0131 meselesi T\u00fcrkiye\u2019de se\u00e7im kampanyas\u0131 g\u00fcndem meselesine d\u00f6n\u00fc\u015f\u00fcr\"}]},{\"@type\":\"WebSite\",\"@id\":\"https:\\\/\\\/akunq.net\\\/tr\\\/#website\",\"url\":\"https:\\\/\\\/akunq.net\\\/tr\\\/\",\"name\":\"Bati Ermenistan Ve Bati Ermenileri Sorunlari Ara\u015ftirmalar Merkezi\",\"description\":\"\",\"potentialAction\":[{\"@type\":\"SearchAction\",\"target\":{\"@type\":\"EntryPoint\",\"urlTemplate\":\"https:\\\/\\\/akunq.net\\\/tr\\\/?s={search_term_string}\"},\"query-input\":{\"@type\":\"PropertyValueSpecification\",\"valueRequired\":true,\"valueName\":\"search_term_string\"}}],\"inLanguage\":\"en-US\"},{\"@type\":\"Person\",\"@id\":\"https:\\\/\\\/akunq.net\\\/tr\\\/#\\\/schema\\\/person\\\/096f1d38a12cce57fb855b485ed24c9e\",\"name\":\"admin\",\"url\":\"https:\\\/\\\/akunq.net\\\/tr\\\/?author=7\"}]}<\/script>\n<!-- \/ Yoast SEO plugin. -->","yoast_head_json":{"title":"Polonyal\u0131 siyaset uzman\u0131: Ermeni Soyk\u0131r\u0131m\u0131n\u0131n tan\u0131nmas\u0131 meselesi T\u00fcrkiye\u2019de se\u00e7im kampanyas\u0131 g\u00fcndem meselesine d\u00f6n\u00fc\u015f\u00fcr - Bati Ermenistan Ve Bati Ermenileri Sorunlari Ara\u015ftirmalar Merkezi","robots":{"index":"index","follow":"follow","max-snippet":"max-snippet:-1","max-image-preview":"max-image-preview:large","max-video-preview":"max-video-preview:-1"},"canonical":"https:\/\/akunq.net\/tr\/?p=27746","og_locale":"en_US","og_type":"article","og_title":"Polonyal\u0131 siyaset uzman\u0131: Ermeni Soyk\u0131r\u0131m\u0131n\u0131n tan\u0131nmas\u0131 meselesi T\u00fcrkiye\u2019de se\u00e7im kampanyas\u0131 g\u00fcndem meselesine d\u00f6n\u00fc\u015f\u00fcr - Bati Ermenistan Ve Bati Ermenileri Sorunlari Ara\u015ftirmalar Merkezi","og_description":"T\u00fcrkiye Azerbaycan\u2019\u0131n esiridir, \u00f6yle ki Ermenistan\u2019la ili\u015fkilerin tesisi ve Z\u00fcrih Protokollerinin hayata ge\u00e7irilmesi olas\u0131l\u0131\u011f\u0131 az. NEWS.am muhabirine beyanat, Avrupa Jepolitik Analiz Merkez Gn. direkt\u00f6r\u00fc, siyaset bilimci Dr. Mateusz Piskorski\u2019den geldi. Dr. Mateusz Piskorski a\u00e7\u0131klamas\u0131nda \u20332014\u2019te T\u00fcrkiye d\u0131\u015f politikas\u0131nda nitel de\u011fi\u015fiklikler beklemeye mahal olmad\u0131\u011f\u0131n\u0131 san\u0131yorum. T\u00fcrkiye D\u0131\u015fi\u015fleri Bakan\u0131 Ahmet Davuto\u011flu\u2019nun Aral\u0131k\u2019taki ziyareti, b\u00fcy\u00fck bir ihtimalle sembolik [&hellip;]","og_url":"https:\/\/akunq.net\/tr\/?p=27746","og_site_name":"Bati Ermenistan Ve Bati Ermenileri Sorunlari Ara\u015ftirmalar Merkezi","article_published_time":"2014-01-08T07:51:15+00:00","og_image":[{"url":"http:\/\/akunq.net\/tr\/wp-content\/uploads\/2014\/01\/Mateusz-Piskorski-300x224.jpg","type":"","width":"","height":""}],"author":"admin","twitter_card":"summary_large_image","twitter_misc":{"Written by":"admin","Est. reading time":"1 minute"},"schema":{"@context":"https:\/\/schema.org","@graph":[{"@type":"Article","@id":"https:\/\/akunq.net\/tr\/?p=27746#article","isPartOf":{"@id":"https:\/\/akunq.net\/tr\/?p=27746"},"author":{"name":"admin","@id":"https:\/\/akunq.net\/tr\/#\/schema\/person\/096f1d38a12cce57fb855b485ed24c9e"},"headline":"Polonyal\u0131 siyaset uzman\u0131: Ermeni Soyk\u0131r\u0131m\u0131n\u0131n tan\u0131nmas\u0131 meselesi T\u00fcrkiye\u2019de se\u00e7im kampanyas\u0131 g\u00fcndem meselesine d\u00f6n\u00fc\u015f\u00fcr","datePublished":"2014-01-08T07:51:15+00:00","mainEntityOfPage":{"@id":"https:\/\/akunq.net\/tr\/?p=27746"},"wordCount":261,"commentCount":0,"image":{"@id":"https:\/\/akunq.net\/tr\/?p=27746#primaryimage"},"thumbnailUrl":"http:\/\/akunq.net\/tr\/wp-content\/uploads\/2014\/01\/Mateusz-Piskorski-300x224.jpg","articleSection":["Haberler"],"inLanguage":"en-US","potentialAction":[{"@type":"CommentAction","name":"Comment","target":["https:\/\/akunq.net\/tr\/?p=27746#respond"]}]},{"@type":"WebPage","@id":"https:\/\/akunq.net\/tr\/?p=27746","url":"https:\/\/akunq.net\/tr\/?p=27746","name":"Polonyal\u0131 siyaset uzman\u0131: Ermeni Soyk\u0131r\u0131m\u0131n\u0131n tan\u0131nmas\u0131 meselesi T\u00fcrkiye\u2019de se\u00e7im kampanyas\u0131 g\u00fcndem meselesine d\u00f6n\u00fc\u015f\u00fcr - Bati Ermenistan Ve Bati Ermenileri Sorunlari Ara\u015ftirmalar Merkezi","isPartOf":{"@id":"https:\/\/akunq.net\/tr\/#website"},"primaryImageOfPage":{"@id":"https:\/\/akunq.net\/tr\/?p=27746#primaryimage"},"image":{"@id":"https:\/\/akunq.net\/tr\/?p=27746#primaryimage"},"thumbnailUrl":"http:\/\/akunq.net\/tr\/wp-content\/uploads\/2014\/01\/Mateusz-Piskorski-300x224.jpg","datePublished":"2014-01-08T07:51:15+00:00","author":{"@id":"https:\/\/akunq.net\/tr\/#\/schema\/person\/096f1d38a12cce57fb855b485ed24c9e"},"breadcrumb":{"@id":"https:\/\/akunq.net\/tr\/?p=27746#breadcrumb"},"inLanguage":"en-US","potentialAction":[{"@type":"ReadAction","target":["https:\/\/akunq.net\/tr\/?p=27746"]}]},{"@type":"ImageObject","inLanguage":"en-US","@id":"https:\/\/akunq.net\/tr\/?p=27746#primaryimage","url":"https:\/\/akunq.net\/tr\/wp-content\/uploads\/sites\/6\/2014\/01\/Mateusz-Piskorski.jpg","contentUrl":"https:\/\/akunq.net\/tr\/wp-content\/uploads\/sites\/6\/2014\/01\/Mateusz-Piskorski.jpg","width":314,"height":235},{"@type":"BreadcrumbList","@id":"https:\/\/akunq.net\/tr\/?p=27746#breadcrumb","itemListElement":[{"@type":"ListItem","position":1,"name":"Home","item":"https:\/\/akunq.net\/tr"},{"@type":"ListItem","position":2,"name":"Polonyal\u0131 siyaset uzman\u0131: Ermeni Soyk\u0131r\u0131m\u0131n\u0131n tan\u0131nmas\u0131 meselesi T\u00fcrkiye\u2019de se\u00e7im kampanyas\u0131 g\u00fcndem meselesine d\u00f6n\u00fc\u015f\u00fcr"}]},{"@type":"WebSite","@id":"https:\/\/akunq.net\/tr\/#website","url":"https:\/\/akunq.net\/tr\/","name":"Bati Ermenistan Ve Bati Ermenileri Sorunlari Ara\u015ftirmalar Merkezi","description":"","potentialAction":[{"@type":"SearchAction","target":{"@type":"EntryPoint","urlTemplate":"https:\/\/akunq.net\/tr\/?s={search_term_string}"},"query-input":{"@type":"PropertyValueSpecification","valueRequired":true,"valueName":"search_term_string"}}],"inLanguage":"en-US"},{"@type":"Person","@id":"https:\/\/akunq.net\/tr\/#\/schema\/person\/096f1d38a12cce57fb855b485ed24c9e","name":"admin","url":"https:\/\/akunq.net\/tr\/?author=7"}]}},"_links":{"self":[{"href":"https:\/\/akunq.net\/tr\/index.php?rest_route=\/wp\/v2\/posts\/27746","targetHints":{"allow":["GET"]}}],"collection":[{"href":"https:\/\/akunq.net\/tr\/index.php?rest_route=\/wp\/v2\/posts"}],"about":[{"href":"https:\/\/akunq.net\/tr\/index.php?rest_route=\/wp\/v2\/types\/post"}],"author":[{"embeddable":true,"href":"https:\/\/akunq.net\/tr\/index.php?rest_route=\/wp\/v2\/users\/7"}],"replies":[{"embeddable":true,"href":"https:\/\/akunq.net\/tr\/index.php?rest_route=%2Fwp%2Fv2%2Fcomments&post=27746"}],"version-history":[{"count":1,"href":"https:\/\/akunq.net\/tr\/index.php?rest_route=\/wp\/v2\/posts\/27746\/revisions"}],"predecessor-version":[{"id":27748,"href":"https:\/\/akunq.net\/tr\/index.php?rest_route=\/wp\/v2\/posts\/27746\/revisions\/27748"}],"wp:attachment":[{"href":"https:\/\/akunq.net\/tr\/index.php?rest_route=%2Fwp%2Fv2%2Fmedia&parent=27746"}],"wp:term":[{"taxonomy":"category","embeddable":true,"href":"https:\/\/akunq.net\/tr\/index.php?rest_route=%2Fwp%2Fv2%2Fcategories&post=27746"},{"taxonomy":"post_tag","embeddable":true,"href":"https:\/\/akunq.net\/tr\/index.php?rest_route=%2Fwp%2Fv2%2Ftags&post=27746"}],"curies":[{"name":"wp","href":"https:\/\/api.w.org\/{rel}","templated":true}]}}