{"id":27737,"date":"2014-01-08T02:12:43","date_gmt":"2014-01-08T07:12:43","guid":{"rendered":"http:\/\/akunq.net\/tr\/?p=27737"},"modified":"2014-01-08T02:12:43","modified_gmt":"2014-01-08T07:12:43","slug":"diasporadan-isvicreye-perincek-baskisi","status":"publish","type":"post","link":"https:\/\/akunq.net\/tr\/?p=27737","title":{"rendered":"Diasporadan \u0130svi\u00e7re&#8217;ye Perin\u00e7ek bask\u0131s\u0131"},"content":{"rendered":"<h2 style=\"text-align: justify;\"><i><a href=\"http:\/\/akunq.net\/tr\/wp-content\/uploads\/2014\/01\/\u0553\u0565\u0580\u056b\u0576\u0579\u0565\u0584.jpg\"><img loading=\"lazy\" decoding=\"async\" class=\"alignright size-medium wp-image-27738\" alt=\"Turkish Workers Party (IP) leader Dogu Perincek gestures in front of his national flag and a portrait of Mustafa Kemal Ataturk during a press conference on the eve of his trial on denial of genocide 05 March 2007 in Renens. Perincek gave a speech on the Armenian genocide during a celebration of the 82nd anniversary of the 1923 Treaty of Lausanne which fixed the borders of modern-day Turkey.  AFP PHOTO \/ FABRICE COFFRINI\" src=\"http:\/\/akunq.net\/tr\/wp-content\/uploads\/2014\/01\/\u0553\u0565\u0580\u056b\u0576\u0579\u0565\u0584-300x225.jpg\" width=\"300\" height=\"225\" srcset=\"https:\/\/akunq.net\/tr\/wp-content\/uploads\/sites\/6\/2014\/01\/\u0553\u0565\u0580\u056b\u0576\u0579\u0565\u0584-300x225.jpg 300w, https:\/\/akunq.net\/tr\/wp-content\/uploads\/sites\/6\/2014\/01\/\u0553\u0565\u0580\u056b\u0576\u0579\u0565\u0584.jpg 313w\" sizes=\"auto, (max-width: 300px) 100vw, 300px\" \/><\/a>Ermeni diasporas\u0131 Do\u011fu Perin\u00e7ek&#8217;in Avrupa \u0130nsan Haklar\u0131 Mahkemesi&#8217;nde (A\u0130HM) kazand\u0131\u011f\u0131 &#8220;soyk\u0131r\u0131m\u0131&#8221; davas\u0131 karar\u0131n\u0131 de\u011fi\u015ftirmek amac\u0131yla \u0130svi\u00e7re&#8217;ye bask\u0131 yapmaya ba\u015flad\u0131. <\/i><\/h2>\n<p style=\"text-align: justify;\"><b><i>Strasbourg &#8211;<\/i><\/b> Fransa Ermeni Te\u015fkilatlar\u0131 Koordinasyon Kurumu, davay\u0131 kaybeden \u0130svi\u00e7re&#8217;nin A\u0130HM&#8217;de karara kar\u015f\u0131 temyize ba\u015fvurmas\u0131 i\u00e7in uluslararas\u0131 dilek\u00e7e kampanyas\u0131 ba\u015flatt\u0131.<\/p>\n<p style=\"text-align: justify;\">\u0130svi\u00e7re Adalet Bakan\u0131 Simonetta Sommaruga&#8217;ya hitaben haz\u0131rlanan dilek\u00e7ede, A\u0130HM&#8217;nin Do\u011fu Perin\u00e7ek karar\u0131 i\u00e7in &#8220;al\u00e7ak, sorumsuz ve sa\u00e7ma&#8221; gibi s\u0131fatlar kullan\u0131ld\u0131.<\/p>\n<p style=\"text-align: justify;\">Karar A\u0130HM tarihi a\u00e7\u0131s\u0131ndan &#8220;mutlak bir ay\u0131p&#8221; olarak tan\u0131mlan\u0131p, Strasbourg mahkemesinin &#8220;Ermeni soyk\u0131r\u0131m\u0131n\u0131n inkarc\u0131 propagandas\u0131na katk\u0131da bulundu\u011fu&#8221; \u00f6ne s\u00fcr\u00fcld\u00fc.<\/p>\n<p style=\"text-align: justify;\">Do\u011fu Perin\u00e7ek davas\u0131nda sadece &#8220;T\u00fcrk taraf\u0131n\u0131n g\u00f6r\u00fc\u015flerinin al\u0131nd\u0131\u011f\u0131, Ermenilerin g\u00f6r\u00fc\u015flerinin ise dinlenmedi\u011finin&#8221; savunuldu\u011fu dilek\u00e7ede, ba\u015fta Fransa olmak \u00fczere ba\u015fka devletlere konu hakk\u0131nda g\u00f6r\u00fc\u015f belirtme olana\u011f\u0131 tan\u0131mak amac\u0131yla \u0130svi\u00e7re h\u00fck\u00fcmetinden A\u0130HM&#8217;nin 17 yarg\u0131\u00e7l\u0131 B\u00fcy\u00fck dairesi \u00f6n\u00fcnde karara itiraz etmesi istendi.<\/p>\n<p style=\"text-align: justify;\"><b>\u0130SV\u0130\u00c7RE&#8217;N\u0130N \u0130T\u0130RAZ HAKKI VAR <\/b><br \/>\n\u0130svi\u00e7re h\u00fck\u00fcmetinin karara itiraz i\u00e7in 17 Mart 2014 tarihine kadar s\u00fcresi bulunuyor. Bern h\u00fck\u00fcmeti itiraz etmezse karar kesinle\u015fmi\u015f olacak. Ancak \u0130svi\u00e7re&#8217;nin itiraz talebi de davan\u0131n otomatik olarak yeniden ve esastan g\u00f6r\u00fclece\u011fi anlam\u0131na gelmiyor. Bunun i\u00e7in A\u0130HM&#8217;nin itiraz gerek\u00e7elerini inceleyip kabul etmesi gerekiyor.<\/p>\n<p style=\"text-align: justify;\">A\u0130HM 17 Aral\u0131k 2013 tarihinde a\u00e7\u0131klad\u0131\u011f\u0131 karar\u0131nda, Do\u011fu Perin\u00e7ek&#8217;in &#8220;Ermeni soyk\u0131r\u0131m\u0131n\u0131 inkar etti\u011fi&#8221; gerek\u00e7esiyle \u0130svi\u00e7re&#8217;de yarg\u0131lan\u0131p mahkum edilmesini Avrupa \u0130nsan Haklar\u0131 S\u00f6zle\u015fmesi&#8217;nin ifade \u00f6zg\u00fcrl\u00fc\u011f\u00fcyle ilgili maddesine ayk\u0131r\u0131 bulmu\u015ftu. Strasbourg Mahkemesi, \u0130svi\u00e7re mahkemelerinin Perin\u00e7ek&#8217;i &#8220;\u0131rk\u00e7\u0131 ayr\u0131mc\u0131l\u0131ktan&#8221; mahkum eden kararlar\u0131n\u0131 &#8220;toplumsal tart\u0131\u015fmaya katk\u0131y\u0131 cayd\u0131r\u0131c\u0131 sans\u00fcr&#8221; olarak tan\u0131mlam\u0131\u015f, Yahudi soyk\u0131r\u0131m\u0131 ile 1915 olaylar\u0131 aras\u0131nda paralellik kurulamayaca\u011f\u0131na h\u00fckmetmi\u015fti.<\/p>\n<p style=\"text-align: justify;\">Do\u011fu Perin\u00e7ek, \u0130svi\u00e7re&#8217;de 2005 y\u0131l\u0131nda \u00e7\u0131kar\u0131lan &#8220;Ermeni soyk\u0131r\u0131m\u0131n\u0131&#8221; inkar yasas\u0131n\u0131n ard\u0131ndan bu \u00fclkeye giderek \u00fc\u00e7 de\u011fi\u015fik kentte kat\u0131ld\u0131\u011f\u0131 konferans ve toplant\u0131larda bu iddialar\u0131 inkar eden konu\u015fmalar yapm\u0131\u015f ve bu nedenle \u0130svi\u00e7re mahkemeleri taraf\u0131ndan 90 g\u00fcn hapis cezas\u0131na mahkum edilmi\u015fti.<\/p>\n<p style=\"text-align: justify;\">Temyiz ba\u015fvurular\u0131 reddedilen Perin\u00e7ek&#8217;in mahkumiyeti daha sonra para cezas\u0131na \u00e7evrilmi\u015fti. \u0130svi\u00e7re mahkemeleri \u00f6n\u00fcnde kaybeden Perin\u00e7ek 2008 y\u0131l\u0131nda A\u0130HM&#8217;ye ba\u015fvurmu\u015f, T\u00fcrk h\u00fck\u00fcmeti de 2010 y\u0131l\u0131nda davaya Perin\u00e7ek&#8217;in yan\u0131nda m\u00fcdahil olmu\u015ftu.<\/p>\n<p style=\"text-align: justify;\"><b><i>Kayhan KARACA <\/i><\/b><\/p>\n<p style=\"text-align: justify;\"><b><i>http:\/\/www.ntvmsnbc.com\/id\/25490076\/<\/i><\/b><\/p>\n","protected":false},"excerpt":{"rendered":"<p>Ermeni diasporas\u0131 Do\u011fu Perin\u00e7ek&#8217;in Avrupa \u0130nsan Haklar\u0131 Mahkemesi&#8217;nde (A\u0130HM) kazand\u0131\u011f\u0131 &#8220;soyk\u0131r\u0131m\u0131&#8221; davas\u0131 karar\u0131n\u0131 de\u011fi\u015ftirmek amac\u0131yla \u0130svi\u00e7re&#8217;ye bask\u0131 yapmaya ba\u015flad\u0131. Strasbourg &#8211; Fransa Ermeni Te\u015fkilatlar\u0131 Koordinasyon Kurumu, davay\u0131 kaybeden \u0130svi\u00e7re&#8217;nin A\u0130HM&#8217;de karara kar\u015f\u0131 temyize ba\u015fvurmas\u0131 i\u00e7in uluslararas\u0131 dilek\u00e7e kampanyas\u0131 ba\u015flatt\u0131. \u0130svi\u00e7re Adalet Bakan\u0131 Simonetta Sommaruga&#8217;ya hitaben haz\u0131rlanan dilek\u00e7ede, A\u0130HM&#8217;nin Do\u011fu Perin\u00e7ek karar\u0131 i\u00e7in &#8220;al\u00e7ak, sorumsuz ve [&hellip;]<\/p>\n","protected":false},"author":7,"featured_media":0,"comment_status":"open","ping_status":"open","sticky":false,"template":"","format":"standard","meta":{"footnotes":""},"categories":[1],"tags":[],"class_list":["post-27737","post","type-post","status-publish","format-standard","hentry","category-haberler"],"yoast_head":"<!-- This site is optimized with the Yoast SEO plugin v27.4 - https:\/\/yoast.com\/product\/yoast-seo-wordpress\/ -->\n<title>Diasporadan \u0130svi\u00e7re&#039;ye Perin\u00e7ek bask\u0131s\u0131 - Bati Ermenistan Ve Bati Ermenileri Sorunlari Ara\u015ftirmalar Merkezi<\/title>\n<meta name=\"robots\" content=\"index, follow, max-snippet:-1, max-image-preview:large, max-video-preview:-1\" \/>\n<link rel=\"canonical\" href=\"https:\/\/akunq.net\/tr\/?p=27737\" \/>\n<meta property=\"og:locale\" content=\"en_US\" \/>\n<meta property=\"og:type\" content=\"article\" \/>\n<meta property=\"og:title\" content=\"Diasporadan \u0130svi\u00e7re&#039;ye Perin\u00e7ek bask\u0131s\u0131 - Bati Ermenistan Ve Bati Ermenileri Sorunlari Ara\u015ftirmalar Merkezi\" \/>\n<meta property=\"og:description\" content=\"Ermeni diasporas\u0131 Do\u011fu Perin\u00e7ek&#8217;in Avrupa \u0130nsan Haklar\u0131 Mahkemesi&#8217;nde (A\u0130HM) kazand\u0131\u011f\u0131 &#8220;soyk\u0131r\u0131m\u0131&#8221; davas\u0131 karar\u0131n\u0131 de\u011fi\u015ftirmek amac\u0131yla \u0130svi\u00e7re&#8217;ye bask\u0131 yapmaya ba\u015flad\u0131. Strasbourg &#8211; Fransa Ermeni Te\u015fkilatlar\u0131 Koordinasyon Kurumu, davay\u0131 kaybeden \u0130svi\u00e7re&#8217;nin A\u0130HM&#8217;de karara kar\u015f\u0131 temyize ba\u015fvurmas\u0131 i\u00e7in uluslararas\u0131 dilek\u00e7e kampanyas\u0131 ba\u015flatt\u0131. \u0130svi\u00e7re Adalet Bakan\u0131 Simonetta Sommaruga&#8217;ya hitaben haz\u0131rlanan dilek\u00e7ede, A\u0130HM&#8217;nin Do\u011fu Perin\u00e7ek karar\u0131 i\u00e7in &#8220;al\u00e7ak, sorumsuz ve [&hellip;]\" \/>\n<meta property=\"og:url\" content=\"https:\/\/akunq.net\/tr\/?p=27737\" \/>\n<meta property=\"og:site_name\" content=\"Bati Ermenistan Ve Bati Ermenileri Sorunlari Ara\u015ftirmalar Merkezi\" \/>\n<meta property=\"article:published_time\" content=\"2014-01-08T07:12:43+00:00\" \/>\n<meta name=\"author\" content=\"admin\" \/>\n<meta name=\"twitter:card\" content=\"summary_large_image\" \/>\n<meta name=\"twitter:label1\" content=\"Written by\" \/>\n\t<meta name=\"twitter:data1\" content=\"admin\" \/>\n\t<meta name=\"twitter:label2\" content=\"Est. reading time\" \/>\n\t<meta name=\"twitter:data2\" content=\"2 minutes\" \/>\n<script type=\"application\/ld+json\" class=\"yoast-schema-graph\">{\"@context\":\"https:\\\/\\\/schema.org\",\"@graph\":[{\"@type\":\"Article\",\"@id\":\"https:\\\/\\\/akunq.net\\\/tr\\\/?p=27737#article\",\"isPartOf\":{\"@id\":\"https:\\\/\\\/akunq.net\\\/tr\\\/?p=27737\"},\"author\":{\"name\":\"admin\",\"@id\":\"https:\\\/\\\/akunq.net\\\/tr\\\/#\\\/schema\\\/person\\\/096f1d38a12cce57fb855b485ed24c9e\"},\"headline\":\"Diasporadan \u0130svi\u00e7re&#8217;ye Perin\u00e7ek bask\u0131s\u0131\",\"datePublished\":\"2014-01-08T07:12:43+00:00\",\"mainEntityOfPage\":{\"@id\":\"https:\\\/\\\/akunq.net\\\/tr\\\/?p=27737\"},\"wordCount\":460,\"commentCount\":0,\"articleSection\":[\"Haberler\"],\"inLanguage\":\"en-US\",\"potentialAction\":[{\"@type\":\"CommentAction\",\"name\":\"Comment\",\"target\":[\"https:\\\/\\\/akunq.net\\\/tr\\\/?p=27737#respond\"]}]},{\"@type\":\"WebPage\",\"@id\":\"https:\\\/\\\/akunq.net\\\/tr\\\/?p=27737\",\"url\":\"https:\\\/\\\/akunq.net\\\/tr\\\/?p=27737\",\"name\":\"Diasporadan \u0130svi\u00e7re'ye Perin\u00e7ek bask\u0131s\u0131 - Bati Ermenistan Ve Bati Ermenileri Sorunlari Ara\u015ftirmalar Merkezi\",\"isPartOf\":{\"@id\":\"https:\\\/\\\/akunq.net\\\/tr\\\/#website\"},\"datePublished\":\"2014-01-08T07:12:43+00:00\",\"author\":{\"@id\":\"https:\\\/\\\/akunq.net\\\/tr\\\/#\\\/schema\\\/person\\\/096f1d38a12cce57fb855b485ed24c9e\"},\"breadcrumb\":{\"@id\":\"https:\\\/\\\/akunq.net\\\/tr\\\/?p=27737#breadcrumb\"},\"inLanguage\":\"en-US\",\"potentialAction\":[{\"@type\":\"ReadAction\",\"target\":[\"https:\\\/\\\/akunq.net\\\/tr\\\/?p=27737\"]}]},{\"@type\":\"BreadcrumbList\",\"@id\":\"https:\\\/\\\/akunq.net\\\/tr\\\/?p=27737#breadcrumb\",\"itemListElement\":[{\"@type\":\"ListItem\",\"position\":1,\"name\":\"Home\",\"item\":\"https:\\\/\\\/akunq.net\\\/tr\"},{\"@type\":\"ListItem\",\"position\":2,\"name\":\"Diasporadan \u0130svi\u00e7re&#8217;ye Perin\u00e7ek bask\u0131s\u0131\"}]},{\"@type\":\"WebSite\",\"@id\":\"https:\\\/\\\/akunq.net\\\/tr\\\/#website\",\"url\":\"https:\\\/\\\/akunq.net\\\/tr\\\/\",\"name\":\"Bati Ermenistan Ve Bati Ermenileri Sorunlari Ara\u015ftirmalar Merkezi\",\"description\":\"\",\"potentialAction\":[{\"@type\":\"SearchAction\",\"target\":{\"@type\":\"EntryPoint\",\"urlTemplate\":\"https:\\\/\\\/akunq.net\\\/tr\\\/?s={search_term_string}\"},\"query-input\":{\"@type\":\"PropertyValueSpecification\",\"valueRequired\":true,\"valueName\":\"search_term_string\"}}],\"inLanguage\":\"en-US\"},{\"@type\":\"Person\",\"@id\":\"https:\\\/\\\/akunq.net\\\/tr\\\/#\\\/schema\\\/person\\\/096f1d38a12cce57fb855b485ed24c9e\",\"name\":\"admin\",\"url\":\"https:\\\/\\\/akunq.net\\\/tr\\\/?author=7\"}]}<\/script>\n<!-- \/ Yoast SEO plugin. -->","yoast_head_json":{"title":"Diasporadan \u0130svi\u00e7re'ye Perin\u00e7ek bask\u0131s\u0131 - Bati Ermenistan Ve Bati Ermenileri Sorunlari Ara\u015ftirmalar Merkezi","robots":{"index":"index","follow":"follow","max-snippet":"max-snippet:-1","max-image-preview":"max-image-preview:large","max-video-preview":"max-video-preview:-1"},"canonical":"https:\/\/akunq.net\/tr\/?p=27737","og_locale":"en_US","og_type":"article","og_title":"Diasporadan \u0130svi\u00e7re'ye Perin\u00e7ek bask\u0131s\u0131 - Bati Ermenistan Ve Bati Ermenileri Sorunlari Ara\u015ftirmalar Merkezi","og_description":"Ermeni diasporas\u0131 Do\u011fu Perin\u00e7ek&#8217;in Avrupa \u0130nsan Haklar\u0131 Mahkemesi&#8217;nde (A\u0130HM) kazand\u0131\u011f\u0131 &#8220;soyk\u0131r\u0131m\u0131&#8221; davas\u0131 karar\u0131n\u0131 de\u011fi\u015ftirmek amac\u0131yla \u0130svi\u00e7re&#8217;ye bask\u0131 yapmaya ba\u015flad\u0131. Strasbourg &#8211; Fransa Ermeni Te\u015fkilatlar\u0131 Koordinasyon Kurumu, davay\u0131 kaybeden \u0130svi\u00e7re&#8217;nin A\u0130HM&#8217;de karara kar\u015f\u0131 temyize ba\u015fvurmas\u0131 i\u00e7in uluslararas\u0131 dilek\u00e7e kampanyas\u0131 ba\u015flatt\u0131. \u0130svi\u00e7re Adalet Bakan\u0131 Simonetta Sommaruga&#8217;ya hitaben haz\u0131rlanan dilek\u00e7ede, A\u0130HM&#8217;nin Do\u011fu Perin\u00e7ek karar\u0131 i\u00e7in &#8220;al\u00e7ak, sorumsuz ve [&hellip;]","og_url":"https:\/\/akunq.net\/tr\/?p=27737","og_site_name":"Bati Ermenistan Ve Bati Ermenileri Sorunlari Ara\u015ftirmalar Merkezi","article_published_time":"2014-01-08T07:12:43+00:00","author":"admin","twitter_card":"summary_large_image","twitter_misc":{"Written by":"admin","Est. reading time":"2 minutes"},"schema":{"@context":"https:\/\/schema.org","@graph":[{"@type":"Article","@id":"https:\/\/akunq.net\/tr\/?p=27737#article","isPartOf":{"@id":"https:\/\/akunq.net\/tr\/?p=27737"},"author":{"name":"admin","@id":"https:\/\/akunq.net\/tr\/#\/schema\/person\/096f1d38a12cce57fb855b485ed24c9e"},"headline":"Diasporadan \u0130svi\u00e7re&#8217;ye Perin\u00e7ek bask\u0131s\u0131","datePublished":"2014-01-08T07:12:43+00:00","mainEntityOfPage":{"@id":"https:\/\/akunq.net\/tr\/?p=27737"},"wordCount":460,"commentCount":0,"articleSection":["Haberler"],"inLanguage":"en-US","potentialAction":[{"@type":"CommentAction","name":"Comment","target":["https:\/\/akunq.net\/tr\/?p=27737#respond"]}]},{"@type":"WebPage","@id":"https:\/\/akunq.net\/tr\/?p=27737","url":"https:\/\/akunq.net\/tr\/?p=27737","name":"Diasporadan \u0130svi\u00e7re'ye Perin\u00e7ek bask\u0131s\u0131 - Bati Ermenistan Ve Bati Ermenileri Sorunlari Ara\u015ftirmalar Merkezi","isPartOf":{"@id":"https:\/\/akunq.net\/tr\/#website"},"datePublished":"2014-01-08T07:12:43+00:00","author":{"@id":"https:\/\/akunq.net\/tr\/#\/schema\/person\/096f1d38a12cce57fb855b485ed24c9e"},"breadcrumb":{"@id":"https:\/\/akunq.net\/tr\/?p=27737#breadcrumb"},"inLanguage":"en-US","potentialAction":[{"@type":"ReadAction","target":["https:\/\/akunq.net\/tr\/?p=27737"]}]},{"@type":"BreadcrumbList","@id":"https:\/\/akunq.net\/tr\/?p=27737#breadcrumb","itemListElement":[{"@type":"ListItem","position":1,"name":"Home","item":"https:\/\/akunq.net\/tr"},{"@type":"ListItem","position":2,"name":"Diasporadan \u0130svi\u00e7re&#8217;ye Perin\u00e7ek bask\u0131s\u0131"}]},{"@type":"WebSite","@id":"https:\/\/akunq.net\/tr\/#website","url":"https:\/\/akunq.net\/tr\/","name":"Bati Ermenistan Ve Bati Ermenileri Sorunlari Ara\u015ftirmalar Merkezi","description":"","potentialAction":[{"@type":"SearchAction","target":{"@type":"EntryPoint","urlTemplate":"https:\/\/akunq.net\/tr\/?s={search_term_string}"},"query-input":{"@type":"PropertyValueSpecification","valueRequired":true,"valueName":"search_term_string"}}],"inLanguage":"en-US"},{"@type":"Person","@id":"https:\/\/akunq.net\/tr\/#\/schema\/person\/096f1d38a12cce57fb855b485ed24c9e","name":"admin","url":"https:\/\/akunq.net\/tr\/?author=7"}]}},"_links":{"self":[{"href":"https:\/\/akunq.net\/tr\/index.php?rest_route=\/wp\/v2\/posts\/27737","targetHints":{"allow":["GET"]}}],"collection":[{"href":"https:\/\/akunq.net\/tr\/index.php?rest_route=\/wp\/v2\/posts"}],"about":[{"href":"https:\/\/akunq.net\/tr\/index.php?rest_route=\/wp\/v2\/types\/post"}],"author":[{"embeddable":true,"href":"https:\/\/akunq.net\/tr\/index.php?rest_route=\/wp\/v2\/users\/7"}],"replies":[{"embeddable":true,"href":"https:\/\/akunq.net\/tr\/index.php?rest_route=%2Fwp%2Fv2%2Fcomments&post=27737"}],"version-history":[{"count":1,"href":"https:\/\/akunq.net\/tr\/index.php?rest_route=\/wp\/v2\/posts\/27737\/revisions"}],"predecessor-version":[{"id":27739,"href":"https:\/\/akunq.net\/tr\/index.php?rest_route=\/wp\/v2\/posts\/27737\/revisions\/27739"}],"wp:attachment":[{"href":"https:\/\/akunq.net\/tr\/index.php?rest_route=%2Fwp%2Fv2%2Fmedia&parent=27737"}],"wp:term":[{"taxonomy":"category","embeddable":true,"href":"https:\/\/akunq.net\/tr\/index.php?rest_route=%2Fwp%2Fv2%2Fcategories&post=27737"},{"taxonomy":"post_tag","embeddable":true,"href":"https:\/\/akunq.net\/tr\/index.php?rest_route=%2Fwp%2Fv2%2Ftags&post=27737"}],"curies":[{"name":"wp","href":"https:\/\/api.w.org\/{rel}","templated":true}]}}