{"id":27727,"date":"2013-12-30T02:10:47","date_gmt":"2013-12-30T07:10:47","guid":{"rendered":"http:\/\/akunq.net\/tr\/?p=27727"},"modified":"2013-12-30T02:10:47","modified_gmt":"2013-12-30T07:10:47","slug":"pontoslularin-olum-yolculugunda-turk-alman-ortakligi","status":"publish","type":"post","link":"https:\/\/akunq.net\/tr\/?p=27727","title":{"rendered":"Pontoslular\u0131n \u00d6l\u00fcm Yolculu\u011funda  T\u00fcrk \u2013 Alman Ortakl\u0131\u011f\u0131"},"content":{"rendered":"<p style=\"text-align: justify;\"><b><a href=\"http:\/\/akunq.net\/tr\/wp-content\/uploads\/2013\/12\/Sait-\u00c7etino\u011flu1.jpg\"><img loading=\"lazy\" decoding=\"async\" class=\"alignright size-full wp-image-27728\" alt=\"Sait \u00c7etino\u011flu\" src=\"http:\/\/akunq.net\/tr\/wp-content\/uploads\/2013\/12\/Sait-\u00c7etino\u011flu1.jpg\" width=\"259\" height=\"195\" \/><\/a>Sait \u00c7etino\u011flu<\/b><\/p>\n<p style=\"text-align: justify;\">Almanlar\u0131n Ermenilerin\u00a0 \u201ctehcir\u201d ad\u0131 alt\u0131nda \u00f6l\u00fcm yolculu\u011funa \u00e7\u0131kar\u0131lmas\u0131ndaki su\u00e7 ortakl\u0131\u011f\u0131 gibi\u00a0 gibi Pontos\u2019taki \u201ctehcir\u201d ad\u0131 alt\u0131nda \u00f6l\u00fcm yolculu\u011funa \u00e7\u0131kar\u0131lmas\u0131nda da bat\u0131 anadoluda oldu\u011fu gibi Almanlar\u0131n sorumlulu\u011fu bulunmaktad\u0131r. Ayd\u0131n mebusu Emmanuil Emmanuilidis<a title=\"\" href=\"#_ftn1\"><b><b>[1]<\/b><\/b><\/a> \u00a0bu su\u00e7 ortakl\u0131\u011f\u0131n\u0131 \u015fu c\u00fcmle ile \u00f6zetler: T\u00fcrkiye\u2019de asker\u00ee harek\u00e2tlar\u0131 y\u00f6netmekte olan Almanlar\u0131n asker\u00ee misyonlar\u0131n\u0131n yapmad\u0131klar\u0131 kalmad\u0131. Amasya Milletvekili T. Arzoglu\u2019nun da \u015fahit oldu\u011fu bir olay bu konuda teredd\u00fcde yer b\u0131rakmad\u0131\u011f\u0131n\u0131n s\u00f6yleyebiliriz: Kad\u0131k\u00f6y sakinlerinin s\u00fcrg\u00fcn\u00fcnden \u00f6nce, esi Rum olan Italyan konsolosunun ailesi i\u00e7 k\u0131s\u0131mlara s\u00fcr\u00fcld\u00fc. Ayr\u0131l\u0131s g\u00fcn\u00fcnde kad\u0131nlar, akrabalar ve dostlar a\u011flarken, Alman el\u00e7isi \u201cBunlar neden a\u011fl\u0131yor? Birazdan b\u00fct\u00fcn Samsun gidecek.\u201d Alman temsilcisi \u00f6l\u00fcm yolculu\u011fundan haberdard\u0131r.\u00a0 Emmanuilidis\u00d6l\u00fcm yolculu\u011funun haberini\u00a0 Dr. Scheder taraf\u0131ndan Alman el\u00e7iliginin bir telgraf\u0131 ile\u00a0 Giresun Metropoliti\u2019ne tebli\u011f etti\u011fini bildirir. Bu telgrafta \u201cSahilin bosalt\u0131lmas\u0131 s\u0131rf asker\u00ee bir \u00f6nlemdir. Bo\u015faltma an\u0131nda asker\u00ee ihtiyac\u0131n limitleri as\u0131lmamal\u0131d\u0131r. Bir ayl\u0131k s\u00fcre i\u00e7inde, sahilden i\u00e7e dogru 50 km mesafeye kadar olan b\u00f6lgeler bosalt\u0131lacakt\u0131r. G\u00f6nderileceklerin her biri, bu m\u00fchlet i\u00e7inde gidecekleri g\u00fcn\u00fc, hatta sonradan kalacaklar\u0131 yeri tayin edebilecektir. Bunlar\u0131n her biri ta\u015f\u0131yabilece\u011fi kadar her \u015feyini, yan\u0131nda almakta serbesttir. M\u00fclklerine dokunulmay\u0131p, onlara zarar verilmeyecektir. Isteyen m\u00fclk\u00fcn\u00fc bek\u00e7ilere teslim edebilir\u201d deniliyordu. Giresun Metropoliti 20 Kas\u0131m 1916 g\u00fcn\u00fc Vehip Pasa\u2019dan ayn\u0131 i\u00e7eri\u011fi ta\u015f\u0131yan bir telgraf\u0131 yeniden almas\u0131, dikkat edilecek bir noktad\u0131r ve T\u00fcrk-Alman koordinasyonunun g\u00f6stergesi oldu\u011funu s\u00f6yleyebiliriz. M\u00fclklere dokunmamak s\u00f6z konusu de\u011fildir. Bo\u015faltman\u0131n hemen ard\u0131ndan g\u00f6\u00e7menler yerle\u015ftiriliyor yada b\u00f6lgenin egemenleri taraf\u0131ndan el konuluyordu. Bu konuda bir\u00e7ok Osmanl\u0131 belgeleri ar\u015fivlerde mevcuttur.<\/p>\n<p style=\"text-align: justify;\">Emmanuilidis \u201cElbette Almanlar\u0131n<a title=\"\" href=\"#_ftn2\">[2]<\/a> i\u00e7inde, olaylara s\u0131k\u0131nt\u0131yla bakan insanlar da vard\u0131. Ama yukarda an\u0131msad\u0131\u011f\u0131m\u0131z telgraflara g\u00f6re, Karadeniz (Pontos) k\u0131y\u0131 b\u00f6lgesinin bo\u015falt\u0131lmas\u0131 m\u00fc\u015fterek bir T\u00fcrk-Alman karar\u0131yd\u0131. Alman politikas\u0131, b\u00fct\u00fcn T\u00fcrkiye sahillerini Rumlardan ar\u0131nd\u0131rma program\u0131n\u0131 ac\u0131mas\u0131zca takip ediyordu ve elbette Rumlar\u0131n tamamen T\u00fcrk b\u00f6lgeleri olan i\u00e7 kesimlere s\u00fcr\u00fclmeleri onlar\u0131n yok olmas\u0131 manas\u0131na geliyordu. Bu m\u00fc\u015fterek T\u00fcrk-Alman karar\u0131n\u0131, Almanya\u2019n\u0131n ilgisizli\u011fi ama T\u00fcrkiye\u2019nin harfiyen ger\u00e7ekle\u015ftirme eylemi takip ediyordu ve halk\u0131n imhas\u0131 engelsiz olarak devam ediyordu.\u201d<\/p>\n<p style=\"text-align: justify;\"><b><i>Akunq.net<\/i><\/b><\/p>\n<div><br clear=\"all\" \/><\/p>\n<hr align=\"left\" size=\"1\" width=\"33%\" \/>\n<div style=\"text-align: justify;\">\n<p><a title=\"\" href=\"#_ftnref1\">[1]<\/a> Emmanuil Emmanuilidis, Osmanl\u0131 \u0130mparatorlu\u011fu\u2019nun Son Y\u0131llar\u0131, Belge yay\u0131nlar\u0131 \u00c7ev. Niko \u00c7anak\u00e7\u0131o\u011flu s.160.( Emmanuil Emmanuilidis, Eski Osmanl\u0131 Meclis-i Mebusan\u2019\u0131n Izmir ve Ayd\u0131n Milletvekili sonras\u0131nda Yunan Milli Meclisinin 1926, 1928 ve 1936 Parlamento se\u00e7imlerinde Atina milletvekili olarak se\u00e7ilmi\u015f Venizelos H\u00fck\u00fcmeti\u2019nde de\u00a0 (1928-1931) Sosyal Dayanasma Bakanl\u0131\u011f\u0131 g\u00f6revini \u00fcstlenmi\u015ftir.<\/p>\n<\/div>\n<div>\n<p style=\"text-align: justify;\"><a title=\"\" href=\"#_ftnref2\">[2]<\/a> Giresun halk\u0131 Kont Schulemburg\u2019a kars\u0131 fazlas\u0131yla m\u00fcttessekirdi, \u00e7\u00fcnk\u00fc bunun tutumu halka kars\u0131 \u0131l\u0131ml\u0131yd\u0131! Hatta kendisi ve subaylar\u0131n\u0131n resm\u00ee \u00fcniformalar\u0131yla, Kilisedeki ayini izlemeleri onlar\u0131 daha da rahatlatm\u0131st\u0131. Amasya Metropoliti Germanos hem Almanlardan madalya alm\u0131s hem de baz\u0131 subaylarla, yak\u0131n iliskide bulunarak, onlar\u0131n vas\u0131tas\u0131yla Patrikhaneler\u2019e baz\u0131 raporlar\u0131n\u0131 g\u00f6nderebilmistir.<\/p>\n<\/div>\n<\/div>\n","protected":false},"excerpt":{"rendered":"<p>Sait \u00c7etino\u011flu Almanlar\u0131n Ermenilerin\u00a0 \u201ctehcir\u201d ad\u0131 alt\u0131nda \u00f6l\u00fcm yolculu\u011funa \u00e7\u0131kar\u0131lmas\u0131ndaki su\u00e7 ortakl\u0131\u011f\u0131 gibi\u00a0 gibi Pontos\u2019taki \u201ctehcir\u201d ad\u0131 alt\u0131nda \u00f6l\u00fcm yolculu\u011funa \u00e7\u0131kar\u0131lmas\u0131nda da bat\u0131 anadoluda oldu\u011fu gibi Almanlar\u0131n sorumlulu\u011fu bulunmaktad\u0131r. Ayd\u0131n mebusu Emmanuil Emmanuilidis[1] \u00a0bu su\u00e7 ortakl\u0131\u011f\u0131n\u0131 \u015fu c\u00fcmle ile \u00f6zetler: T\u00fcrkiye\u2019de asker\u00ee harek\u00e2tlar\u0131 y\u00f6netmekte olan Almanlar\u0131n asker\u00ee misyonlar\u0131n\u0131n yapmad\u0131klar\u0131 kalmad\u0131. Amasya Milletvekili T. Arzoglu\u2019nun da [&hellip;]<\/p>\n","protected":false},"author":7,"featured_media":0,"comment_status":"open","ping_status":"open","sticky":false,"template":"","format":"standard","meta":{"footnotes":""},"categories":[1],"tags":[],"class_list":["post-27727","post","type-post","status-publish","format-standard","hentry","category-haberler"],"yoast_head":"<!-- This site is optimized with the Yoast SEO plugin v27.4 - https:\/\/yoast.com\/product\/yoast-seo-wordpress\/ -->\n<title>Pontoslular\u0131n \u00d6l\u00fcm Yolculu\u011funda T\u00fcrk \u2013 Alman Ortakl\u0131\u011f\u0131 - Bati Ermenistan Ve Bati Ermenileri Sorunlari Ara\u015ftirmalar Merkezi<\/title>\n<meta name=\"robots\" content=\"index, follow, max-snippet:-1, max-image-preview:large, max-video-preview:-1\" \/>\n<link rel=\"canonical\" href=\"https:\/\/akunq.net\/tr\/?p=27727\" \/>\n<meta property=\"og:locale\" content=\"en_US\" \/>\n<meta property=\"og:type\" content=\"article\" \/>\n<meta property=\"og:title\" content=\"Pontoslular\u0131n \u00d6l\u00fcm Yolculu\u011funda T\u00fcrk \u2013 Alman Ortakl\u0131\u011f\u0131 - Bati Ermenistan Ve Bati Ermenileri Sorunlari Ara\u015ftirmalar Merkezi\" \/>\n<meta property=\"og:description\" content=\"Sait \u00c7etino\u011flu Almanlar\u0131n Ermenilerin\u00a0 \u201ctehcir\u201d ad\u0131 alt\u0131nda \u00f6l\u00fcm yolculu\u011funa \u00e7\u0131kar\u0131lmas\u0131ndaki su\u00e7 ortakl\u0131\u011f\u0131 gibi\u00a0 gibi Pontos\u2019taki \u201ctehcir\u201d ad\u0131 alt\u0131nda \u00f6l\u00fcm yolculu\u011funa \u00e7\u0131kar\u0131lmas\u0131nda da bat\u0131 anadoluda oldu\u011fu gibi Almanlar\u0131n sorumlulu\u011fu bulunmaktad\u0131r. Ayd\u0131n mebusu Emmanuil Emmanuilidis[1] \u00a0bu su\u00e7 ortakl\u0131\u011f\u0131n\u0131 \u015fu c\u00fcmle ile \u00f6zetler: T\u00fcrkiye\u2019de asker\u00ee harek\u00e2tlar\u0131 y\u00f6netmekte olan Almanlar\u0131n asker\u00ee misyonlar\u0131n\u0131n yapmad\u0131klar\u0131 kalmad\u0131. Amasya Milletvekili T. Arzoglu\u2019nun da [&hellip;]\" \/>\n<meta property=\"og:url\" content=\"https:\/\/akunq.net\/tr\/?p=27727\" \/>\n<meta property=\"og:site_name\" content=\"Bati Ermenistan Ve Bati Ermenileri Sorunlari Ara\u015ftirmalar Merkezi\" \/>\n<meta property=\"article:published_time\" content=\"2013-12-30T07:10:47+00:00\" \/>\n<meta name=\"author\" content=\"admin\" \/>\n<meta name=\"twitter:card\" content=\"summary_large_image\" \/>\n<meta name=\"twitter:label1\" content=\"Written by\" \/>\n\t<meta name=\"twitter:data1\" content=\"admin\" \/>\n\t<meta name=\"twitter:label2\" content=\"Est. reading time\" \/>\n\t<meta name=\"twitter:data2\" content=\"3 minutes\" \/>\n<script type=\"application\/ld+json\" class=\"yoast-schema-graph\">{\"@context\":\"https:\\\/\\\/schema.org\",\"@graph\":[{\"@type\":\"Article\",\"@id\":\"https:\\\/\\\/akunq.net\\\/tr\\\/?p=27727#article\",\"isPartOf\":{\"@id\":\"https:\\\/\\\/akunq.net\\\/tr\\\/?p=27727\"},\"author\":{\"name\":\"admin\",\"@id\":\"https:\\\/\\\/akunq.net\\\/tr\\\/#\\\/schema\\\/person\\\/096f1d38a12cce57fb855b485ed24c9e\"},\"headline\":\"Pontoslular\u0131n \u00d6l\u00fcm Yolculu\u011funda T\u00fcrk \u2013 Alman Ortakl\u0131\u011f\u0131\",\"datePublished\":\"2013-12-30T07:10:47+00:00\",\"mainEntityOfPage\":{\"@id\":\"https:\\\/\\\/akunq.net\\\/tr\\\/?p=27727\"},\"wordCount\":584,\"commentCount\":0,\"articleSection\":[\"Haberler\"],\"inLanguage\":\"en-US\",\"potentialAction\":[{\"@type\":\"CommentAction\",\"name\":\"Comment\",\"target\":[\"https:\\\/\\\/akunq.net\\\/tr\\\/?p=27727#respond\"]}]},{\"@type\":\"WebPage\",\"@id\":\"https:\\\/\\\/akunq.net\\\/tr\\\/?p=27727\",\"url\":\"https:\\\/\\\/akunq.net\\\/tr\\\/?p=27727\",\"name\":\"Pontoslular\u0131n \u00d6l\u00fcm Yolculu\u011funda T\u00fcrk \u2013 Alman Ortakl\u0131\u011f\u0131 - Bati Ermenistan Ve Bati Ermenileri Sorunlari Ara\u015ftirmalar Merkezi\",\"isPartOf\":{\"@id\":\"https:\\\/\\\/akunq.net\\\/tr\\\/#website\"},\"datePublished\":\"2013-12-30T07:10:47+00:00\",\"author\":{\"@id\":\"https:\\\/\\\/akunq.net\\\/tr\\\/#\\\/schema\\\/person\\\/096f1d38a12cce57fb855b485ed24c9e\"},\"breadcrumb\":{\"@id\":\"https:\\\/\\\/akunq.net\\\/tr\\\/?p=27727#breadcrumb\"},\"inLanguage\":\"en-US\",\"potentialAction\":[{\"@type\":\"ReadAction\",\"target\":[\"https:\\\/\\\/akunq.net\\\/tr\\\/?p=27727\"]}]},{\"@type\":\"BreadcrumbList\",\"@id\":\"https:\\\/\\\/akunq.net\\\/tr\\\/?p=27727#breadcrumb\",\"itemListElement\":[{\"@type\":\"ListItem\",\"position\":1,\"name\":\"Home\",\"item\":\"https:\\\/\\\/akunq.net\\\/tr\"},{\"@type\":\"ListItem\",\"position\":2,\"name\":\"Pontoslular\u0131n \u00d6l\u00fcm Yolculu\u011funda T\u00fcrk \u2013 Alman Ortakl\u0131\u011f\u0131\"}]},{\"@type\":\"WebSite\",\"@id\":\"https:\\\/\\\/akunq.net\\\/tr\\\/#website\",\"url\":\"https:\\\/\\\/akunq.net\\\/tr\\\/\",\"name\":\"Bati Ermenistan Ve Bati Ermenileri Sorunlari Ara\u015ftirmalar Merkezi\",\"description\":\"\",\"potentialAction\":[{\"@type\":\"SearchAction\",\"target\":{\"@type\":\"EntryPoint\",\"urlTemplate\":\"https:\\\/\\\/akunq.net\\\/tr\\\/?s={search_term_string}\"},\"query-input\":{\"@type\":\"PropertyValueSpecification\",\"valueRequired\":true,\"valueName\":\"search_term_string\"}}],\"inLanguage\":\"en-US\"},{\"@type\":\"Person\",\"@id\":\"https:\\\/\\\/akunq.net\\\/tr\\\/#\\\/schema\\\/person\\\/096f1d38a12cce57fb855b485ed24c9e\",\"name\":\"admin\",\"url\":\"https:\\\/\\\/akunq.net\\\/tr\\\/?author=7\"}]}<\/script>\n<!-- \/ Yoast SEO plugin. -->","yoast_head_json":{"title":"Pontoslular\u0131n \u00d6l\u00fcm Yolculu\u011funda T\u00fcrk \u2013 Alman Ortakl\u0131\u011f\u0131 - Bati Ermenistan Ve Bati Ermenileri Sorunlari Ara\u015ftirmalar Merkezi","robots":{"index":"index","follow":"follow","max-snippet":"max-snippet:-1","max-image-preview":"max-image-preview:large","max-video-preview":"max-video-preview:-1"},"canonical":"https:\/\/akunq.net\/tr\/?p=27727","og_locale":"en_US","og_type":"article","og_title":"Pontoslular\u0131n \u00d6l\u00fcm Yolculu\u011funda T\u00fcrk \u2013 Alman Ortakl\u0131\u011f\u0131 - Bati Ermenistan Ve Bati Ermenileri Sorunlari Ara\u015ftirmalar Merkezi","og_description":"Sait \u00c7etino\u011flu Almanlar\u0131n Ermenilerin\u00a0 \u201ctehcir\u201d ad\u0131 alt\u0131nda \u00f6l\u00fcm yolculu\u011funa \u00e7\u0131kar\u0131lmas\u0131ndaki su\u00e7 ortakl\u0131\u011f\u0131 gibi\u00a0 gibi Pontos\u2019taki \u201ctehcir\u201d ad\u0131 alt\u0131nda \u00f6l\u00fcm yolculu\u011funa \u00e7\u0131kar\u0131lmas\u0131nda da bat\u0131 anadoluda oldu\u011fu gibi Almanlar\u0131n sorumlulu\u011fu bulunmaktad\u0131r. Ayd\u0131n mebusu Emmanuil Emmanuilidis[1] \u00a0bu su\u00e7 ortakl\u0131\u011f\u0131n\u0131 \u015fu c\u00fcmle ile \u00f6zetler: T\u00fcrkiye\u2019de asker\u00ee harek\u00e2tlar\u0131 y\u00f6netmekte olan Almanlar\u0131n asker\u00ee misyonlar\u0131n\u0131n yapmad\u0131klar\u0131 kalmad\u0131. Amasya Milletvekili T. Arzoglu\u2019nun da [&hellip;]","og_url":"https:\/\/akunq.net\/tr\/?p=27727","og_site_name":"Bati Ermenistan Ve Bati Ermenileri Sorunlari Ara\u015ftirmalar Merkezi","article_published_time":"2013-12-30T07:10:47+00:00","author":"admin","twitter_card":"summary_large_image","twitter_misc":{"Written by":"admin","Est. reading time":"3 minutes"},"schema":{"@context":"https:\/\/schema.org","@graph":[{"@type":"Article","@id":"https:\/\/akunq.net\/tr\/?p=27727#article","isPartOf":{"@id":"https:\/\/akunq.net\/tr\/?p=27727"},"author":{"name":"admin","@id":"https:\/\/akunq.net\/tr\/#\/schema\/person\/096f1d38a12cce57fb855b485ed24c9e"},"headline":"Pontoslular\u0131n \u00d6l\u00fcm Yolculu\u011funda T\u00fcrk \u2013 Alman Ortakl\u0131\u011f\u0131","datePublished":"2013-12-30T07:10:47+00:00","mainEntityOfPage":{"@id":"https:\/\/akunq.net\/tr\/?p=27727"},"wordCount":584,"commentCount":0,"articleSection":["Haberler"],"inLanguage":"en-US","potentialAction":[{"@type":"CommentAction","name":"Comment","target":["https:\/\/akunq.net\/tr\/?p=27727#respond"]}]},{"@type":"WebPage","@id":"https:\/\/akunq.net\/tr\/?p=27727","url":"https:\/\/akunq.net\/tr\/?p=27727","name":"Pontoslular\u0131n \u00d6l\u00fcm Yolculu\u011funda T\u00fcrk \u2013 Alman Ortakl\u0131\u011f\u0131 - Bati Ermenistan Ve Bati Ermenileri Sorunlari Ara\u015ftirmalar Merkezi","isPartOf":{"@id":"https:\/\/akunq.net\/tr\/#website"},"datePublished":"2013-12-30T07:10:47+00:00","author":{"@id":"https:\/\/akunq.net\/tr\/#\/schema\/person\/096f1d38a12cce57fb855b485ed24c9e"},"breadcrumb":{"@id":"https:\/\/akunq.net\/tr\/?p=27727#breadcrumb"},"inLanguage":"en-US","potentialAction":[{"@type":"ReadAction","target":["https:\/\/akunq.net\/tr\/?p=27727"]}]},{"@type":"BreadcrumbList","@id":"https:\/\/akunq.net\/tr\/?p=27727#breadcrumb","itemListElement":[{"@type":"ListItem","position":1,"name":"Home","item":"https:\/\/akunq.net\/tr"},{"@type":"ListItem","position":2,"name":"Pontoslular\u0131n \u00d6l\u00fcm Yolculu\u011funda T\u00fcrk \u2013 Alman Ortakl\u0131\u011f\u0131"}]},{"@type":"WebSite","@id":"https:\/\/akunq.net\/tr\/#website","url":"https:\/\/akunq.net\/tr\/","name":"Bati Ermenistan Ve Bati Ermenileri Sorunlari Ara\u015ftirmalar Merkezi","description":"","potentialAction":[{"@type":"SearchAction","target":{"@type":"EntryPoint","urlTemplate":"https:\/\/akunq.net\/tr\/?s={search_term_string}"},"query-input":{"@type":"PropertyValueSpecification","valueRequired":true,"valueName":"search_term_string"}}],"inLanguage":"en-US"},{"@type":"Person","@id":"https:\/\/akunq.net\/tr\/#\/schema\/person\/096f1d38a12cce57fb855b485ed24c9e","name":"admin","url":"https:\/\/akunq.net\/tr\/?author=7"}]}},"_links":{"self":[{"href":"https:\/\/akunq.net\/tr\/index.php?rest_route=\/wp\/v2\/posts\/27727","targetHints":{"allow":["GET"]}}],"collection":[{"href":"https:\/\/akunq.net\/tr\/index.php?rest_route=\/wp\/v2\/posts"}],"about":[{"href":"https:\/\/akunq.net\/tr\/index.php?rest_route=\/wp\/v2\/types\/post"}],"author":[{"embeddable":true,"href":"https:\/\/akunq.net\/tr\/index.php?rest_route=\/wp\/v2\/users\/7"}],"replies":[{"embeddable":true,"href":"https:\/\/akunq.net\/tr\/index.php?rest_route=%2Fwp%2Fv2%2Fcomments&post=27727"}],"version-history":[{"count":1,"href":"https:\/\/akunq.net\/tr\/index.php?rest_route=\/wp\/v2\/posts\/27727\/revisions"}],"predecessor-version":[{"id":27729,"href":"https:\/\/akunq.net\/tr\/index.php?rest_route=\/wp\/v2\/posts\/27727\/revisions\/27729"}],"wp:attachment":[{"href":"https:\/\/akunq.net\/tr\/index.php?rest_route=%2Fwp%2Fv2%2Fmedia&parent=27727"}],"wp:term":[{"taxonomy":"category","embeddable":true,"href":"https:\/\/akunq.net\/tr\/index.php?rest_route=%2Fwp%2Fv2%2Fcategories&post=27727"},{"taxonomy":"post_tag","embeddable":true,"href":"https:\/\/akunq.net\/tr\/index.php?rest_route=%2Fwp%2Fv2%2Ftags&post=27727"}],"curies":[{"name":"wp","href":"https:\/\/api.w.org\/{rel}","templated":true}]}}