{"id":27724,"date":"2013-12-30T02:09:22","date_gmt":"2013-12-30T07:09:22","guid":{"rendered":"http:\/\/akunq.net\/tr\/?p=27724"},"modified":"2013-12-30T02:09:22","modified_gmt":"2013-12-30T07:09:22","slug":"hunharca-oldurulen-maritza-kucuk-cinayetinin-ve-noel-baba-yilbasi-kutlamalari-karsiti-protesto-eylemleri-uzerine","status":"publish","type":"post","link":"https:\/\/akunq.net\/tr\/?p=27724","title":{"rendered":"Hunharca \u00d6ld\u00fcr\u00fclen Maritza K\u00fc\u00e7\u00fck Cinayetinin ve Noel Baba ,Y\u0131lba\u015f\u0131 Kutlamalar\u0131 Kar\u015f\u0131t\u0131 Protesto Eylemleri \u00dczerine"},"content":{"rendered":"<p style=\"text-align: justify;\"><b><i><a href=\"http:\/\/akunq.net\/tr\/wp-content\/uploads\/2013\/12\/Nefret.jpg\"><img loading=\"lazy\" decoding=\"async\" class=\"alignright size-medium wp-image-27725\" alt=\"Nefret\" src=\"http:\/\/akunq.net\/tr\/wp-content\/uploads\/2013\/12\/Nefret-300x149.jpg\" width=\"300\" height=\"149\" srcset=\"https:\/\/akunq.net\/tr\/wp-content\/uploads\/sites\/6\/2013\/12\/Nefret-300x149.jpg 300w, https:\/\/akunq.net\/tr\/wp-content\/uploads\/sites\/6\/2013\/12\/Nefret.jpg 525w\" sizes=\"auto, (max-width: 300px) 100vw, 300px\" \/><\/a>Samatya&#8217;da Ya\u015fl\u0131 Maritsa K\u00fc\u00e7\u00fck&#8217;\u00fcn hunharca \u00f6ld\u00fcr\u00fclmesinin,Y\u0131lba\u015f\u0131 Kutlamalar\u0131 ve Noel Baba kar\u015f\u0131t\u0131 protesto eylemlerinin, \u015ei\u015fme Noel Baba&#8217;n\u0131n s\u00fcnnet edilip b\u0131\u00e7aklanmas\u0131n\u0131n, Noel Yortusunda \u0130stanbul-Kad\u0131k\u00f6y&#8217;deki camiden skandal mesaj\u0131n ard\u0131ndaki nefretin ve genel olarak ay\u0131r\u0131mc\u0131l\u0131\u011f\u0131n g\u00fcn ge\u00e7tik\u00e7e alevlenlenerek g\u00f6r\u00fcn\u00fcr hale gelmesi,T\u00fcrkiye&#8217;de bunlar\u0131 \u00f6nleyici ve uygulan\u0131r bir &#8221;Ay\u0131r\u0131mc\u0131l\u0131k, Kin ve Nefret Su\u00e7lar\u0131 Yasas\u0131&#8221;n\u0131n eksikli\u011finden kaynakland\u0131\u011f\u0131 san\u0131yorum.<\/i><\/b><\/p>\n<p style=\"text-align: justify;\">Dr.med.Sarkis Adam\u00a0&#8211; Samatya&#8217;da Ya\u015fl\u0131 Maritsa K\u00fc\u00e7\u00fck&#8217;\u00fcn hunharca \u00f6ld\u00fcr\u00fclmesinin,Y\u0131lba\u015f\u0131 Kutlamalar\u0131 ve Noel Baba kar\u015f\u0131t\u0131 protesto eylemlerinin, \u015ei\u015fme Noel Baba&#8217;n\u0131n s\u00fcnnet edilip b\u0131\u00e7aklanmas\u0131n\u0131n, Noel Yortusunda \u0130stanbul-Kad\u0131k\u00f6y&#8217;deki camiden skandal mesaj\u0131n ard\u0131ndaki nefretin ve genel olarak ay\u0131r\u0131mc\u0131l\u0131\u011f\u0131n g\u00fcn ge\u00e7tik\u00e7e alevlenlenerek g\u00f6r\u00fcn\u00fcr hale gelmesi,T\u00fcrkiye&#8217;de bunlar\u0131 \u00f6nleyici ve uygulan\u0131r bir &#8221;Ay\u0131r\u0131mc\u0131l\u0131k, Kin ve Nefret Su\u00e7lar\u0131 Yasas\u0131&#8221;n\u0131n eksikli\u011finden kaynakland\u0131\u011f\u0131 san\u0131yorum.<\/p>\n<p style=\"text-align: justify;\">Bu ba\u011flamda, Uluslaras\u0131 Az\u0131nl\u0131k Haklar\u0131(MRG) ve Diyarbak\u0131r Barosu taraf\u0131ndan ortakla\u015fa y\u00fcr\u00fct\u00fclen T\u00fcrkiye&#8217;de Ay\u0131r\u0131mc\u0131l\u0131kla M\u00fccadele ve Az\u0131nl\u0131k Haklar\u0131 Destekleme ba\u015fl\u0131kl\u0131 projesinin bir par\u00e7as\u0131 olarak haz\u0131rlanan ve yay\u0131nlanan &lt;Rapor&gt; un T\u00fcrkiye Ermeni Toplumunu ile ilgili b\u00f6l\u00fcmlerini payla\u015fman\u0131n ve konu ile ilgili kendi g\u00f6r\u00fc\u015flerimi belirtmenin yararl\u0131 olaca\u011f\u0131n\u0131 d\u00fc\u015f\u00fcnd\u00fcm.<\/p>\n<p style=\"text-align: justify;\">G\u00fcn\u00fcm\u00fczde Az\u0131nl\u0131k Haklar\u0131 T\u00fcrkiye&#8217;nin de tam \u00fcye oldu\u011fu, BM, Avrupa AG\u0130T komisyonu, Avrupa Konseyi, \u00fc\u00e7 temel \u00f6rg\u00fct taraf\u0131ndan geli\u015ftirilmekte ve takip edilmektedir.<\/p>\n<p style=\"text-align: justify;\">BM, Medeni ve Siyasi Haklara \u0130li\u015fkin Uluslararas\u0131 S\u00f6zle\u015fmenin 27.ci maddesi ile az\u0131nl\u0131klar\u0131n dini haklar\u0131 korunurken, BM Evrensel Beyannamesi de ay\u0131r\u0131mc\u0131l\u0131\u011f\u0131 yasaklamaktad\u0131r, buna ek olarak ayr\u0131ca BM in Her T\u00fcrl\u00fc Irk Ay\u0131r\u0131mc\u0131l\u0131\u011f\u0131n\u0131 Ortadan Kald\u0131r\u0131lmas\u0131na \u0130li\u015fkin S\u00f6zle\u015fme (CERD) ise ay\u0131r\u0131mc\u0131l\u0131\u011fa kar\u015f\u0131 evrensel korumay\u0131 sa\u011flamaktad\u0131r.<\/p>\n<p style=\"text-align: justify;\">Avrupa&#8217;da az\u0131nl\u0131klara ili\u015fkin ilk \u00f6nemli belge Ulusal Az\u0131nl\u0131klar\u0131n korunmas\u0131 i\u00e7in &lt;CER\u00c7REVE S\u00d6ZLE\u015eMES\u0130&gt;dir. Konseye \u00fcye 47 devletten, i\u00e7lerinde T\u00fcrkiye olmak 4 \u00fcye devlet bu s\u00f6zle\u015fmeyi imzalamam\u0131\u015flard\u0131r. Bu ba\u011flamda en g\u00fc\u00e7l\u00fc koruyucu Avrupa belgesi \u0130nsan Haklar\u0131 Ve Temel \u00d6zg\u00fcrl\u00fcklerin Korunmas\u0131na \u0130li\u015fkin Avrupa S\u00f6zle\u015fmesidir (A\u0130HS). Bu s\u00f6zle\u015fmenin 14.cu maddesi Ulusal Az\u0131nl\u0131k mensubu olma temeline dayal\u0131 ay\u0131r\u0131mc\u0131l\u0131\u011f\u0131 yasaklar, T\u00fcrkiye A\u0130HS e taraft\u0131r ve AIHS i yarg\u0131 yetkisine sahiptir.<\/p>\n<p style=\"text-align: justify;\">T\u00fcrkiye&#8217;de az\u0131nl\u0131klar\u0131n stat\u00fcs\u00fc az\u0131nl\u0131klar\u0131 din temeline dayal\u0131 olarak tan\u0131mlayan 1923 Lozan Antla\u015fmas\u0131 ile tesis edilmi\u015ftir. T\u00fcrkiye sistematik bir \u015fekilde Lozan antla\u015fmas\u0131n\u0131 ihlal etmektedir, kald\u0131 ki Lozan antla\u015fmas\u0131n\u0131n \u015fartlar\u0131n\u0131n tam olarak uygulanmas\u0131 halinde dahi T\u00fcrkiye&#8217;deki t\u00fcm az\u0131nl\u0131klara yasal korunma sa\u011flanm\u0131\u015f ve az\u0131nl\u0131klar\u0131n beklentileri kar\u015f\u0131lanm\u0131\u015f olm\u0131yacakt\u0131r.<\/p>\n<p style=\"text-align: justify;\">T\u00fcrkiye&#8217;de Anayasan\u0131n 10.cu maddesi ay\u0131r\u0131mc\u0131l\u0131k yas\u011f\u0131n\u0131 ve e\u015fit muameleyi g\u00fcvence alt\u0131na almaktad\u0131r, Lozan antla\u015fmas\u0131 \u00f6zel olarak m\u00fcsl\u00fcman olmayanlar\u0131 kanunlar \u00f6n\u00fcnde e\u015fitlik ve ay\u0131r\u0131mc\u0131l\u011fa u\u011framama haklar\u0131 tan\u0131maktad\u0131r.<\/p>\n<p style=\"text-align: justify;\">T\u00fcrk Ceza Kanunu ve \u0130\u00e7 kanun maddelerinde \u0131rk, din, mezhep veya b\u00f6lge temeline dayal\u0131 kin ve d\u00fc\u015fmanl\u0131\u011f\u0131 tahriki ve bu tahrik nedeniyle, kamu g\u00fcvenli\u011fi a\u00e7\u0131s\u0131ndan a\u00e7\u0131k ve yak\u0131n bir tehlikenin ortaya \u00e7\u0131kmas\u0131 halinde yasaklamaktad\u0131r, ancak \u00e7o\u011fu zaman savc\u0131lar bu maddeyi potansiyel olarak az\u0131nl\u0131klara nefret s\u00f6ylemlerine, \u0131rk\u00e7\u0131l\u0131\u011fa ve antisemitzme kar\u015f\u0131 korumak i\u00e7in ba\u015fvurmamaktad\u0131rlar.<\/p>\n<p style=\"text-align: justify;\">Hakim zihniyetler de\u011fi\u015fmedik\u00e7e, yap\u0131lacak yasal yenilklerin az\u0131nl\u0131klar\u0131 ay\u0131r\u0131mc\u0131l\u0131\u011fa ve nefret s\u00f6ylemlerine kar\u015f\u0131 tek ba\u015flar\u0131na korumak i\u00e7in yeterli olacaklar\u0131n\u0131 sanm\u0131yorum.<br \/>\nKan\u0131mca bu do\u011frultuda de\u011fi\u015fim ve d\u00fczeltmeler i\u00e7in \u00f6nce sosyal projeler \u00fcretmek ve geli\u015ftirmekle ba\u015flamal\u0131.<\/p>\n<p style=\"text-align: justify;\">1-Okul \u00f6ncesi e\u011fitimde ve okullarda ay\u0131r\u0131mc\u0131l\u0131\u011fa, nefret ve ho\u015fg\u00f6r\u00fcs\u00fczl\u00fc\u011fe kar\u015f\u0131 e\u011fitim sunulmal\u0131.<\/p>\n<p style=\"text-align: justify;\">2-Kapsaml\u0131 bir \u015fekilde ay\u0131r\u0131mc\u0131l\u0131k ve nefret uyand\u0131ran ifadelerle m\u00fccadele yasas\u0131 \u00e7\u0131kart\u0131lmal\u0131.<\/p>\n<p style=\"text-align: justify;\">3-Ay\u0131r\u0131mc\u0131l\u0131k Yasa\u011f\u0131 ve Nefret Su\u00e7lar\u0131 ile ilgili ba\u011f\u0131ms\u0131z bir Ulusal Kurum Olu\u015fturulmal\u0131.<\/p>\n<p style=\"text-align: justify;\">4-T\u00fcm ders kitaplar\u0131 sosyologlar, pisikologlar, insan haklar\u0131 savunucular\u0131, tarih\u00e7\u0131ler taraf\u0131ndan incelenmeli.<\/p>\n<p style=\"text-align: justify;\">5-Az\u0131nl\u0131klar hakk\u0131nda ay\u0131rmc\u0131 ve nefret ile ifadeleri kitaplardan temizlenlemeli ve T\u00fcrkiye tarihine ili\u015fkin yanl\u0131 kay\u0131tlar kitaplardan \u00e7\u0131kart\u0131lmal\u0131d\u0131r.<\/p>\n<p style=\"text-align: justify;\"><b><i>http:\/\/www.aykiridogrular.com\/haber-3569-Hunharca-Oldurulen-Maritza-Kucuk-Cinayetinin-ve-Noel-Baba-Yilbasi-Kutlamalari-Karsiti-Protesto-Eylemleri-Uzerine.html#.UsESkfv_kTA<\/i><\/b><\/p>\n","protected":false},"excerpt":{"rendered":"<p>Samatya&#8217;da Ya\u015fl\u0131 Maritsa K\u00fc\u00e7\u00fck&#8217;\u00fcn hunharca \u00f6ld\u00fcr\u00fclmesinin,Y\u0131lba\u015f\u0131 Kutlamalar\u0131 ve Noel Baba kar\u015f\u0131t\u0131 protesto eylemlerinin, \u015ei\u015fme Noel Baba&#8217;n\u0131n s\u00fcnnet edilip b\u0131\u00e7aklanmas\u0131n\u0131n, Noel Yortusunda \u0130stanbul-Kad\u0131k\u00f6y&#8217;deki camiden skandal mesaj\u0131n ard\u0131ndaki nefretin ve genel olarak ay\u0131r\u0131mc\u0131l\u0131\u011f\u0131n g\u00fcn ge\u00e7tik\u00e7e alevlenlenerek g\u00f6r\u00fcn\u00fcr hale gelmesi,T\u00fcrkiye&#8217;de bunlar\u0131 \u00f6nleyici ve uygulan\u0131r bir &#8221;Ay\u0131r\u0131mc\u0131l\u0131k, Kin ve Nefret Su\u00e7lar\u0131 Yasas\u0131&#8221;n\u0131n eksikli\u011finden kaynakland\u0131\u011f\u0131 san\u0131yorum. Dr.med.Sarkis Adam\u00a0&#8211; Samatya&#8217;da Ya\u015fl\u0131 [&hellip;]<\/p>\n","protected":false},"author":7,"featured_media":0,"comment_status":"open","ping_status":"open","sticky":false,"template":"","format":"standard","meta":{"footnotes":""},"categories":[1],"tags":[],"class_list":["post-27724","post","type-post","status-publish","format-standard","hentry","category-haberler"],"yoast_head":"<!-- This site is optimized with the Yoast SEO plugin v27.4 - https:\/\/yoast.com\/product\/yoast-seo-wordpress\/ -->\n<title>Hunharca \u00d6ld\u00fcr\u00fclen Maritza K\u00fc\u00e7\u00fck Cinayetinin ve Noel Baba ,Y\u0131lba\u015f\u0131 Kutlamalar\u0131 Kar\u015f\u0131t\u0131 Protesto Eylemleri \u00dczerine - Bati Ermenistan Ve Bati Ermenileri Sorunlari Ara\u015ftirmalar Merkezi<\/title>\n<meta name=\"robots\" content=\"index, follow, max-snippet:-1, max-image-preview:large, max-video-preview:-1\" \/>\n<link rel=\"canonical\" href=\"https:\/\/akunq.net\/tr\/?p=27724\" \/>\n<meta property=\"og:locale\" content=\"en_US\" \/>\n<meta property=\"og:type\" content=\"article\" \/>\n<meta property=\"og:title\" content=\"Hunharca \u00d6ld\u00fcr\u00fclen Maritza K\u00fc\u00e7\u00fck Cinayetinin ve Noel Baba ,Y\u0131lba\u015f\u0131 Kutlamalar\u0131 Kar\u015f\u0131t\u0131 Protesto Eylemleri \u00dczerine - Bati Ermenistan Ve Bati Ermenileri Sorunlari Ara\u015ftirmalar Merkezi\" \/>\n<meta property=\"og:description\" content=\"Samatya&#8217;da Ya\u015fl\u0131 Maritsa K\u00fc\u00e7\u00fck&#8217;\u00fcn hunharca \u00f6ld\u00fcr\u00fclmesinin,Y\u0131lba\u015f\u0131 Kutlamalar\u0131 ve Noel Baba kar\u015f\u0131t\u0131 protesto eylemlerinin, \u015ei\u015fme Noel Baba&#8217;n\u0131n s\u00fcnnet edilip b\u0131\u00e7aklanmas\u0131n\u0131n, Noel Yortusunda \u0130stanbul-Kad\u0131k\u00f6y&#8217;deki camiden skandal mesaj\u0131n ard\u0131ndaki nefretin ve genel olarak ay\u0131r\u0131mc\u0131l\u0131\u011f\u0131n g\u00fcn ge\u00e7tik\u00e7e alevlenlenerek g\u00f6r\u00fcn\u00fcr hale gelmesi,T\u00fcrkiye&#8217;de bunlar\u0131 \u00f6nleyici ve uygulan\u0131r bir &#8221;Ay\u0131r\u0131mc\u0131l\u0131k, Kin ve Nefret Su\u00e7lar\u0131 Yasas\u0131&#8221;n\u0131n eksikli\u011finden kaynakland\u0131\u011f\u0131 san\u0131yorum. Dr.med.Sarkis Adam\u00a0&#8211; Samatya&#8217;da Ya\u015fl\u0131 [&hellip;]\" \/>\n<meta property=\"og:url\" content=\"https:\/\/akunq.net\/tr\/?p=27724\" \/>\n<meta property=\"og:site_name\" content=\"Bati Ermenistan Ve Bati Ermenileri Sorunlari Ara\u015ftirmalar Merkezi\" \/>\n<meta property=\"article:published_time\" content=\"2013-12-30T07:09:22+00:00\" \/>\n<meta property=\"og:image\" content=\"http:\/\/akunq.net\/tr\/wp-content\/uploads\/2013\/12\/Nefret-300x149.jpg\" \/>\n<meta name=\"author\" content=\"admin\" \/>\n<meta name=\"twitter:card\" content=\"summary_large_image\" \/>\n<meta name=\"twitter:label1\" content=\"Written by\" \/>\n\t<meta name=\"twitter:data1\" content=\"admin\" \/>\n\t<meta name=\"twitter:label2\" content=\"Est. reading time\" \/>\n\t<meta name=\"twitter:data2\" content=\"4 minutes\" \/>\n<script type=\"application\/ld+json\" class=\"yoast-schema-graph\">{\"@context\":\"https:\\\/\\\/schema.org\",\"@graph\":[{\"@type\":\"Article\",\"@id\":\"https:\\\/\\\/akunq.net\\\/tr\\\/?p=27724#article\",\"isPartOf\":{\"@id\":\"https:\\\/\\\/akunq.net\\\/tr\\\/?p=27724\"},\"author\":{\"name\":\"admin\",\"@id\":\"https:\\\/\\\/akunq.net\\\/tr\\\/#\\\/schema\\\/person\\\/096f1d38a12cce57fb855b485ed24c9e\"},\"headline\":\"Hunharca \u00d6ld\u00fcr\u00fclen Maritza K\u00fc\u00e7\u00fck Cinayetinin ve Noel Baba ,Y\u0131lba\u015f\u0131 Kutlamalar\u0131 Kar\u015f\u0131t\u0131 Protesto Eylemleri \u00dczerine\",\"datePublished\":\"2013-12-30T07:09:22+00:00\",\"mainEntityOfPage\":{\"@id\":\"https:\\\/\\\/akunq.net\\\/tr\\\/?p=27724\"},\"wordCount\":848,\"commentCount\":0,\"image\":{\"@id\":\"https:\\\/\\\/akunq.net\\\/tr\\\/?p=27724#primaryimage\"},\"thumbnailUrl\":\"http:\\\/\\\/akunq.net\\\/tr\\\/wp-content\\\/uploads\\\/2013\\\/12\\\/Nefret-300x149.jpg\",\"articleSection\":[\"Haberler\"],\"inLanguage\":\"en-US\",\"potentialAction\":[{\"@type\":\"CommentAction\",\"name\":\"Comment\",\"target\":[\"https:\\\/\\\/akunq.net\\\/tr\\\/?p=27724#respond\"]}]},{\"@type\":\"WebPage\",\"@id\":\"https:\\\/\\\/akunq.net\\\/tr\\\/?p=27724\",\"url\":\"https:\\\/\\\/akunq.net\\\/tr\\\/?p=27724\",\"name\":\"Hunharca \u00d6ld\u00fcr\u00fclen Maritza K\u00fc\u00e7\u00fck Cinayetinin ve Noel Baba ,Y\u0131lba\u015f\u0131 Kutlamalar\u0131 Kar\u015f\u0131t\u0131 Protesto Eylemleri \u00dczerine - Bati Ermenistan Ve Bati Ermenileri Sorunlari Ara\u015ftirmalar Merkezi\",\"isPartOf\":{\"@id\":\"https:\\\/\\\/akunq.net\\\/tr\\\/#website\"},\"primaryImageOfPage\":{\"@id\":\"https:\\\/\\\/akunq.net\\\/tr\\\/?p=27724#primaryimage\"},\"image\":{\"@id\":\"https:\\\/\\\/akunq.net\\\/tr\\\/?p=27724#primaryimage\"},\"thumbnailUrl\":\"http:\\\/\\\/akunq.net\\\/tr\\\/wp-content\\\/uploads\\\/2013\\\/12\\\/Nefret-300x149.jpg\",\"datePublished\":\"2013-12-30T07:09:22+00:00\",\"author\":{\"@id\":\"https:\\\/\\\/akunq.net\\\/tr\\\/#\\\/schema\\\/person\\\/096f1d38a12cce57fb855b485ed24c9e\"},\"breadcrumb\":{\"@id\":\"https:\\\/\\\/akunq.net\\\/tr\\\/?p=27724#breadcrumb\"},\"inLanguage\":\"en-US\",\"potentialAction\":[{\"@type\":\"ReadAction\",\"target\":[\"https:\\\/\\\/akunq.net\\\/tr\\\/?p=27724\"]}]},{\"@type\":\"ImageObject\",\"inLanguage\":\"en-US\",\"@id\":\"https:\\\/\\\/akunq.net\\\/tr\\\/?p=27724#primaryimage\",\"url\":\"https:\\\/\\\/akunq.net\\\/tr\\\/wp-content\\\/uploads\\\/sites\\\/6\\\/2013\\\/12\\\/Nefret.jpg\",\"contentUrl\":\"https:\\\/\\\/akunq.net\\\/tr\\\/wp-content\\\/uploads\\\/sites\\\/6\\\/2013\\\/12\\\/Nefret.jpg\",\"width\":525,\"height\":262},{\"@type\":\"BreadcrumbList\",\"@id\":\"https:\\\/\\\/akunq.net\\\/tr\\\/?p=27724#breadcrumb\",\"itemListElement\":[{\"@type\":\"ListItem\",\"position\":1,\"name\":\"Home\",\"item\":\"https:\\\/\\\/akunq.net\\\/tr\"},{\"@type\":\"ListItem\",\"position\":2,\"name\":\"Hunharca \u00d6ld\u00fcr\u00fclen Maritza K\u00fc\u00e7\u00fck Cinayetinin ve Noel Baba ,Y\u0131lba\u015f\u0131 Kutlamalar\u0131 Kar\u015f\u0131t\u0131 Protesto Eylemleri \u00dczerine\"}]},{\"@type\":\"WebSite\",\"@id\":\"https:\\\/\\\/akunq.net\\\/tr\\\/#website\",\"url\":\"https:\\\/\\\/akunq.net\\\/tr\\\/\",\"name\":\"Bati Ermenistan Ve Bati Ermenileri Sorunlari Ara\u015ftirmalar Merkezi\",\"description\":\"\",\"potentialAction\":[{\"@type\":\"SearchAction\",\"target\":{\"@type\":\"EntryPoint\",\"urlTemplate\":\"https:\\\/\\\/akunq.net\\\/tr\\\/?s={search_term_string}\"},\"query-input\":{\"@type\":\"PropertyValueSpecification\",\"valueRequired\":true,\"valueName\":\"search_term_string\"}}],\"inLanguage\":\"en-US\"},{\"@type\":\"Person\",\"@id\":\"https:\\\/\\\/akunq.net\\\/tr\\\/#\\\/schema\\\/person\\\/096f1d38a12cce57fb855b485ed24c9e\",\"name\":\"admin\",\"url\":\"https:\\\/\\\/akunq.net\\\/tr\\\/?author=7\"}]}<\/script>\n<!-- \/ Yoast SEO plugin. -->","yoast_head_json":{"title":"Hunharca \u00d6ld\u00fcr\u00fclen Maritza K\u00fc\u00e7\u00fck Cinayetinin ve Noel Baba ,Y\u0131lba\u015f\u0131 Kutlamalar\u0131 Kar\u015f\u0131t\u0131 Protesto Eylemleri \u00dczerine - Bati Ermenistan Ve Bati Ermenileri Sorunlari Ara\u015ftirmalar Merkezi","robots":{"index":"index","follow":"follow","max-snippet":"max-snippet:-1","max-image-preview":"max-image-preview:large","max-video-preview":"max-video-preview:-1"},"canonical":"https:\/\/akunq.net\/tr\/?p=27724","og_locale":"en_US","og_type":"article","og_title":"Hunharca \u00d6ld\u00fcr\u00fclen Maritza K\u00fc\u00e7\u00fck Cinayetinin ve Noel Baba ,Y\u0131lba\u015f\u0131 Kutlamalar\u0131 Kar\u015f\u0131t\u0131 Protesto Eylemleri \u00dczerine - Bati Ermenistan Ve Bati Ermenileri Sorunlari Ara\u015ftirmalar Merkezi","og_description":"Samatya&#8217;da Ya\u015fl\u0131 Maritsa K\u00fc\u00e7\u00fck&#8217;\u00fcn hunharca \u00f6ld\u00fcr\u00fclmesinin,Y\u0131lba\u015f\u0131 Kutlamalar\u0131 ve Noel Baba kar\u015f\u0131t\u0131 protesto eylemlerinin, \u015ei\u015fme Noel Baba&#8217;n\u0131n s\u00fcnnet edilip b\u0131\u00e7aklanmas\u0131n\u0131n, Noel Yortusunda \u0130stanbul-Kad\u0131k\u00f6y&#8217;deki camiden skandal mesaj\u0131n ard\u0131ndaki nefretin ve genel olarak ay\u0131r\u0131mc\u0131l\u0131\u011f\u0131n g\u00fcn ge\u00e7tik\u00e7e alevlenlenerek g\u00f6r\u00fcn\u00fcr hale gelmesi,T\u00fcrkiye&#8217;de bunlar\u0131 \u00f6nleyici ve uygulan\u0131r bir &#8221;Ay\u0131r\u0131mc\u0131l\u0131k, Kin ve Nefret Su\u00e7lar\u0131 Yasas\u0131&#8221;n\u0131n eksikli\u011finden kaynakland\u0131\u011f\u0131 san\u0131yorum. Dr.med.Sarkis Adam\u00a0&#8211; Samatya&#8217;da Ya\u015fl\u0131 [&hellip;]","og_url":"https:\/\/akunq.net\/tr\/?p=27724","og_site_name":"Bati Ermenistan Ve Bati Ermenileri Sorunlari Ara\u015ftirmalar Merkezi","article_published_time":"2013-12-30T07:09:22+00:00","og_image":[{"url":"http:\/\/akunq.net\/tr\/wp-content\/uploads\/2013\/12\/Nefret-300x149.jpg","type":"","width":"","height":""}],"author":"admin","twitter_card":"summary_large_image","twitter_misc":{"Written by":"admin","Est. reading time":"4 minutes"},"schema":{"@context":"https:\/\/schema.org","@graph":[{"@type":"Article","@id":"https:\/\/akunq.net\/tr\/?p=27724#article","isPartOf":{"@id":"https:\/\/akunq.net\/tr\/?p=27724"},"author":{"name":"admin","@id":"https:\/\/akunq.net\/tr\/#\/schema\/person\/096f1d38a12cce57fb855b485ed24c9e"},"headline":"Hunharca \u00d6ld\u00fcr\u00fclen Maritza K\u00fc\u00e7\u00fck Cinayetinin ve Noel Baba ,Y\u0131lba\u015f\u0131 Kutlamalar\u0131 Kar\u015f\u0131t\u0131 Protesto Eylemleri \u00dczerine","datePublished":"2013-12-30T07:09:22+00:00","mainEntityOfPage":{"@id":"https:\/\/akunq.net\/tr\/?p=27724"},"wordCount":848,"commentCount":0,"image":{"@id":"https:\/\/akunq.net\/tr\/?p=27724#primaryimage"},"thumbnailUrl":"http:\/\/akunq.net\/tr\/wp-content\/uploads\/2013\/12\/Nefret-300x149.jpg","articleSection":["Haberler"],"inLanguage":"en-US","potentialAction":[{"@type":"CommentAction","name":"Comment","target":["https:\/\/akunq.net\/tr\/?p=27724#respond"]}]},{"@type":"WebPage","@id":"https:\/\/akunq.net\/tr\/?p=27724","url":"https:\/\/akunq.net\/tr\/?p=27724","name":"Hunharca \u00d6ld\u00fcr\u00fclen Maritza K\u00fc\u00e7\u00fck Cinayetinin ve Noel Baba ,Y\u0131lba\u015f\u0131 Kutlamalar\u0131 Kar\u015f\u0131t\u0131 Protesto Eylemleri \u00dczerine - Bati Ermenistan Ve Bati Ermenileri Sorunlari Ara\u015ftirmalar Merkezi","isPartOf":{"@id":"https:\/\/akunq.net\/tr\/#website"},"primaryImageOfPage":{"@id":"https:\/\/akunq.net\/tr\/?p=27724#primaryimage"},"image":{"@id":"https:\/\/akunq.net\/tr\/?p=27724#primaryimage"},"thumbnailUrl":"http:\/\/akunq.net\/tr\/wp-content\/uploads\/2013\/12\/Nefret-300x149.jpg","datePublished":"2013-12-30T07:09:22+00:00","author":{"@id":"https:\/\/akunq.net\/tr\/#\/schema\/person\/096f1d38a12cce57fb855b485ed24c9e"},"breadcrumb":{"@id":"https:\/\/akunq.net\/tr\/?p=27724#breadcrumb"},"inLanguage":"en-US","potentialAction":[{"@type":"ReadAction","target":["https:\/\/akunq.net\/tr\/?p=27724"]}]},{"@type":"ImageObject","inLanguage":"en-US","@id":"https:\/\/akunq.net\/tr\/?p=27724#primaryimage","url":"https:\/\/akunq.net\/tr\/wp-content\/uploads\/sites\/6\/2013\/12\/Nefret.jpg","contentUrl":"https:\/\/akunq.net\/tr\/wp-content\/uploads\/sites\/6\/2013\/12\/Nefret.jpg","width":525,"height":262},{"@type":"BreadcrumbList","@id":"https:\/\/akunq.net\/tr\/?p=27724#breadcrumb","itemListElement":[{"@type":"ListItem","position":1,"name":"Home","item":"https:\/\/akunq.net\/tr"},{"@type":"ListItem","position":2,"name":"Hunharca \u00d6ld\u00fcr\u00fclen Maritza K\u00fc\u00e7\u00fck Cinayetinin ve Noel Baba ,Y\u0131lba\u015f\u0131 Kutlamalar\u0131 Kar\u015f\u0131t\u0131 Protesto Eylemleri \u00dczerine"}]},{"@type":"WebSite","@id":"https:\/\/akunq.net\/tr\/#website","url":"https:\/\/akunq.net\/tr\/","name":"Bati Ermenistan Ve Bati Ermenileri Sorunlari Ara\u015ftirmalar Merkezi","description":"","potentialAction":[{"@type":"SearchAction","target":{"@type":"EntryPoint","urlTemplate":"https:\/\/akunq.net\/tr\/?s={search_term_string}"},"query-input":{"@type":"PropertyValueSpecification","valueRequired":true,"valueName":"search_term_string"}}],"inLanguage":"en-US"},{"@type":"Person","@id":"https:\/\/akunq.net\/tr\/#\/schema\/person\/096f1d38a12cce57fb855b485ed24c9e","name":"admin","url":"https:\/\/akunq.net\/tr\/?author=7"}]}},"_links":{"self":[{"href":"https:\/\/akunq.net\/tr\/index.php?rest_route=\/wp\/v2\/posts\/27724","targetHints":{"allow":["GET"]}}],"collection":[{"href":"https:\/\/akunq.net\/tr\/index.php?rest_route=\/wp\/v2\/posts"}],"about":[{"href":"https:\/\/akunq.net\/tr\/index.php?rest_route=\/wp\/v2\/types\/post"}],"author":[{"embeddable":true,"href":"https:\/\/akunq.net\/tr\/index.php?rest_route=\/wp\/v2\/users\/7"}],"replies":[{"embeddable":true,"href":"https:\/\/akunq.net\/tr\/index.php?rest_route=%2Fwp%2Fv2%2Fcomments&post=27724"}],"version-history":[{"count":1,"href":"https:\/\/akunq.net\/tr\/index.php?rest_route=\/wp\/v2\/posts\/27724\/revisions"}],"predecessor-version":[{"id":27726,"href":"https:\/\/akunq.net\/tr\/index.php?rest_route=\/wp\/v2\/posts\/27724\/revisions\/27726"}],"wp:attachment":[{"href":"https:\/\/akunq.net\/tr\/index.php?rest_route=%2Fwp%2Fv2%2Fmedia&parent=27724"}],"wp:term":[{"taxonomy":"category","embeddable":true,"href":"https:\/\/akunq.net\/tr\/index.php?rest_route=%2Fwp%2Fv2%2Fcategories&post=27724"},{"taxonomy":"post_tag","embeddable":true,"href":"https:\/\/akunq.net\/tr\/index.php?rest_route=%2Fwp%2Fv2%2Ftags&post=27724"}],"curies":[{"name":"wp","href":"https:\/\/api.w.org\/{rel}","templated":true}]}}