{"id":27705,"date":"2013-12-28T01:59:49","date_gmt":"2013-12-28T06:59:49","guid":{"rendered":"http:\/\/akunq.net\/tr\/?p=27705"},"modified":"2013-12-28T01:59:49","modified_gmt":"2013-12-28T06:59:49","slug":"mgkda-ortadogu-kuzey-afrika-suriye-ve-iraktaki-gelismeler-ele-alindi","status":"publish","type":"post","link":"https:\/\/akunq.net\/tr\/?p=27705","title":{"rendered":"MGK&#8217;da Ortado\u011fu, Kuzey Afrika, Suriye ve Irak&#8217;taki geli\u015fmeler ele al\u0131nd\u0131"},"content":{"rendered":"<p style=\"text-align: justify;\"><b><i><a href=\"http:\/\/akunq.net\/tr\/wp-content\/uploads\/2013\/12\/Milli-G\u00fcvenlik-Kurulunun-2013-y\u0131l\u0131n\u0131n-son-toplant\u0131s\u0131.jpg\"><img loading=\"lazy\" decoding=\"async\" class=\"alignright size-medium wp-image-27706\" alt=\"Milli G\u00fcvenlik Kurulu'nun 2013 y\u0131l\u0131n\u0131n son toplant\u0131s\u0131\" src=\"http:\/\/akunq.net\/tr\/wp-content\/uploads\/2013\/12\/Milli-G\u00fcvenlik-Kurulunun-2013-y\u0131l\u0131n\u0131n-son-toplant\u0131s\u0131-300x203.jpg\" width=\"300\" height=\"203\" srcset=\"https:\/\/akunq.net\/tr\/wp-content\/uploads\/sites\/6\/2013\/12\/Milli-G\u00fcvenlik-Kurulunun-2013-y\u0131l\u0131n\u0131n-son-toplant\u0131s\u0131-300x203.jpg 300w, https:\/\/akunq.net\/tr\/wp-content\/uploads\/sites\/6\/2013\/12\/Milli-G\u00fcvenlik-Kurulunun-2013-y\u0131l\u0131n\u0131n-son-toplant\u0131s\u0131-600x407.jpg 600w, https:\/\/akunq.net\/tr\/wp-content\/uploads\/sites\/6\/2013\/12\/Milli-G\u00fcvenlik-Kurulunun-2013-y\u0131l\u0131n\u0131n-son-toplant\u0131s\u0131.jpg 625w\" sizes=\"auto, (max-width: 300px) 100vw, 300px\" \/><\/a>Milli G\u00fcvenlik Kurulu&#8217;nun (MGK)\u00a02013 y\u0131l\u0131n\u0131n son toplant\u0131s\u0131 yap\u0131ld\u0131.<\/i><\/b><\/p>\n<p style=\"text-align: justify;\">Cumhurba\u015fkan\u0131 Abdullah G\u00fcl&#8217;\u00fcn ba\u015fkanl\u0131\u011f\u0131nda \u00c7ankaya K\u00f6\u015fk\u00fc&#8217;nde yap\u0131lan\u00a0toplant\u0131, 3,5 saat s\u00fcrd\u00fc.<\/p>\n<p style=\"text-align: justify;\">Bakanlar Kurulu&#8217;nda yap\u0131lan de\u011fi\u015fikli\u011fin ard\u0131ndan Ba\u015fbakan Yard\u0131mc\u0131s\u0131 Emrullah \u0130\u015fler ve \u0130\u00e7i\u015fleri Bakan\u0131 Efkan Ala ilk kez toplant\u0131ya kat\u0131ld\u0131. Bekir Bozda\u011f ise ilk kez Adalet Bakan\u0131 s\u0131fat\u0131yla toplant\u0131da yer ald\u0131.<\/p>\n<p style=\"text-align: justify;\"><strong>Suriye de g\u00f6r\u00fc\u015f\u00fcld\u00fc<\/strong><\/p>\n<p style=\"text-align: justify;\">Toplant\u0131n\u0131n ard\u0131ndan yaz\u0131l\u0131 a\u00e7\u0131klama yap\u0131ld\u0131.<\/p>\n<p style=\"text-align: justify;\">Y\u0131l\u0131n son toplant\u0131s\u0131n\u0131n ger\u00e7ekle\u015ftirildi\u011fi an\u0131msat\u0131lan a\u00e7\u0131klamada,\u00a0&#8220;Geride b\u0131rakt\u0131\u011f\u0131m\u0131z bir y\u0131l i\u00e7erisinde vatanda\u015flar\u0131m\u0131z\u0131n huzur ve g\u00fcvenli\u011fini ilgilendiren olaylar ile bunlara kar\u015f\u0131 y\u00fcr\u00fct\u00fclen faaliyetler g\u00f6r\u00fc\u015f\u00fclm\u00fc\u015f, bu kapsamda al\u0131nmas\u0131 gereken ilave tedbirler de\u011ferlendirilmi\u015ftir&#8221; denildi.<\/p>\n<p style=\"text-align: justify;\">Toplant\u0131da, Suriye&#8217;deki geli\u015fmelerin de g\u00f6r\u00fc\u015f\u00fcld\u00fc\u011f\u00fc kaydedilen a\u00e7\u0131klamada, Suriye&#8217;deki geli\u015fmelerin insani boyutunun, b\u00f6lgesel g\u00fcvenlik ve T\u00fcrkiye&#8217;nin g\u00fcvenli\u011fine y\u00f6nelik etkileri dahil olmak \u00fczere kapsaml\u0131 bir \u015fekilde ele al\u0131nd\u0131\u011f\u0131 ifade edildi.<\/p>\n<p style=\"text-align: justify;\">A\u00e7\u0131klamada, &#8220;\u00dclkede ihtilaf\u0131n halk\u0131n me\u015fru talep ve beklentileri do\u011frultusunda sona erdirilmesine y\u00f6nelik y\u00fcr\u00fct\u00fclen \u00e7abalarda gelinen a\u015fama m\u00fczakere edilmi\u015ftir&#8221; denilerek\u00a0T\u00fcrkiye&#8217;ye s\u0131\u011f\u0131nan Suriyelilerin durumunun da g\u00f6zden ge\u00e7irildi\u011fi aktar\u0131ld\u0131.<\/p>\n<p style=\"text-align: justify;\">MGK toplant\u0131s\u0131nda,\u00a0Ortado\u011fu ve Kuzey Afrika \u00fclkelerindeki geli\u015fmelerin de konu\u015fuldu\u011fu bildirilen\u00a0a\u00e7\u0131klamada,\u00a0Irak ile siyasi ve ekonomik ili\u015fkilerin g\u00f6r\u00fc\u015f\u00fcld\u00fc\u011f\u00fc, Irak&#8217;taki g\u00fcvenlik ve istikrar durumunun de\u011ferlendirildi\u011fi belirtildi.<\/p>\n<p style=\"text-align: justify;\"><b><i>http:\/\/www.aa.com.tr\/tr\/turkiye\/267523&#8211;mgk-toplantisi-sona-erdi<\/i><\/b><\/p>\n","protected":false},"excerpt":{"rendered":"<p>Milli G\u00fcvenlik Kurulu&#8217;nun (MGK)\u00a02013 y\u0131l\u0131n\u0131n son toplant\u0131s\u0131 yap\u0131ld\u0131. Cumhurba\u015fkan\u0131 Abdullah G\u00fcl&#8217;\u00fcn ba\u015fkanl\u0131\u011f\u0131nda \u00c7ankaya K\u00f6\u015fk\u00fc&#8217;nde yap\u0131lan\u00a0toplant\u0131, 3,5 saat s\u00fcrd\u00fc. Bakanlar Kurulu&#8217;nda yap\u0131lan de\u011fi\u015fikli\u011fin ard\u0131ndan Ba\u015fbakan Yard\u0131mc\u0131s\u0131 Emrullah \u0130\u015fler ve \u0130\u00e7i\u015fleri Bakan\u0131 Efkan Ala ilk kez toplant\u0131ya kat\u0131ld\u0131. Bekir Bozda\u011f ise ilk kez Adalet Bakan\u0131 s\u0131fat\u0131yla toplant\u0131da yer ald\u0131. Suriye de g\u00f6r\u00fc\u015f\u00fcld\u00fc Toplant\u0131n\u0131n ard\u0131ndan yaz\u0131l\u0131 a\u00e7\u0131klama yap\u0131ld\u0131. [&hellip;]<\/p>\n","protected":false},"author":7,"featured_media":0,"comment_status":"open","ping_status":"open","sticky":false,"template":"","format":"standard","meta":{"footnotes":""},"categories":[1],"tags":[],"class_list":["post-27705","post","type-post","status-publish","format-standard","hentry","category-haberler"],"yoast_head":"<!-- This site is optimized with the Yoast SEO plugin v27.4 - https:\/\/yoast.com\/product\/yoast-seo-wordpress\/ -->\n<title>MGK&#039;da Ortado\u011fu, Kuzey Afrika, Suriye ve Irak&#039;taki geli\u015fmeler ele al\u0131nd\u0131 - Bati Ermenistan Ve Bati Ermenileri Sorunlari Ara\u015ftirmalar Merkezi<\/title>\n<meta name=\"robots\" content=\"index, follow, max-snippet:-1, max-image-preview:large, max-video-preview:-1\" \/>\n<link rel=\"canonical\" href=\"https:\/\/akunq.net\/tr\/?p=27705\" \/>\n<meta property=\"og:locale\" content=\"en_US\" \/>\n<meta property=\"og:type\" content=\"article\" \/>\n<meta property=\"og:title\" content=\"MGK&#039;da Ortado\u011fu, Kuzey Afrika, Suriye ve Irak&#039;taki geli\u015fmeler ele al\u0131nd\u0131 - Bati Ermenistan Ve Bati Ermenileri Sorunlari Ara\u015ftirmalar Merkezi\" \/>\n<meta property=\"og:description\" content=\"Milli G\u00fcvenlik Kurulu&#8217;nun (MGK)\u00a02013 y\u0131l\u0131n\u0131n son toplant\u0131s\u0131 yap\u0131ld\u0131. Cumhurba\u015fkan\u0131 Abdullah G\u00fcl&#8217;\u00fcn ba\u015fkanl\u0131\u011f\u0131nda \u00c7ankaya K\u00f6\u015fk\u00fc&#8217;nde yap\u0131lan\u00a0toplant\u0131, 3,5 saat s\u00fcrd\u00fc. Bakanlar Kurulu&#8217;nda yap\u0131lan de\u011fi\u015fikli\u011fin ard\u0131ndan Ba\u015fbakan Yard\u0131mc\u0131s\u0131 Emrullah \u0130\u015fler ve \u0130\u00e7i\u015fleri Bakan\u0131 Efkan Ala ilk kez toplant\u0131ya kat\u0131ld\u0131. Bekir Bozda\u011f ise ilk kez Adalet Bakan\u0131 s\u0131fat\u0131yla toplant\u0131da yer ald\u0131. Suriye de g\u00f6r\u00fc\u015f\u00fcld\u00fc Toplant\u0131n\u0131n ard\u0131ndan yaz\u0131l\u0131 a\u00e7\u0131klama yap\u0131ld\u0131. [&hellip;]\" \/>\n<meta property=\"og:url\" content=\"https:\/\/akunq.net\/tr\/?p=27705\" \/>\n<meta property=\"og:site_name\" content=\"Bati Ermenistan Ve Bati Ermenileri Sorunlari Ara\u015ftirmalar Merkezi\" \/>\n<meta property=\"article:published_time\" content=\"2013-12-28T06:59:49+00:00\" \/>\n<meta name=\"author\" content=\"admin\" \/>\n<meta name=\"twitter:card\" content=\"summary_large_image\" \/>\n<meta name=\"twitter:label1\" content=\"Written by\" \/>\n\t<meta name=\"twitter:data1\" content=\"admin\" \/>\n\t<meta name=\"twitter:label2\" content=\"Est. reading time\" \/>\n\t<meta name=\"twitter:data2\" content=\"1 minute\" \/>\n<script type=\"application\/ld+json\" class=\"yoast-schema-graph\">{\"@context\":\"https:\\\/\\\/schema.org\",\"@graph\":[{\"@type\":\"Article\",\"@id\":\"https:\\\/\\\/akunq.net\\\/tr\\\/?p=27705#article\",\"isPartOf\":{\"@id\":\"https:\\\/\\\/akunq.net\\\/tr\\\/?p=27705\"},\"author\":{\"name\":\"admin\",\"@id\":\"https:\\\/\\\/akunq.net\\\/tr\\\/#\\\/schema\\\/person\\\/096f1d38a12cce57fb855b485ed24c9e\"},\"headline\":\"MGK&#8217;da Ortado\u011fu, Kuzey Afrika, Suriye ve Irak&#8217;taki geli\u015fmeler ele al\u0131nd\u0131\",\"datePublished\":\"2013-12-28T06:59:49+00:00\",\"mainEntityOfPage\":{\"@id\":\"https:\\\/\\\/akunq.net\\\/tr\\\/?p=27705\"},\"wordCount\":299,\"commentCount\":0,\"articleSection\":[\"Haberler\"],\"inLanguage\":\"en-US\",\"potentialAction\":[{\"@type\":\"CommentAction\",\"name\":\"Comment\",\"target\":[\"https:\\\/\\\/akunq.net\\\/tr\\\/?p=27705#respond\"]}]},{\"@type\":\"WebPage\",\"@id\":\"https:\\\/\\\/akunq.net\\\/tr\\\/?p=27705\",\"url\":\"https:\\\/\\\/akunq.net\\\/tr\\\/?p=27705\",\"name\":\"MGK'da Ortado\u011fu, Kuzey Afrika, Suriye ve Irak'taki geli\u015fmeler ele al\u0131nd\u0131 - Bati Ermenistan Ve Bati Ermenileri Sorunlari Ara\u015ftirmalar Merkezi\",\"isPartOf\":{\"@id\":\"https:\\\/\\\/akunq.net\\\/tr\\\/#website\"},\"datePublished\":\"2013-12-28T06:59:49+00:00\",\"author\":{\"@id\":\"https:\\\/\\\/akunq.net\\\/tr\\\/#\\\/schema\\\/person\\\/096f1d38a12cce57fb855b485ed24c9e\"},\"breadcrumb\":{\"@id\":\"https:\\\/\\\/akunq.net\\\/tr\\\/?p=27705#breadcrumb\"},\"inLanguage\":\"en-US\",\"potentialAction\":[{\"@type\":\"ReadAction\",\"target\":[\"https:\\\/\\\/akunq.net\\\/tr\\\/?p=27705\"]}]},{\"@type\":\"BreadcrumbList\",\"@id\":\"https:\\\/\\\/akunq.net\\\/tr\\\/?p=27705#breadcrumb\",\"itemListElement\":[{\"@type\":\"ListItem\",\"position\":1,\"name\":\"Home\",\"item\":\"https:\\\/\\\/akunq.net\\\/tr\"},{\"@type\":\"ListItem\",\"position\":2,\"name\":\"MGK&#8217;da Ortado\u011fu, Kuzey Afrika, Suriye ve Irak&#8217;taki geli\u015fmeler ele al\u0131nd\u0131\"}]},{\"@type\":\"WebSite\",\"@id\":\"https:\\\/\\\/akunq.net\\\/tr\\\/#website\",\"url\":\"https:\\\/\\\/akunq.net\\\/tr\\\/\",\"name\":\"Bati Ermenistan Ve Bati Ermenileri Sorunlari Ara\u015ftirmalar Merkezi\",\"description\":\"\",\"potentialAction\":[{\"@type\":\"SearchAction\",\"target\":{\"@type\":\"EntryPoint\",\"urlTemplate\":\"https:\\\/\\\/akunq.net\\\/tr\\\/?s={search_term_string}\"},\"query-input\":{\"@type\":\"PropertyValueSpecification\",\"valueRequired\":true,\"valueName\":\"search_term_string\"}}],\"inLanguage\":\"en-US\"},{\"@type\":\"Person\",\"@id\":\"https:\\\/\\\/akunq.net\\\/tr\\\/#\\\/schema\\\/person\\\/096f1d38a12cce57fb855b485ed24c9e\",\"name\":\"admin\",\"url\":\"https:\\\/\\\/akunq.net\\\/tr\\\/?author=7\"}]}<\/script>\n<!-- \/ Yoast SEO plugin. -->","yoast_head_json":{"title":"MGK'da Ortado\u011fu, Kuzey Afrika, Suriye ve Irak'taki geli\u015fmeler ele al\u0131nd\u0131 - Bati Ermenistan Ve Bati Ermenileri Sorunlari Ara\u015ftirmalar Merkezi","robots":{"index":"index","follow":"follow","max-snippet":"max-snippet:-1","max-image-preview":"max-image-preview:large","max-video-preview":"max-video-preview:-1"},"canonical":"https:\/\/akunq.net\/tr\/?p=27705","og_locale":"en_US","og_type":"article","og_title":"MGK'da Ortado\u011fu, Kuzey Afrika, Suriye ve Irak'taki geli\u015fmeler ele al\u0131nd\u0131 - Bati Ermenistan Ve Bati Ermenileri Sorunlari Ara\u015ftirmalar Merkezi","og_description":"Milli G\u00fcvenlik Kurulu&#8217;nun (MGK)\u00a02013 y\u0131l\u0131n\u0131n son toplant\u0131s\u0131 yap\u0131ld\u0131. Cumhurba\u015fkan\u0131 Abdullah G\u00fcl&#8217;\u00fcn ba\u015fkanl\u0131\u011f\u0131nda \u00c7ankaya K\u00f6\u015fk\u00fc&#8217;nde yap\u0131lan\u00a0toplant\u0131, 3,5 saat s\u00fcrd\u00fc. Bakanlar Kurulu&#8217;nda yap\u0131lan de\u011fi\u015fikli\u011fin ard\u0131ndan Ba\u015fbakan Yard\u0131mc\u0131s\u0131 Emrullah \u0130\u015fler ve \u0130\u00e7i\u015fleri Bakan\u0131 Efkan Ala ilk kez toplant\u0131ya kat\u0131ld\u0131. Bekir Bozda\u011f ise ilk kez Adalet Bakan\u0131 s\u0131fat\u0131yla toplant\u0131da yer ald\u0131. Suriye de g\u00f6r\u00fc\u015f\u00fcld\u00fc Toplant\u0131n\u0131n ard\u0131ndan yaz\u0131l\u0131 a\u00e7\u0131klama yap\u0131ld\u0131. [&hellip;]","og_url":"https:\/\/akunq.net\/tr\/?p=27705","og_site_name":"Bati Ermenistan Ve Bati Ermenileri Sorunlari Ara\u015ftirmalar Merkezi","article_published_time":"2013-12-28T06:59:49+00:00","author":"admin","twitter_card":"summary_large_image","twitter_misc":{"Written by":"admin","Est. reading time":"1 minute"},"schema":{"@context":"https:\/\/schema.org","@graph":[{"@type":"Article","@id":"https:\/\/akunq.net\/tr\/?p=27705#article","isPartOf":{"@id":"https:\/\/akunq.net\/tr\/?p=27705"},"author":{"name":"admin","@id":"https:\/\/akunq.net\/tr\/#\/schema\/person\/096f1d38a12cce57fb855b485ed24c9e"},"headline":"MGK&#8217;da Ortado\u011fu, Kuzey Afrika, Suriye ve Irak&#8217;taki geli\u015fmeler ele al\u0131nd\u0131","datePublished":"2013-12-28T06:59:49+00:00","mainEntityOfPage":{"@id":"https:\/\/akunq.net\/tr\/?p=27705"},"wordCount":299,"commentCount":0,"articleSection":["Haberler"],"inLanguage":"en-US","potentialAction":[{"@type":"CommentAction","name":"Comment","target":["https:\/\/akunq.net\/tr\/?p=27705#respond"]}]},{"@type":"WebPage","@id":"https:\/\/akunq.net\/tr\/?p=27705","url":"https:\/\/akunq.net\/tr\/?p=27705","name":"MGK'da Ortado\u011fu, Kuzey Afrika, Suriye ve Irak'taki geli\u015fmeler ele al\u0131nd\u0131 - Bati Ermenistan Ve Bati Ermenileri Sorunlari Ara\u015ftirmalar Merkezi","isPartOf":{"@id":"https:\/\/akunq.net\/tr\/#website"},"datePublished":"2013-12-28T06:59:49+00:00","author":{"@id":"https:\/\/akunq.net\/tr\/#\/schema\/person\/096f1d38a12cce57fb855b485ed24c9e"},"breadcrumb":{"@id":"https:\/\/akunq.net\/tr\/?p=27705#breadcrumb"},"inLanguage":"en-US","potentialAction":[{"@type":"ReadAction","target":["https:\/\/akunq.net\/tr\/?p=27705"]}]},{"@type":"BreadcrumbList","@id":"https:\/\/akunq.net\/tr\/?p=27705#breadcrumb","itemListElement":[{"@type":"ListItem","position":1,"name":"Home","item":"https:\/\/akunq.net\/tr"},{"@type":"ListItem","position":2,"name":"MGK&#8217;da Ortado\u011fu, Kuzey Afrika, Suriye ve Irak&#8217;taki geli\u015fmeler ele al\u0131nd\u0131"}]},{"@type":"WebSite","@id":"https:\/\/akunq.net\/tr\/#website","url":"https:\/\/akunq.net\/tr\/","name":"Bati Ermenistan Ve Bati Ermenileri Sorunlari Ara\u015ftirmalar Merkezi","description":"","potentialAction":[{"@type":"SearchAction","target":{"@type":"EntryPoint","urlTemplate":"https:\/\/akunq.net\/tr\/?s={search_term_string}"},"query-input":{"@type":"PropertyValueSpecification","valueRequired":true,"valueName":"search_term_string"}}],"inLanguage":"en-US"},{"@type":"Person","@id":"https:\/\/akunq.net\/tr\/#\/schema\/person\/096f1d38a12cce57fb855b485ed24c9e","name":"admin","url":"https:\/\/akunq.net\/tr\/?author=7"}]}},"_links":{"self":[{"href":"https:\/\/akunq.net\/tr\/index.php?rest_route=\/wp\/v2\/posts\/27705","targetHints":{"allow":["GET"]}}],"collection":[{"href":"https:\/\/akunq.net\/tr\/index.php?rest_route=\/wp\/v2\/posts"}],"about":[{"href":"https:\/\/akunq.net\/tr\/index.php?rest_route=\/wp\/v2\/types\/post"}],"author":[{"embeddable":true,"href":"https:\/\/akunq.net\/tr\/index.php?rest_route=\/wp\/v2\/users\/7"}],"replies":[{"embeddable":true,"href":"https:\/\/akunq.net\/tr\/index.php?rest_route=%2Fwp%2Fv2%2Fcomments&post=27705"}],"version-history":[{"count":1,"href":"https:\/\/akunq.net\/tr\/index.php?rest_route=\/wp\/v2\/posts\/27705\/revisions"}],"predecessor-version":[{"id":27707,"href":"https:\/\/akunq.net\/tr\/index.php?rest_route=\/wp\/v2\/posts\/27705\/revisions\/27707"}],"wp:attachment":[{"href":"https:\/\/akunq.net\/tr\/index.php?rest_route=%2Fwp%2Fv2%2Fmedia&parent=27705"}],"wp:term":[{"taxonomy":"category","embeddable":true,"href":"https:\/\/akunq.net\/tr\/index.php?rest_route=%2Fwp%2Fv2%2Fcategories&post=27705"},{"taxonomy":"post_tag","embeddable":true,"href":"https:\/\/akunq.net\/tr\/index.php?rest_route=%2Fwp%2Fv2%2Ftags&post=27705"}],"curies":[{"name":"wp","href":"https:\/\/api.w.org\/{rel}","templated":true}]}}