{"id":27702,"date":"2013-12-28T01:38:42","date_gmt":"2013-12-28T06:38:42","guid":{"rendered":"http:\/\/akunq.net\/tr\/?p=27702"},"modified":"2013-12-28T01:38:42","modified_gmt":"2013-12-28T06:38:42","slug":"fransada-ermeniler-tarihi-ziyareti-protesto-icin-sokaklara-iniyor","status":"publish","type":"post","link":"https:\/\/akunq.net\/tr\/?p=27702","title":{"rendered":"Fransa&#8217;da Ermeniler, tarihi ziyareti protesto i\u00e7in sokaklara iniyor"},"content":{"rendered":"<p style=\"text-align: justify;\"><b><i><a href=\"http:\/\/akunq.net\/tr\/wp-content\/uploads\/2013\/12\/\u0556\u0580\u0561\u0576\u057d\u0578\u0582\u0561-\u0555\u056c\u0561\u0576\u0564.jpg\"><img loading=\"lazy\" decoding=\"async\" class=\"alignright size-medium wp-image-27703\" alt=\"\u0556\u0580\u0561\u0576\u057d\u0578\u0582\u0561 \u0555\u056c\u0561\u0576\u0564\" src=\"http:\/\/akunq.net\/tr\/wp-content\/uploads\/2013\/12\/\u0556\u0580\u0561\u0576\u057d\u0578\u0582\u0561-\u0555\u056c\u0561\u0576\u0564-300x206.jpg\" width=\"300\" height=\"206\" srcset=\"https:\/\/akunq.net\/tr\/wp-content\/uploads\/sites\/6\/2013\/12\/\u0556\u0580\u0561\u0576\u057d\u0578\u0582\u0561-\u0555\u056c\u0561\u0576\u0564-300x206.jpg 300w, https:\/\/akunq.net\/tr\/wp-content\/uploads\/sites\/6\/2013\/12\/\u0556\u0580\u0561\u0576\u057d\u0578\u0582\u0561-\u0555\u056c\u0561\u0576\u0564.jpg 307w\" sizes=\"auto, (max-width: 300px) 100vw, 300px\" \/><\/a>Fransa&#8217;da Ermeni dernekler, Cumhurba\u015fkan\u0131 Fran\u00e7ois Hollande&#8217;\u0131n 27 Ocak&#8217;ta T\u00fcrkiye&#8217;ye yapaca\u011f\u0131 resmi ziyareti protesto etmek i\u00e7in sokaklara iniyor.<\/i><\/b><\/p>\n<p style=\"text-align: justify;\">Fransa Ermeni \u00d6rg\u00fctleri Koordinasyon Konseyi&#8217;nin (CCAF), Fransa&#8217;dan T\u00fcrkiye&#8217;ye 20 y\u0131l sonra cumhurba\u015fkan\u0131 d\u00fczeyinde ger\u00e7ekle\u015ftirilecek ilk ziyareti protesto etmek i\u00e7in g\u00f6steriler d\u00fczenleyecekleri belirtildi. Konseyden yap\u0131lan a\u00e7\u0131klamada, Fransa&#8217;daki Ermeniler, Hollande&#8217;\u0131n T\u00fcrkiye&#8217;ye ger\u00e7ekle\u015ftirece\u011fi ziyaret ve T\u00fcrkiye&#8217;nin AB \u00fcyeli\u011fine kar\u015f\u0131 d\u00fczenlenecek g\u00f6sterilere kat\u0131lmaya davet edildi.25 Ocak&#8217;ta Lyon, Marsilya, 26 Ocak&#8217;ta ise Paris ve Montpellier&#8217;de valilik binalar\u0131 \u00f6n\u00fcnde ger\u00e7ekle\u015ftirilecek g\u00f6sterilerde Hollande&#8217;a se\u00e7imlerden \u00f6nce verdi\u011fi s\u00f6zlerin yerine getirmesi \u00e7a\u011fr\u0131s\u0131nda bulunulaca\u011f\u0131 kaydedildi.Bu arada 16 Aral\u0131k&#8217;ta Fransa Ermeni \u00d6rg\u00fctleri Koordinasyon Konseyi&#8217;ni kabul eden Hollande&#8217;\u0131n, May\u0131s ay\u0131nda Ermeni soyk\u0131r\u0131m\u0131n\u0131 inkar edenlere y\u00f6nelik haz\u0131rlanacak yasa tasar\u0131s\u0131n\u0131 a\u00e7\u0131klayaca\u011f\u0131 y\u00f6n\u00fcndeki iddialar, Elysee Saray\u0131 ve D\u0131\u015fi\u015fleri Bakanl\u0131&#8217;\u011f\u0131 taraf\u0131ndan yalanlanmad\u0131. Diplomatik kaynaklar ise konuyla ilgili yorum yapamayacaklar\u0131n\u0131 ifade etti.<\/p>\n<p style=\"text-align: justify;\"><b><i>(C\u0130HAN)<\/i><\/b><\/p>\n<p style=\"text-align: justify;\"><b><i>http:\/\/www.zaman.com.tr\/dunya_fransada-ermeniler-tarihi-ziyareti-protesto-icin-sokaklara-iniyor_2189876.html<\/i><\/b><\/p>\n","protected":false},"excerpt":{"rendered":"<p>Fransa&#8217;da Ermeni dernekler, Cumhurba\u015fkan\u0131 Fran\u00e7ois Hollande&#8217;\u0131n 27 Ocak&#8217;ta T\u00fcrkiye&#8217;ye yapaca\u011f\u0131 resmi ziyareti protesto etmek i\u00e7in sokaklara iniyor. Fransa Ermeni \u00d6rg\u00fctleri Koordinasyon Konseyi&#8217;nin (CCAF), Fransa&#8217;dan T\u00fcrkiye&#8217;ye 20 y\u0131l sonra cumhurba\u015fkan\u0131 d\u00fczeyinde ger\u00e7ekle\u015ftirilecek ilk ziyareti protesto etmek i\u00e7in g\u00f6steriler d\u00fczenleyecekleri belirtildi. Konseyden yap\u0131lan a\u00e7\u0131klamada, Fransa&#8217;daki Ermeniler, Hollande&#8217;\u0131n T\u00fcrkiye&#8217;ye ger\u00e7ekle\u015ftirece\u011fi ziyaret ve T\u00fcrkiye&#8217;nin AB \u00fcyeli\u011fine kar\u015f\u0131 d\u00fczenlenecek g\u00f6sterilere [&hellip;]<\/p>\n","protected":false},"author":7,"featured_media":0,"comment_status":"open","ping_status":"open","sticky":false,"template":"","format":"standard","meta":{"footnotes":""},"categories":[1],"tags":[],"class_list":["post-27702","post","type-post","status-publish","format-standard","hentry","category-haberler"],"yoast_head":"<!-- This site is optimized with the Yoast SEO plugin v27.4 - https:\/\/yoast.com\/product\/yoast-seo-wordpress\/ -->\n<title>Fransa&#039;da Ermeniler, tarihi ziyareti protesto i\u00e7in sokaklara iniyor - Bati Ermenistan Ve Bati Ermenileri Sorunlari Ara\u015ftirmalar Merkezi<\/title>\n<meta name=\"robots\" content=\"index, follow, max-snippet:-1, max-image-preview:large, max-video-preview:-1\" \/>\n<link rel=\"canonical\" href=\"https:\/\/akunq.net\/tr\/?p=27702\" \/>\n<meta property=\"og:locale\" content=\"en_US\" \/>\n<meta property=\"og:type\" content=\"article\" \/>\n<meta property=\"og:title\" content=\"Fransa&#039;da Ermeniler, tarihi ziyareti protesto i\u00e7in sokaklara iniyor - Bati Ermenistan Ve Bati Ermenileri Sorunlari Ara\u015ftirmalar Merkezi\" \/>\n<meta property=\"og:description\" content=\"Fransa&#8217;da Ermeni dernekler, Cumhurba\u015fkan\u0131 Fran\u00e7ois Hollande&#8217;\u0131n 27 Ocak&#8217;ta T\u00fcrkiye&#8217;ye yapaca\u011f\u0131 resmi ziyareti protesto etmek i\u00e7in sokaklara iniyor. Fransa Ermeni \u00d6rg\u00fctleri Koordinasyon Konseyi&#8217;nin (CCAF), Fransa&#8217;dan T\u00fcrkiye&#8217;ye 20 y\u0131l sonra cumhurba\u015fkan\u0131 d\u00fczeyinde ger\u00e7ekle\u015ftirilecek ilk ziyareti protesto etmek i\u00e7in g\u00f6steriler d\u00fczenleyecekleri belirtildi. Konseyden yap\u0131lan a\u00e7\u0131klamada, Fransa&#8217;daki Ermeniler, Hollande&#8217;\u0131n T\u00fcrkiye&#8217;ye ger\u00e7ekle\u015ftirece\u011fi ziyaret ve T\u00fcrkiye&#8217;nin AB \u00fcyeli\u011fine kar\u015f\u0131 d\u00fczenlenecek g\u00f6sterilere [&hellip;]\" \/>\n<meta property=\"og:url\" content=\"https:\/\/akunq.net\/tr\/?p=27702\" \/>\n<meta property=\"og:site_name\" content=\"Bati Ermenistan Ve Bati Ermenileri Sorunlari Ara\u015ftirmalar Merkezi\" \/>\n<meta property=\"article:published_time\" content=\"2013-12-28T06:38:42+00:00\" \/>\n<meta name=\"author\" content=\"admin\" \/>\n<meta name=\"twitter:card\" content=\"summary_large_image\" \/>\n<meta name=\"twitter:label1\" content=\"Written by\" \/>\n\t<meta name=\"twitter:data1\" content=\"admin\" \/>\n\t<meta name=\"twitter:label2\" content=\"Est. reading time\" \/>\n\t<meta name=\"twitter:data2\" content=\"1 minute\" \/>\n<script type=\"application\/ld+json\" class=\"yoast-schema-graph\">{\"@context\":\"https:\\\/\\\/schema.org\",\"@graph\":[{\"@type\":\"Article\",\"@id\":\"https:\\\/\\\/akunq.net\\\/tr\\\/?p=27702#article\",\"isPartOf\":{\"@id\":\"https:\\\/\\\/akunq.net\\\/tr\\\/?p=27702\"},\"author\":{\"name\":\"admin\",\"@id\":\"https:\\\/\\\/akunq.net\\\/tr\\\/#\\\/schema\\\/person\\\/096f1d38a12cce57fb855b485ed24c9e\"},\"headline\":\"Fransa&#8217;da Ermeniler, tarihi ziyareti protesto i\u00e7in sokaklara iniyor\",\"datePublished\":\"2013-12-28T06:38:42+00:00\",\"mainEntityOfPage\":{\"@id\":\"https:\\\/\\\/akunq.net\\\/tr\\\/?p=27702\"},\"wordCount\":195,\"commentCount\":0,\"articleSection\":[\"Haberler\"],\"inLanguage\":\"en-US\",\"potentialAction\":[{\"@type\":\"CommentAction\",\"name\":\"Comment\",\"target\":[\"https:\\\/\\\/akunq.net\\\/tr\\\/?p=27702#respond\"]}]},{\"@type\":\"WebPage\",\"@id\":\"https:\\\/\\\/akunq.net\\\/tr\\\/?p=27702\",\"url\":\"https:\\\/\\\/akunq.net\\\/tr\\\/?p=27702\",\"name\":\"Fransa'da Ermeniler, tarihi ziyareti protesto i\u00e7in sokaklara iniyor - Bati Ermenistan Ve Bati Ermenileri Sorunlari Ara\u015ftirmalar Merkezi\",\"isPartOf\":{\"@id\":\"https:\\\/\\\/akunq.net\\\/tr\\\/#website\"},\"datePublished\":\"2013-12-28T06:38:42+00:00\",\"author\":{\"@id\":\"https:\\\/\\\/akunq.net\\\/tr\\\/#\\\/schema\\\/person\\\/096f1d38a12cce57fb855b485ed24c9e\"},\"breadcrumb\":{\"@id\":\"https:\\\/\\\/akunq.net\\\/tr\\\/?p=27702#breadcrumb\"},\"inLanguage\":\"en-US\",\"potentialAction\":[{\"@type\":\"ReadAction\",\"target\":[\"https:\\\/\\\/akunq.net\\\/tr\\\/?p=27702\"]}]},{\"@type\":\"BreadcrumbList\",\"@id\":\"https:\\\/\\\/akunq.net\\\/tr\\\/?p=27702#breadcrumb\",\"itemListElement\":[{\"@type\":\"ListItem\",\"position\":1,\"name\":\"Home\",\"item\":\"https:\\\/\\\/akunq.net\\\/tr\"},{\"@type\":\"ListItem\",\"position\":2,\"name\":\"Fransa&#8217;da Ermeniler, tarihi ziyareti protesto i\u00e7in sokaklara iniyor\"}]},{\"@type\":\"WebSite\",\"@id\":\"https:\\\/\\\/akunq.net\\\/tr\\\/#website\",\"url\":\"https:\\\/\\\/akunq.net\\\/tr\\\/\",\"name\":\"Bati Ermenistan Ve Bati Ermenileri Sorunlari Ara\u015ftirmalar Merkezi\",\"description\":\"\",\"potentialAction\":[{\"@type\":\"SearchAction\",\"target\":{\"@type\":\"EntryPoint\",\"urlTemplate\":\"https:\\\/\\\/akunq.net\\\/tr\\\/?s={search_term_string}\"},\"query-input\":{\"@type\":\"PropertyValueSpecification\",\"valueRequired\":true,\"valueName\":\"search_term_string\"}}],\"inLanguage\":\"en-US\"},{\"@type\":\"Person\",\"@id\":\"https:\\\/\\\/akunq.net\\\/tr\\\/#\\\/schema\\\/person\\\/096f1d38a12cce57fb855b485ed24c9e\",\"name\":\"admin\",\"url\":\"https:\\\/\\\/akunq.net\\\/tr\\\/?author=7\"}]}<\/script>\n<!-- \/ Yoast SEO plugin. -->","yoast_head_json":{"title":"Fransa'da Ermeniler, tarihi ziyareti protesto i\u00e7in sokaklara iniyor - Bati Ermenistan Ve Bati Ermenileri Sorunlari Ara\u015ftirmalar Merkezi","robots":{"index":"index","follow":"follow","max-snippet":"max-snippet:-1","max-image-preview":"max-image-preview:large","max-video-preview":"max-video-preview:-1"},"canonical":"https:\/\/akunq.net\/tr\/?p=27702","og_locale":"en_US","og_type":"article","og_title":"Fransa'da Ermeniler, tarihi ziyareti protesto i\u00e7in sokaklara iniyor - Bati Ermenistan Ve Bati Ermenileri Sorunlari Ara\u015ftirmalar Merkezi","og_description":"Fransa&#8217;da Ermeni dernekler, Cumhurba\u015fkan\u0131 Fran\u00e7ois Hollande&#8217;\u0131n 27 Ocak&#8217;ta T\u00fcrkiye&#8217;ye yapaca\u011f\u0131 resmi ziyareti protesto etmek i\u00e7in sokaklara iniyor. Fransa Ermeni \u00d6rg\u00fctleri Koordinasyon Konseyi&#8217;nin (CCAF), Fransa&#8217;dan T\u00fcrkiye&#8217;ye 20 y\u0131l sonra cumhurba\u015fkan\u0131 d\u00fczeyinde ger\u00e7ekle\u015ftirilecek ilk ziyareti protesto etmek i\u00e7in g\u00f6steriler d\u00fczenleyecekleri belirtildi. Konseyden yap\u0131lan a\u00e7\u0131klamada, Fransa&#8217;daki Ermeniler, Hollande&#8217;\u0131n T\u00fcrkiye&#8217;ye ger\u00e7ekle\u015ftirece\u011fi ziyaret ve T\u00fcrkiye&#8217;nin AB \u00fcyeli\u011fine kar\u015f\u0131 d\u00fczenlenecek g\u00f6sterilere [&hellip;]","og_url":"https:\/\/akunq.net\/tr\/?p=27702","og_site_name":"Bati Ermenistan Ve Bati Ermenileri Sorunlari Ara\u015ftirmalar Merkezi","article_published_time":"2013-12-28T06:38:42+00:00","author":"admin","twitter_card":"summary_large_image","twitter_misc":{"Written by":"admin","Est. reading time":"1 minute"},"schema":{"@context":"https:\/\/schema.org","@graph":[{"@type":"Article","@id":"https:\/\/akunq.net\/tr\/?p=27702#article","isPartOf":{"@id":"https:\/\/akunq.net\/tr\/?p=27702"},"author":{"name":"admin","@id":"https:\/\/akunq.net\/tr\/#\/schema\/person\/096f1d38a12cce57fb855b485ed24c9e"},"headline":"Fransa&#8217;da Ermeniler, tarihi ziyareti protesto i\u00e7in sokaklara iniyor","datePublished":"2013-12-28T06:38:42+00:00","mainEntityOfPage":{"@id":"https:\/\/akunq.net\/tr\/?p=27702"},"wordCount":195,"commentCount":0,"articleSection":["Haberler"],"inLanguage":"en-US","potentialAction":[{"@type":"CommentAction","name":"Comment","target":["https:\/\/akunq.net\/tr\/?p=27702#respond"]}]},{"@type":"WebPage","@id":"https:\/\/akunq.net\/tr\/?p=27702","url":"https:\/\/akunq.net\/tr\/?p=27702","name":"Fransa'da Ermeniler, tarihi ziyareti protesto i\u00e7in sokaklara iniyor - Bati Ermenistan Ve Bati Ermenileri Sorunlari Ara\u015ftirmalar Merkezi","isPartOf":{"@id":"https:\/\/akunq.net\/tr\/#website"},"datePublished":"2013-12-28T06:38:42+00:00","author":{"@id":"https:\/\/akunq.net\/tr\/#\/schema\/person\/096f1d38a12cce57fb855b485ed24c9e"},"breadcrumb":{"@id":"https:\/\/akunq.net\/tr\/?p=27702#breadcrumb"},"inLanguage":"en-US","potentialAction":[{"@type":"ReadAction","target":["https:\/\/akunq.net\/tr\/?p=27702"]}]},{"@type":"BreadcrumbList","@id":"https:\/\/akunq.net\/tr\/?p=27702#breadcrumb","itemListElement":[{"@type":"ListItem","position":1,"name":"Home","item":"https:\/\/akunq.net\/tr"},{"@type":"ListItem","position":2,"name":"Fransa&#8217;da Ermeniler, tarihi ziyareti protesto i\u00e7in sokaklara iniyor"}]},{"@type":"WebSite","@id":"https:\/\/akunq.net\/tr\/#website","url":"https:\/\/akunq.net\/tr\/","name":"Bati Ermenistan Ve Bati Ermenileri Sorunlari Ara\u015ftirmalar Merkezi","description":"","potentialAction":[{"@type":"SearchAction","target":{"@type":"EntryPoint","urlTemplate":"https:\/\/akunq.net\/tr\/?s={search_term_string}"},"query-input":{"@type":"PropertyValueSpecification","valueRequired":true,"valueName":"search_term_string"}}],"inLanguage":"en-US"},{"@type":"Person","@id":"https:\/\/akunq.net\/tr\/#\/schema\/person\/096f1d38a12cce57fb855b485ed24c9e","name":"admin","url":"https:\/\/akunq.net\/tr\/?author=7"}]}},"_links":{"self":[{"href":"https:\/\/akunq.net\/tr\/index.php?rest_route=\/wp\/v2\/posts\/27702","targetHints":{"allow":["GET"]}}],"collection":[{"href":"https:\/\/akunq.net\/tr\/index.php?rest_route=\/wp\/v2\/posts"}],"about":[{"href":"https:\/\/akunq.net\/tr\/index.php?rest_route=\/wp\/v2\/types\/post"}],"author":[{"embeddable":true,"href":"https:\/\/akunq.net\/tr\/index.php?rest_route=\/wp\/v2\/users\/7"}],"replies":[{"embeddable":true,"href":"https:\/\/akunq.net\/tr\/index.php?rest_route=%2Fwp%2Fv2%2Fcomments&post=27702"}],"version-history":[{"count":1,"href":"https:\/\/akunq.net\/tr\/index.php?rest_route=\/wp\/v2\/posts\/27702\/revisions"}],"predecessor-version":[{"id":27704,"href":"https:\/\/akunq.net\/tr\/index.php?rest_route=\/wp\/v2\/posts\/27702\/revisions\/27704"}],"wp:attachment":[{"href":"https:\/\/akunq.net\/tr\/index.php?rest_route=%2Fwp%2Fv2%2Fmedia&parent=27702"}],"wp:term":[{"taxonomy":"category","embeddable":true,"href":"https:\/\/akunq.net\/tr\/index.php?rest_route=%2Fwp%2Fv2%2Fcategories&post=27702"},{"taxonomy":"post_tag","embeddable":true,"href":"https:\/\/akunq.net\/tr\/index.php?rest_route=%2Fwp%2Fv2%2Ftags&post=27702"}],"curies":[{"name":"wp","href":"https:\/\/api.w.org\/{rel}","templated":true}]}}