{"id":27677,"date":"2013-12-27T02:30:33","date_gmt":"2013-12-27T07:30:33","guid":{"rendered":"http:\/\/akunq.net\/tr\/?p=27677"},"modified":"2013-12-27T02:30:33","modified_gmt":"2013-12-27T07:30:33","slug":"bilal-erdogana-ifade-daveti","status":"publish","type":"post","link":"https:\/\/akunq.net\/tr\/?p=27677","title":{"rendered":"Bilal Erdo\u011fan&#8217;a ifade daveti"},"content":{"rendered":"<p style=\"text-align: justify;\"><b><i><a href=\"http:\/\/akunq.net\/tr\/wp-content\/uploads\/2013\/12\/\u0532\u056b\u056c\u0561\u056c-\u0537\u0580\u0564\u0578\u0572\u0561\u0576.jpg\"><img loading=\"lazy\" decoding=\"async\" class=\"alignright size-medium wp-image-27678\" alt=\"\u0532\u056b\u056c\u0561\u056c \u0537\u0580\u0564\u0578\u0572\u0561\u0576\" src=\"http:\/\/akunq.net\/tr\/wp-content\/uploads\/2013\/12\/\u0532\u056b\u056c\u0561\u056c-\u0537\u0580\u0564\u0578\u0572\u0561\u0576-300x206.jpg\" width=\"300\" height=\"206\" srcset=\"https:\/\/akunq.net\/tr\/wp-content\/uploads\/sites\/6\/2013\/12\/\u0532\u056b\u056c\u0561\u056c-\u0537\u0580\u0564\u0578\u0572\u0561\u0576-300x206.jpg 300w, https:\/\/akunq.net\/tr\/wp-content\/uploads\/sites\/6\/2013\/12\/\u0532\u056b\u056c\u0561\u056c-\u0537\u0580\u0564\u0578\u0572\u0561\u0576.jpg 307w\" sizes=\"auto, (max-width: 300px) 100vw, 300px\" \/><\/a>Savc\u0131 Muammer Akka\u015f&#8217;\u0131n yolsuzluk ve r\u00fc\u015fvet iddias\u0131yla ba\u015flatt\u0131\u011f\u0131 soru\u015fturma kapsam\u0131nda Ba\u015fbakan Recep Tayyip Erdo\u011fan&#8217;\u0131n o\u011flu Bilal Erdo\u011fan hakk\u0131nda g\u00f6zalt\u0131 karar\u0131 verildi.<\/i><\/b><\/p>\n<p style=\"text-align: justify;\">Savc\u0131 Muammer Akka\u015f\u2019\u0131n yolsuzluk ve r\u00fc\u015fvet iddias\u0131yla ba\u015flatt\u0131\u011f\u0131 soru\u015fturma kapsam\u0131nda Ba\u015fbakan <a href=\"http:\/\/www.radikal.com.tr\/index\/Recep-Tayyip-Erdogan\">Recep Tayyip Erdo\u011fan<\/a> \u2019\u0131n o\u011flu Bilal Erdo\u011fan hakk\u0131nda g\u00f6zalt\u0131 karar\u0131 verildi. Savc\u0131 Akka\u015f\u2019\u0131n yazd\u0131\u011f\u0131<b> \u2018\u00e7a\u011fr\u0131 ka\u011f\u0131d\u0131\u2019<\/b> isimli yaz\u0131da Bilal Erdo\u011fan\u2019\u0131n \u015f\u00fcpheli s\u0131fat\u0131yla <a href=\"http:\/\/www.radikal.com.tr\/index\/ifade\">ifade<\/a> vermesi i\u00e7in ifadeye \u00e7a\u011fr\u0131ld\u0131\u011f\u0131 yaz\u0131l\u0131.<\/p>\n<p style=\"text-align: justify;\">Muammer Akka\u015f taraf\u0131ndan <a href=\"http:\/\/www.radikal.com.tr\/index\/istanbul\">\u0130stanbul<\/a> Emniyet M\u00fcd\u00fcrl\u00fc\u011f\u00fc\u2019ne g\u00f6nderilen 25.12.2013 tarihli yaz\u0131 \u015f\u00f6yle:<br \/>\n<b>\u201cCumhuriyet Ba\u015fsavc\u0131l\u0131\u011f\u0131m\u0131zca y\u00fcr\u00fct\u00fclmekte olan 2012\/656 soru\u015fturma kapsam\u0131nda; \u00c7\u0131kar ama\u00e7l\u0131 Su\u00e7 \u00d6rg\u00fct\u00fc kurmak ve kurulan \u00f6rg\u00fcte \u00fcye olmak su\u00e7lar\u0131ndan Cumhuriyet Ba\u015fsavc\u0131l\u0131\u011f\u0131m\u0131zca \u015f\u00fcpheli s\u0131fat\u0131yla ifadeniz al\u0131naca\u011f\u0131ndan, \u00e7a\u011fr\u0131 ka\u011f\u0131d\u0131na ili\u015fkin tebligat\u0131 ald\u0131\u011f\u0131n\u0131zda a\u015fa\u011f\u0131da belirtilen tarihte Cumhuriyet Ba\u015fsavc\u0131l\u0131\u011f\u0131m\u0131za m\u00fcracaat etmeniz, gelmedi\u011finiz takdirde 5271 Say\u0131l\u0131 Ceza Muhakemesi Kanununun 146\u2019\u0131nc\u0131 maddesi h\u00fckm\u00fcne g\u00f6re zorla getirilece\u011finiz tebli\u011f olunur. Muammer Akka\u015f \u2013 Cumhuriyet Savc\u0131s\u0131\u201d<\/b><\/p>\n<p>Yaz\u0131da yer alan notta ise Necmettin Bilal Erdo\u011fan\u2019\u0131n 2 Ocak 2014 tarihinde mesai saatlerinde \u0130stanbul Cumhuriyet Ba\u015fsavc\u0131l\u0131\u011f\u0131 TMK 10. Madde ile yetkili b\u00f6l\u00fcm\u00fcne gelmesi istendi.<\/p>\n<p style=\"text-align: justify;\"><b>ERDO\u011eAN NE DEM\u0130\u015eT\u0130?<\/b><\/p>\n<p style=\"text-align: justify;\">Ba\u015fbakan Recep Tayyip Erdo\u011fan , Pakistan d\u00f6n\u00fc\u015f\u00fc u\u00e7akta gazetecilerin g\u00fcndemle ilgili sorular\u0131na yan\u0131tlarken o\u011flu Bilal Erdo\u011fan&#8217;la ilgili haberlere ili\u015fkin \u015fu de\u011ferlendirmeyi yapm\u0131\u015ft\u0131:<\/p>\n<p style=\"text-align: justify;\">&#8220;Abdestinden \u015f\u00fcphesi olmayan\u0131n namaz\u0131ndan \u015f\u00fcphesi olmaz. Buralardan Erdo\u011fan\u2019a vurmaya kalkarlarsa avu\u00e7lar\u0131n\u0131 yalarlar. Bunu bildikleri i\u00e7in etraftaki arkada\u015flarla sald\u0131r\u0131yorlar. O\u011flumu hedef alarak, T\u00dcRGEV vakf\u0131yla ilgili ismini zikrediyorlar. Neymi\u015f? Vak\u0131fla ilgili bir imar de\u011fi\u015fikli\u011fi i\u00e7in talepte bulunmu\u015f. Vak\u0131fla ilgili olarak imar de\u011fi\u015fikli\u011fi i\u00e7in belediyeye gitmek su\u00e7 mu? Belediye ba\u015fkan\u0131n\u0131 \u2018bina yapt\u0131, 25 y\u0131ll\u0131\u011f\u0131na vakfa kiralad\u0131\u2019 diye su\u00e7luyorlar. Sosyal i\u015f yapmayan belediye var m\u0131? Benzer \u015feyler \u0130STEK Vakf\u0131, \u00c7YDD, TEV gibi vak\u0131flar i\u00e7in de yap\u0131ld\u0131. Oras\u0131 bir \u00f6\u011frenci yurdu, Bilal Erdo\u011fan\u2019\u0131n oteli de\u011fil. Oradan dola\u015f\u0131p bana gelmek istiyorlar.&#8221;<\/p>\n<p style=\"text-align: justify;\"><b><i>http:\/\/www.radikal.com.tr\/politika\/bilal_erdogana_ifade_daveti-1168175<\/i><\/b><\/p>\n","protected":false},"excerpt":{"rendered":"<p>Savc\u0131 Muammer Akka\u015f&#8217;\u0131n yolsuzluk ve r\u00fc\u015fvet iddias\u0131yla ba\u015flatt\u0131\u011f\u0131 soru\u015fturma kapsam\u0131nda Ba\u015fbakan Recep Tayyip Erdo\u011fan&#8217;\u0131n o\u011flu Bilal Erdo\u011fan hakk\u0131nda g\u00f6zalt\u0131 karar\u0131 verildi. Savc\u0131 Muammer Akka\u015f\u2019\u0131n yolsuzluk ve r\u00fc\u015fvet iddias\u0131yla ba\u015flatt\u0131\u011f\u0131 soru\u015fturma kapsam\u0131nda Ba\u015fbakan Recep Tayyip Erdo\u011fan \u2019\u0131n o\u011flu Bilal Erdo\u011fan hakk\u0131nda g\u00f6zalt\u0131 karar\u0131 verildi. Savc\u0131 Akka\u015f\u2019\u0131n yazd\u0131\u011f\u0131 \u2018\u00e7a\u011fr\u0131 ka\u011f\u0131d\u0131\u2019 isimli yaz\u0131da Bilal Erdo\u011fan\u2019\u0131n \u015f\u00fcpheli s\u0131fat\u0131yla ifade [&hellip;]<\/p>\n","protected":false},"author":7,"featured_media":0,"comment_status":"open","ping_status":"open","sticky":false,"template":"","format":"standard","meta":{"footnotes":""},"categories":[1],"tags":[],"class_list":["post-27677","post","type-post","status-publish","format-standard","hentry","category-haberler"],"yoast_head":"<!-- This site is optimized with the Yoast SEO plugin v27.4 - https:\/\/yoast.com\/product\/yoast-seo-wordpress\/ -->\n<title>Bilal Erdo\u011fan&#039;a ifade daveti - Bati Ermenistan Ve Bati Ermenileri Sorunlari Ara\u015ftirmalar Merkezi<\/title>\n<meta name=\"robots\" content=\"index, follow, max-snippet:-1, max-image-preview:large, max-video-preview:-1\" \/>\n<link rel=\"canonical\" href=\"https:\/\/akunq.net\/tr\/?p=27677\" \/>\n<meta property=\"og:locale\" content=\"en_US\" \/>\n<meta property=\"og:type\" content=\"article\" \/>\n<meta property=\"og:title\" content=\"Bilal Erdo\u011fan&#039;a ifade daveti - Bati Ermenistan Ve Bati Ermenileri Sorunlari Ara\u015ftirmalar Merkezi\" \/>\n<meta property=\"og:description\" content=\"Savc\u0131 Muammer Akka\u015f&#8217;\u0131n yolsuzluk ve r\u00fc\u015fvet iddias\u0131yla ba\u015flatt\u0131\u011f\u0131 soru\u015fturma kapsam\u0131nda Ba\u015fbakan Recep Tayyip Erdo\u011fan&#8217;\u0131n o\u011flu Bilal Erdo\u011fan hakk\u0131nda g\u00f6zalt\u0131 karar\u0131 verildi. Savc\u0131 Muammer Akka\u015f\u2019\u0131n yolsuzluk ve r\u00fc\u015fvet iddias\u0131yla ba\u015flatt\u0131\u011f\u0131 soru\u015fturma kapsam\u0131nda Ba\u015fbakan Recep Tayyip Erdo\u011fan \u2019\u0131n o\u011flu Bilal Erdo\u011fan hakk\u0131nda g\u00f6zalt\u0131 karar\u0131 verildi. Savc\u0131 Akka\u015f\u2019\u0131n yazd\u0131\u011f\u0131 \u2018\u00e7a\u011fr\u0131 ka\u011f\u0131d\u0131\u2019 isimli yaz\u0131da Bilal Erdo\u011fan\u2019\u0131n \u015f\u00fcpheli s\u0131fat\u0131yla ifade [&hellip;]\" \/>\n<meta property=\"og:url\" content=\"https:\/\/akunq.net\/tr\/?p=27677\" \/>\n<meta property=\"og:site_name\" content=\"Bati Ermenistan Ve Bati Ermenileri Sorunlari Ara\u015ftirmalar Merkezi\" \/>\n<meta property=\"article:published_time\" content=\"2013-12-27T07:30:33+00:00\" \/>\n<meta name=\"author\" content=\"admin\" \/>\n<meta name=\"twitter:card\" content=\"summary_large_image\" \/>\n<meta name=\"twitter:label1\" content=\"Written by\" \/>\n\t<meta name=\"twitter:data1\" content=\"admin\" \/>\n\t<meta name=\"twitter:label2\" content=\"Est. reading time\" \/>\n\t<meta name=\"twitter:data2\" content=\"2 minutes\" \/>\n<script type=\"application\/ld+json\" class=\"yoast-schema-graph\">{\"@context\":\"https:\\\/\\\/schema.org\",\"@graph\":[{\"@type\":\"Article\",\"@id\":\"https:\\\/\\\/akunq.net\\\/tr\\\/?p=27677#article\",\"isPartOf\":{\"@id\":\"https:\\\/\\\/akunq.net\\\/tr\\\/?p=27677\"},\"author\":{\"name\":\"admin\",\"@id\":\"https:\\\/\\\/akunq.net\\\/tr\\\/#\\\/schema\\\/person\\\/096f1d38a12cce57fb855b485ed24c9e\"},\"headline\":\"Bilal Erdo\u011fan&#8217;a ifade daveti\",\"datePublished\":\"2013-12-27T07:30:33+00:00\",\"mainEntityOfPage\":{\"@id\":\"https:\\\/\\\/akunq.net\\\/tr\\\/?p=27677\"},\"wordCount\":410,\"commentCount\":0,\"articleSection\":[\"Haberler\"],\"inLanguage\":\"en-US\",\"potentialAction\":[{\"@type\":\"CommentAction\",\"name\":\"Comment\",\"target\":[\"https:\\\/\\\/akunq.net\\\/tr\\\/?p=27677#respond\"]}]},{\"@type\":\"WebPage\",\"@id\":\"https:\\\/\\\/akunq.net\\\/tr\\\/?p=27677\",\"url\":\"https:\\\/\\\/akunq.net\\\/tr\\\/?p=27677\",\"name\":\"Bilal Erdo\u011fan'a ifade daveti - Bati Ermenistan Ve Bati Ermenileri Sorunlari Ara\u015ftirmalar Merkezi\",\"isPartOf\":{\"@id\":\"https:\\\/\\\/akunq.net\\\/tr\\\/#website\"},\"datePublished\":\"2013-12-27T07:30:33+00:00\",\"author\":{\"@id\":\"https:\\\/\\\/akunq.net\\\/tr\\\/#\\\/schema\\\/person\\\/096f1d38a12cce57fb855b485ed24c9e\"},\"breadcrumb\":{\"@id\":\"https:\\\/\\\/akunq.net\\\/tr\\\/?p=27677#breadcrumb\"},\"inLanguage\":\"en-US\",\"potentialAction\":[{\"@type\":\"ReadAction\",\"target\":[\"https:\\\/\\\/akunq.net\\\/tr\\\/?p=27677\"]}]},{\"@type\":\"BreadcrumbList\",\"@id\":\"https:\\\/\\\/akunq.net\\\/tr\\\/?p=27677#breadcrumb\",\"itemListElement\":[{\"@type\":\"ListItem\",\"position\":1,\"name\":\"Home\",\"item\":\"https:\\\/\\\/akunq.net\\\/tr\"},{\"@type\":\"ListItem\",\"position\":2,\"name\":\"Bilal Erdo\u011fan&#8217;a ifade daveti\"}]},{\"@type\":\"WebSite\",\"@id\":\"https:\\\/\\\/akunq.net\\\/tr\\\/#website\",\"url\":\"https:\\\/\\\/akunq.net\\\/tr\\\/\",\"name\":\"Bati Ermenistan Ve Bati Ermenileri Sorunlari Ara\u015ftirmalar Merkezi\",\"description\":\"\",\"potentialAction\":[{\"@type\":\"SearchAction\",\"target\":{\"@type\":\"EntryPoint\",\"urlTemplate\":\"https:\\\/\\\/akunq.net\\\/tr\\\/?s={search_term_string}\"},\"query-input\":{\"@type\":\"PropertyValueSpecification\",\"valueRequired\":true,\"valueName\":\"search_term_string\"}}],\"inLanguage\":\"en-US\"},{\"@type\":\"Person\",\"@id\":\"https:\\\/\\\/akunq.net\\\/tr\\\/#\\\/schema\\\/person\\\/096f1d38a12cce57fb855b485ed24c9e\",\"name\":\"admin\",\"url\":\"https:\\\/\\\/akunq.net\\\/tr\\\/?author=7\"}]}<\/script>\n<!-- \/ Yoast SEO plugin. -->","yoast_head_json":{"title":"Bilal Erdo\u011fan'a ifade daveti - Bati Ermenistan Ve Bati Ermenileri Sorunlari Ara\u015ftirmalar Merkezi","robots":{"index":"index","follow":"follow","max-snippet":"max-snippet:-1","max-image-preview":"max-image-preview:large","max-video-preview":"max-video-preview:-1"},"canonical":"https:\/\/akunq.net\/tr\/?p=27677","og_locale":"en_US","og_type":"article","og_title":"Bilal Erdo\u011fan'a ifade daveti - Bati Ermenistan Ve Bati Ermenileri Sorunlari Ara\u015ftirmalar Merkezi","og_description":"Savc\u0131 Muammer Akka\u015f&#8217;\u0131n yolsuzluk ve r\u00fc\u015fvet iddias\u0131yla ba\u015flatt\u0131\u011f\u0131 soru\u015fturma kapsam\u0131nda Ba\u015fbakan Recep Tayyip Erdo\u011fan&#8217;\u0131n o\u011flu Bilal Erdo\u011fan hakk\u0131nda g\u00f6zalt\u0131 karar\u0131 verildi. Savc\u0131 Muammer Akka\u015f\u2019\u0131n yolsuzluk ve r\u00fc\u015fvet iddias\u0131yla ba\u015flatt\u0131\u011f\u0131 soru\u015fturma kapsam\u0131nda Ba\u015fbakan Recep Tayyip Erdo\u011fan \u2019\u0131n o\u011flu Bilal Erdo\u011fan hakk\u0131nda g\u00f6zalt\u0131 karar\u0131 verildi. Savc\u0131 Akka\u015f\u2019\u0131n yazd\u0131\u011f\u0131 \u2018\u00e7a\u011fr\u0131 ka\u011f\u0131d\u0131\u2019 isimli yaz\u0131da Bilal Erdo\u011fan\u2019\u0131n \u015f\u00fcpheli s\u0131fat\u0131yla ifade [&hellip;]","og_url":"https:\/\/akunq.net\/tr\/?p=27677","og_site_name":"Bati Ermenistan Ve Bati Ermenileri Sorunlari Ara\u015ftirmalar Merkezi","article_published_time":"2013-12-27T07:30:33+00:00","author":"admin","twitter_card":"summary_large_image","twitter_misc":{"Written by":"admin","Est. reading time":"2 minutes"},"schema":{"@context":"https:\/\/schema.org","@graph":[{"@type":"Article","@id":"https:\/\/akunq.net\/tr\/?p=27677#article","isPartOf":{"@id":"https:\/\/akunq.net\/tr\/?p=27677"},"author":{"name":"admin","@id":"https:\/\/akunq.net\/tr\/#\/schema\/person\/096f1d38a12cce57fb855b485ed24c9e"},"headline":"Bilal Erdo\u011fan&#8217;a ifade daveti","datePublished":"2013-12-27T07:30:33+00:00","mainEntityOfPage":{"@id":"https:\/\/akunq.net\/tr\/?p=27677"},"wordCount":410,"commentCount":0,"articleSection":["Haberler"],"inLanguage":"en-US","potentialAction":[{"@type":"CommentAction","name":"Comment","target":["https:\/\/akunq.net\/tr\/?p=27677#respond"]}]},{"@type":"WebPage","@id":"https:\/\/akunq.net\/tr\/?p=27677","url":"https:\/\/akunq.net\/tr\/?p=27677","name":"Bilal Erdo\u011fan'a ifade daveti - Bati Ermenistan Ve Bati Ermenileri Sorunlari Ara\u015ftirmalar Merkezi","isPartOf":{"@id":"https:\/\/akunq.net\/tr\/#website"},"datePublished":"2013-12-27T07:30:33+00:00","author":{"@id":"https:\/\/akunq.net\/tr\/#\/schema\/person\/096f1d38a12cce57fb855b485ed24c9e"},"breadcrumb":{"@id":"https:\/\/akunq.net\/tr\/?p=27677#breadcrumb"},"inLanguage":"en-US","potentialAction":[{"@type":"ReadAction","target":["https:\/\/akunq.net\/tr\/?p=27677"]}]},{"@type":"BreadcrumbList","@id":"https:\/\/akunq.net\/tr\/?p=27677#breadcrumb","itemListElement":[{"@type":"ListItem","position":1,"name":"Home","item":"https:\/\/akunq.net\/tr"},{"@type":"ListItem","position":2,"name":"Bilal Erdo\u011fan&#8217;a ifade daveti"}]},{"@type":"WebSite","@id":"https:\/\/akunq.net\/tr\/#website","url":"https:\/\/akunq.net\/tr\/","name":"Bati Ermenistan Ve Bati Ermenileri Sorunlari Ara\u015ftirmalar Merkezi","description":"","potentialAction":[{"@type":"SearchAction","target":{"@type":"EntryPoint","urlTemplate":"https:\/\/akunq.net\/tr\/?s={search_term_string}"},"query-input":{"@type":"PropertyValueSpecification","valueRequired":true,"valueName":"search_term_string"}}],"inLanguage":"en-US"},{"@type":"Person","@id":"https:\/\/akunq.net\/tr\/#\/schema\/person\/096f1d38a12cce57fb855b485ed24c9e","name":"admin","url":"https:\/\/akunq.net\/tr\/?author=7"}]}},"_links":{"self":[{"href":"https:\/\/akunq.net\/tr\/index.php?rest_route=\/wp\/v2\/posts\/27677","targetHints":{"allow":["GET"]}}],"collection":[{"href":"https:\/\/akunq.net\/tr\/index.php?rest_route=\/wp\/v2\/posts"}],"about":[{"href":"https:\/\/akunq.net\/tr\/index.php?rest_route=\/wp\/v2\/types\/post"}],"author":[{"embeddable":true,"href":"https:\/\/akunq.net\/tr\/index.php?rest_route=\/wp\/v2\/users\/7"}],"replies":[{"embeddable":true,"href":"https:\/\/akunq.net\/tr\/index.php?rest_route=%2Fwp%2Fv2%2Fcomments&post=27677"}],"version-history":[{"count":1,"href":"https:\/\/akunq.net\/tr\/index.php?rest_route=\/wp\/v2\/posts\/27677\/revisions"}],"predecessor-version":[{"id":27679,"href":"https:\/\/akunq.net\/tr\/index.php?rest_route=\/wp\/v2\/posts\/27677\/revisions\/27679"}],"wp:attachment":[{"href":"https:\/\/akunq.net\/tr\/index.php?rest_route=%2Fwp%2Fv2%2Fmedia&parent=27677"}],"wp:term":[{"taxonomy":"category","embeddable":true,"href":"https:\/\/akunq.net\/tr\/index.php?rest_route=%2Fwp%2Fv2%2Fcategories&post=27677"},{"taxonomy":"post_tag","embeddable":true,"href":"https:\/\/akunq.net\/tr\/index.php?rest_route=%2Fwp%2Fv2%2Ftags&post=27677"}],"curies":[{"name":"wp","href":"https:\/\/api.w.org\/{rel}","templated":true}]}}