{"id":27665,"date":"2013-12-26T03:21:28","date_gmt":"2013-12-26T08:21:28","guid":{"rendered":"http:\/\/akunq.net\/tr\/?p=27665"},"modified":"2013-12-26T03:21:46","modified_gmt":"2013-12-26T08:21:46","slug":"ana-gundem-acilim-ve-suriye","status":"publish","type":"post","link":"https:\/\/akunq.net\/tr\/?p=27665","title":{"rendered":"Ana g\u00fcndem a\u00e7\u0131l\u0131m ve Suriye"},"content":{"rendered":"<h2 style=\"text-align: justify;\"><i><a href=\"http:\/\/akunq.net\/tr\/wp-content\/uploads\/2013\/12\/\u0539\u0578\u0582\u0580\u0584\u056b\u0561\u0575\u056b-\u0561\u0576\u057e\u057f\u0561\u0576\u0563\u0578\u0582\u0569\u0575\u0561\u0576-\u056d\u0578\u0580\u0570\u0580\u0564\u056b-\u0576\u056b\u057d\u057f.jpg\"><img loading=\"lazy\" decoding=\"async\" class=\"alignright size-full wp-image-27666\" alt=\"\u0539\u0578\u0582\u0580\u0584\u056b\u0561\u0575\u056b \u0561\u0576\u057e\u057f\u0561\u0576\u0563\u0578\u0582\u0569\u0575\u0561\u0576 \u056d\u0578\u0580\u0570\u0580\u0564\u056b \u0576\u056b\u057d\u057f\" src=\"http:\/\/akunq.net\/tr\/wp-content\/uploads\/2013\/12\/\u0539\u0578\u0582\u0580\u0584\u056b\u0561\u0575\u056b-\u0561\u0576\u057e\u057f\u0561\u0576\u0563\u0578\u0582\u0569\u0575\u0561\u0576-\u056d\u0578\u0580\u0570\u0580\u0564\u056b-\u0576\u056b\u057d\u057f.jpg\" width=\"250\" height=\"150\" \/><\/a>Toplant\u0131da bar\u0131\u015f s\u00fcreci ve ter\u00f6rle m\u00fccadelenin yan\u0131s\u0131ra Suriye\u2019deki geli\u015fmeler ele al\u0131nacak. <\/i><\/h2>\n<p style=\"text-align: justify;\">MGK, bug\u00fcn saat 14.00\u2019de Cumhurba\u015fkan\u0131 Abdullah G\u00fcl\u2019\u00fcn ba\u015fkanl\u0131\u011f\u0131nda \u00c7ankaya K\u00f6\u015fk\u00fc\u2019nde yap\u0131lacak. Toplant\u0131da \u00f6ncelikli olarak i\u00e7 meseleler masaya yat\u0131r\u0131lacak. Toplant\u0131da, g\u00fcndemdeki geli\u015fmelerin yan\u0131s\u0131ra, a\u00e7\u0131l\u0131m s\u00fcreci ve ter\u00f6rle m\u00fccadelede son durum kapsam\u0131nda, Ba\u015fbakan Recep Tayyip Erdo\u011fan\u2019\u0131n K\u00fcrt B\u00f6lgesel Y\u00f6netimi lideri ile birlikte ger\u00e7ekle\u015ftirdi\u011fi Diyarbak\u0131r ziyaretinin ayr\u0131nt\u0131l\u0131 bi\u00e7imde ele al\u0131naca\u011f\u0131 kaydediliyor. Y\u0131l\u0131n son MGK\u2019s\u0131nde i\u00e7 meselelerden biri olarak T\u00fcrkriye\u2019ye g\u00f6\u00e7 eden Suriyeli s\u0131\u011f\u0131nmac\u0131lar\u0131n durumu da de\u011ferlendirilecek. Suriyeli s\u0131\u011f\u0131nmac\u0131lar\u0131n say\u0131s\u0131n\u0131n toplamda 700 bini ge\u00e7ti\u011fi belirtiliyor.<\/p>\n<p style=\"text-align: justify;\"><strong>DI\u015e GEL\u0130\u015eMELER MASADA<\/strong><br \/>\nBunun yan\u0131s\u0131ra toplant\u0131da uluslararas\u0131 geli\u015fmeler de masaya yat\u0131r\u0131lacak. \u0130lk g\u00fcndem maddesi de Suriye\u2019de son durum olacak. Ocak ay\u0131n\u0131n 3\u2019\u00fcnc\u00fc haftas\u0131nda ger\u00e7ekle\u015ftirilmesi beklenen Cenevre-2 Toplant\u0131s\u0131 konusunda T\u00fcrkiye\u2019nin tutumu ve uluslararas\u0131 toplumun olaya bak\u0131\u015f\u0131 ayr\u0131nt\u0131l\u0131 bi\u00e7imde de\u011ferlendirilecek. Ayr\u0131ca toplant\u0131da Irak ile Enerji diyalo\u011fu, \u0130srail ile tazminat m\u00fczakereleri, Ulusal Hava Savunma Sistemi kapsam\u0131nda \u00c7in ile devam eden g\u00f6r\u00fc\u015fmeler, D\u0131\u015fi\u015fleri Bakan\u0131 Ahmet Davuto\u011flu\u2019nun Ermenistan ziyareti ve bu \u00fclke ile ili\u015fkilerin normalle\u015ftirilmesi ve \u0130ran\u2019a y\u00f6nelik yapt\u0131r\u0131mlar\u0131n kald\u0131r\u0131lmas\u0131 s\u00fcrecinin ard\u0131ndan ya\u015fananlar ele al\u0131nacak.\u00a0<\/p>\n<p style=\"text-align: justify;\"><strong><i>MAHMUT G\u00dcRER &#8211; ANKARA<\/i><\/strong><\/p>\n<p style=\"text-align: justify;\"><b><i>http:\/\/www.aksam.com.tr\/siyaset\/ana-gundem-acilim-ve-suriye\/haber-271668<\/i><\/b><\/p>\n","protected":false},"excerpt":{"rendered":"<p>Toplant\u0131da bar\u0131\u015f s\u00fcreci ve ter\u00f6rle m\u00fccadelenin yan\u0131s\u0131ra Suriye\u2019deki geli\u015fmeler ele al\u0131nacak. MGK, bug\u00fcn saat 14.00\u2019de Cumhurba\u015fkan\u0131 Abdullah G\u00fcl\u2019\u00fcn ba\u015fkanl\u0131\u011f\u0131nda \u00c7ankaya K\u00f6\u015fk\u00fc\u2019nde yap\u0131lacak. Toplant\u0131da \u00f6ncelikli olarak i\u00e7 meseleler masaya yat\u0131r\u0131lacak. Toplant\u0131da, g\u00fcndemdeki geli\u015fmelerin yan\u0131s\u0131ra, a\u00e7\u0131l\u0131m s\u00fcreci ve ter\u00f6rle m\u00fccadelede son durum kapsam\u0131nda, Ba\u015fbakan Recep Tayyip Erdo\u011fan\u2019\u0131n K\u00fcrt B\u00f6lgesel Y\u00f6netimi lideri ile birlikte ger\u00e7ekle\u015ftirdi\u011fi Diyarbak\u0131r ziyaretinin ayr\u0131nt\u0131l\u0131 [&hellip;]<\/p>\n","protected":false},"author":7,"featured_media":0,"comment_status":"open","ping_status":"open","sticky":false,"template":"","format":"standard","meta":{"footnotes":""},"categories":[1],"tags":[],"class_list":["post-27665","post","type-post","status-publish","format-standard","hentry","category-haberler"],"yoast_head":"<!-- This site is optimized with the Yoast SEO plugin v27.4 - https:\/\/yoast.com\/product\/yoast-seo-wordpress\/ -->\n<title>Ana g\u00fcndem a\u00e7\u0131l\u0131m ve Suriye - Bati Ermenistan Ve Bati Ermenileri Sorunlari Ara\u015ftirmalar Merkezi<\/title>\n<meta name=\"robots\" content=\"index, follow, max-snippet:-1, max-image-preview:large, max-video-preview:-1\" \/>\n<link rel=\"canonical\" href=\"https:\/\/akunq.net\/tr\/?p=27665\" \/>\n<meta property=\"og:locale\" content=\"en_US\" \/>\n<meta property=\"og:type\" content=\"article\" \/>\n<meta property=\"og:title\" content=\"Ana g\u00fcndem a\u00e7\u0131l\u0131m ve Suriye - Bati Ermenistan Ve Bati Ermenileri Sorunlari Ara\u015ftirmalar Merkezi\" \/>\n<meta property=\"og:description\" content=\"Toplant\u0131da bar\u0131\u015f s\u00fcreci ve ter\u00f6rle m\u00fccadelenin yan\u0131s\u0131ra Suriye\u2019deki geli\u015fmeler ele al\u0131nacak. MGK, bug\u00fcn saat 14.00\u2019de Cumhurba\u015fkan\u0131 Abdullah G\u00fcl\u2019\u00fcn ba\u015fkanl\u0131\u011f\u0131nda \u00c7ankaya K\u00f6\u015fk\u00fc\u2019nde yap\u0131lacak. Toplant\u0131da \u00f6ncelikli olarak i\u00e7 meseleler masaya yat\u0131r\u0131lacak. Toplant\u0131da, g\u00fcndemdeki geli\u015fmelerin yan\u0131s\u0131ra, a\u00e7\u0131l\u0131m s\u00fcreci ve ter\u00f6rle m\u00fccadelede son durum kapsam\u0131nda, Ba\u015fbakan Recep Tayyip Erdo\u011fan\u2019\u0131n K\u00fcrt B\u00f6lgesel Y\u00f6netimi lideri ile birlikte ger\u00e7ekle\u015ftirdi\u011fi Diyarbak\u0131r ziyaretinin ayr\u0131nt\u0131l\u0131 [&hellip;]\" \/>\n<meta property=\"og:url\" content=\"https:\/\/akunq.net\/tr\/?p=27665\" \/>\n<meta property=\"og:site_name\" content=\"Bati Ermenistan Ve Bati Ermenileri Sorunlari Ara\u015ftirmalar Merkezi\" \/>\n<meta property=\"article:published_time\" content=\"2013-12-26T08:21:28+00:00\" \/>\n<meta property=\"article:modified_time\" content=\"2013-12-26T08:21:46+00:00\" \/>\n<meta name=\"author\" content=\"admin\" \/>\n<meta name=\"twitter:card\" content=\"summary_large_image\" \/>\n<meta name=\"twitter:label1\" content=\"Written by\" \/>\n\t<meta name=\"twitter:data1\" content=\"admin\" \/>\n\t<meta name=\"twitter:label2\" content=\"Est. reading time\" \/>\n\t<meta name=\"twitter:data2\" content=\"1 minute\" \/>\n<script type=\"application\/ld+json\" class=\"yoast-schema-graph\">{\"@context\":\"https:\\\/\\\/schema.org\",\"@graph\":[{\"@type\":\"Article\",\"@id\":\"https:\\\/\\\/akunq.net\\\/tr\\\/?p=27665#article\",\"isPartOf\":{\"@id\":\"https:\\\/\\\/akunq.net\\\/tr\\\/?p=27665\"},\"author\":{\"name\":\"admin\",\"@id\":\"https:\\\/\\\/akunq.net\\\/tr\\\/#\\\/schema\\\/person\\\/096f1d38a12cce57fb855b485ed24c9e\"},\"headline\":\"Ana g\u00fcndem a\u00e7\u0131l\u0131m ve Suriye\",\"datePublished\":\"2013-12-26T08:21:28+00:00\",\"dateModified\":\"2013-12-26T08:21:46+00:00\",\"mainEntityOfPage\":{\"@id\":\"https:\\\/\\\/akunq.net\\\/tr\\\/?p=27665\"},\"wordCount\":291,\"commentCount\":0,\"articleSection\":[\"Haberler\"],\"inLanguage\":\"en-US\",\"potentialAction\":[{\"@type\":\"CommentAction\",\"name\":\"Comment\",\"target\":[\"https:\\\/\\\/akunq.net\\\/tr\\\/?p=27665#respond\"]}]},{\"@type\":\"WebPage\",\"@id\":\"https:\\\/\\\/akunq.net\\\/tr\\\/?p=27665\",\"url\":\"https:\\\/\\\/akunq.net\\\/tr\\\/?p=27665\",\"name\":\"Ana g\u00fcndem a\u00e7\u0131l\u0131m ve Suriye - Bati Ermenistan Ve Bati Ermenileri Sorunlari Ara\u015ftirmalar Merkezi\",\"isPartOf\":{\"@id\":\"https:\\\/\\\/akunq.net\\\/tr\\\/#website\"},\"datePublished\":\"2013-12-26T08:21:28+00:00\",\"dateModified\":\"2013-12-26T08:21:46+00:00\",\"author\":{\"@id\":\"https:\\\/\\\/akunq.net\\\/tr\\\/#\\\/schema\\\/person\\\/096f1d38a12cce57fb855b485ed24c9e\"},\"breadcrumb\":{\"@id\":\"https:\\\/\\\/akunq.net\\\/tr\\\/?p=27665#breadcrumb\"},\"inLanguage\":\"en-US\",\"potentialAction\":[{\"@type\":\"ReadAction\",\"target\":[\"https:\\\/\\\/akunq.net\\\/tr\\\/?p=27665\"]}]},{\"@type\":\"BreadcrumbList\",\"@id\":\"https:\\\/\\\/akunq.net\\\/tr\\\/?p=27665#breadcrumb\",\"itemListElement\":[{\"@type\":\"ListItem\",\"position\":1,\"name\":\"Home\",\"item\":\"https:\\\/\\\/akunq.net\\\/tr\"},{\"@type\":\"ListItem\",\"position\":2,\"name\":\"Ana g\u00fcndem a\u00e7\u0131l\u0131m ve Suriye\"}]},{\"@type\":\"WebSite\",\"@id\":\"https:\\\/\\\/akunq.net\\\/tr\\\/#website\",\"url\":\"https:\\\/\\\/akunq.net\\\/tr\\\/\",\"name\":\"Bati Ermenistan Ve Bati Ermenileri Sorunlari Ara\u015ftirmalar Merkezi\",\"description\":\"\",\"potentialAction\":[{\"@type\":\"SearchAction\",\"target\":{\"@type\":\"EntryPoint\",\"urlTemplate\":\"https:\\\/\\\/akunq.net\\\/tr\\\/?s={search_term_string}\"},\"query-input\":{\"@type\":\"PropertyValueSpecification\",\"valueRequired\":true,\"valueName\":\"search_term_string\"}}],\"inLanguage\":\"en-US\"},{\"@type\":\"Person\",\"@id\":\"https:\\\/\\\/akunq.net\\\/tr\\\/#\\\/schema\\\/person\\\/096f1d38a12cce57fb855b485ed24c9e\",\"name\":\"admin\",\"url\":\"https:\\\/\\\/akunq.net\\\/tr\\\/?author=7\"}]}<\/script>\n<!-- \/ Yoast SEO plugin. -->","yoast_head_json":{"title":"Ana g\u00fcndem a\u00e7\u0131l\u0131m ve Suriye - Bati Ermenistan Ve Bati Ermenileri Sorunlari Ara\u015ftirmalar Merkezi","robots":{"index":"index","follow":"follow","max-snippet":"max-snippet:-1","max-image-preview":"max-image-preview:large","max-video-preview":"max-video-preview:-1"},"canonical":"https:\/\/akunq.net\/tr\/?p=27665","og_locale":"en_US","og_type":"article","og_title":"Ana g\u00fcndem a\u00e7\u0131l\u0131m ve Suriye - Bati Ermenistan Ve Bati Ermenileri Sorunlari Ara\u015ftirmalar Merkezi","og_description":"Toplant\u0131da bar\u0131\u015f s\u00fcreci ve ter\u00f6rle m\u00fccadelenin yan\u0131s\u0131ra Suriye\u2019deki geli\u015fmeler ele al\u0131nacak. MGK, bug\u00fcn saat 14.00\u2019de Cumhurba\u015fkan\u0131 Abdullah G\u00fcl\u2019\u00fcn ba\u015fkanl\u0131\u011f\u0131nda \u00c7ankaya K\u00f6\u015fk\u00fc\u2019nde yap\u0131lacak. Toplant\u0131da \u00f6ncelikli olarak i\u00e7 meseleler masaya yat\u0131r\u0131lacak. Toplant\u0131da, g\u00fcndemdeki geli\u015fmelerin yan\u0131s\u0131ra, a\u00e7\u0131l\u0131m s\u00fcreci ve ter\u00f6rle m\u00fccadelede son durum kapsam\u0131nda, Ba\u015fbakan Recep Tayyip Erdo\u011fan\u2019\u0131n K\u00fcrt B\u00f6lgesel Y\u00f6netimi lideri ile birlikte ger\u00e7ekle\u015ftirdi\u011fi Diyarbak\u0131r ziyaretinin ayr\u0131nt\u0131l\u0131 [&hellip;]","og_url":"https:\/\/akunq.net\/tr\/?p=27665","og_site_name":"Bati Ermenistan Ve Bati Ermenileri Sorunlari Ara\u015ftirmalar Merkezi","article_published_time":"2013-12-26T08:21:28+00:00","article_modified_time":"2013-12-26T08:21:46+00:00","author":"admin","twitter_card":"summary_large_image","twitter_misc":{"Written by":"admin","Est. reading time":"1 minute"},"schema":{"@context":"https:\/\/schema.org","@graph":[{"@type":"Article","@id":"https:\/\/akunq.net\/tr\/?p=27665#article","isPartOf":{"@id":"https:\/\/akunq.net\/tr\/?p=27665"},"author":{"name":"admin","@id":"https:\/\/akunq.net\/tr\/#\/schema\/person\/096f1d38a12cce57fb855b485ed24c9e"},"headline":"Ana g\u00fcndem a\u00e7\u0131l\u0131m ve Suriye","datePublished":"2013-12-26T08:21:28+00:00","dateModified":"2013-12-26T08:21:46+00:00","mainEntityOfPage":{"@id":"https:\/\/akunq.net\/tr\/?p=27665"},"wordCount":291,"commentCount":0,"articleSection":["Haberler"],"inLanguage":"en-US","potentialAction":[{"@type":"CommentAction","name":"Comment","target":["https:\/\/akunq.net\/tr\/?p=27665#respond"]}]},{"@type":"WebPage","@id":"https:\/\/akunq.net\/tr\/?p=27665","url":"https:\/\/akunq.net\/tr\/?p=27665","name":"Ana g\u00fcndem a\u00e7\u0131l\u0131m ve Suriye - Bati Ermenistan Ve Bati Ermenileri Sorunlari Ara\u015ftirmalar Merkezi","isPartOf":{"@id":"https:\/\/akunq.net\/tr\/#website"},"datePublished":"2013-12-26T08:21:28+00:00","dateModified":"2013-12-26T08:21:46+00:00","author":{"@id":"https:\/\/akunq.net\/tr\/#\/schema\/person\/096f1d38a12cce57fb855b485ed24c9e"},"breadcrumb":{"@id":"https:\/\/akunq.net\/tr\/?p=27665#breadcrumb"},"inLanguage":"en-US","potentialAction":[{"@type":"ReadAction","target":["https:\/\/akunq.net\/tr\/?p=27665"]}]},{"@type":"BreadcrumbList","@id":"https:\/\/akunq.net\/tr\/?p=27665#breadcrumb","itemListElement":[{"@type":"ListItem","position":1,"name":"Home","item":"https:\/\/akunq.net\/tr"},{"@type":"ListItem","position":2,"name":"Ana g\u00fcndem a\u00e7\u0131l\u0131m ve Suriye"}]},{"@type":"WebSite","@id":"https:\/\/akunq.net\/tr\/#website","url":"https:\/\/akunq.net\/tr\/","name":"Bati Ermenistan Ve Bati Ermenileri Sorunlari Ara\u015ftirmalar Merkezi","description":"","potentialAction":[{"@type":"SearchAction","target":{"@type":"EntryPoint","urlTemplate":"https:\/\/akunq.net\/tr\/?s={search_term_string}"},"query-input":{"@type":"PropertyValueSpecification","valueRequired":true,"valueName":"search_term_string"}}],"inLanguage":"en-US"},{"@type":"Person","@id":"https:\/\/akunq.net\/tr\/#\/schema\/person\/096f1d38a12cce57fb855b485ed24c9e","name":"admin","url":"https:\/\/akunq.net\/tr\/?author=7"}]}},"_links":{"self":[{"href":"https:\/\/akunq.net\/tr\/index.php?rest_route=\/wp\/v2\/posts\/27665","targetHints":{"allow":["GET"]}}],"collection":[{"href":"https:\/\/akunq.net\/tr\/index.php?rest_route=\/wp\/v2\/posts"}],"about":[{"href":"https:\/\/akunq.net\/tr\/index.php?rest_route=\/wp\/v2\/types\/post"}],"author":[{"embeddable":true,"href":"https:\/\/akunq.net\/tr\/index.php?rest_route=\/wp\/v2\/users\/7"}],"replies":[{"embeddable":true,"href":"https:\/\/akunq.net\/tr\/index.php?rest_route=%2Fwp%2Fv2%2Fcomments&post=27665"}],"version-history":[{"count":2,"href":"https:\/\/akunq.net\/tr\/index.php?rest_route=\/wp\/v2\/posts\/27665\/revisions"}],"predecessor-version":[{"id":27668,"href":"https:\/\/akunq.net\/tr\/index.php?rest_route=\/wp\/v2\/posts\/27665\/revisions\/27668"}],"wp:attachment":[{"href":"https:\/\/akunq.net\/tr\/index.php?rest_route=%2Fwp%2Fv2%2Fmedia&parent=27665"}],"wp:term":[{"taxonomy":"category","embeddable":true,"href":"https:\/\/akunq.net\/tr\/index.php?rest_route=%2Fwp%2Fv2%2Fcategories&post=27665"},{"taxonomy":"post_tag","embeddable":true,"href":"https:\/\/akunq.net\/tr\/index.php?rest_route=%2Fwp%2Fv2%2Ftags&post=27665"}],"curies":[{"name":"wp","href":"https:\/\/api.w.org\/{rel}","templated":true}]}}