{"id":27658,"date":"2013-12-26T02:52:34","date_gmt":"2013-12-26T07:52:34","guid":{"rendered":"http:\/\/akunq.net\/tr\/?p=27658"},"modified":"2013-12-26T02:52:34","modified_gmt":"2013-12-26T07:52:34","slug":"basbakan-erdogan-10-bakan-degisti","status":"publish","type":"post","link":"https:\/\/akunq.net\/tr\/?p=27658","title":{"rendered":"Ba\u015fbakan Erdo\u011fan: 10 bakan de\u011fi\u015fti"},"content":{"rendered":"<h5 style=\"text-align: justify;\"><b><i><a href=\"http:\/\/akunq.net\/tr\/wp-content\/uploads\/2013\/12\/\u0539\u0578\u0582\u0580\u0584\u056b\u0561\u0575\u0578\u0582\u0574-\u0583\u0578\u056d\u0565\u0581\u056b\u0576-10-\u0576\u0561\u056d\u0561\u0580\u0561\u0580\u056b.jpg\"><img loading=\"lazy\" decoding=\"async\" class=\"alignright size-full wp-image-27659\" alt=\"\u0539\u0578\u0582\u0580\u0584\u056b\u0561\u0575\u0578\u0582\u0574 \u0583\u0578\u056d\u0565\u0581\u056b\u0576 10 \u0576\u0561\u056d\u0561\u0580\u0561\u0580\u056b\" src=\"http:\/\/akunq.net\/tr\/wp-content\/uploads\/2013\/12\/\u0539\u0578\u0582\u0580\u0584\u056b\u0561\u0575\u0578\u0582\u0574-\u0583\u0578\u056d\u0565\u0581\u056b\u0576-10-\u0576\u0561\u056d\u0561\u0580\u0561\u0580\u056b.jpg\" width=\"300\" height=\"203\" \/><\/a>Ba\u015fbakan Recep Tayyip Erdo\u011fan Cumhurba\u015fkanl\u0131\u011f\u0131 Konutu&#8217;nda yakla\u015f\u0131k 1.5 saat Abdullah G\u00fcl ile g\u00f6r\u00fc\u015ft\u00fc. G\u00f6r\u00fc\u015fmenin ard\u0131ndan Erdo\u011fan, yeni bakanlar\u0131 a\u00e7\u0131klad\u0131.<\/i><\/b><\/h5>\n<p style=\"text-align: justify;\"><b><i>ANKARA &#8211; <\/i><\/b><a href=\"http:\/\/www.radikal.com.tr\/index\/Turkiye\">T\u00fcrkiye<\/a> d\u00fcn siyaset tarihinin hareketli g\u00fcnlerinden birini ya\u015fad\u0131. \u00dc\u00e7 bakan istifa etti. Ba\u015fkent g\u00fcne <a href=\"http:\/\/www.radikal.com.tr\/ekonomi\">Ekonomi<\/a> Bakan\u0131 Zafer \u00c7a\u011flayan&#8217;\u0131n istifas\u0131yla ba\u015flad\u0131. Ard\u0131ndan \u0130\u00e7i\u015fleri Bakan\u0131 Muammer G\u00fcler&#8217;in istifas\u0131 geldi. \u00c7evre ve \u015eehircilik Bakan\u0131 Erdo\u011fan Bayraktar&#8217;\u0131n istifas\u0131 ise farkl\u0131 oldu. Bayraktar hem bakanl\u0131ktan hem de milletvekilli\u011finden istifa ederken, talimatlar\u0131 ba\u015fbakandan ald\u0131\u011f\u0131n\u0131, istifa etmek s\u00f6zkonusu ise Erdo\u011fan&#8217;\u0131n da istifa etmesi gerekti\u011fini s\u00f6yledi.<\/p>\n<p style=\"text-align: justify;\"><strong>\u0130LK Z\u0130RVE OLMADI<\/strong><\/p>\n<p style=\"text-align: justify;\">Ba\u015fbakan Erdo\u011fan&#8217;\u0131n saat 17.00 s\u0131ralar\u0131nda yeni kabineyi \u00c7ankaya K\u00f6\u015fk\u00fc&#8217;ne sunmas\u0131 bekleniyordu. Ancak s\u00fcre uzad\u0131k\u00e7a uzad\u0131&#8230; Ba\u015fbakan Erdo\u011fan 21.30 s\u0131ralar\u0131nda Cumhurba\u015fkan\u0131 G\u00fcl taraf\u0131ndan kabul edildi. Kabul de beklenin aksine uzad\u0131 ve tam 1,5 saat sonra 23.00 s\u0131ralar\u0131nda yeni kabine a\u00e7\u0131kland\u0131. R\u00fc\u015fvet ve Yolsuzluk Operasyonu&#8217;na ad\u0131 kar\u0131\u015fan AB&#8217;den sorumlu bakan Egemen Ba\u011f\u0131\u015f&#8217;\u0131n yan\u0131 s\u0131ra Gen\u00e7lik ve <a href=\"http:\/\/www.radikal.com.tr\/spor\">Spor<\/a> Bakan\u0131 Suat K\u0131l\u0131\u00e7 ile Bilim, Sanayi ve Teknoloji bakan\u0131 Nihat Erg\u00fcn g\u00f6revden al\u0131nd\u0131. Yeni Kabine Cumhurba\u015fkan\u0131 G\u00fcl&#8217;\u00fcn onay\u0131ndan sonra Ba\u015fbakan <a href=\"http:\/\/www.radikal.com.tr\/index\/Recep-Tayyip-Erdogan\">Recep Tayyip Erdo\u011fan<\/a> taraf\u0131ndan Ba\u015fbakanl\u0131k Merkez Bina&#8217;da a\u00e7\u0131kland\u0131.<\/p>\n<p style=\"text-align: justify;\">Ba\u015fbakan Erdo\u011fan de\u011fi\u015fiklikler \u00f6ncesinde k\u0131sa bir a\u00e7\u0131klama yaparak, &#8220;Ay sonu itibariyle yapabilece\u011fimi daha \u00f6nce a\u00e7\u0131klam\u0131\u015ft\u0131m. Arkada\u015flar\u0131m\u0131n bir k\u0131sm\u0131 mevcut geli\u015fmeler nedeniyle aff\u0131n\u0131 istediler. Bir k\u0131sm\u0131 adayl\u0131klar\u0131yla ilgili bakanl\u0131klar\u0131ndan ayr\u0131lm\u0131\u015f oldular. Bir k\u0131sm\u0131 da takdirim i\u00e7erisinde Cumhurba\u015fkan\u0131&#8217;na takdim etti\u011fim kendilerinin de onaylad\u0131\u011f\u0131 bir de\u011fi\u015fiklik oluyor&#8221; diye konu\u015ftu.<br \/>\nA\u00e7\u0131klamayla, Ba\u015fbakan Yard\u0131mc\u0131l\u0131\u011f\u0131&#8217;na Emrullah \u0130\u015fler, Adalet Bakanl\u0131\u011f\u0131&#8217;na Bekir Bozda\u011f, Aile ve Sosyal Politikalar Bakanl\u0131\u011f\u0131&#8217;na Ay\u015fenur \u0130slam, AB Bakanl\u0131\u011f\u0131&#8217;na Mevl\u00fct \u00c7avu\u015fo\u011flu, Bilim, Sanayi ve Teknoloji Bakanl\u0131\u011f\u0131&#8217;na Fikri I\u015f\u0131k, \u00c7evre ve \u015eehircilik Bakanl\u0131\u011f\u0131&#8217;na \u0130dris G\u00fcll\u00fcce, Ekonomi Bakanl\u0131\u011f\u0131&#8217;na Nihat Zeybek\u00e7i, Gen\u00e7lik ve Spor Bakanl\u0131\u011f\u0131&#8217;na Akif \u00c7a\u011fatay K\u0131l\u0131\u00e7, \u0130\u00e7i\u015fleri Bakanl\u0131\u011f\u0131&#8217;na Efkan Ala, Ula\u015ft\u0131rma, Denizcilik ve Haberle\u015fme Bakanl\u0131\u011f\u0131&#8217;na L\u00fctf\u00fc Elvan getirildi. (DHA)<\/p>\n<p style=\"text-align: justify;\"><b><i>http:\/\/www.radikal.com.tr\/politika\/basbakan_erdogan_10_bakan_degisti-1168055<\/i><\/b><\/p>\n","protected":false},"excerpt":{"rendered":"<p>Ba\u015fbakan Recep Tayyip Erdo\u011fan Cumhurba\u015fkanl\u0131\u011f\u0131 Konutu&#8217;nda yakla\u015f\u0131k 1.5 saat Abdullah G\u00fcl ile g\u00f6r\u00fc\u015ft\u00fc. G\u00f6r\u00fc\u015fmenin ard\u0131ndan Erdo\u011fan, yeni bakanlar\u0131 a\u00e7\u0131klad\u0131. ANKARA &#8211; T\u00fcrkiye d\u00fcn siyaset tarihinin hareketli g\u00fcnlerinden birini ya\u015fad\u0131. \u00dc\u00e7 bakan istifa etti. Ba\u015fkent g\u00fcne Ekonomi Bakan\u0131 Zafer \u00c7a\u011flayan&#8217;\u0131n istifas\u0131yla ba\u015flad\u0131. Ard\u0131ndan \u0130\u00e7i\u015fleri Bakan\u0131 Muammer G\u00fcler&#8217;in istifas\u0131 geldi. \u00c7evre ve \u015eehircilik Bakan\u0131 Erdo\u011fan Bayraktar&#8217;\u0131n istifas\u0131 [&hellip;]<\/p>\n","protected":false},"author":7,"featured_media":0,"comment_status":"open","ping_status":"open","sticky":false,"template":"","format":"standard","meta":{"footnotes":""},"categories":[1],"tags":[],"class_list":["post-27658","post","type-post","status-publish","format-standard","hentry","category-haberler"],"yoast_head":"<!-- This site is optimized with the Yoast SEO plugin v27.4 - https:\/\/yoast.com\/product\/yoast-seo-wordpress\/ -->\n<title>Ba\u015fbakan Erdo\u011fan: 10 bakan de\u011fi\u015fti - Bati Ermenistan Ve Bati Ermenileri Sorunlari Ara\u015ftirmalar Merkezi<\/title>\n<meta name=\"robots\" content=\"index, follow, max-snippet:-1, max-image-preview:large, max-video-preview:-1\" \/>\n<link rel=\"canonical\" href=\"https:\/\/akunq.net\/tr\/?p=27658\" \/>\n<meta property=\"og:locale\" content=\"en_US\" \/>\n<meta property=\"og:type\" content=\"article\" \/>\n<meta property=\"og:title\" content=\"Ba\u015fbakan Erdo\u011fan: 10 bakan de\u011fi\u015fti - Bati Ermenistan Ve Bati Ermenileri Sorunlari Ara\u015ftirmalar Merkezi\" \/>\n<meta property=\"og:description\" content=\"Ba\u015fbakan Recep Tayyip Erdo\u011fan Cumhurba\u015fkanl\u0131\u011f\u0131 Konutu&#8217;nda yakla\u015f\u0131k 1.5 saat Abdullah G\u00fcl ile g\u00f6r\u00fc\u015ft\u00fc. G\u00f6r\u00fc\u015fmenin ard\u0131ndan Erdo\u011fan, yeni bakanlar\u0131 a\u00e7\u0131klad\u0131. ANKARA &#8211; T\u00fcrkiye d\u00fcn siyaset tarihinin hareketli g\u00fcnlerinden birini ya\u015fad\u0131. \u00dc\u00e7 bakan istifa etti. Ba\u015fkent g\u00fcne Ekonomi Bakan\u0131 Zafer \u00c7a\u011flayan&#8217;\u0131n istifas\u0131yla ba\u015flad\u0131. Ard\u0131ndan \u0130\u00e7i\u015fleri Bakan\u0131 Muammer G\u00fcler&#8217;in istifas\u0131 geldi. \u00c7evre ve \u015eehircilik Bakan\u0131 Erdo\u011fan Bayraktar&#8217;\u0131n istifas\u0131 [&hellip;]\" \/>\n<meta property=\"og:url\" content=\"https:\/\/akunq.net\/tr\/?p=27658\" \/>\n<meta property=\"og:site_name\" content=\"Bati Ermenistan Ve Bati Ermenileri Sorunlari Ara\u015ftirmalar Merkezi\" \/>\n<meta property=\"article:published_time\" content=\"2013-12-26T07:52:34+00:00\" \/>\n<meta name=\"author\" content=\"admin\" \/>\n<meta name=\"twitter:card\" content=\"summary_large_image\" \/>\n<meta name=\"twitter:label1\" content=\"Written by\" \/>\n\t<meta name=\"twitter:data1\" content=\"admin\" \/>\n\t<meta name=\"twitter:label2\" content=\"Est. reading time\" \/>\n\t<meta name=\"twitter:data2\" content=\"2 minutes\" \/>\n<script type=\"application\/ld+json\" class=\"yoast-schema-graph\">{\"@context\":\"https:\\\/\\\/schema.org\",\"@graph\":[{\"@type\":\"Article\",\"@id\":\"https:\\\/\\\/akunq.net\\\/tr\\\/?p=27658#article\",\"isPartOf\":{\"@id\":\"https:\\\/\\\/akunq.net\\\/tr\\\/?p=27658\"},\"author\":{\"name\":\"admin\",\"@id\":\"https:\\\/\\\/akunq.net\\\/tr\\\/#\\\/schema\\\/person\\\/096f1d38a12cce57fb855b485ed24c9e\"},\"headline\":\"Ba\u015fbakan Erdo\u011fan: 10 bakan de\u011fi\u015fti\",\"datePublished\":\"2013-12-26T07:52:34+00:00\",\"mainEntityOfPage\":{\"@id\":\"https:\\\/\\\/akunq.net\\\/tr\\\/?p=27658\"},\"wordCount\":417,\"commentCount\":0,\"articleSection\":[\"Haberler\"],\"inLanguage\":\"en-US\",\"potentialAction\":[{\"@type\":\"CommentAction\",\"name\":\"Comment\",\"target\":[\"https:\\\/\\\/akunq.net\\\/tr\\\/?p=27658#respond\"]}]},{\"@type\":\"WebPage\",\"@id\":\"https:\\\/\\\/akunq.net\\\/tr\\\/?p=27658\",\"url\":\"https:\\\/\\\/akunq.net\\\/tr\\\/?p=27658\",\"name\":\"Ba\u015fbakan Erdo\u011fan: 10 bakan de\u011fi\u015fti - Bati Ermenistan Ve Bati Ermenileri Sorunlari Ara\u015ftirmalar Merkezi\",\"isPartOf\":{\"@id\":\"https:\\\/\\\/akunq.net\\\/tr\\\/#website\"},\"datePublished\":\"2013-12-26T07:52:34+00:00\",\"author\":{\"@id\":\"https:\\\/\\\/akunq.net\\\/tr\\\/#\\\/schema\\\/person\\\/096f1d38a12cce57fb855b485ed24c9e\"},\"breadcrumb\":{\"@id\":\"https:\\\/\\\/akunq.net\\\/tr\\\/?p=27658#breadcrumb\"},\"inLanguage\":\"en-US\",\"potentialAction\":[{\"@type\":\"ReadAction\",\"target\":[\"https:\\\/\\\/akunq.net\\\/tr\\\/?p=27658\"]}]},{\"@type\":\"BreadcrumbList\",\"@id\":\"https:\\\/\\\/akunq.net\\\/tr\\\/?p=27658#breadcrumb\",\"itemListElement\":[{\"@type\":\"ListItem\",\"position\":1,\"name\":\"Home\",\"item\":\"https:\\\/\\\/akunq.net\\\/tr\"},{\"@type\":\"ListItem\",\"position\":2,\"name\":\"Ba\u015fbakan Erdo\u011fan: 10 bakan de\u011fi\u015fti\"}]},{\"@type\":\"WebSite\",\"@id\":\"https:\\\/\\\/akunq.net\\\/tr\\\/#website\",\"url\":\"https:\\\/\\\/akunq.net\\\/tr\\\/\",\"name\":\"Bati Ermenistan Ve Bati Ermenileri Sorunlari Ara\u015ftirmalar Merkezi\",\"description\":\"\",\"potentialAction\":[{\"@type\":\"SearchAction\",\"target\":{\"@type\":\"EntryPoint\",\"urlTemplate\":\"https:\\\/\\\/akunq.net\\\/tr\\\/?s={search_term_string}\"},\"query-input\":{\"@type\":\"PropertyValueSpecification\",\"valueRequired\":true,\"valueName\":\"search_term_string\"}}],\"inLanguage\":\"en-US\"},{\"@type\":\"Person\",\"@id\":\"https:\\\/\\\/akunq.net\\\/tr\\\/#\\\/schema\\\/person\\\/096f1d38a12cce57fb855b485ed24c9e\",\"name\":\"admin\",\"url\":\"https:\\\/\\\/akunq.net\\\/tr\\\/?author=7\"}]}<\/script>\n<!-- \/ Yoast SEO plugin. -->","yoast_head_json":{"title":"Ba\u015fbakan Erdo\u011fan: 10 bakan de\u011fi\u015fti - Bati Ermenistan Ve Bati Ermenileri Sorunlari Ara\u015ftirmalar Merkezi","robots":{"index":"index","follow":"follow","max-snippet":"max-snippet:-1","max-image-preview":"max-image-preview:large","max-video-preview":"max-video-preview:-1"},"canonical":"https:\/\/akunq.net\/tr\/?p=27658","og_locale":"en_US","og_type":"article","og_title":"Ba\u015fbakan Erdo\u011fan: 10 bakan de\u011fi\u015fti - Bati Ermenistan Ve Bati Ermenileri Sorunlari Ara\u015ftirmalar Merkezi","og_description":"Ba\u015fbakan Recep Tayyip Erdo\u011fan Cumhurba\u015fkanl\u0131\u011f\u0131 Konutu&#8217;nda yakla\u015f\u0131k 1.5 saat Abdullah G\u00fcl ile g\u00f6r\u00fc\u015ft\u00fc. G\u00f6r\u00fc\u015fmenin ard\u0131ndan Erdo\u011fan, yeni bakanlar\u0131 a\u00e7\u0131klad\u0131. ANKARA &#8211; T\u00fcrkiye d\u00fcn siyaset tarihinin hareketli g\u00fcnlerinden birini ya\u015fad\u0131. \u00dc\u00e7 bakan istifa etti. Ba\u015fkent g\u00fcne Ekonomi Bakan\u0131 Zafer \u00c7a\u011flayan&#8217;\u0131n istifas\u0131yla ba\u015flad\u0131. Ard\u0131ndan \u0130\u00e7i\u015fleri Bakan\u0131 Muammer G\u00fcler&#8217;in istifas\u0131 geldi. \u00c7evre ve \u015eehircilik Bakan\u0131 Erdo\u011fan Bayraktar&#8217;\u0131n istifas\u0131 [&hellip;]","og_url":"https:\/\/akunq.net\/tr\/?p=27658","og_site_name":"Bati Ermenistan Ve Bati Ermenileri Sorunlari Ara\u015ftirmalar Merkezi","article_published_time":"2013-12-26T07:52:34+00:00","author":"admin","twitter_card":"summary_large_image","twitter_misc":{"Written by":"admin","Est. reading time":"2 minutes"},"schema":{"@context":"https:\/\/schema.org","@graph":[{"@type":"Article","@id":"https:\/\/akunq.net\/tr\/?p=27658#article","isPartOf":{"@id":"https:\/\/akunq.net\/tr\/?p=27658"},"author":{"name":"admin","@id":"https:\/\/akunq.net\/tr\/#\/schema\/person\/096f1d38a12cce57fb855b485ed24c9e"},"headline":"Ba\u015fbakan Erdo\u011fan: 10 bakan de\u011fi\u015fti","datePublished":"2013-12-26T07:52:34+00:00","mainEntityOfPage":{"@id":"https:\/\/akunq.net\/tr\/?p=27658"},"wordCount":417,"commentCount":0,"articleSection":["Haberler"],"inLanguage":"en-US","potentialAction":[{"@type":"CommentAction","name":"Comment","target":["https:\/\/akunq.net\/tr\/?p=27658#respond"]}]},{"@type":"WebPage","@id":"https:\/\/akunq.net\/tr\/?p=27658","url":"https:\/\/akunq.net\/tr\/?p=27658","name":"Ba\u015fbakan Erdo\u011fan: 10 bakan de\u011fi\u015fti - Bati Ermenistan Ve Bati Ermenileri Sorunlari Ara\u015ftirmalar Merkezi","isPartOf":{"@id":"https:\/\/akunq.net\/tr\/#website"},"datePublished":"2013-12-26T07:52:34+00:00","author":{"@id":"https:\/\/akunq.net\/tr\/#\/schema\/person\/096f1d38a12cce57fb855b485ed24c9e"},"breadcrumb":{"@id":"https:\/\/akunq.net\/tr\/?p=27658#breadcrumb"},"inLanguage":"en-US","potentialAction":[{"@type":"ReadAction","target":["https:\/\/akunq.net\/tr\/?p=27658"]}]},{"@type":"BreadcrumbList","@id":"https:\/\/akunq.net\/tr\/?p=27658#breadcrumb","itemListElement":[{"@type":"ListItem","position":1,"name":"Home","item":"https:\/\/akunq.net\/tr"},{"@type":"ListItem","position":2,"name":"Ba\u015fbakan Erdo\u011fan: 10 bakan de\u011fi\u015fti"}]},{"@type":"WebSite","@id":"https:\/\/akunq.net\/tr\/#website","url":"https:\/\/akunq.net\/tr\/","name":"Bati Ermenistan Ve Bati Ermenileri Sorunlari Ara\u015ftirmalar Merkezi","description":"","potentialAction":[{"@type":"SearchAction","target":{"@type":"EntryPoint","urlTemplate":"https:\/\/akunq.net\/tr\/?s={search_term_string}"},"query-input":{"@type":"PropertyValueSpecification","valueRequired":true,"valueName":"search_term_string"}}],"inLanguage":"en-US"},{"@type":"Person","@id":"https:\/\/akunq.net\/tr\/#\/schema\/person\/096f1d38a12cce57fb855b485ed24c9e","name":"admin","url":"https:\/\/akunq.net\/tr\/?author=7"}]}},"_links":{"self":[{"href":"https:\/\/akunq.net\/tr\/index.php?rest_route=\/wp\/v2\/posts\/27658","targetHints":{"allow":["GET"]}}],"collection":[{"href":"https:\/\/akunq.net\/tr\/index.php?rest_route=\/wp\/v2\/posts"}],"about":[{"href":"https:\/\/akunq.net\/tr\/index.php?rest_route=\/wp\/v2\/types\/post"}],"author":[{"embeddable":true,"href":"https:\/\/akunq.net\/tr\/index.php?rest_route=\/wp\/v2\/users\/7"}],"replies":[{"embeddable":true,"href":"https:\/\/akunq.net\/tr\/index.php?rest_route=%2Fwp%2Fv2%2Fcomments&post=27658"}],"version-history":[{"count":1,"href":"https:\/\/akunq.net\/tr\/index.php?rest_route=\/wp\/v2\/posts\/27658\/revisions"}],"predecessor-version":[{"id":27660,"href":"https:\/\/akunq.net\/tr\/index.php?rest_route=\/wp\/v2\/posts\/27658\/revisions\/27660"}],"wp:attachment":[{"href":"https:\/\/akunq.net\/tr\/index.php?rest_route=%2Fwp%2Fv2%2Fmedia&parent=27658"}],"wp:term":[{"taxonomy":"category","embeddable":true,"href":"https:\/\/akunq.net\/tr\/index.php?rest_route=%2Fwp%2Fv2%2Fcategories&post=27658"},{"taxonomy":"post_tag","embeddable":true,"href":"https:\/\/akunq.net\/tr\/index.php?rest_route=%2Fwp%2Fv2%2Ftags&post=27658"}],"curies":[{"name":"wp","href":"https:\/\/api.w.org\/{rel}","templated":true}]}}