{"id":27655,"date":"2013-12-26T02:16:10","date_gmt":"2013-12-26T07:16:10","guid":{"rendered":"http:\/\/akunq.net\/tr\/?p=27655"},"modified":"2013-12-26T02:16:10","modified_gmt":"2013-12-26T07:16:10","slug":"abdullah-gulden-noel-tebrigi","status":"publish","type":"post","link":"https:\/\/akunq.net\/tr\/?p=27655","title":{"rendered":"Abdullah G\u00fcl\u2019den Noel tebri\u011fi"},"content":{"rendered":"<p style=\"text-align: justify;\"><b><i><a href=\"http:\/\/akunq.net\/tr\/wp-content\/uploads\/2013\/12\/\u0531\u0562\u0564\u0578\u0582\u056c\u056c\u0561\u0570-\u0533\u0575\u0578\u0582\u056c1.jpg\"><img loading=\"lazy\" decoding=\"async\" class=\"alignright size-medium wp-image-27656\" alt=\"\u0531\u0562\u0564\u0578\u0582\u056c\u056c\u0561\u0570 \u0533\u0575\u0578\u0582\u056c\" src=\"http:\/\/akunq.net\/tr\/wp-content\/uploads\/2013\/12\/\u0531\u0562\u0564\u0578\u0582\u056c\u056c\u0561\u0570-\u0533\u0575\u0578\u0582\u056c1-300x206.jpg\" width=\"300\" height=\"206\" srcset=\"https:\/\/akunq.net\/tr\/wp-content\/uploads\/sites\/6\/2013\/12\/\u0531\u0562\u0564\u0578\u0582\u056c\u056c\u0561\u0570-\u0533\u0575\u0578\u0582\u056c1-300x206.jpg 300w, https:\/\/akunq.net\/tr\/wp-content\/uploads\/sites\/6\/2013\/12\/\u0531\u0562\u0564\u0578\u0582\u056c\u056c\u0561\u0570-\u0533\u0575\u0578\u0582\u056c1.jpg 307w\" sizes=\"auto, (max-width: 300px) 100vw, 300px\" \/><\/a>Cumhurba\u015fkan\u0131 Abdullah G\u00fcl, Noel Bayram\u0131 dolay\u0131s\u0131yla bir mesaj yay\u0131mlad\u0131. Cumhurba\u015fkan\u0131 G\u00fcl mesaj\u0131nda \u201cH\u0131ristiyan vatanda\u015flar\u0131m\u0131z\u0131n \u00f6n\u00fcm\u00fczdeki g\u00fcnlerde idrak edecekleri Noel Bayram\u0131n\u0131 en samimi duygular\u0131mla kutluyorum\u201d dedi. <\/i><\/b><\/p>\n<p style=\"text-align: justify;\">Cumhurba\u015fkan\u0131 Abdullah G\u00fcl, Noel Bayram\u0131 dolay\u0131s\u0131yla bir mesaj yay\u0131mlad\u0131. Cumhurba\u015fkan\u0131 G\u00fcl mesaj\u0131nda \u201cH\u0131ristiyan vatanda\u015flar\u0131m\u0131z\u0131n \u00f6n\u00fcm\u00fczdeki g\u00fcnlerde idrak edecekleri Noel Bayram\u0131n\u0131 en samimi duygular\u0131mla kutluyorum\u201d dedi.<\/p>\n<p style=\"text-align: justify;\">Noel Bayram\u0131n\u0131n ihtiva etti\u011fi fedak\u00e2rl\u0131k, dayan\u0131\u015fma ve merhamet ikliminin, hi\u00e7 \u015f\u00fcphesiz evrensel insanl\u0131k miras\u0131na mal olmu\u015f m\u00fc\u015fterek de\u011ferleri yans\u0131tt\u0131\u011f\u0131n\u0131 belirten Cumhurba\u015fkan\u0131 G\u00fcl, \u201cBu de\u011ferler, tarih boyunca farkl\u0131 k\u00f6ken, inan\u00e7 ve kimlikten insanlara ev sahipli\u011fi yapan Anadolu co\u011frafyas\u0131na da fevkalade \u00e7e\u015fitlilik ve zenginlik katm\u0131\u015ft\u0131r. Bu k\u0131ymetli miras\u0131 kar\u015f\u0131l\u0131kl\u0131 sayg\u0131, sevgi ve ho\u015fg\u00f6r\u00fc ruhuyla gelece\u011fe ta\u015f\u0131mak hepimizin yarar\u0131nad\u0131r\u201d dedi.<\/p>\n<p style=\"text-align: justify;\">G\u00fcl mesaj\u0131n\u0131, \u201cBu anlay\u0131\u015fla, H\u0131ristiyanl\u0131\u011f\u0131n farkl\u0131 mezhep ve geleneklerine m\u00fcntesip vatanda\u015flar\u0131m\u0131z\u0131n tamam\u0131n\u0131n ve H\u0131ristiyan \u00e2leminin Noel Bayram\u0131\u2019n\u0131 bir kez daha tebrik ediyor; mutluluk, ba\u015far\u0131 ve esenlikler diliyorum\u201d diye bitirdi.\u00a0<\/p>\n<p style=\"text-align: justify;\"><b><i>http:\/\/www.agos.com.tr\/haber.php?seo=abdullah-gulden-noel-tebrigi&amp;haberid=6356<\/i><\/b><\/p>\n","protected":false},"excerpt":{"rendered":"<p>Cumhurba\u015fkan\u0131 Abdullah G\u00fcl, Noel Bayram\u0131 dolay\u0131s\u0131yla bir mesaj yay\u0131mlad\u0131. Cumhurba\u015fkan\u0131 G\u00fcl mesaj\u0131nda \u201cH\u0131ristiyan vatanda\u015flar\u0131m\u0131z\u0131n \u00f6n\u00fcm\u00fczdeki g\u00fcnlerde idrak edecekleri Noel Bayram\u0131n\u0131 en samimi duygular\u0131mla kutluyorum\u201d dedi. Cumhurba\u015fkan\u0131 Abdullah G\u00fcl, Noel Bayram\u0131 dolay\u0131s\u0131yla bir mesaj yay\u0131mlad\u0131. Cumhurba\u015fkan\u0131 G\u00fcl mesaj\u0131nda \u201cH\u0131ristiyan vatanda\u015flar\u0131m\u0131z\u0131n \u00f6n\u00fcm\u00fczdeki g\u00fcnlerde idrak edecekleri Noel Bayram\u0131n\u0131 en samimi duygular\u0131mla kutluyorum\u201d dedi. Noel Bayram\u0131n\u0131n ihtiva etti\u011fi fedak\u00e2rl\u0131k, [&hellip;]<\/p>\n","protected":false},"author":7,"featured_media":0,"comment_status":"open","ping_status":"open","sticky":false,"template":"","format":"standard","meta":{"footnotes":""},"categories":[1],"tags":[],"class_list":["post-27655","post","type-post","status-publish","format-standard","hentry","category-haberler"],"yoast_head":"<!-- This site is optimized with the Yoast SEO plugin v27.4 - https:\/\/yoast.com\/product\/yoast-seo-wordpress\/ -->\n<title>Abdullah G\u00fcl\u2019den Noel tebri\u011fi - Bati Ermenistan Ve Bati Ermenileri Sorunlari Ara\u015ftirmalar Merkezi<\/title>\n<meta name=\"robots\" content=\"index, follow, max-snippet:-1, max-image-preview:large, max-video-preview:-1\" \/>\n<link rel=\"canonical\" href=\"https:\/\/akunq.net\/tr\/?p=27655\" \/>\n<meta property=\"og:locale\" content=\"en_US\" \/>\n<meta property=\"og:type\" content=\"article\" \/>\n<meta property=\"og:title\" content=\"Abdullah G\u00fcl\u2019den Noel tebri\u011fi - Bati Ermenistan Ve Bati Ermenileri Sorunlari Ara\u015ftirmalar Merkezi\" \/>\n<meta property=\"og:description\" content=\"Cumhurba\u015fkan\u0131 Abdullah G\u00fcl, Noel Bayram\u0131 dolay\u0131s\u0131yla bir mesaj yay\u0131mlad\u0131. Cumhurba\u015fkan\u0131 G\u00fcl mesaj\u0131nda \u201cH\u0131ristiyan vatanda\u015flar\u0131m\u0131z\u0131n \u00f6n\u00fcm\u00fczdeki g\u00fcnlerde idrak edecekleri Noel Bayram\u0131n\u0131 en samimi duygular\u0131mla kutluyorum\u201d dedi. Cumhurba\u015fkan\u0131 Abdullah G\u00fcl, Noel Bayram\u0131 dolay\u0131s\u0131yla bir mesaj yay\u0131mlad\u0131. Cumhurba\u015fkan\u0131 G\u00fcl mesaj\u0131nda \u201cH\u0131ristiyan vatanda\u015flar\u0131m\u0131z\u0131n \u00f6n\u00fcm\u00fczdeki g\u00fcnlerde idrak edecekleri Noel Bayram\u0131n\u0131 en samimi duygular\u0131mla kutluyorum\u201d dedi. Noel Bayram\u0131n\u0131n ihtiva etti\u011fi fedak\u00e2rl\u0131k, [&hellip;]\" \/>\n<meta property=\"og:url\" content=\"https:\/\/akunq.net\/tr\/?p=27655\" \/>\n<meta property=\"og:site_name\" content=\"Bati Ermenistan Ve Bati Ermenileri Sorunlari Ara\u015ftirmalar Merkezi\" \/>\n<meta property=\"article:published_time\" content=\"2013-12-26T07:16:10+00:00\" \/>\n<meta name=\"author\" content=\"admin\" \/>\n<meta name=\"twitter:card\" content=\"summary_large_image\" \/>\n<meta name=\"twitter:label1\" content=\"Written by\" \/>\n\t<meta name=\"twitter:data1\" content=\"admin\" \/>\n\t<meta name=\"twitter:label2\" content=\"Est. reading time\" \/>\n\t<meta name=\"twitter:data2\" content=\"1 minute\" \/>\n<script type=\"application\/ld+json\" class=\"yoast-schema-graph\">{\"@context\":\"https:\\\/\\\/schema.org\",\"@graph\":[{\"@type\":\"Article\",\"@id\":\"https:\\\/\\\/akunq.net\\\/tr\\\/?p=27655#article\",\"isPartOf\":{\"@id\":\"https:\\\/\\\/akunq.net\\\/tr\\\/?p=27655\"},\"author\":{\"name\":\"admin\",\"@id\":\"https:\\\/\\\/akunq.net\\\/tr\\\/#\\\/schema\\\/person\\\/096f1d38a12cce57fb855b485ed24c9e\"},\"headline\":\"Abdullah G\u00fcl\u2019den Noel tebri\u011fi\",\"datePublished\":\"2013-12-26T07:16:10+00:00\",\"mainEntityOfPage\":{\"@id\":\"https:\\\/\\\/akunq.net\\\/tr\\\/?p=27655\"},\"wordCount\":236,\"commentCount\":0,\"articleSection\":[\"Haberler\"],\"inLanguage\":\"en-US\",\"potentialAction\":[{\"@type\":\"CommentAction\",\"name\":\"Comment\",\"target\":[\"https:\\\/\\\/akunq.net\\\/tr\\\/?p=27655#respond\"]}]},{\"@type\":\"WebPage\",\"@id\":\"https:\\\/\\\/akunq.net\\\/tr\\\/?p=27655\",\"url\":\"https:\\\/\\\/akunq.net\\\/tr\\\/?p=27655\",\"name\":\"Abdullah G\u00fcl\u2019den Noel tebri\u011fi - Bati Ermenistan Ve Bati Ermenileri Sorunlari Ara\u015ftirmalar Merkezi\",\"isPartOf\":{\"@id\":\"https:\\\/\\\/akunq.net\\\/tr\\\/#website\"},\"datePublished\":\"2013-12-26T07:16:10+00:00\",\"author\":{\"@id\":\"https:\\\/\\\/akunq.net\\\/tr\\\/#\\\/schema\\\/person\\\/096f1d38a12cce57fb855b485ed24c9e\"},\"breadcrumb\":{\"@id\":\"https:\\\/\\\/akunq.net\\\/tr\\\/?p=27655#breadcrumb\"},\"inLanguage\":\"en-US\",\"potentialAction\":[{\"@type\":\"ReadAction\",\"target\":[\"https:\\\/\\\/akunq.net\\\/tr\\\/?p=27655\"]}]},{\"@type\":\"BreadcrumbList\",\"@id\":\"https:\\\/\\\/akunq.net\\\/tr\\\/?p=27655#breadcrumb\",\"itemListElement\":[{\"@type\":\"ListItem\",\"position\":1,\"name\":\"Home\",\"item\":\"https:\\\/\\\/akunq.net\\\/tr\"},{\"@type\":\"ListItem\",\"position\":2,\"name\":\"Abdullah G\u00fcl\u2019den Noel tebri\u011fi\"}]},{\"@type\":\"WebSite\",\"@id\":\"https:\\\/\\\/akunq.net\\\/tr\\\/#website\",\"url\":\"https:\\\/\\\/akunq.net\\\/tr\\\/\",\"name\":\"Bati Ermenistan Ve Bati Ermenileri Sorunlari Ara\u015ftirmalar Merkezi\",\"description\":\"\",\"potentialAction\":[{\"@type\":\"SearchAction\",\"target\":{\"@type\":\"EntryPoint\",\"urlTemplate\":\"https:\\\/\\\/akunq.net\\\/tr\\\/?s={search_term_string}\"},\"query-input\":{\"@type\":\"PropertyValueSpecification\",\"valueRequired\":true,\"valueName\":\"search_term_string\"}}],\"inLanguage\":\"en-US\"},{\"@type\":\"Person\",\"@id\":\"https:\\\/\\\/akunq.net\\\/tr\\\/#\\\/schema\\\/person\\\/096f1d38a12cce57fb855b485ed24c9e\",\"name\":\"admin\",\"url\":\"https:\\\/\\\/akunq.net\\\/tr\\\/?author=7\"}]}<\/script>\n<!-- \/ Yoast SEO plugin. -->","yoast_head_json":{"title":"Abdullah G\u00fcl\u2019den Noel tebri\u011fi - Bati Ermenistan Ve Bati Ermenileri Sorunlari Ara\u015ftirmalar Merkezi","robots":{"index":"index","follow":"follow","max-snippet":"max-snippet:-1","max-image-preview":"max-image-preview:large","max-video-preview":"max-video-preview:-1"},"canonical":"https:\/\/akunq.net\/tr\/?p=27655","og_locale":"en_US","og_type":"article","og_title":"Abdullah G\u00fcl\u2019den Noel tebri\u011fi - Bati Ermenistan Ve Bati Ermenileri Sorunlari Ara\u015ftirmalar Merkezi","og_description":"Cumhurba\u015fkan\u0131 Abdullah G\u00fcl, Noel Bayram\u0131 dolay\u0131s\u0131yla bir mesaj yay\u0131mlad\u0131. Cumhurba\u015fkan\u0131 G\u00fcl mesaj\u0131nda \u201cH\u0131ristiyan vatanda\u015flar\u0131m\u0131z\u0131n \u00f6n\u00fcm\u00fczdeki g\u00fcnlerde idrak edecekleri Noel Bayram\u0131n\u0131 en samimi duygular\u0131mla kutluyorum\u201d dedi. Cumhurba\u015fkan\u0131 Abdullah G\u00fcl, Noel Bayram\u0131 dolay\u0131s\u0131yla bir mesaj yay\u0131mlad\u0131. Cumhurba\u015fkan\u0131 G\u00fcl mesaj\u0131nda \u201cH\u0131ristiyan vatanda\u015flar\u0131m\u0131z\u0131n \u00f6n\u00fcm\u00fczdeki g\u00fcnlerde idrak edecekleri Noel Bayram\u0131n\u0131 en samimi duygular\u0131mla kutluyorum\u201d dedi. Noel Bayram\u0131n\u0131n ihtiva etti\u011fi fedak\u00e2rl\u0131k, [&hellip;]","og_url":"https:\/\/akunq.net\/tr\/?p=27655","og_site_name":"Bati Ermenistan Ve Bati Ermenileri Sorunlari Ara\u015ftirmalar Merkezi","article_published_time":"2013-12-26T07:16:10+00:00","author":"admin","twitter_card":"summary_large_image","twitter_misc":{"Written by":"admin","Est. reading time":"1 minute"},"schema":{"@context":"https:\/\/schema.org","@graph":[{"@type":"Article","@id":"https:\/\/akunq.net\/tr\/?p=27655#article","isPartOf":{"@id":"https:\/\/akunq.net\/tr\/?p=27655"},"author":{"name":"admin","@id":"https:\/\/akunq.net\/tr\/#\/schema\/person\/096f1d38a12cce57fb855b485ed24c9e"},"headline":"Abdullah G\u00fcl\u2019den Noel tebri\u011fi","datePublished":"2013-12-26T07:16:10+00:00","mainEntityOfPage":{"@id":"https:\/\/akunq.net\/tr\/?p=27655"},"wordCount":236,"commentCount":0,"articleSection":["Haberler"],"inLanguage":"en-US","potentialAction":[{"@type":"CommentAction","name":"Comment","target":["https:\/\/akunq.net\/tr\/?p=27655#respond"]}]},{"@type":"WebPage","@id":"https:\/\/akunq.net\/tr\/?p=27655","url":"https:\/\/akunq.net\/tr\/?p=27655","name":"Abdullah G\u00fcl\u2019den Noel tebri\u011fi - Bati Ermenistan Ve Bati Ermenileri Sorunlari Ara\u015ftirmalar Merkezi","isPartOf":{"@id":"https:\/\/akunq.net\/tr\/#website"},"datePublished":"2013-12-26T07:16:10+00:00","author":{"@id":"https:\/\/akunq.net\/tr\/#\/schema\/person\/096f1d38a12cce57fb855b485ed24c9e"},"breadcrumb":{"@id":"https:\/\/akunq.net\/tr\/?p=27655#breadcrumb"},"inLanguage":"en-US","potentialAction":[{"@type":"ReadAction","target":["https:\/\/akunq.net\/tr\/?p=27655"]}]},{"@type":"BreadcrumbList","@id":"https:\/\/akunq.net\/tr\/?p=27655#breadcrumb","itemListElement":[{"@type":"ListItem","position":1,"name":"Home","item":"https:\/\/akunq.net\/tr"},{"@type":"ListItem","position":2,"name":"Abdullah G\u00fcl\u2019den Noel tebri\u011fi"}]},{"@type":"WebSite","@id":"https:\/\/akunq.net\/tr\/#website","url":"https:\/\/akunq.net\/tr\/","name":"Bati Ermenistan Ve Bati Ermenileri Sorunlari Ara\u015ftirmalar Merkezi","description":"","potentialAction":[{"@type":"SearchAction","target":{"@type":"EntryPoint","urlTemplate":"https:\/\/akunq.net\/tr\/?s={search_term_string}"},"query-input":{"@type":"PropertyValueSpecification","valueRequired":true,"valueName":"search_term_string"}}],"inLanguage":"en-US"},{"@type":"Person","@id":"https:\/\/akunq.net\/tr\/#\/schema\/person\/096f1d38a12cce57fb855b485ed24c9e","name":"admin","url":"https:\/\/akunq.net\/tr\/?author=7"}]}},"_links":{"self":[{"href":"https:\/\/akunq.net\/tr\/index.php?rest_route=\/wp\/v2\/posts\/27655","targetHints":{"allow":["GET"]}}],"collection":[{"href":"https:\/\/akunq.net\/tr\/index.php?rest_route=\/wp\/v2\/posts"}],"about":[{"href":"https:\/\/akunq.net\/tr\/index.php?rest_route=\/wp\/v2\/types\/post"}],"author":[{"embeddable":true,"href":"https:\/\/akunq.net\/tr\/index.php?rest_route=\/wp\/v2\/users\/7"}],"replies":[{"embeddable":true,"href":"https:\/\/akunq.net\/tr\/index.php?rest_route=%2Fwp%2Fv2%2Fcomments&post=27655"}],"version-history":[{"count":1,"href":"https:\/\/akunq.net\/tr\/index.php?rest_route=\/wp\/v2\/posts\/27655\/revisions"}],"predecessor-version":[{"id":27657,"href":"https:\/\/akunq.net\/tr\/index.php?rest_route=\/wp\/v2\/posts\/27655\/revisions\/27657"}],"wp:attachment":[{"href":"https:\/\/akunq.net\/tr\/index.php?rest_route=%2Fwp%2Fv2%2Fmedia&parent=27655"}],"wp:term":[{"taxonomy":"category","embeddable":true,"href":"https:\/\/akunq.net\/tr\/index.php?rest_route=%2Fwp%2Fv2%2Fcategories&post=27655"},{"taxonomy":"post_tag","embeddable":true,"href":"https:\/\/akunq.net\/tr\/index.php?rest_route=%2Fwp%2Fv2%2Ftags&post=27655"}],"curies":[{"name":"wp","href":"https:\/\/api.w.org\/{rel}","templated":true}]}}