{"id":27651,"date":"2013-12-26T02:09:14","date_gmt":"2013-12-26T07:09:14","guid":{"rendered":"http:\/\/akunq.net\/tr\/?p=27651"},"modified":"2013-12-26T02:09:32","modified_gmt":"2013-12-26T07:09:32","slug":"eski-icisleri-bakani-ak-partiden-istifa-etti","status":"publish","type":"post","link":"https:\/\/akunq.net\/tr\/?p=27651","title":{"rendered":"Eski \u0130\u00e7i\u015fleri Bakan\u0131 Ak Parti&#8217;den istifa etti"},"content":{"rendered":"<p style=\"text-align: justify;\"><b><i><a href=\"http:\/\/akunq.net\/tr\/wp-content\/uploads\/2013\/12\/\u053b\u0564\u0580\u056b\u057d-\u0546\u0561\u056b\u0574-\u0547\u0561\u0570\u056b\u0576.jpg\"><img loading=\"lazy\" decoding=\"async\" class=\"alignright size-full wp-image-27652\" alt=\"\u053b\u0564\u0580\u056b\u057d \u0546\u0561\u056b\u0574 \u0547\u0561\u0570\u056b\u0576\" src=\"http:\/\/akunq.net\/tr\/wp-content\/uploads\/2013\/12\/\u053b\u0564\u0580\u056b\u057d-\u0546\u0561\u056b\u0574-\u0547\u0561\u0570\u056b\u0576.jpg\" width=\"290\" height=\"298\" \/><\/a>Ankara&#8217;da hareketli saatler ya\u015fan\u0131yor.<\/i><\/b><\/p>\n<p style=\"text-align: justify;\">D\u00fcn sabah saatlerinde yolsuzluk ve r\u00fc\u015fvet iddialar\u0131 \u00fczerine ba\u015flat\u0131lan <a href=\"http:\/\/www.haberturk.com\/etiket\/17_aral\u0131k_operasyonu\">17 Aral\u0131k operasyonu<\/a> sonras\u0131 <a href=\"http:\/\/www.haberturk.com\/etiket\/ekonomi_bakan\u0131_zafer_\u00e7a\u011flayan\">Ekonomi Bakan\u0131 Zafer \u00c7a\u011flayan<\/a>, <a href=\"http:\/\/www.haberturk.com\/etiket\/i\u00e7i\u015fleri_bakan\u0131_muammer_g\u00fcler\">\u0130\u00e7i\u015fleri Bakan\u0131 Muammer G\u00fcler<\/a>, <a href=\"http:\/\/www.haberturk.com\/etiket\/\u00e7evre_ve_\u015fehircilik_bakan\u0131_erdo\u011fan_bayraktar\">\u00c7evre ve \u015eehircilik Bakan\u0131 Erdo\u011fan Bayraktar<\/a> istifa etti.<\/p>\n<p style=\"text-align: justify;\">D\u00fcn ak\u015fam saatlerinde ise bir istifa haberi daha geldi. Eski \u0130\u00e7i\u015fleri Bakan\u0131, <a href=\"http:\/\/www.haberturk.com\/etiket\/ak_parti\">Ak Parti<\/a> Milletvekili <a href=\"http:\/\/www.haberturk.com\/etiket\/idris_naim_\u015fahin\"><b>\u0130dris Naim \u015eahin<\/b><\/a><strong>,<\/strong> partisinden istifa etti.<\/p>\n<p><strong>&#8220;DAR B\u0130R OL\u0130GAR\u015e\u0130K KADRO&#8221;<\/strong><\/p>\n<p>&#8220;Bu ba\u015far\u0131 hikayelerinin bir yerinde olmaktan, yak\u0131nmadan, hep yak\u0131n olmaya ve y\u00fck almaya \u00f6zen g\u00f6stermi\u015f olmaktan dolay\u0131 sevin\u00e7 ve gurur duyuyorum&#8221; ifadesini kullanan \u015eahin, dilek\u00e7esinde \u015fu g\u00f6r\u00fc\u015flere yer verdi:<\/p>\n<p style=\"text-align: justify;\">&#8220;Ne var ki son d\u00f6nemde artan bir \u015fekilde \u00fclke ve millet varl\u0131\u011f\u0131 ve \u00e7\u0131karlar\u0131yla uyu\u015fmayan, milli de\u011fer, anlay\u0131\u015f ve duyarl\u0131klar ile \u00f6rt\u00fc\u015fmeyen, ulusal b\u00fct\u00fcnl\u00fc\u011f\u00fc g\u00fc\u00e7lendirici olmayan s\u00f6ylem, politika ve uygulamalara tan\u0131k olunmaktad\u0131r. Yerel ve genel politikalar\u0131n olu\u015fumunda ve uygulanmas\u0131nda ortak ak\u0131l ve toplumun samimi istek ve beklentilerini dikkate almak yerine, \u00f6zel ak\u0131ll\u0131 ki\u015filer ve\/veya sorgulanabilir anketlere itibar eden bir y\u00f6netim tarz\u0131n\u0131n benimsendi\u011fi g\u00f6r\u00fcnmektedir. H\u00fck\u00fcmet etmede, niyetlerinden emin olunmayan b\u00fcrokratik ve politik dar bir oligar\u015fik kadronun tavsiye, y\u00f6nlendirme ve etkinli\u011finin tercih edildi\u011fi anla\u015f\u0131lmaktad\u0131r.<\/p>\n<p style=\"text-align: justify;\">B\u00f6l\u00fcc\u00fc ter\u00f6r \u00f6rg\u00fct\u00fcn\u00fcn unsurlar\u0131yla y\u00fcr\u00fct\u00fclen ancak milli vicdan ve haysiyeti inciten ve mevzu hukuku zorlayan s\u00fcrecin \u00e7\u00f6z\u00fcm \u00f6zelli\u011fi- belki istenmeden- \u00e7\u00f6z\u00fclme hayalcilerine f\u0131rsat ve olanak sa\u011flar duruma evrilmi\u015ftir.&#8221;<\/p>\n<p style=\"text-align: justify;\">\u015eahin, h\u00fck\u00fcmet etmenin, milleti ve devleti en iyi \u015fekilde y\u00f6netme oldu\u011funu vurgulayarak, devletin; kurumlar, kurallar ve ilkeler b\u00fct\u00fcn\u00fc oldu\u011funu, bunlarla de\u011fer ve g\u00fc\u00e7 ta\u015f\u0131d\u0131\u011f\u0131n\u0131 belirtti. \u015eahin, \u015fu g\u00f6r\u00fc\u015fleri savundu:<\/p>\n<p style=\"text-align: justify;\">&#8220;\u00dclkemizin bekas\u0131 ve milletimizin huzuru i\u00e7in bir d\u00f6nem birlikte ve ba\u015far\u0131l\u0131 g\u00f6revler yapt\u0131\u011f\u0131m\u0131z, g\u00fcvenlik (emniyet) te\u015fkilat\u0131m\u0131z\u0131n fedakar ve vefal\u0131 personeline y\u00f6nelik son g\u00fcnlerdeki uygulamalar ile ba\u011f\u0131ms\u0131z yarg\u0131 ve tarafs\u0131z mensuplar\u0131 hakk\u0131ndaki d\u00fczenleme ve de\u011ferlendirmeler, ak\u0131l, hukuk ve adalet anlay\u0131\u015f\u0131 ile izah olunamamaktad\u0131r.<\/p>\n<p style=\"text-align: justify;\">T\u00fcm bu politika ve uygulamalar, ne yaz\u0131k ki toplumda hasmane ve ayr\u0131\u015ft\u0131r\u0131c\u0131 duygular\u0131 beslemekte, g\u00fcven azalmas\u0131na neden olmakta, baz\u0131 g\u00f6zlerde ya\u015fa ve g\u00f6n\u00fcllerde k\u0131rg\u0131nl\u0131\u011fa d\u00f6n\u00fc\u015fmektedir. Her \u015feye ra\u011fmen aziz milletimizin ve devletimizin b\u00fcy\u00fckl\u00fc\u011f\u00fcne ve gelece\u011fine y\u00fcrekten inan\u0131yorum. Kurulu\u015funda kolay ve sevin\u00e7li bir kararla \u00fcye oldu\u011fum partimden zor ve \u00fcz\u00fcnt\u00fc veren bir kararla istifa ediyorum. Kaderde yeniden birlikte \u00e7al\u0131\u015fma imkan\u0131n\u0131n olabilirli\u011fi arzusuyla helallik diliyor, y\u00fcce Allah&#8217;\u0131n yard\u0131mc\u0131m\u0131z olmas\u0131 duas\u0131yla partime, saadetler ve ba\u015far\u0131lar diliyorum.&#8221;<\/p>\n<p style=\"text-align: justify;\"><b><i>http:\/\/www.haberturk.com\/gundem\/haber\/906915-eski-icisleri-bakani-ak-partiden-istifa-etti<\/i><\/b><\/p>\n","protected":false},"excerpt":{"rendered":"<p>Ankara&#8217;da hareketli saatler ya\u015fan\u0131yor. D\u00fcn sabah saatlerinde yolsuzluk ve r\u00fc\u015fvet iddialar\u0131 \u00fczerine ba\u015flat\u0131lan 17 Aral\u0131k operasyonu sonras\u0131 Ekonomi Bakan\u0131 Zafer \u00c7a\u011flayan, \u0130\u00e7i\u015fleri Bakan\u0131 Muammer G\u00fcler, \u00c7evre ve \u015eehircilik Bakan\u0131 Erdo\u011fan Bayraktar istifa etti. D\u00fcn ak\u015fam saatlerinde ise bir istifa haberi daha geldi. Eski \u0130\u00e7i\u015fleri Bakan\u0131, Ak Parti Milletvekili \u0130dris Naim \u015eahin, partisinden istifa etti. &#8220;DAR [&hellip;]<\/p>\n","protected":false},"author":7,"featured_media":0,"comment_status":"open","ping_status":"open","sticky":false,"template":"","format":"standard","meta":{"footnotes":""},"categories":[1],"tags":[],"class_list":["post-27651","post","type-post","status-publish","format-standard","hentry","category-haberler"],"yoast_head":"<!-- This site is optimized with the Yoast SEO plugin v27.4 - https:\/\/yoast.com\/product\/yoast-seo-wordpress\/ -->\n<title>Eski \u0130\u00e7i\u015fleri Bakan\u0131 Ak Parti&#039;den istifa etti - Bati Ermenistan Ve Bati Ermenileri Sorunlari Ara\u015ftirmalar Merkezi<\/title>\n<meta name=\"robots\" content=\"index, follow, max-snippet:-1, max-image-preview:large, max-video-preview:-1\" \/>\n<link rel=\"canonical\" href=\"https:\/\/akunq.net\/tr\/?p=27651\" \/>\n<meta property=\"og:locale\" content=\"en_US\" \/>\n<meta property=\"og:type\" content=\"article\" \/>\n<meta property=\"og:title\" content=\"Eski \u0130\u00e7i\u015fleri Bakan\u0131 Ak Parti&#039;den istifa etti - Bati Ermenistan Ve Bati Ermenileri Sorunlari Ara\u015ftirmalar Merkezi\" \/>\n<meta property=\"og:description\" content=\"Ankara&#8217;da hareketli saatler ya\u015fan\u0131yor. D\u00fcn sabah saatlerinde yolsuzluk ve r\u00fc\u015fvet iddialar\u0131 \u00fczerine ba\u015flat\u0131lan 17 Aral\u0131k operasyonu sonras\u0131 Ekonomi Bakan\u0131 Zafer \u00c7a\u011flayan, \u0130\u00e7i\u015fleri Bakan\u0131 Muammer G\u00fcler, \u00c7evre ve \u015eehircilik Bakan\u0131 Erdo\u011fan Bayraktar istifa etti. D\u00fcn ak\u015fam saatlerinde ise bir istifa haberi daha geldi. Eski \u0130\u00e7i\u015fleri Bakan\u0131, Ak Parti Milletvekili \u0130dris Naim \u015eahin, partisinden istifa etti. &#8220;DAR [&hellip;]\" \/>\n<meta property=\"og:url\" content=\"https:\/\/akunq.net\/tr\/?p=27651\" \/>\n<meta property=\"og:site_name\" content=\"Bati Ermenistan Ve Bati Ermenileri Sorunlari Ara\u015ftirmalar Merkezi\" \/>\n<meta property=\"article:published_time\" content=\"2013-12-26T07:09:14+00:00\" \/>\n<meta property=\"article:modified_time\" content=\"2013-12-26T07:09:32+00:00\" \/>\n<meta name=\"author\" content=\"admin\" \/>\n<meta name=\"twitter:card\" content=\"summary_large_image\" \/>\n<meta name=\"twitter:label1\" content=\"Written by\" \/>\n\t<meta name=\"twitter:data1\" content=\"admin\" \/>\n\t<meta name=\"twitter:label2\" content=\"Est. reading time\" \/>\n\t<meta name=\"twitter:data2\" content=\"2 minutes\" \/>\n<script type=\"application\/ld+json\" class=\"yoast-schema-graph\">{\"@context\":\"https:\\\/\\\/schema.org\",\"@graph\":[{\"@type\":\"Article\",\"@id\":\"https:\\\/\\\/akunq.net\\\/tr\\\/?p=27651#article\",\"isPartOf\":{\"@id\":\"https:\\\/\\\/akunq.net\\\/tr\\\/?p=27651\"},\"author\":{\"name\":\"admin\",\"@id\":\"https:\\\/\\\/akunq.net\\\/tr\\\/#\\\/schema\\\/person\\\/096f1d38a12cce57fb855b485ed24c9e\"},\"headline\":\"Eski \u0130\u00e7i\u015fleri Bakan\u0131 Ak Parti&#8217;den istifa etti\",\"datePublished\":\"2013-12-26T07:09:14+00:00\",\"dateModified\":\"2013-12-26T07:09:32+00:00\",\"mainEntityOfPage\":{\"@id\":\"https:\\\/\\\/akunq.net\\\/tr\\\/?p=27651\"},\"wordCount\":504,\"commentCount\":0,\"articleSection\":[\"Haberler\"],\"inLanguage\":\"en-US\",\"potentialAction\":[{\"@type\":\"CommentAction\",\"name\":\"Comment\",\"target\":[\"https:\\\/\\\/akunq.net\\\/tr\\\/?p=27651#respond\"]}]},{\"@type\":\"WebPage\",\"@id\":\"https:\\\/\\\/akunq.net\\\/tr\\\/?p=27651\",\"url\":\"https:\\\/\\\/akunq.net\\\/tr\\\/?p=27651\",\"name\":\"Eski \u0130\u00e7i\u015fleri Bakan\u0131 Ak Parti'den istifa etti - Bati Ermenistan Ve Bati Ermenileri Sorunlari Ara\u015ftirmalar Merkezi\",\"isPartOf\":{\"@id\":\"https:\\\/\\\/akunq.net\\\/tr\\\/#website\"},\"datePublished\":\"2013-12-26T07:09:14+00:00\",\"dateModified\":\"2013-12-26T07:09:32+00:00\",\"author\":{\"@id\":\"https:\\\/\\\/akunq.net\\\/tr\\\/#\\\/schema\\\/person\\\/096f1d38a12cce57fb855b485ed24c9e\"},\"breadcrumb\":{\"@id\":\"https:\\\/\\\/akunq.net\\\/tr\\\/?p=27651#breadcrumb\"},\"inLanguage\":\"en-US\",\"potentialAction\":[{\"@type\":\"ReadAction\",\"target\":[\"https:\\\/\\\/akunq.net\\\/tr\\\/?p=27651\"]}]},{\"@type\":\"BreadcrumbList\",\"@id\":\"https:\\\/\\\/akunq.net\\\/tr\\\/?p=27651#breadcrumb\",\"itemListElement\":[{\"@type\":\"ListItem\",\"position\":1,\"name\":\"Home\",\"item\":\"https:\\\/\\\/akunq.net\\\/tr\"},{\"@type\":\"ListItem\",\"position\":2,\"name\":\"Eski \u0130\u00e7i\u015fleri Bakan\u0131 Ak Parti&#8217;den istifa etti\"}]},{\"@type\":\"WebSite\",\"@id\":\"https:\\\/\\\/akunq.net\\\/tr\\\/#website\",\"url\":\"https:\\\/\\\/akunq.net\\\/tr\\\/\",\"name\":\"Bati Ermenistan Ve Bati Ermenileri Sorunlari Ara\u015ftirmalar Merkezi\",\"description\":\"\",\"potentialAction\":[{\"@type\":\"SearchAction\",\"target\":{\"@type\":\"EntryPoint\",\"urlTemplate\":\"https:\\\/\\\/akunq.net\\\/tr\\\/?s={search_term_string}\"},\"query-input\":{\"@type\":\"PropertyValueSpecification\",\"valueRequired\":true,\"valueName\":\"search_term_string\"}}],\"inLanguage\":\"en-US\"},{\"@type\":\"Person\",\"@id\":\"https:\\\/\\\/akunq.net\\\/tr\\\/#\\\/schema\\\/person\\\/096f1d38a12cce57fb855b485ed24c9e\",\"name\":\"admin\",\"url\":\"https:\\\/\\\/akunq.net\\\/tr\\\/?author=7\"}]}<\/script>\n<!-- \/ Yoast SEO plugin. -->","yoast_head_json":{"title":"Eski \u0130\u00e7i\u015fleri Bakan\u0131 Ak Parti'den istifa etti - Bati Ermenistan Ve Bati Ermenileri Sorunlari Ara\u015ftirmalar Merkezi","robots":{"index":"index","follow":"follow","max-snippet":"max-snippet:-1","max-image-preview":"max-image-preview:large","max-video-preview":"max-video-preview:-1"},"canonical":"https:\/\/akunq.net\/tr\/?p=27651","og_locale":"en_US","og_type":"article","og_title":"Eski \u0130\u00e7i\u015fleri Bakan\u0131 Ak Parti'den istifa etti - Bati Ermenistan Ve Bati Ermenileri Sorunlari Ara\u015ftirmalar Merkezi","og_description":"Ankara&#8217;da hareketli saatler ya\u015fan\u0131yor. D\u00fcn sabah saatlerinde yolsuzluk ve r\u00fc\u015fvet iddialar\u0131 \u00fczerine ba\u015flat\u0131lan 17 Aral\u0131k operasyonu sonras\u0131 Ekonomi Bakan\u0131 Zafer \u00c7a\u011flayan, \u0130\u00e7i\u015fleri Bakan\u0131 Muammer G\u00fcler, \u00c7evre ve \u015eehircilik Bakan\u0131 Erdo\u011fan Bayraktar istifa etti. D\u00fcn ak\u015fam saatlerinde ise bir istifa haberi daha geldi. Eski \u0130\u00e7i\u015fleri Bakan\u0131, Ak Parti Milletvekili \u0130dris Naim \u015eahin, partisinden istifa etti. &#8220;DAR [&hellip;]","og_url":"https:\/\/akunq.net\/tr\/?p=27651","og_site_name":"Bati Ermenistan Ve Bati Ermenileri Sorunlari Ara\u015ftirmalar Merkezi","article_published_time":"2013-12-26T07:09:14+00:00","article_modified_time":"2013-12-26T07:09:32+00:00","author":"admin","twitter_card":"summary_large_image","twitter_misc":{"Written by":"admin","Est. reading time":"2 minutes"},"schema":{"@context":"https:\/\/schema.org","@graph":[{"@type":"Article","@id":"https:\/\/akunq.net\/tr\/?p=27651#article","isPartOf":{"@id":"https:\/\/akunq.net\/tr\/?p=27651"},"author":{"name":"admin","@id":"https:\/\/akunq.net\/tr\/#\/schema\/person\/096f1d38a12cce57fb855b485ed24c9e"},"headline":"Eski \u0130\u00e7i\u015fleri Bakan\u0131 Ak Parti&#8217;den istifa etti","datePublished":"2013-12-26T07:09:14+00:00","dateModified":"2013-12-26T07:09:32+00:00","mainEntityOfPage":{"@id":"https:\/\/akunq.net\/tr\/?p=27651"},"wordCount":504,"commentCount":0,"articleSection":["Haberler"],"inLanguage":"en-US","potentialAction":[{"@type":"CommentAction","name":"Comment","target":["https:\/\/akunq.net\/tr\/?p=27651#respond"]}]},{"@type":"WebPage","@id":"https:\/\/akunq.net\/tr\/?p=27651","url":"https:\/\/akunq.net\/tr\/?p=27651","name":"Eski \u0130\u00e7i\u015fleri Bakan\u0131 Ak Parti'den istifa etti - Bati Ermenistan Ve Bati Ermenileri Sorunlari Ara\u015ftirmalar Merkezi","isPartOf":{"@id":"https:\/\/akunq.net\/tr\/#website"},"datePublished":"2013-12-26T07:09:14+00:00","dateModified":"2013-12-26T07:09:32+00:00","author":{"@id":"https:\/\/akunq.net\/tr\/#\/schema\/person\/096f1d38a12cce57fb855b485ed24c9e"},"breadcrumb":{"@id":"https:\/\/akunq.net\/tr\/?p=27651#breadcrumb"},"inLanguage":"en-US","potentialAction":[{"@type":"ReadAction","target":["https:\/\/akunq.net\/tr\/?p=27651"]}]},{"@type":"BreadcrumbList","@id":"https:\/\/akunq.net\/tr\/?p=27651#breadcrumb","itemListElement":[{"@type":"ListItem","position":1,"name":"Home","item":"https:\/\/akunq.net\/tr"},{"@type":"ListItem","position":2,"name":"Eski \u0130\u00e7i\u015fleri Bakan\u0131 Ak Parti&#8217;den istifa etti"}]},{"@type":"WebSite","@id":"https:\/\/akunq.net\/tr\/#website","url":"https:\/\/akunq.net\/tr\/","name":"Bati Ermenistan Ve Bati Ermenileri Sorunlari Ara\u015ftirmalar Merkezi","description":"","potentialAction":[{"@type":"SearchAction","target":{"@type":"EntryPoint","urlTemplate":"https:\/\/akunq.net\/tr\/?s={search_term_string}"},"query-input":{"@type":"PropertyValueSpecification","valueRequired":true,"valueName":"search_term_string"}}],"inLanguage":"en-US"},{"@type":"Person","@id":"https:\/\/akunq.net\/tr\/#\/schema\/person\/096f1d38a12cce57fb855b485ed24c9e","name":"admin","url":"https:\/\/akunq.net\/tr\/?author=7"}]}},"_links":{"self":[{"href":"https:\/\/akunq.net\/tr\/index.php?rest_route=\/wp\/v2\/posts\/27651","targetHints":{"allow":["GET"]}}],"collection":[{"href":"https:\/\/akunq.net\/tr\/index.php?rest_route=\/wp\/v2\/posts"}],"about":[{"href":"https:\/\/akunq.net\/tr\/index.php?rest_route=\/wp\/v2\/types\/post"}],"author":[{"embeddable":true,"href":"https:\/\/akunq.net\/tr\/index.php?rest_route=\/wp\/v2\/users\/7"}],"replies":[{"embeddable":true,"href":"https:\/\/akunq.net\/tr\/index.php?rest_route=%2Fwp%2Fv2%2Fcomments&post=27651"}],"version-history":[{"count":2,"href":"https:\/\/akunq.net\/tr\/index.php?rest_route=\/wp\/v2\/posts\/27651\/revisions"}],"predecessor-version":[{"id":27654,"href":"https:\/\/akunq.net\/tr\/index.php?rest_route=\/wp\/v2\/posts\/27651\/revisions\/27654"}],"wp:attachment":[{"href":"https:\/\/akunq.net\/tr\/index.php?rest_route=%2Fwp%2Fv2%2Fmedia&parent=27651"}],"wp:term":[{"taxonomy":"category","embeddable":true,"href":"https:\/\/akunq.net\/tr\/index.php?rest_route=%2Fwp%2Fv2%2Fcategories&post=27651"},{"taxonomy":"post_tag","embeddable":true,"href":"https:\/\/akunq.net\/tr\/index.php?rest_route=%2Fwp%2Fv2%2Ftags&post=27651"}],"curies":[{"name":"wp","href":"https:\/\/api.w.org\/{rel}","templated":true}]}}