{"id":27645,"date":"2013-12-25T03:22:59","date_gmt":"2013-12-25T08:22:59","guid":{"rendered":"http:\/\/akunq.net\/tr\/?p=27645"},"modified":"2013-12-25T03:22:59","modified_gmt":"2013-12-25T08:22:59","slug":"insan-gercekten-hayret-ediyor","status":"publish","type":"post","link":"https:\/\/akunq.net\/tr\/?p=27645","title":{"rendered":"\u0130nsan ger\u00e7ekten hayret ediyor"},"content":{"rendered":"<p style=\"text-align: justify;\"><b><a href=\"http:\/\/akunq.net\/tr\/wp-content\/uploads\/2013\/12\/\u201cAnadolu-Gen\u00e7lik-Derne\u011fi\u2019nin-haz\u0131rlad\u0131\u011f\u0131-afi\u015f.jpg\"><img loading=\"lazy\" decoding=\"async\" class=\"alignright size-medium wp-image-27646\" alt=\"\u201cAnadolu Gen\u00e7lik Derne\u011fi\u2019nin haz\u0131rlad\u0131\u011f\u0131 afi\u015f\" src=\"http:\/\/akunq.net\/tr\/wp-content\/uploads\/2013\/12\/\u201cAnadolu-Gen\u00e7lik-Derne\u011fi\u2019nin-haz\u0131rlad\u0131\u011f\u0131-afi\u015f-300x218.jpg\" width=\"300\" height=\"218\" srcset=\"https:\/\/akunq.net\/tr\/wp-content\/uploads\/sites\/6\/2013\/12\/\u201cAnadolu-Gen\u00e7lik-Derne\u011fi\u2019nin-haz\u0131rlad\u0131\u011f\u0131-afi\u015f-300x218.jpg 300w, https:\/\/akunq.net\/tr\/wp-content\/uploads\/sites\/6\/2013\/12\/\u201cAnadolu-Gen\u00e7lik-Derne\u011fi\u2019nin-haz\u0131rlad\u0131\u011f\u0131-afi\u015f.jpg 549w\" sizes=\"auto, (max-width: 300px) 100vw, 300px\" \/><\/a>VARTAN ESTUKYAN <\/b><\/p>\n<p style=\"text-align: justify;\"><b><i>\u201cAnadolu Gen\u00e7lik Derne\u011fi\u2019nin haz\u0131rlad\u0131\u011f\u0131 afi\u015fte, takkeli bir vatanda\u015f\u0131n Noel Baba\u2019y\u0131 yumruklad\u0131\u011f\u0131 g\u00f6r\u00fcl\u00fcyor. Her \u015feyi ge\u00e7tim, ya\u015f\u0131 gelmi\u015f, AK sakall\u0131 birine el kald\u0131rmak da neyin nesi?\u201d <\/i><\/b><\/p>\n<p style=\"text-align: justify;\">Saadet Partisi\u2019nin gen\u00e7lik kollar\u0131 olarak bilinen Anadolu Gen\u00e7li\u011fi Derne\u011fi \u00fcyeleri, H\u0131ristiyanlar\u0131n en b\u00fcy\u00fck dini bayram\u0131 kabul edilen Noel\u2019i (\u0130sa Mesih\u2019in do\u011fumu) protesto etmek i\u00e7in, Per\u015fembe g\u00fcn\u00fc \u0130stanbul \u00dcniversitesi\u2019nin Beyaz\u0131t Kampusu\u2019nda eylem yapacaklar. Eylemin duyurusunun bulundu\u011fu afi\u015fte, takkeli bir makul vatanda\u015f\u0131n Noel Baba\u2019y\u0131 yumruklad\u0131\u011f\u0131 g\u00f6r\u00fclse de, eylemde Noel Baba\u2019n\u0131n ba\u015f\u0131na ne gelece\u011fi gizemini koruyor. Daha \u00f6nce reklam panolar\u0131nda rastlad\u0131\u011f\u0131m\u0131z \u201cSiz hi\u00e7 Kurban Bayram\u0131 kutlayan H\u0131ristiyan g\u00f6rd\u00fcn\u00fcz m\u00fc?\u201d sorusuyla dikkatleri \u00fczerine \u00e7eken bu g\u00fczide dernek \u00fcyeleri, bu kez de yine harikulade bir fikirle kar\u015f\u0131m\u0131za \u00e7\u0131k\u0131yor.<\/p>\n<p style=\"text-align: justify;\">Asl\u0131nda bu haber \u00fczerine yaz\u0131 yazmak, grup \u00fcyelerini ciddiye almak olur. Her ne kadar s\u00f6yledikleri trajikomik de olsa, bir kesime hitap ettikleri gerek\u00e7esiyle, bir-iki s\u00f6z s\u00f6ylemek gerek diye d\u00fc\u015f\u00fcnd\u00fcm. Grup \u00fcyelerinin \u00e7\u0131k\u0131\u015f noktas\u0131, Noel\u2019in \u0130slamiyet\u2019e ayk\u0131r\u0131 olmas\u0131 ve H\u0131ristiyanlar\u0131n herhangi bir M\u00fcsl\u00fcman bayram\u0131 kutlamamas\u0131. \u00d6nce \u015fu na\u00e7izane hat\u0131rlatmam\u0131 yapay\u0131m: Bir\u00e7ok az\u0131nl\u0131k vatanda\u015f, Ramazan Bayram\u0131\u2019nda d\u00fckk\u00e2nlar\u0131na \u015feker koyarlar ve m\u00fc\u015fterilerine ikram ederler.<\/p>\n<p style=\"text-align: justify;\">Marjinal grup \u00fcyeleri, \u0130sa\u2019n\u0131n do\u011fum tarihinin kesin olmad\u0131\u011f\u0131n\u0131 hat\u0131rlat\u0131yor. Gelelim protesto g\u00f6sterilerine. Anadolu Gen\u00e7lik Derne\u011fi, bug\u00fcne dek e\u015fi benzeri g\u00f6r\u00fclmemi\u015f bir eyleme imza atmaya haz\u0131rlan\u0131yor. \u00d6yle ki, dernek \u00fcyelerinin haz\u0131rlad\u0131\u011f\u0131 afi\u015fte, takkeli bir vatanda\u015f\u0131n, Noel Baba\u2019y\u0131 yumruklad\u0131\u011f\u0131 g\u00f6r\u00fcl\u00fcyor. Her \u015feyi ge\u00e7tim, ya\u015f\u0131 gelmi\u015f, AK sakall\u0131 birine el kald\u0131rmak da neyin nesi? Neyse&#8230; \u00dclkede \u015fiddet k\u00fclt\u00fcr\u00fcn\u00fcn ne denli pop\u00fcler oldu\u011funu s\u00f6ylemeye gerek dahi duymuyorum. O y\u00fczden bu gen\u00e7leri de yad\u0131rgam\u0131yorum. Tam, \u201cGen\u00e7lik i\u015fte, heyecanlar\u0131na yenik d\u00fc\u015fm\u00fc\u015fler\u201d diyece\u011fim, bir g\u00fclme geliyor. Zira hakikaten de trajikomik bir vaka ile kar\u015f\u0131 kar\u015f\u0131yay\u0131z. Ne yaz\u0131k ki h\u00e2l\u00e2 ya\u015fad\u0131\u011f\u0131m\u0131z bu co\u011frafyada \u015fiddet, \u00e7ok pop\u00fcler. Daha da vahimi, bununla gurur duyuluyor olmas\u0131. \u015eu i\u015fe bak\u0131n ki, \u00fclkece, olaylar\u0131 k\u0131nama bi\u00e7imimiz dahi \u2018\u015fiddetle\u2019. \u0130ki y\u0131l \u00f6nce Zincirlikuyu\u2019da taksiye binen kad\u0131n\u0131n, aksan\u0131nda dolay\u0131 Ermeni oldu\u011funu anlayarak sa\u00e7\u0131ndan \u00e7ekip tartaklayan ve \u201cK\u00e2firsiniz, cehennemde yanacaks\u0131n\u0131z\u201d diyen taksici, adres bilgilerine ula\u015f\u0131lmas\u0131na ra\u011fmen h\u00e2l\u00e2 yakalan(a)mad\u0131, Marmaris\u2019te H\u0131ristiyan oldu\u011fu i\u00e7in ya\u015fad\u0131\u011f\u0131 mahallede bask\u0131 g\u00f6ren bir kad\u0131n b\u0131\u00e7akland\u0131, i\u015fini b\u0131rak\u0131p \u00fclkeyi terk etmek zorunda kald\u0131, b\u0131\u00e7aklayan hakk\u0131nda hi\u00e7bir i\u015flem yap\u0131lmad\u0131, Rahip Santoro cinayetine vesaire hi\u00e7 girmiyorum, \u00e7\u00fcnk\u00fc niyetim burada ciddi anlamda politika yapmak de\u011fil. Ancak var olan bu sorunlar\u0131 da hi\u00e7birimiz g\u00f6rmezden gelemeyiz.<\/p>\n<p style=\"text-align: justify;\">Yak\u0131nda 2014\u2019e girece\u011fimiz, T\u00fcrkiye i\u00e7in ac\u0131 bir ger\u00e7ek. Ac\u0131 ger\u00e7ek, \u00e7\u00fcnk\u00fc toplum olarak b\u00fcy\u00fck bir \u00e7o\u011funlu\u011fumuz h\u00e2l\u00e2 Orta\u00e7a\u011fdaym\u0131\u015f\u00e7as\u0131na davranmakta \u0131srar ediyor. Y\u0131llar ilerledik\u00e7e toplumun b\u00fcy\u00fck kesimi geri gidiyor.<\/p>\n<p style=\"text-align: justify;\">Ge\u00e7enlerde yolsuzluk operasyonu nedeniyle \u00fclkedeki iktidar partisine destek vermek i\u00e7in bu kez ba\u015fka bir marjinal grup, kefen giyerek Ba\u015fbakan Recep Tayyip Erdo\u011fan\u2019\u0131 kar\u015f\u0131lamaya gitmi\u015fti. \u015eimdi de Noel Baba\u2019ya el kald\u0131ran bir grup var kar\u015f\u0131m\u0131zda. \u00c7ok merak ediyorum, acaba hi\u00e7 \u201cYa biz n\u2019ap\u0131yoruz arkada\u015flar?\u201d diye oturup d\u00fc\u015f\u00fcnd\u00fcn\u00fcz m\u00fc? \u015eahsen ben d\u00fc\u015f\u00fcnd\u00fcm. Ortaya tek bir sonu\u00e7 \u00e7\u0131kt\u0131: \u0130nsan ger\u00e7ekten hayret ediyor.<\/p>\n<p style=\"text-align: justify;\"><b><i>vartan@agos.com.tr<\/i><\/b><\/p>\n<p style=\"text-align: justify;\"><b><i>http:\/\/www.agos.com.tr\/haber.php?seo=vartan-estukyan-yazdi-insan-gercekten-hayret-ediyor&amp;haberid=6358<\/i><\/b><\/p>\n","protected":false},"excerpt":{"rendered":"<p>VARTAN ESTUKYAN \u201cAnadolu Gen\u00e7lik Derne\u011fi\u2019nin haz\u0131rlad\u0131\u011f\u0131 afi\u015fte, takkeli bir vatanda\u015f\u0131n Noel Baba\u2019y\u0131 yumruklad\u0131\u011f\u0131 g\u00f6r\u00fcl\u00fcyor. Her \u015feyi ge\u00e7tim, ya\u015f\u0131 gelmi\u015f, AK sakall\u0131 birine el kald\u0131rmak da neyin nesi?\u201d Saadet Partisi\u2019nin gen\u00e7lik kollar\u0131 olarak bilinen Anadolu Gen\u00e7li\u011fi Derne\u011fi \u00fcyeleri, H\u0131ristiyanlar\u0131n en b\u00fcy\u00fck dini bayram\u0131 kabul edilen Noel\u2019i (\u0130sa Mesih\u2019in do\u011fumu) protesto etmek i\u00e7in, Per\u015fembe g\u00fcn\u00fc \u0130stanbul \u00dcniversitesi\u2019nin [&hellip;]<\/p>\n","protected":false},"author":7,"featured_media":0,"comment_status":"open","ping_status":"open","sticky":false,"template":"","format":"standard","meta":{"footnotes":""},"categories":[1],"tags":[],"class_list":["post-27645","post","type-post","status-publish","format-standard","hentry","category-haberler"],"yoast_head":"<!-- This site is optimized with the Yoast SEO plugin v27.4 - https:\/\/yoast.com\/product\/yoast-seo-wordpress\/ -->\n<title>\u0130nsan ger\u00e7ekten hayret ediyor - Bati Ermenistan Ve Bati Ermenileri Sorunlari Ara\u015ftirmalar Merkezi<\/title>\n<meta name=\"robots\" content=\"index, follow, max-snippet:-1, max-image-preview:large, max-video-preview:-1\" \/>\n<link rel=\"canonical\" href=\"https:\/\/akunq.net\/tr\/?p=27645\" \/>\n<meta property=\"og:locale\" content=\"en_US\" \/>\n<meta property=\"og:type\" content=\"article\" \/>\n<meta property=\"og:title\" content=\"\u0130nsan ger\u00e7ekten hayret ediyor - Bati Ermenistan Ve Bati Ermenileri Sorunlari Ara\u015ftirmalar Merkezi\" \/>\n<meta property=\"og:description\" content=\"VARTAN ESTUKYAN \u201cAnadolu Gen\u00e7lik Derne\u011fi\u2019nin haz\u0131rlad\u0131\u011f\u0131 afi\u015fte, takkeli bir vatanda\u015f\u0131n Noel Baba\u2019y\u0131 yumruklad\u0131\u011f\u0131 g\u00f6r\u00fcl\u00fcyor. Her \u015feyi ge\u00e7tim, ya\u015f\u0131 gelmi\u015f, AK sakall\u0131 birine el kald\u0131rmak da neyin nesi?\u201d Saadet Partisi\u2019nin gen\u00e7lik kollar\u0131 olarak bilinen Anadolu Gen\u00e7li\u011fi Derne\u011fi \u00fcyeleri, H\u0131ristiyanlar\u0131n en b\u00fcy\u00fck dini bayram\u0131 kabul edilen Noel\u2019i (\u0130sa Mesih\u2019in do\u011fumu) protesto etmek i\u00e7in, Per\u015fembe g\u00fcn\u00fc \u0130stanbul \u00dcniversitesi\u2019nin [&hellip;]\" \/>\n<meta property=\"og:url\" content=\"https:\/\/akunq.net\/tr\/?p=27645\" \/>\n<meta property=\"og:site_name\" content=\"Bati Ermenistan Ve Bati Ermenileri Sorunlari Ara\u015ftirmalar Merkezi\" \/>\n<meta property=\"article:published_time\" content=\"2013-12-25T08:22:59+00:00\" \/>\n<meta name=\"author\" content=\"admin\" \/>\n<meta name=\"twitter:card\" content=\"summary_large_image\" \/>\n<meta name=\"twitter:label1\" content=\"Written by\" \/>\n\t<meta name=\"twitter:data1\" content=\"admin\" \/>\n\t<meta name=\"twitter:label2\" content=\"Est. reading time\" \/>\n\t<meta name=\"twitter:data2\" content=\"3 minutes\" \/>\n<script type=\"application\/ld+json\" class=\"yoast-schema-graph\">{\"@context\":\"https:\\\/\\\/schema.org\",\"@graph\":[{\"@type\":\"Article\",\"@id\":\"https:\\\/\\\/akunq.net\\\/tr\\\/?p=27645#article\",\"isPartOf\":{\"@id\":\"https:\\\/\\\/akunq.net\\\/tr\\\/?p=27645\"},\"author\":{\"name\":\"admin\",\"@id\":\"https:\\\/\\\/akunq.net\\\/tr\\\/#\\\/schema\\\/person\\\/096f1d38a12cce57fb855b485ed24c9e\"},\"headline\":\"\u0130nsan ger\u00e7ekten hayret ediyor\",\"datePublished\":\"2013-12-25T08:22:59+00:00\",\"mainEntityOfPage\":{\"@id\":\"https:\\\/\\\/akunq.net\\\/tr\\\/?p=27645\"},\"wordCount\":671,\"commentCount\":0,\"articleSection\":[\"Haberler\"],\"inLanguage\":\"en-US\",\"potentialAction\":[{\"@type\":\"CommentAction\",\"name\":\"Comment\",\"target\":[\"https:\\\/\\\/akunq.net\\\/tr\\\/?p=27645#respond\"]}]},{\"@type\":\"WebPage\",\"@id\":\"https:\\\/\\\/akunq.net\\\/tr\\\/?p=27645\",\"url\":\"https:\\\/\\\/akunq.net\\\/tr\\\/?p=27645\",\"name\":\"\u0130nsan ger\u00e7ekten hayret ediyor - Bati Ermenistan Ve Bati Ermenileri Sorunlari Ara\u015ftirmalar Merkezi\",\"isPartOf\":{\"@id\":\"https:\\\/\\\/akunq.net\\\/tr\\\/#website\"},\"datePublished\":\"2013-12-25T08:22:59+00:00\",\"author\":{\"@id\":\"https:\\\/\\\/akunq.net\\\/tr\\\/#\\\/schema\\\/person\\\/096f1d38a12cce57fb855b485ed24c9e\"},\"breadcrumb\":{\"@id\":\"https:\\\/\\\/akunq.net\\\/tr\\\/?p=27645#breadcrumb\"},\"inLanguage\":\"en-US\",\"potentialAction\":[{\"@type\":\"ReadAction\",\"target\":[\"https:\\\/\\\/akunq.net\\\/tr\\\/?p=27645\"]}]},{\"@type\":\"BreadcrumbList\",\"@id\":\"https:\\\/\\\/akunq.net\\\/tr\\\/?p=27645#breadcrumb\",\"itemListElement\":[{\"@type\":\"ListItem\",\"position\":1,\"name\":\"Home\",\"item\":\"https:\\\/\\\/akunq.net\\\/tr\"},{\"@type\":\"ListItem\",\"position\":2,\"name\":\"\u0130nsan ger\u00e7ekten hayret ediyor\"}]},{\"@type\":\"WebSite\",\"@id\":\"https:\\\/\\\/akunq.net\\\/tr\\\/#website\",\"url\":\"https:\\\/\\\/akunq.net\\\/tr\\\/\",\"name\":\"Bati Ermenistan Ve Bati Ermenileri Sorunlari Ara\u015ftirmalar Merkezi\",\"description\":\"\",\"potentialAction\":[{\"@type\":\"SearchAction\",\"target\":{\"@type\":\"EntryPoint\",\"urlTemplate\":\"https:\\\/\\\/akunq.net\\\/tr\\\/?s={search_term_string}\"},\"query-input\":{\"@type\":\"PropertyValueSpecification\",\"valueRequired\":true,\"valueName\":\"search_term_string\"}}],\"inLanguage\":\"en-US\"},{\"@type\":\"Person\",\"@id\":\"https:\\\/\\\/akunq.net\\\/tr\\\/#\\\/schema\\\/person\\\/096f1d38a12cce57fb855b485ed24c9e\",\"name\":\"admin\",\"url\":\"https:\\\/\\\/akunq.net\\\/tr\\\/?author=7\"}]}<\/script>\n<!-- \/ Yoast SEO plugin. -->","yoast_head_json":{"title":"\u0130nsan ger\u00e7ekten hayret ediyor - Bati Ermenistan Ve Bati Ermenileri Sorunlari Ara\u015ftirmalar Merkezi","robots":{"index":"index","follow":"follow","max-snippet":"max-snippet:-1","max-image-preview":"max-image-preview:large","max-video-preview":"max-video-preview:-1"},"canonical":"https:\/\/akunq.net\/tr\/?p=27645","og_locale":"en_US","og_type":"article","og_title":"\u0130nsan ger\u00e7ekten hayret ediyor - Bati Ermenistan Ve Bati Ermenileri Sorunlari Ara\u015ftirmalar Merkezi","og_description":"VARTAN ESTUKYAN \u201cAnadolu Gen\u00e7lik Derne\u011fi\u2019nin haz\u0131rlad\u0131\u011f\u0131 afi\u015fte, takkeli bir vatanda\u015f\u0131n Noel Baba\u2019y\u0131 yumruklad\u0131\u011f\u0131 g\u00f6r\u00fcl\u00fcyor. Her \u015feyi ge\u00e7tim, ya\u015f\u0131 gelmi\u015f, AK sakall\u0131 birine el kald\u0131rmak da neyin nesi?\u201d Saadet Partisi\u2019nin gen\u00e7lik kollar\u0131 olarak bilinen Anadolu Gen\u00e7li\u011fi Derne\u011fi \u00fcyeleri, H\u0131ristiyanlar\u0131n en b\u00fcy\u00fck dini bayram\u0131 kabul edilen Noel\u2019i (\u0130sa Mesih\u2019in do\u011fumu) protesto etmek i\u00e7in, Per\u015fembe g\u00fcn\u00fc \u0130stanbul \u00dcniversitesi\u2019nin [&hellip;]","og_url":"https:\/\/akunq.net\/tr\/?p=27645","og_site_name":"Bati Ermenistan Ve Bati Ermenileri Sorunlari Ara\u015ftirmalar Merkezi","article_published_time":"2013-12-25T08:22:59+00:00","author":"admin","twitter_card":"summary_large_image","twitter_misc":{"Written by":"admin","Est. reading time":"3 minutes"},"schema":{"@context":"https:\/\/schema.org","@graph":[{"@type":"Article","@id":"https:\/\/akunq.net\/tr\/?p=27645#article","isPartOf":{"@id":"https:\/\/akunq.net\/tr\/?p=27645"},"author":{"name":"admin","@id":"https:\/\/akunq.net\/tr\/#\/schema\/person\/096f1d38a12cce57fb855b485ed24c9e"},"headline":"\u0130nsan ger\u00e7ekten hayret ediyor","datePublished":"2013-12-25T08:22:59+00:00","mainEntityOfPage":{"@id":"https:\/\/akunq.net\/tr\/?p=27645"},"wordCount":671,"commentCount":0,"articleSection":["Haberler"],"inLanguage":"en-US","potentialAction":[{"@type":"CommentAction","name":"Comment","target":["https:\/\/akunq.net\/tr\/?p=27645#respond"]}]},{"@type":"WebPage","@id":"https:\/\/akunq.net\/tr\/?p=27645","url":"https:\/\/akunq.net\/tr\/?p=27645","name":"\u0130nsan ger\u00e7ekten hayret ediyor - Bati Ermenistan Ve Bati Ermenileri Sorunlari Ara\u015ftirmalar Merkezi","isPartOf":{"@id":"https:\/\/akunq.net\/tr\/#website"},"datePublished":"2013-12-25T08:22:59+00:00","author":{"@id":"https:\/\/akunq.net\/tr\/#\/schema\/person\/096f1d38a12cce57fb855b485ed24c9e"},"breadcrumb":{"@id":"https:\/\/akunq.net\/tr\/?p=27645#breadcrumb"},"inLanguage":"en-US","potentialAction":[{"@type":"ReadAction","target":["https:\/\/akunq.net\/tr\/?p=27645"]}]},{"@type":"BreadcrumbList","@id":"https:\/\/akunq.net\/tr\/?p=27645#breadcrumb","itemListElement":[{"@type":"ListItem","position":1,"name":"Home","item":"https:\/\/akunq.net\/tr"},{"@type":"ListItem","position":2,"name":"\u0130nsan ger\u00e7ekten hayret ediyor"}]},{"@type":"WebSite","@id":"https:\/\/akunq.net\/tr\/#website","url":"https:\/\/akunq.net\/tr\/","name":"Bati Ermenistan Ve Bati Ermenileri Sorunlari Ara\u015ftirmalar Merkezi","description":"","potentialAction":[{"@type":"SearchAction","target":{"@type":"EntryPoint","urlTemplate":"https:\/\/akunq.net\/tr\/?s={search_term_string}"},"query-input":{"@type":"PropertyValueSpecification","valueRequired":true,"valueName":"search_term_string"}}],"inLanguage":"en-US"},{"@type":"Person","@id":"https:\/\/akunq.net\/tr\/#\/schema\/person\/096f1d38a12cce57fb855b485ed24c9e","name":"admin","url":"https:\/\/akunq.net\/tr\/?author=7"}]}},"_links":{"self":[{"href":"https:\/\/akunq.net\/tr\/index.php?rest_route=\/wp\/v2\/posts\/27645","targetHints":{"allow":["GET"]}}],"collection":[{"href":"https:\/\/akunq.net\/tr\/index.php?rest_route=\/wp\/v2\/posts"}],"about":[{"href":"https:\/\/akunq.net\/tr\/index.php?rest_route=\/wp\/v2\/types\/post"}],"author":[{"embeddable":true,"href":"https:\/\/akunq.net\/tr\/index.php?rest_route=\/wp\/v2\/users\/7"}],"replies":[{"embeddable":true,"href":"https:\/\/akunq.net\/tr\/index.php?rest_route=%2Fwp%2Fv2%2Fcomments&post=27645"}],"version-history":[{"count":1,"href":"https:\/\/akunq.net\/tr\/index.php?rest_route=\/wp\/v2\/posts\/27645\/revisions"}],"predecessor-version":[{"id":27647,"href":"https:\/\/akunq.net\/tr\/index.php?rest_route=\/wp\/v2\/posts\/27645\/revisions\/27647"}],"wp:attachment":[{"href":"https:\/\/akunq.net\/tr\/index.php?rest_route=%2Fwp%2Fv2%2Fmedia&parent=27645"}],"wp:term":[{"taxonomy":"category","embeddable":true,"href":"https:\/\/akunq.net\/tr\/index.php?rest_route=%2Fwp%2Fv2%2Fcategories&post=27645"},{"taxonomy":"post_tag","embeddable":true,"href":"https:\/\/akunq.net\/tr\/index.php?rest_route=%2Fwp%2Fv2%2Ftags&post=27645"}],"curies":[{"name":"wp","href":"https:\/\/api.w.org\/{rel}","templated":true}]}}