{"id":27642,"date":"2013-12-25T03:19:07","date_gmt":"2013-12-25T08:19:07","guid":{"rendered":"http:\/\/akunq.net\/tr\/?p=27642"},"modified":"2013-12-25T03:19:07","modified_gmt":"2013-12-25T08:19:07","slug":"noel-baba-beyazit-meydaninda-yumruklanacak","status":"publish","type":"post","link":"https:\/\/akunq.net\/tr\/?p=27642","title":{"rendered":"Noel Baba, Beyaz\u0131t Meydan\u0131\u2019nda yumruklanacak!"},"content":{"rendered":"<p style=\"text-align: justify;\"><strong><a href=\"http:\/\/akunq.net\/tr\/wp-content\/uploads\/2013\/12\/Noel-Baba.jpg\"><img loading=\"lazy\" decoding=\"async\" class=\"alignright size-medium wp-image-27643\" alt=\"Noel Baba\" src=\"http:\/\/akunq.net\/tr\/wp-content\/uploads\/2013\/12\/Noel-Baba-300x111.jpg\" width=\"300\" height=\"111\" srcset=\"https:\/\/akunq.net\/tr\/wp-content\/uploads\/sites\/6\/2013\/12\/Noel-Baba-300x111.jpg 300w, https:\/\/akunq.net\/tr\/wp-content\/uploads\/sites\/6\/2013\/12\/Noel-Baba.jpg 599w\" sizes=\"auto, (max-width: 300px) 100vw, 300px\" \/><\/a>EMRE ERTAN\u0130<\/strong><\/p>\n<p style=\"text-align: justify;\"><b><i>Noel\u2019in gelmesiyle birlikte T\u00fcrkiye\u2019de baz\u0131 kesimler taraf\u0131ndan H\u0131ristiyan fobisi y\u00fckseltilmeye \u00e7al\u0131\u015f\u0131l\u0131yor. Saadet Partisi\u2019nin gen\u00e7lik kollar\u0131 olarak bilinen Anadolu Gen\u00e7lik Derne\u011fi adl\u0131 grup, Noel Baba yumruklayan takkeli bir adam\u0131n resmedildi\u011fi afi\u015finde \u201cY\u0131lba\u015f\u0131 ve Noel kutlamalar\u0131na HAYIR!\u201d diyerek Beyaz\u0131t\u2019ta eylem yapacaklar\u0131n\u0131 duyurdu.<\/i><\/b><\/p>\n<p style=\"text-align: justify;\">Grubun \u2018Y\u0131lba\u015f\u0131 Toplumsal bir isyand\u0131r!\u2019 ba\u015fl\u0131\u011f\u0131yla yay\u0131mlad\u0131\u011f\u0131 metinde, \u201cAnadolu Gen\u00e7lik Derne\u011fi \u0130stanbul \u00dcniversitesi Beyaz\u0131t Kamp\u00fcs\u00fc \u00d6\u011frencileri olarak \u00fclkemizde kutlanan y\u0131lba\u015f\u0131 ve Noel kutlamalar\u0131n\u0131n yanl\u0131\u015f oldu\u011funu ve bunun M\u00fcsl\u00fcmanl\u0131\u011f\u0131m\u0131za indirilen bir darbe oldu\u011funu hayk\u0131r\u0131yoruz\u201d ifadelerine yer verildi.<\/p>\n<p style=\"text-align: justify;\">Mesih \u0130sa\u2019n\u0131n ne zaman do\u011fdu\u011funun bilinmedi\u011fi ve H\u0131ristiyanl\u0131\u011f\u0131n\u0131 tahrif edildi\u011fi \u00f6ne s\u00fcr\u00fclen a\u00e7\u0131klamada, \u201cHz. \u0130sa (A.S.)\u0131n 1 Ocak\u2019ta do\u011fup do\u011fmad\u0131\u011f\u0131 kesin olarak belli de\u011fildir. 25 Aral\u0131k-6 Ocak tarihleri aras\u0131nda do\u011fdu\u011fu kabul edilmektedir. Bu tarihler aras\u0131nda H\u0131ristiyanlar Noel ad\u0131 alt\u0131nda y\u0131lba\u015f\u0131 e\u011flencelerine ba\u015flarlar. G\u00f6r\u00fcl\u00fcyor ki, asl\u0131ndan uzakla\u015ft\u0131r\u0131lm\u0131\u015f ve tahrif edilmi\u015f H\u0131ristiyanl\u0131k, Peygamberinin do\u011fum g\u00fcn\u00fcnde bile bir kesinlik ve bir a\u00e7\u0131kl\u0131k getirmekten uzakt\u0131r\u201d dendi.<\/p>\n<p style=\"text-align: justify;\">Noel ile bir alakas\u0131 olmayan y\u0131lba\u015f\u0131 kutlamalar\u0131n\u0131 birbirine kar\u0131\u015ft\u0131ran grup, \u2018misyonerlik tehlikesi\u2019ne de dikkat \u00e7ekti: \u00a0\u201cNoel\u2019in, M\u00fcsl\u00fcmanlarca benimsenip uygulanmas\u0131 ise dinsel ve k\u00fclt\u00fcrel bir yozla\u015fma olarak g\u00f6r\u00fclmeli; b\u00f6ylesi bir tutumun; kendi din\u00ee inan\u00e7lar\u0131m\u0131zdan, de\u011ferlerimizden uzakla\u015fma ve ba\u015fkala\u015fma s\u00fcrecini h\u0131zland\u0131rd\u0131\u011f\u0131, halk\u0131m\u0131za-\u00fclkemize y\u00f6nelik H\u0131ristiyan misyonerli\u011fi i\u00e7in de olduk\u00e7a elveri\u015fli bir durum olu\u015fturaca\u011f\u0131 g\u00f6zden uzak tutulmamal\u0131d\u0131r.\u201d<\/p>\n<p style=\"text-align: justify;\"><strong>Kendilerini zevk ve sefaya verirler&#8230;<\/strong><\/p>\n<p style=\"text-align: justify;\">24 Aral\u0131k\u2019\u0131 25 Aral\u0131k\u2019a ba\u011flayan gece kiliselerde, sabah ayinleriyle kutlanan Noel i\u00e7in ise, \u201cO geceyi ne\u015feli ge\u00e7irmek i\u00e7in her \u015feyi unutup, kendilerini zevk ve sefaya verirler\u201d denen a\u00e7\u0131klamada \u015fu ifadelere yer verildi: \u201c\u00c7am a\u011fa\u00e7lar\u0131n\u0131 s\u00fcsleyip p\u00fcsleyerek d\u00fckk\u00e2n vitrinlerine, evlerinin en de\u011ferli k\u00f6\u015felerine yerle\u015ftirirler. Birbirleriyle tebrikle\u015firler. Din\u00ee bir atmosfer i\u00e7inde ge\u00e7en Noel bayram\u0131 akabinde ise, yeni y\u0131la giri\u015f b\u00fcy\u00fck bir \u00e7\u0131lg\u0131nl\u0131kla, l\u00fcks ve israfla kutlan\u0131r. H\u0131ristiyan \u00fclkelerdeki dinden kaynaklanan bu e\u011flenceler, 31 Aral\u0131k g\u00fcn\u00fc en y\u00fcksek seviyeye ula\u015f\u0131r. \u0130nsanlar adeta \u00e7\u0131lg\u0131nla\u015farak kendilerinden ge\u00e7erler. Kumar, i\u00e7ki, dans partileri d\u00fczenlerler. K\u00f6keni itibar\u0131 ile dinsel bir t\u00f6ren olan Noel, H\u0131ristiyan \u00fclkelerinde \u015fenlikler ile kutlan\u0131rken maalesef M\u00fcsl\u00fcman yurdumuzda da b\u00fcy\u00fck meydanlarda \u015fenliklere d\u00f6n\u00fc\u015ft\u00fcr\u00fcl\u00fcyor.\u201d<\/p>\n<p style=\"text-align: justify;\"><strong><i>emreertani@agos.com.tr<\/i><\/strong><\/p>\n<p style=\"text-align: justify;\"><b><i>http:\/\/www.agos.com.tr\/haber.php?seo=noel-baba-beyazit-meydaninda-yumruklanacak&amp;haberid=6357<\/i><\/b><\/p>\n","protected":false},"excerpt":{"rendered":"<p>EMRE ERTAN\u0130 Noel\u2019in gelmesiyle birlikte T\u00fcrkiye\u2019de baz\u0131 kesimler taraf\u0131ndan H\u0131ristiyan fobisi y\u00fckseltilmeye \u00e7al\u0131\u015f\u0131l\u0131yor. Saadet Partisi\u2019nin gen\u00e7lik kollar\u0131 olarak bilinen Anadolu Gen\u00e7lik Derne\u011fi adl\u0131 grup, Noel Baba yumruklayan takkeli bir adam\u0131n resmedildi\u011fi afi\u015finde \u201cY\u0131lba\u015f\u0131 ve Noel kutlamalar\u0131na HAYIR!\u201d diyerek Beyaz\u0131t\u2019ta eylem yapacaklar\u0131n\u0131 duyurdu. Grubun \u2018Y\u0131lba\u015f\u0131 Toplumsal bir isyand\u0131r!\u2019 ba\u015fl\u0131\u011f\u0131yla yay\u0131mlad\u0131\u011f\u0131 metinde, \u201cAnadolu Gen\u00e7lik Derne\u011fi \u0130stanbul \u00dcniversitesi [&hellip;]<\/p>\n","protected":false},"author":7,"featured_media":0,"comment_status":"open","ping_status":"open","sticky":false,"template":"","format":"standard","meta":{"footnotes":""},"categories":[1],"tags":[],"class_list":["post-27642","post","type-post","status-publish","format-standard","hentry","category-haberler"],"yoast_head":"<!-- This site is optimized with the Yoast SEO plugin v27.4 - https:\/\/yoast.com\/product\/yoast-seo-wordpress\/ -->\n<title>Noel Baba, Beyaz\u0131t Meydan\u0131\u2019nda yumruklanacak! - Bati Ermenistan Ve Bati Ermenileri Sorunlari Ara\u015ftirmalar Merkezi<\/title>\n<meta name=\"robots\" content=\"index, follow, max-snippet:-1, max-image-preview:large, max-video-preview:-1\" \/>\n<link rel=\"canonical\" href=\"https:\/\/akunq.net\/tr\/?p=27642\" \/>\n<meta property=\"og:locale\" content=\"en_US\" \/>\n<meta property=\"og:type\" content=\"article\" \/>\n<meta property=\"og:title\" content=\"Noel Baba, Beyaz\u0131t Meydan\u0131\u2019nda yumruklanacak! - Bati Ermenistan Ve Bati Ermenileri Sorunlari Ara\u015ftirmalar Merkezi\" \/>\n<meta property=\"og:description\" content=\"EMRE ERTAN\u0130 Noel\u2019in gelmesiyle birlikte T\u00fcrkiye\u2019de baz\u0131 kesimler taraf\u0131ndan H\u0131ristiyan fobisi y\u00fckseltilmeye \u00e7al\u0131\u015f\u0131l\u0131yor. Saadet Partisi\u2019nin gen\u00e7lik kollar\u0131 olarak bilinen Anadolu Gen\u00e7lik Derne\u011fi adl\u0131 grup, Noel Baba yumruklayan takkeli bir adam\u0131n resmedildi\u011fi afi\u015finde \u201cY\u0131lba\u015f\u0131 ve Noel kutlamalar\u0131na HAYIR!\u201d diyerek Beyaz\u0131t\u2019ta eylem yapacaklar\u0131n\u0131 duyurdu. Grubun \u2018Y\u0131lba\u015f\u0131 Toplumsal bir isyand\u0131r!\u2019 ba\u015fl\u0131\u011f\u0131yla yay\u0131mlad\u0131\u011f\u0131 metinde, \u201cAnadolu Gen\u00e7lik Derne\u011fi \u0130stanbul \u00dcniversitesi [&hellip;]\" \/>\n<meta property=\"og:url\" content=\"https:\/\/akunq.net\/tr\/?p=27642\" \/>\n<meta property=\"og:site_name\" content=\"Bati Ermenistan Ve Bati Ermenileri Sorunlari Ara\u015ftirmalar Merkezi\" \/>\n<meta property=\"article:published_time\" content=\"2013-12-25T08:19:07+00:00\" \/>\n<meta property=\"og:image\" content=\"http:\/\/akunq.net\/tr\/wp-content\/uploads\/2013\/12\/Noel-Baba-300x111.jpg\" \/>\n<meta name=\"author\" content=\"admin\" \/>\n<meta name=\"twitter:card\" content=\"summary_large_image\" \/>\n<meta name=\"twitter:label1\" content=\"Written by\" \/>\n\t<meta name=\"twitter:data1\" content=\"admin\" \/>\n\t<meta name=\"twitter:label2\" content=\"Est. reading time\" \/>\n\t<meta name=\"twitter:data2\" content=\"2 minutes\" \/>\n<script type=\"application\/ld+json\" class=\"yoast-schema-graph\">{\"@context\":\"https:\\\/\\\/schema.org\",\"@graph\":[{\"@type\":\"Article\",\"@id\":\"https:\\\/\\\/akunq.net\\\/tr\\\/?p=27642#article\",\"isPartOf\":{\"@id\":\"https:\\\/\\\/akunq.net\\\/tr\\\/?p=27642\"},\"author\":{\"name\":\"admin\",\"@id\":\"https:\\\/\\\/akunq.net\\\/tr\\\/#\\\/schema\\\/person\\\/096f1d38a12cce57fb855b485ed24c9e\"},\"headline\":\"Noel Baba, Beyaz\u0131t Meydan\u0131\u2019nda yumruklanacak!\",\"datePublished\":\"2013-12-25T08:19:07+00:00\",\"mainEntityOfPage\":{\"@id\":\"https:\\\/\\\/akunq.net\\\/tr\\\/?p=27642\"},\"wordCount\":495,\"commentCount\":0,\"image\":{\"@id\":\"https:\\\/\\\/akunq.net\\\/tr\\\/?p=27642#primaryimage\"},\"thumbnailUrl\":\"http:\\\/\\\/akunq.net\\\/tr\\\/wp-content\\\/uploads\\\/2013\\\/12\\\/Noel-Baba-300x111.jpg\",\"articleSection\":[\"Haberler\"],\"inLanguage\":\"en-US\",\"potentialAction\":[{\"@type\":\"CommentAction\",\"name\":\"Comment\",\"target\":[\"https:\\\/\\\/akunq.net\\\/tr\\\/?p=27642#respond\"]}]},{\"@type\":\"WebPage\",\"@id\":\"https:\\\/\\\/akunq.net\\\/tr\\\/?p=27642\",\"url\":\"https:\\\/\\\/akunq.net\\\/tr\\\/?p=27642\",\"name\":\"Noel Baba, Beyaz\u0131t Meydan\u0131\u2019nda yumruklanacak! - Bati Ermenistan Ve Bati Ermenileri Sorunlari Ara\u015ftirmalar Merkezi\",\"isPartOf\":{\"@id\":\"https:\\\/\\\/akunq.net\\\/tr\\\/#website\"},\"primaryImageOfPage\":{\"@id\":\"https:\\\/\\\/akunq.net\\\/tr\\\/?p=27642#primaryimage\"},\"image\":{\"@id\":\"https:\\\/\\\/akunq.net\\\/tr\\\/?p=27642#primaryimage\"},\"thumbnailUrl\":\"http:\\\/\\\/akunq.net\\\/tr\\\/wp-content\\\/uploads\\\/2013\\\/12\\\/Noel-Baba-300x111.jpg\",\"datePublished\":\"2013-12-25T08:19:07+00:00\",\"author\":{\"@id\":\"https:\\\/\\\/akunq.net\\\/tr\\\/#\\\/schema\\\/person\\\/096f1d38a12cce57fb855b485ed24c9e\"},\"breadcrumb\":{\"@id\":\"https:\\\/\\\/akunq.net\\\/tr\\\/?p=27642#breadcrumb\"},\"inLanguage\":\"en-US\",\"potentialAction\":[{\"@type\":\"ReadAction\",\"target\":[\"https:\\\/\\\/akunq.net\\\/tr\\\/?p=27642\"]}]},{\"@type\":\"ImageObject\",\"inLanguage\":\"en-US\",\"@id\":\"https:\\\/\\\/akunq.net\\\/tr\\\/?p=27642#primaryimage\",\"url\":\"https:\\\/\\\/akunq.net\\\/tr\\\/wp-content\\\/uploads\\\/sites\\\/6\\\/2013\\\/12\\\/Noel-Baba.jpg\",\"contentUrl\":\"https:\\\/\\\/akunq.net\\\/tr\\\/wp-content\\\/uploads\\\/sites\\\/6\\\/2013\\\/12\\\/Noel-Baba.jpg\",\"width\":599,\"height\":222},{\"@type\":\"BreadcrumbList\",\"@id\":\"https:\\\/\\\/akunq.net\\\/tr\\\/?p=27642#breadcrumb\",\"itemListElement\":[{\"@type\":\"ListItem\",\"position\":1,\"name\":\"Home\",\"item\":\"https:\\\/\\\/akunq.net\\\/tr\"},{\"@type\":\"ListItem\",\"position\":2,\"name\":\"Noel Baba, Beyaz\u0131t Meydan\u0131\u2019nda yumruklanacak!\"}]},{\"@type\":\"WebSite\",\"@id\":\"https:\\\/\\\/akunq.net\\\/tr\\\/#website\",\"url\":\"https:\\\/\\\/akunq.net\\\/tr\\\/\",\"name\":\"Bati Ermenistan Ve Bati Ermenileri Sorunlari Ara\u015ftirmalar Merkezi\",\"description\":\"\",\"potentialAction\":[{\"@type\":\"SearchAction\",\"target\":{\"@type\":\"EntryPoint\",\"urlTemplate\":\"https:\\\/\\\/akunq.net\\\/tr\\\/?s={search_term_string}\"},\"query-input\":{\"@type\":\"PropertyValueSpecification\",\"valueRequired\":true,\"valueName\":\"search_term_string\"}}],\"inLanguage\":\"en-US\"},{\"@type\":\"Person\",\"@id\":\"https:\\\/\\\/akunq.net\\\/tr\\\/#\\\/schema\\\/person\\\/096f1d38a12cce57fb855b485ed24c9e\",\"name\":\"admin\",\"url\":\"https:\\\/\\\/akunq.net\\\/tr\\\/?author=7\"}]}<\/script>\n<!-- \/ Yoast SEO plugin. -->","yoast_head_json":{"title":"Noel Baba, Beyaz\u0131t Meydan\u0131\u2019nda yumruklanacak! - Bati Ermenistan Ve Bati Ermenileri Sorunlari Ara\u015ftirmalar Merkezi","robots":{"index":"index","follow":"follow","max-snippet":"max-snippet:-1","max-image-preview":"max-image-preview:large","max-video-preview":"max-video-preview:-1"},"canonical":"https:\/\/akunq.net\/tr\/?p=27642","og_locale":"en_US","og_type":"article","og_title":"Noel Baba, Beyaz\u0131t Meydan\u0131\u2019nda yumruklanacak! - Bati Ermenistan Ve Bati Ermenileri Sorunlari Ara\u015ftirmalar Merkezi","og_description":"EMRE ERTAN\u0130 Noel\u2019in gelmesiyle birlikte T\u00fcrkiye\u2019de baz\u0131 kesimler taraf\u0131ndan H\u0131ristiyan fobisi y\u00fckseltilmeye \u00e7al\u0131\u015f\u0131l\u0131yor. Saadet Partisi\u2019nin gen\u00e7lik kollar\u0131 olarak bilinen Anadolu Gen\u00e7lik Derne\u011fi adl\u0131 grup, Noel Baba yumruklayan takkeli bir adam\u0131n resmedildi\u011fi afi\u015finde \u201cY\u0131lba\u015f\u0131 ve Noel kutlamalar\u0131na HAYIR!\u201d diyerek Beyaz\u0131t\u2019ta eylem yapacaklar\u0131n\u0131 duyurdu. Grubun \u2018Y\u0131lba\u015f\u0131 Toplumsal bir isyand\u0131r!\u2019 ba\u015fl\u0131\u011f\u0131yla yay\u0131mlad\u0131\u011f\u0131 metinde, \u201cAnadolu Gen\u00e7lik Derne\u011fi \u0130stanbul \u00dcniversitesi [&hellip;]","og_url":"https:\/\/akunq.net\/tr\/?p=27642","og_site_name":"Bati Ermenistan Ve Bati Ermenileri Sorunlari Ara\u015ftirmalar Merkezi","article_published_time":"2013-12-25T08:19:07+00:00","og_image":[{"url":"http:\/\/akunq.net\/tr\/wp-content\/uploads\/2013\/12\/Noel-Baba-300x111.jpg","type":"","width":"","height":""}],"author":"admin","twitter_card":"summary_large_image","twitter_misc":{"Written by":"admin","Est. reading time":"2 minutes"},"schema":{"@context":"https:\/\/schema.org","@graph":[{"@type":"Article","@id":"https:\/\/akunq.net\/tr\/?p=27642#article","isPartOf":{"@id":"https:\/\/akunq.net\/tr\/?p=27642"},"author":{"name":"admin","@id":"https:\/\/akunq.net\/tr\/#\/schema\/person\/096f1d38a12cce57fb855b485ed24c9e"},"headline":"Noel Baba, Beyaz\u0131t Meydan\u0131\u2019nda yumruklanacak!","datePublished":"2013-12-25T08:19:07+00:00","mainEntityOfPage":{"@id":"https:\/\/akunq.net\/tr\/?p=27642"},"wordCount":495,"commentCount":0,"image":{"@id":"https:\/\/akunq.net\/tr\/?p=27642#primaryimage"},"thumbnailUrl":"http:\/\/akunq.net\/tr\/wp-content\/uploads\/2013\/12\/Noel-Baba-300x111.jpg","articleSection":["Haberler"],"inLanguage":"en-US","potentialAction":[{"@type":"CommentAction","name":"Comment","target":["https:\/\/akunq.net\/tr\/?p=27642#respond"]}]},{"@type":"WebPage","@id":"https:\/\/akunq.net\/tr\/?p=27642","url":"https:\/\/akunq.net\/tr\/?p=27642","name":"Noel Baba, Beyaz\u0131t Meydan\u0131\u2019nda yumruklanacak! - Bati Ermenistan Ve Bati Ermenileri Sorunlari Ara\u015ftirmalar Merkezi","isPartOf":{"@id":"https:\/\/akunq.net\/tr\/#website"},"primaryImageOfPage":{"@id":"https:\/\/akunq.net\/tr\/?p=27642#primaryimage"},"image":{"@id":"https:\/\/akunq.net\/tr\/?p=27642#primaryimage"},"thumbnailUrl":"http:\/\/akunq.net\/tr\/wp-content\/uploads\/2013\/12\/Noel-Baba-300x111.jpg","datePublished":"2013-12-25T08:19:07+00:00","author":{"@id":"https:\/\/akunq.net\/tr\/#\/schema\/person\/096f1d38a12cce57fb855b485ed24c9e"},"breadcrumb":{"@id":"https:\/\/akunq.net\/tr\/?p=27642#breadcrumb"},"inLanguage":"en-US","potentialAction":[{"@type":"ReadAction","target":["https:\/\/akunq.net\/tr\/?p=27642"]}]},{"@type":"ImageObject","inLanguage":"en-US","@id":"https:\/\/akunq.net\/tr\/?p=27642#primaryimage","url":"https:\/\/akunq.net\/tr\/wp-content\/uploads\/sites\/6\/2013\/12\/Noel-Baba.jpg","contentUrl":"https:\/\/akunq.net\/tr\/wp-content\/uploads\/sites\/6\/2013\/12\/Noel-Baba.jpg","width":599,"height":222},{"@type":"BreadcrumbList","@id":"https:\/\/akunq.net\/tr\/?p=27642#breadcrumb","itemListElement":[{"@type":"ListItem","position":1,"name":"Home","item":"https:\/\/akunq.net\/tr"},{"@type":"ListItem","position":2,"name":"Noel Baba, Beyaz\u0131t Meydan\u0131\u2019nda yumruklanacak!"}]},{"@type":"WebSite","@id":"https:\/\/akunq.net\/tr\/#website","url":"https:\/\/akunq.net\/tr\/","name":"Bati Ermenistan Ve Bati Ermenileri Sorunlari Ara\u015ftirmalar Merkezi","description":"","potentialAction":[{"@type":"SearchAction","target":{"@type":"EntryPoint","urlTemplate":"https:\/\/akunq.net\/tr\/?s={search_term_string}"},"query-input":{"@type":"PropertyValueSpecification","valueRequired":true,"valueName":"search_term_string"}}],"inLanguage":"en-US"},{"@type":"Person","@id":"https:\/\/akunq.net\/tr\/#\/schema\/person\/096f1d38a12cce57fb855b485ed24c9e","name":"admin","url":"https:\/\/akunq.net\/tr\/?author=7"}]}},"_links":{"self":[{"href":"https:\/\/akunq.net\/tr\/index.php?rest_route=\/wp\/v2\/posts\/27642","targetHints":{"allow":["GET"]}}],"collection":[{"href":"https:\/\/akunq.net\/tr\/index.php?rest_route=\/wp\/v2\/posts"}],"about":[{"href":"https:\/\/akunq.net\/tr\/index.php?rest_route=\/wp\/v2\/types\/post"}],"author":[{"embeddable":true,"href":"https:\/\/akunq.net\/tr\/index.php?rest_route=\/wp\/v2\/users\/7"}],"replies":[{"embeddable":true,"href":"https:\/\/akunq.net\/tr\/index.php?rest_route=%2Fwp%2Fv2%2Fcomments&post=27642"}],"version-history":[{"count":1,"href":"https:\/\/akunq.net\/tr\/index.php?rest_route=\/wp\/v2\/posts\/27642\/revisions"}],"predecessor-version":[{"id":27644,"href":"https:\/\/akunq.net\/tr\/index.php?rest_route=\/wp\/v2\/posts\/27642\/revisions\/27644"}],"wp:attachment":[{"href":"https:\/\/akunq.net\/tr\/index.php?rest_route=%2Fwp%2Fv2%2Fmedia&parent=27642"}],"wp:term":[{"taxonomy":"category","embeddable":true,"href":"https:\/\/akunq.net\/tr\/index.php?rest_route=%2Fwp%2Fv2%2Fcategories&post=27642"},{"taxonomy":"post_tag","embeddable":true,"href":"https:\/\/akunq.net\/tr\/index.php?rest_route=%2Fwp%2Fv2%2Ftags&post=27642"}],"curies":[{"name":"wp","href":"https:\/\/api.w.org\/{rel}","templated":true}]}}