{"id":27635,"date":"2013-12-25T03:02:12","date_gmt":"2013-12-25T08:02:12","guid":{"rendered":"http:\/\/akunq.net\/tr\/?p=27635"},"modified":"2013-12-25T03:02:32","modified_gmt":"2013-12-25T08:02:32","slug":"gul-bir-yolsuzluk-varsa-uzeri-kapanmaz","status":"publish","type":"post","link":"https:\/\/akunq.net\/tr\/?p=27635","title":{"rendered":"G\u00fcl: Bir yolsuzluk varsa \u00fczeri kapanmaz"},"content":{"rendered":"<p style=\"text-align: justify;\"><b><i><a href=\"http:\/\/akunq.net\/tr\/wp-content\/uploads\/2013\/12\/\u0531\u0562\u0564\u0578\u0582\u056c\u056c\u0561\u0570-\u0533\u0575\u0578\u0582\u056c.jpg\"><img loading=\"lazy\" decoding=\"async\" class=\"alignright size-medium wp-image-27636\" alt=\"\u0531\u0562\u0564\u0578\u0582\u056c\u056c\u0561\u0570 \u0533\u0575\u0578\u0582\u056c\" src=\"http:\/\/akunq.net\/tr\/wp-content\/uploads\/2013\/12\/\u0531\u0562\u0564\u0578\u0582\u056c\u056c\u0561\u0570-\u0533\u0575\u0578\u0582\u056c-300x243.jpg\" width=\"300\" height=\"243\" srcset=\"https:\/\/akunq.net\/tr\/wp-content\/uploads\/sites\/6\/2013\/12\/\u0531\u0562\u0564\u0578\u0582\u056c\u056c\u0561\u0570-\u0533\u0575\u0578\u0582\u056c-300x243.jpg 300w, https:\/\/akunq.net\/tr\/wp-content\/uploads\/sites\/6\/2013\/12\/\u0531\u0562\u0564\u0578\u0582\u056c\u056c\u0561\u0570-\u0533\u0575\u0578\u0582\u056c.jpg 512w\" sizes=\"auto, (max-width: 300px) 100vw, 300px\" \/><\/a>Cumhurba\u015fkan\u0131 Abdullah G\u00fcl, demokratik hukuk devletinde devlet kurumlar\u0131nda \u00e7al\u0131\u015fanlar\u0131n bireysel olarak farkl\u0131 d\u00fc\u015f\u00fcnceleri ve ideolojileri olabilece\u011fini ifade ederek, &#8220;Bunlar\u0131n hepsi devlet i\u015fleri ve kamu i\u015fleri d\u0131\u015f\u0131nda me\u015frudur. Devlet i\u015fleri, kamu i\u015fleri s\u00f6z konusu oldu\u011funda devlet otoritesi ve anayasa, kanunlar ve \u00e7al\u0131\u015ft\u0131klar\u0131 kurumlar\u0131n kurallar\u0131 ba\u011flar. Bunun d\u0131\u015f\u0131nda hi\u00e7bir otorite s\u00f6z konusu olamaz ve hi\u00e7bir dayan\u0131\u015fma s\u00f6z konusu olamaz&#8221; dedi.<\/i><\/b><\/p>\n<p style=\"text-align: justify;\">Cumhurba\u015fkan\u0131 Abdullah G\u00fcl, Cumhurba\u015fkanl\u0131\u011f\u0131 K\u00fclt\u00fcr ve Sanat B\u00fcy\u00fck \u00d6d\u00fclleri t\u00f6reninin ard\u0131ndan \u00c7ankaya K\u00f6\u015fk\u00fc&#8217;nde \u00f6d\u00fcl alanlar i\u00e7in resepsiyon verdi.<\/p>\n<p style=\"text-align: justify;\">\u00d6d\u00fcl alanlarla yak\u0131ndan ilgilenen ve onlarla an\u0131 foto\u011fraf\u0131 \u00e7ektiren G\u00fcl, daha sonra gazetecilerin g\u00fcndeme dair sorular\u0131n\u0131 yan\u0131tlad\u0131. G\u00fcl, \u00f6nce gazetecilerden kendisine sormay\u0131 d\u00fc\u015f\u00fcnd\u00fckleri sorular\u0131 dinledikten sonra genel bir cevap verdi. Sorulara tek tek yan\u0131t vermek yerine ilkesel olarak cevap vermek istedi\u011fini dile getiren G\u00fcl, cevab\u0131n\u0131n sorular\u0131n hepsini kapsayaca\u011f\u0131na inand\u0131\u011f\u0131n\u0131 kaydetti.<\/p>\n<p style=\"text-align: justify;\">G\u00fcl, T\u00fcrkiye&#8217;de son 10 y\u0131lda siyasi, hukuk alanlar\u0131nda k\u00f6kl\u00fc reformlar yap\u0131ld\u0131\u011f\u0131n\u0131 belirterek, &#8220;B\u00fct\u00fcn bunlar\u0131n yap\u0131ld\u0131\u011f\u0131 bir \u00fclkede herhangi bir yolsuzluk veya yanl\u0131\u015f s\u00f6z konusu olursa bunlar\u0131n \u00fcst\u00fc falan kapanmaz, kapanamaz. \u00d6nce bunun bilin. \u00c7\u00fcnk\u00fc T\u00fcrkiye bundan 15-20 sene \u00f6nceki T\u00fcrkiye de\u011fil. 10 sene i\u00e7erisinde \u00fclkede do\u011frusu ola\u011fan\u00fcst\u00fc reformlar yap\u0131ld\u0131. Kanunlar, her \u015fey. O bak\u0131mdan \u00f6nce buna herkesin rahat olmas\u0131 gerekir&#8221; de\u011ferlendirmesinde bulundu.<\/p>\n<p style=\"text-align: justify;\"><b>Yarg\u0131 T\u00fcrkiye&#8217;de hem ba\u011f\u0131ms\u0131z, hem de tarafs\u0131z<\/b><\/p>\n<p style=\"text-align: justify;\">\u0130kinci olarak ise iddia edilen yolsuzluk konular\u0131n\u0131n mahkemeye, yarg\u0131 s\u00fcrecine ta\u015f\u0131nd\u0131\u011f\u0131n\u0131 kaydederek, \u015funlar\u0131 s\u00f6yledi:<\/p>\n<p style=\"text-align: justify;\">&#8220;Yarg\u0131 T\u00fcrkiye&#8217;de hepimiz biliyoruz ki, hem ba\u011f\u0131ms\u0131z hem de tarafs\u0131z bir yarg\u0131. Demokratik hukuk sistemi i\u00e7inde b\u00f6yle. \u015eimdi yarg\u0131ya, mahkemeye ula\u015fan bu \u015feyleri mahkeme gayet titiz bir \u015fekilde \u015f\u00fcphesiz ki, de\u011ferlendirecek ve inceleyecek ve neticede eminim ki hi\u00e7 kimsede soru i\u015fareti b\u0131rakmayacak \u015fekilde, neticede b\u00fct\u00fcn bu bahsi ge\u00e7en tart\u0131\u015fmalar ve iddialarla ilgili nihai karar\u0131n\u0131 mahkeme verecektir. Dolay\u0131s\u0131yla \u015fu anda yarg\u0131 s\u00fcrecinin \u00e7al\u0131\u015fmas\u0131n\u0131 ve neticede meselenin asl\u0131 ne ise ortaya \u00e7\u0131kartmas\u0131n\u0131 herkesin beklemesi gerekir. \u0130nan\u0131yorum ki mahkemeler bunu en do\u011fru \u015fekilde neticeye ula\u015ft\u0131racakt\u0131r.&#8221;<\/p>\n<p style=\"text-align: justify;\">G\u00fcl, T\u00fcrkiye&#8217;de mahkemelerin ba\u011f\u0131ms\u0131z oldu\u011funu, do\u011fru ne ise T\u00fcrk milleti ad\u0131na mahkemelerin bu karar\u0131 verece\u011fini belirtti.<\/p>\n<p style=\"text-align: justify;\">&#8220;Devletin i\u00e7indeki yap\u0131lanmalar&#8221; konusunda gelen soruya da de\u011finen G\u00fcl, \u015funlar\u0131 dile getirdi:<br \/>\n&#8220;Demokratik hukuk devletinde, devlet kurumlar\u0131nda \u00e7al\u0131\u015fan, bu silahl\u0131 kuvvetler olur, emniyet, yarg\u0131 olur bu, veyahut da devletin ba\u015fka kurumlar\u0131 olur. Bu kurumlarda \u00e7al\u0131\u015fanlar hepsinin bireysel olarak farkl\u0131 d\u00fc\u015f\u00fcnceleri ve ideolojileri olabilir. Farkl\u0131 siyasi ak\u0131mlara ba\u011fl\u0131 olabilirler. Ama bunlar\u0131n hepsi devlet i\u015fleri ve kamu i\u015fleri d\u0131\u015f\u0131nda me\u015frudur. Ama devlet i\u015fleri, kamu i\u015fleri s\u00f6z konusu oldu\u011funda devlet otoritesi ve anayasa, kanunlar ve \u00e7al\u0131\u015ft\u0131klar\u0131 kurumlar\u0131n kurallar\u0131 ba\u011flar. Bunun d\u0131\u015f\u0131nda hi\u00e7bir otorite s\u00f6z konusu olamaz ve hi\u00e7bir dayan\u0131\u015fma s\u00f6z konusu olamaz. B\u00fct\u00fcn demokratik hukuk devletlerinde bu b\u00f6yledir. Bu, bug\u00fcn i\u00e7in de d\u00fcn i\u00e7in de bundan sonras\u0131 i\u00e7in de bir temel ilkedir, a\u00e7\u0131k s\u00f6yleyeyim.&#8221;<\/p>\n<p style=\"text-align: justify;\">G\u00fcl, bug\u00fcn baz\u0131 \u015feylerden \u015fikayet edildi\u011finin alt\u0131n\u0131 \u00e7izerek, &#8220;Yarg\u0131 s\u00fcreci diyoruz, baz\u0131 \u015feyler. D\u00fcn de bu tip \u015feyler oluyordu&#8221; dedi. Ba\u015f\u0131ndan beri bu tip yanl\u0131\u015flara her zaman dikkat \u00e7ekti\u011fini belirten G\u00fcl, &#8220;B\u00fct\u00fcn bunlar demokratik, hukuk devleti ilkelerinin en geli\u015fmi\u015f \u00fclkelerdeki gibi, T\u00fcrkiye AB ile m\u00fczakere yapan bir \u00fclke, \u00e7\u0131kartt\u0131\u011f\u0131m\u0131z bir \u00e7ok kanun, reform ve yasalarda, bu paralelde hep \u00e7\u0131kartt\u0131k. Dolay\u0131s\u0131yla bunlar\u0131n uygulanmas\u0131na muhakkak ki her d\u00f6nemde dikkat edilmesi gerekir&#8221; ifadesini kulland\u0131.<\/p>\n<p style=\"text-align: justify;\"><b>Kabine de\u011fi\u015fikli\u011fi<\/b><\/p>\n<p style=\"text-align: justify;\">Ba\u015fbakan Erdo\u011fan ile kabine de\u011fi\u015fikli\u011fini geni\u015f bir \u015fekilde konu\u015ftuklar\u0131na vurgu yapan G\u00fcl, &#8220;Kendisinin \u00e7e\u015fitli d\u00fc\u015f\u00fcnceleri var. Ben de tabii d\u00fc\u015f\u00fcncelerimi kendisi ile payla\u015ft\u0131m. Haz\u0131rl\u0131klar\u0131n\u0131 yap\u0131yor. De\u011ferlendirmelerini yap\u0131yor. Yurt d\u0131\u015f\u0131na gitti biliyorsunuz. Gelince zaten g\u00f6r\u00fc\u015fece\u011fiz ve o zaman zaten duyacaks\u0131n\u0131z&#8221; dedi.<\/p>\n<p style=\"text-align: justify;\">Cumhurba\u015fkan\u0131 G\u00fcl, yap\u0131lmas\u0131 gerekenin sakince, \u015feffaf bir \u00fclkede i\u015fler nas\u0131l oluyorsa bu \u015fekilde olmas\u0131n\u0131 herkesin takip etmesi gerekti\u011finin alt\u0131n\u0131 \u00e7izerek, &#8220;Tabii ki d\u00fc\u015f\u00fcnceler, g\u00f6r\u00fc\u015fler yaz\u0131l\u0131r, \u00e7izilir ama bunlara ne kadar ilkeli bir \u015fekilde bak\u0131l\u0131rsa o kadar bu memleketin yarar\u0131na olur. \u0130lkeli dedi\u011fim \u015fey de \u015fu: Dedi\u011fim gibi demokratik hukuk devletinde standartlar nas\u0131l olursa hep \u00f6yle olacakt\u0131r&#8221; de\u011ferlendirmesinde bulundu.<\/p>\n<p style=\"text-align: justify;\">Gazetecilerin sorular\u0131na genel bir de\u011ferlendirme ile cevaplad\u0131ktan sonra &#8220;s\u00f6yleyeceklerim bunlar&#8221; diyen G\u00fcl, &#8220;Bunun d\u0131\u015f\u0131nda ne s\u00f6ylesem a\u00e7\u0131k\u00e7as\u0131 polemi\u011fe girmi\u015f olurum veyahut da siz bir \u015fey sorsan\u0131z. Arkas\u0131ndan ba\u015fka \u015fey de gelir&#8221; dedi.<\/p>\n<p style=\"text-align: justify;\">G\u00fcl, &#8220;Bu 4 bakandan biri yeni kabinede \u00f6n\u00fcn\u00fcze gelirse onaylar m\u0131s\u0131n\u0131z?&#8221; sorusuna &#8220;Say\u0131n Ba\u015fbakan ile konu\u015ftuktan sonra o a\u00e7\u0131klar. O zaman g\u00f6r\u00fcrs\u00fcn\u00fcz&#8221; cevab\u0131n\u0131 verdi.<\/p>\n<p style=\"text-align: justify;\"><b><i>http:\/\/haber.stargazete.com\/politika\/gul-bir-yolsuzluk-varsa-uzeri-kapanmaz\/haber-820304<\/i><\/b><\/p>\n","protected":false},"excerpt":{"rendered":"<p>Cumhurba\u015fkan\u0131 Abdullah G\u00fcl, demokratik hukuk devletinde devlet kurumlar\u0131nda \u00e7al\u0131\u015fanlar\u0131n bireysel olarak farkl\u0131 d\u00fc\u015f\u00fcnceleri ve ideolojileri olabilece\u011fini ifade ederek, &#8220;Bunlar\u0131n hepsi devlet i\u015fleri ve kamu i\u015fleri d\u0131\u015f\u0131nda me\u015frudur. Devlet i\u015fleri, kamu i\u015fleri s\u00f6z konusu oldu\u011funda devlet otoritesi ve anayasa, kanunlar ve \u00e7al\u0131\u015ft\u0131klar\u0131 kurumlar\u0131n kurallar\u0131 ba\u011flar. Bunun d\u0131\u015f\u0131nda hi\u00e7bir otorite s\u00f6z konusu olamaz ve hi\u00e7bir dayan\u0131\u015fma s\u00f6z [&hellip;]<\/p>\n","protected":false},"author":7,"featured_media":0,"comment_status":"open","ping_status":"open","sticky":false,"template":"","format":"standard","meta":{"footnotes":""},"categories":[1],"tags":[],"class_list":["post-27635","post","type-post","status-publish","format-standard","hentry","category-haberler"],"yoast_head":"<!-- This site is optimized with the Yoast SEO plugin v27.4 - https:\/\/yoast.com\/product\/yoast-seo-wordpress\/ -->\n<title>G\u00fcl: Bir yolsuzluk varsa \u00fczeri kapanmaz - Bati Ermenistan Ve Bati Ermenileri Sorunlari Ara\u015ftirmalar Merkezi<\/title>\n<meta name=\"robots\" content=\"index, follow, max-snippet:-1, max-image-preview:large, max-video-preview:-1\" \/>\n<link rel=\"canonical\" href=\"https:\/\/akunq.net\/tr\/?p=27635\" \/>\n<meta property=\"og:locale\" content=\"en_US\" \/>\n<meta property=\"og:type\" content=\"article\" \/>\n<meta property=\"og:title\" content=\"G\u00fcl: Bir yolsuzluk varsa \u00fczeri kapanmaz - Bati Ermenistan Ve Bati Ermenileri Sorunlari Ara\u015ftirmalar Merkezi\" \/>\n<meta property=\"og:description\" content=\"Cumhurba\u015fkan\u0131 Abdullah G\u00fcl, demokratik hukuk devletinde devlet kurumlar\u0131nda \u00e7al\u0131\u015fanlar\u0131n bireysel olarak farkl\u0131 d\u00fc\u015f\u00fcnceleri ve ideolojileri olabilece\u011fini ifade ederek, &#8220;Bunlar\u0131n hepsi devlet i\u015fleri ve kamu i\u015fleri d\u0131\u015f\u0131nda me\u015frudur. Devlet i\u015fleri, kamu i\u015fleri s\u00f6z konusu oldu\u011funda devlet otoritesi ve anayasa, kanunlar ve \u00e7al\u0131\u015ft\u0131klar\u0131 kurumlar\u0131n kurallar\u0131 ba\u011flar. Bunun d\u0131\u015f\u0131nda hi\u00e7bir otorite s\u00f6z konusu olamaz ve hi\u00e7bir dayan\u0131\u015fma s\u00f6z [&hellip;]\" \/>\n<meta property=\"og:url\" content=\"https:\/\/akunq.net\/tr\/?p=27635\" \/>\n<meta property=\"og:site_name\" content=\"Bati Ermenistan Ve Bati Ermenileri Sorunlari Ara\u015ftirmalar Merkezi\" \/>\n<meta property=\"article:published_time\" content=\"2013-12-25T08:02:12+00:00\" \/>\n<meta property=\"article:modified_time\" content=\"2013-12-25T08:02:32+00:00\" \/>\n<meta name=\"author\" content=\"admin\" \/>\n<meta name=\"twitter:card\" content=\"summary_large_image\" \/>\n<meta name=\"twitter:label1\" content=\"Written by\" \/>\n\t<meta name=\"twitter:data1\" content=\"admin\" \/>\n\t<meta name=\"twitter:label2\" content=\"Est. reading time\" \/>\n\t<meta name=\"twitter:data2\" content=\"5 minutes\" \/>\n<script type=\"application\/ld+json\" class=\"yoast-schema-graph\">{\"@context\":\"https:\\\/\\\/schema.org\",\"@graph\":[{\"@type\":\"Article\",\"@id\":\"https:\\\/\\\/akunq.net\\\/tr\\\/?p=27635#article\",\"isPartOf\":{\"@id\":\"https:\\\/\\\/akunq.net\\\/tr\\\/?p=27635\"},\"author\":{\"name\":\"admin\",\"@id\":\"https:\\\/\\\/akunq.net\\\/tr\\\/#\\\/schema\\\/person\\\/096f1d38a12cce57fb855b485ed24c9e\"},\"headline\":\"G\u00fcl: Bir yolsuzluk varsa \u00fczeri kapanmaz\",\"datePublished\":\"2013-12-25T08:02:12+00:00\",\"dateModified\":\"2013-12-25T08:02:32+00:00\",\"mainEntityOfPage\":{\"@id\":\"https:\\\/\\\/akunq.net\\\/tr\\\/?p=27635\"},\"wordCount\":923,\"commentCount\":0,\"articleSection\":[\"Haberler\"],\"inLanguage\":\"en-US\",\"potentialAction\":[{\"@type\":\"CommentAction\",\"name\":\"Comment\",\"target\":[\"https:\\\/\\\/akunq.net\\\/tr\\\/?p=27635#respond\"]}]},{\"@type\":\"WebPage\",\"@id\":\"https:\\\/\\\/akunq.net\\\/tr\\\/?p=27635\",\"url\":\"https:\\\/\\\/akunq.net\\\/tr\\\/?p=27635\",\"name\":\"G\u00fcl: Bir yolsuzluk varsa \u00fczeri kapanmaz - Bati Ermenistan Ve Bati Ermenileri Sorunlari Ara\u015ftirmalar Merkezi\",\"isPartOf\":{\"@id\":\"https:\\\/\\\/akunq.net\\\/tr\\\/#website\"},\"datePublished\":\"2013-12-25T08:02:12+00:00\",\"dateModified\":\"2013-12-25T08:02:32+00:00\",\"author\":{\"@id\":\"https:\\\/\\\/akunq.net\\\/tr\\\/#\\\/schema\\\/person\\\/096f1d38a12cce57fb855b485ed24c9e\"},\"breadcrumb\":{\"@id\":\"https:\\\/\\\/akunq.net\\\/tr\\\/?p=27635#breadcrumb\"},\"inLanguage\":\"en-US\",\"potentialAction\":[{\"@type\":\"ReadAction\",\"target\":[\"https:\\\/\\\/akunq.net\\\/tr\\\/?p=27635\"]}]},{\"@type\":\"BreadcrumbList\",\"@id\":\"https:\\\/\\\/akunq.net\\\/tr\\\/?p=27635#breadcrumb\",\"itemListElement\":[{\"@type\":\"ListItem\",\"position\":1,\"name\":\"Home\",\"item\":\"https:\\\/\\\/akunq.net\\\/tr\"},{\"@type\":\"ListItem\",\"position\":2,\"name\":\"G\u00fcl: Bir yolsuzluk varsa \u00fczeri kapanmaz\"}]},{\"@type\":\"WebSite\",\"@id\":\"https:\\\/\\\/akunq.net\\\/tr\\\/#website\",\"url\":\"https:\\\/\\\/akunq.net\\\/tr\\\/\",\"name\":\"Bati Ermenistan Ve Bati Ermenileri Sorunlari Ara\u015ftirmalar Merkezi\",\"description\":\"\",\"potentialAction\":[{\"@type\":\"SearchAction\",\"target\":{\"@type\":\"EntryPoint\",\"urlTemplate\":\"https:\\\/\\\/akunq.net\\\/tr\\\/?s={search_term_string}\"},\"query-input\":{\"@type\":\"PropertyValueSpecification\",\"valueRequired\":true,\"valueName\":\"search_term_string\"}}],\"inLanguage\":\"en-US\"},{\"@type\":\"Person\",\"@id\":\"https:\\\/\\\/akunq.net\\\/tr\\\/#\\\/schema\\\/person\\\/096f1d38a12cce57fb855b485ed24c9e\",\"name\":\"admin\",\"url\":\"https:\\\/\\\/akunq.net\\\/tr\\\/?author=7\"}]}<\/script>\n<!-- \/ Yoast SEO plugin. -->","yoast_head_json":{"title":"G\u00fcl: Bir yolsuzluk varsa \u00fczeri kapanmaz - Bati Ermenistan Ve Bati Ermenileri Sorunlari Ara\u015ftirmalar Merkezi","robots":{"index":"index","follow":"follow","max-snippet":"max-snippet:-1","max-image-preview":"max-image-preview:large","max-video-preview":"max-video-preview:-1"},"canonical":"https:\/\/akunq.net\/tr\/?p=27635","og_locale":"en_US","og_type":"article","og_title":"G\u00fcl: Bir yolsuzluk varsa \u00fczeri kapanmaz - Bati Ermenistan Ve Bati Ermenileri Sorunlari Ara\u015ftirmalar Merkezi","og_description":"Cumhurba\u015fkan\u0131 Abdullah G\u00fcl, demokratik hukuk devletinde devlet kurumlar\u0131nda \u00e7al\u0131\u015fanlar\u0131n bireysel olarak farkl\u0131 d\u00fc\u015f\u00fcnceleri ve ideolojileri olabilece\u011fini ifade ederek, &#8220;Bunlar\u0131n hepsi devlet i\u015fleri ve kamu i\u015fleri d\u0131\u015f\u0131nda me\u015frudur. Devlet i\u015fleri, kamu i\u015fleri s\u00f6z konusu oldu\u011funda devlet otoritesi ve anayasa, kanunlar ve \u00e7al\u0131\u015ft\u0131klar\u0131 kurumlar\u0131n kurallar\u0131 ba\u011flar. Bunun d\u0131\u015f\u0131nda hi\u00e7bir otorite s\u00f6z konusu olamaz ve hi\u00e7bir dayan\u0131\u015fma s\u00f6z [&hellip;]","og_url":"https:\/\/akunq.net\/tr\/?p=27635","og_site_name":"Bati Ermenistan Ve Bati Ermenileri Sorunlari Ara\u015ftirmalar Merkezi","article_published_time":"2013-12-25T08:02:12+00:00","article_modified_time":"2013-12-25T08:02:32+00:00","author":"admin","twitter_card":"summary_large_image","twitter_misc":{"Written by":"admin","Est. reading time":"5 minutes"},"schema":{"@context":"https:\/\/schema.org","@graph":[{"@type":"Article","@id":"https:\/\/akunq.net\/tr\/?p=27635#article","isPartOf":{"@id":"https:\/\/akunq.net\/tr\/?p=27635"},"author":{"name":"admin","@id":"https:\/\/akunq.net\/tr\/#\/schema\/person\/096f1d38a12cce57fb855b485ed24c9e"},"headline":"G\u00fcl: Bir yolsuzluk varsa \u00fczeri kapanmaz","datePublished":"2013-12-25T08:02:12+00:00","dateModified":"2013-12-25T08:02:32+00:00","mainEntityOfPage":{"@id":"https:\/\/akunq.net\/tr\/?p=27635"},"wordCount":923,"commentCount":0,"articleSection":["Haberler"],"inLanguage":"en-US","potentialAction":[{"@type":"CommentAction","name":"Comment","target":["https:\/\/akunq.net\/tr\/?p=27635#respond"]}]},{"@type":"WebPage","@id":"https:\/\/akunq.net\/tr\/?p=27635","url":"https:\/\/akunq.net\/tr\/?p=27635","name":"G\u00fcl: Bir yolsuzluk varsa \u00fczeri kapanmaz - Bati Ermenistan Ve Bati Ermenileri Sorunlari Ara\u015ftirmalar Merkezi","isPartOf":{"@id":"https:\/\/akunq.net\/tr\/#website"},"datePublished":"2013-12-25T08:02:12+00:00","dateModified":"2013-12-25T08:02:32+00:00","author":{"@id":"https:\/\/akunq.net\/tr\/#\/schema\/person\/096f1d38a12cce57fb855b485ed24c9e"},"breadcrumb":{"@id":"https:\/\/akunq.net\/tr\/?p=27635#breadcrumb"},"inLanguage":"en-US","potentialAction":[{"@type":"ReadAction","target":["https:\/\/akunq.net\/tr\/?p=27635"]}]},{"@type":"BreadcrumbList","@id":"https:\/\/akunq.net\/tr\/?p=27635#breadcrumb","itemListElement":[{"@type":"ListItem","position":1,"name":"Home","item":"https:\/\/akunq.net\/tr"},{"@type":"ListItem","position":2,"name":"G\u00fcl: Bir yolsuzluk varsa \u00fczeri kapanmaz"}]},{"@type":"WebSite","@id":"https:\/\/akunq.net\/tr\/#website","url":"https:\/\/akunq.net\/tr\/","name":"Bati Ermenistan Ve Bati Ermenileri Sorunlari Ara\u015ftirmalar Merkezi","description":"","potentialAction":[{"@type":"SearchAction","target":{"@type":"EntryPoint","urlTemplate":"https:\/\/akunq.net\/tr\/?s={search_term_string}"},"query-input":{"@type":"PropertyValueSpecification","valueRequired":true,"valueName":"search_term_string"}}],"inLanguage":"en-US"},{"@type":"Person","@id":"https:\/\/akunq.net\/tr\/#\/schema\/person\/096f1d38a12cce57fb855b485ed24c9e","name":"admin","url":"https:\/\/akunq.net\/tr\/?author=7"}]}},"_links":{"self":[{"href":"https:\/\/akunq.net\/tr\/index.php?rest_route=\/wp\/v2\/posts\/27635","targetHints":{"allow":["GET"]}}],"collection":[{"href":"https:\/\/akunq.net\/tr\/index.php?rest_route=\/wp\/v2\/posts"}],"about":[{"href":"https:\/\/akunq.net\/tr\/index.php?rest_route=\/wp\/v2\/types\/post"}],"author":[{"embeddable":true,"href":"https:\/\/akunq.net\/tr\/index.php?rest_route=\/wp\/v2\/users\/7"}],"replies":[{"embeddable":true,"href":"https:\/\/akunq.net\/tr\/index.php?rest_route=%2Fwp%2Fv2%2Fcomments&post=27635"}],"version-history":[{"count":2,"href":"https:\/\/akunq.net\/tr\/index.php?rest_route=\/wp\/v2\/posts\/27635\/revisions"}],"predecessor-version":[{"id":27638,"href":"https:\/\/akunq.net\/tr\/index.php?rest_route=\/wp\/v2\/posts\/27635\/revisions\/27638"}],"wp:attachment":[{"href":"https:\/\/akunq.net\/tr\/index.php?rest_route=%2Fwp%2Fv2%2Fmedia&parent=27635"}],"wp:term":[{"taxonomy":"category","embeddable":true,"href":"https:\/\/akunq.net\/tr\/index.php?rest_route=%2Fwp%2Fv2%2Fcategories&post=27635"},{"taxonomy":"post_tag","embeddable":true,"href":"https:\/\/akunq.net\/tr\/index.php?rest_route=%2Fwp%2Fv2%2Ftags&post=27635"}],"curies":[{"name":"wp","href":"https:\/\/api.w.org\/{rel}","templated":true}]}}