{"id":27632,"date":"2013-12-25T02:49:37","date_gmt":"2013-12-25T07:49:37","guid":{"rendered":"http:\/\/akunq.net\/tr\/?p=27632"},"modified":"2013-12-25T02:49:37","modified_gmt":"2013-12-25T07:49:37","slug":"avrupa-birliginden-erdogana-yolsuzluk-uyarisi","status":"publish","type":"post","link":"https:\/\/akunq.net\/tr\/?p=27632","title":{"rendered":"Avrupa Birli\u011fi\u2019nden Erdo\u011fan\u2019a \u2018Yolsuzluk\u2019 Uyar\u0131s\u0131"},"content":{"rendered":"<h4 style=\"text-align: justify;\"><em><a href=\"http:\/\/akunq.net\/tr\/wp-content\/uploads\/2013\/12\/AB-Turkiye.jpg\"><img loading=\"lazy\" decoding=\"async\" class=\"alignright size-full wp-image-27633\" alt=\"AB Turkiye\" src=\"http:\/\/akunq.net\/tr\/wp-content\/uploads\/2013\/12\/AB-Turkiye.jpg\" width=\"300\" height=\"171\" \/><\/a>Avrupa Komisyonu\u2019nun Geni\u015flemeden Sorumlu \u00dcyesi Stefan F\u00fcle d\u00fcn a\u00e7\u0131klama yaparak Ba\u015fbakan Erdo\u011fan\u2019\u0131n T\u00fcrkiye\u2019nin AB \u00fcyeli\u011fini riske att\u0131\u011f\u0131n\u0131 belirtti.<\/em><\/h4>\n<p style=\"text-align: justify;\">Avrupa Komisyonu\u2019nun Geni\u015flemeden Sorumlu \u00dcyesi Stefan F\u00fcle a\u00e7\u0131klamas\u0131nda, Erdo\u011fan\u2019\u0131n AB\u2019nin yarg\u0131 ba\u011f\u0131ms\u0131zl\u0131\u011f\u0131n\u0131n garantisi olan kurallar\u0131n\u0131 do\u011frudan ihlal etti\u011fini belirterek bunun T\u00fcrkiye\u2019nin AB \u00fcyeli\u011fi i\u00e7in en \u00f6nemli ko\u015fullardan biri oldu\u011funu hat\u0131rlatt\u0131.<\/p>\n<p style=\"text-align: justify;\"><b>\u201cD\u00dcZG\u00dcN B\u0130R ADL\u0130 POL\u0130S S\u0130STEM\u0130 KURULMASI GEREK\u0130YOR\u201d<\/b><\/p>\n<p style=\"text-align: justify;\">\u0130ngiliz Telegraph gazetesinin aktard\u0131\u011f\u0131na g\u00f6re a\u00e7\u0131klamada \u015fu ifadelere yer verildi:<\/p>\n<p style=\"text-align: justify;\">\u201cPolis m\u00fcd\u00fcrlerinin kovulmas\u0131 ve polise soru\u015fturmalar konusunda \u00fcstlerine bilgi verme zorunlulu\u011fu getirilmesi, soru\u015fturmalar\u0131n ba\u011f\u0131ms\u0131zl\u0131\u011f\u0131, verimlili\u011fi ve tarafs\u0131zl\u0131\u011f\u0131 ile g\u00fc\u00e7ler ayr\u0131l\u0131\u011f\u0131 konular\u0131nda ciddi kayg\u0131lar yarat\u0131yor. Bu durum AB\u2019nin daha \u00f6nce tavsiye etti\u011fi gibi d\u00fczg\u00fcn bir adli polis sistemi kurulmas\u0131 ihtiyac\u0131n\u0131n alt\u0131n\u0131 bir kez daha \u00e7izmektedir<\/p>\n<p style=\"text-align: justify;\"><b><i>http:\/\/gazetebiz.com\/2013\/12\/24\/avrupa-birliginden-erdogana-yolsuzluk-uyarisi\/<\/i><\/b><\/p>\n","protected":false},"excerpt":{"rendered":"<p>Avrupa Komisyonu\u2019nun Geni\u015flemeden Sorumlu \u00dcyesi Stefan F\u00fcle d\u00fcn a\u00e7\u0131klama yaparak Ba\u015fbakan Erdo\u011fan\u2019\u0131n T\u00fcrkiye\u2019nin AB \u00fcyeli\u011fini riske att\u0131\u011f\u0131n\u0131 belirtti. Avrupa Komisyonu\u2019nun Geni\u015flemeden Sorumlu \u00dcyesi Stefan F\u00fcle a\u00e7\u0131klamas\u0131nda, Erdo\u011fan\u2019\u0131n AB\u2019nin yarg\u0131 ba\u011f\u0131ms\u0131zl\u0131\u011f\u0131n\u0131n garantisi olan kurallar\u0131n\u0131 do\u011frudan ihlal etti\u011fini belirterek bunun T\u00fcrkiye\u2019nin AB \u00fcyeli\u011fi i\u00e7in en \u00f6nemli ko\u015fullardan biri oldu\u011funu hat\u0131rlatt\u0131. \u201cD\u00dcZG\u00dcN B\u0130R ADL\u0130 POL\u0130S S\u0130STEM\u0130 KURULMASI GEREK\u0130YOR\u201d [&hellip;]<\/p>\n","protected":false},"author":7,"featured_media":0,"comment_status":"open","ping_status":"open","sticky":false,"template":"","format":"standard","meta":{"footnotes":""},"categories":[1],"tags":[],"class_list":["post-27632","post","type-post","status-publish","format-standard","hentry","category-haberler"],"yoast_head":"<!-- This site is optimized with the Yoast SEO plugin v27.4 - https:\/\/yoast.com\/product\/yoast-seo-wordpress\/ -->\n<title>Avrupa Birli\u011fi\u2019nden Erdo\u011fan\u2019a \u2018Yolsuzluk\u2019 Uyar\u0131s\u0131 - Bati Ermenistan Ve Bati Ermenileri Sorunlari Ara\u015ftirmalar Merkezi<\/title>\n<meta name=\"robots\" content=\"index, follow, max-snippet:-1, max-image-preview:large, max-video-preview:-1\" \/>\n<link rel=\"canonical\" href=\"https:\/\/akunq.net\/tr\/?p=27632\" \/>\n<meta property=\"og:locale\" content=\"en_US\" \/>\n<meta property=\"og:type\" content=\"article\" \/>\n<meta property=\"og:title\" content=\"Avrupa Birli\u011fi\u2019nden Erdo\u011fan\u2019a \u2018Yolsuzluk\u2019 Uyar\u0131s\u0131 - Bati Ermenistan Ve Bati Ermenileri Sorunlari Ara\u015ftirmalar Merkezi\" \/>\n<meta property=\"og:description\" content=\"Avrupa Komisyonu\u2019nun Geni\u015flemeden Sorumlu \u00dcyesi Stefan F\u00fcle d\u00fcn a\u00e7\u0131klama yaparak Ba\u015fbakan Erdo\u011fan\u2019\u0131n T\u00fcrkiye\u2019nin AB \u00fcyeli\u011fini riske att\u0131\u011f\u0131n\u0131 belirtti. Avrupa Komisyonu\u2019nun Geni\u015flemeden Sorumlu \u00dcyesi Stefan F\u00fcle a\u00e7\u0131klamas\u0131nda, Erdo\u011fan\u2019\u0131n AB\u2019nin yarg\u0131 ba\u011f\u0131ms\u0131zl\u0131\u011f\u0131n\u0131n garantisi olan kurallar\u0131n\u0131 do\u011frudan ihlal etti\u011fini belirterek bunun T\u00fcrkiye\u2019nin AB \u00fcyeli\u011fi i\u00e7in en \u00f6nemli ko\u015fullardan biri oldu\u011funu hat\u0131rlatt\u0131. \u201cD\u00dcZG\u00dcN B\u0130R ADL\u0130 POL\u0130S S\u0130STEM\u0130 KURULMASI GEREK\u0130YOR\u201d [&hellip;]\" \/>\n<meta property=\"og:url\" content=\"https:\/\/akunq.net\/tr\/?p=27632\" \/>\n<meta property=\"og:site_name\" content=\"Bati Ermenistan Ve Bati Ermenileri Sorunlari Ara\u015ftirmalar Merkezi\" \/>\n<meta property=\"article:published_time\" content=\"2013-12-25T07:49:37+00:00\" \/>\n<meta property=\"og:image\" content=\"http:\/\/akunq.net\/tr\/wp-content\/uploads\/2013\/12\/AB-Turkiye.jpg\" \/>\n<meta name=\"author\" content=\"admin\" \/>\n<meta name=\"twitter:card\" content=\"summary_large_image\" \/>\n<meta name=\"twitter:label1\" content=\"Written by\" \/>\n\t<meta name=\"twitter:data1\" content=\"admin\" \/>\n\t<meta name=\"twitter:label2\" content=\"Est. reading time\" \/>\n\t<meta name=\"twitter:data2\" content=\"1 minute\" \/>\n<script type=\"application\/ld+json\" class=\"yoast-schema-graph\">{\"@context\":\"https:\\\/\\\/schema.org\",\"@graph\":[{\"@type\":\"Article\",\"@id\":\"https:\\\/\\\/akunq.net\\\/tr\\\/?p=27632#article\",\"isPartOf\":{\"@id\":\"https:\\\/\\\/akunq.net\\\/tr\\\/?p=27632\"},\"author\":{\"name\":\"admin\",\"@id\":\"https:\\\/\\\/akunq.net\\\/tr\\\/#\\\/schema\\\/person\\\/096f1d38a12cce57fb855b485ed24c9e\"},\"headline\":\"Avrupa Birli\u011fi\u2019nden Erdo\u011fan\u2019a \u2018Yolsuzluk\u2019 Uyar\u0131s\u0131\",\"datePublished\":\"2013-12-25T07:49:37+00:00\",\"mainEntityOfPage\":{\"@id\":\"https:\\\/\\\/akunq.net\\\/tr\\\/?p=27632\"},\"wordCount\":188,\"commentCount\":0,\"image\":{\"@id\":\"https:\\\/\\\/akunq.net\\\/tr\\\/?p=27632#primaryimage\"},\"thumbnailUrl\":\"http:\\\/\\\/akunq.net\\\/tr\\\/wp-content\\\/uploads\\\/2013\\\/12\\\/AB-Turkiye.jpg\",\"articleSection\":[\"Haberler\"],\"inLanguage\":\"en-US\",\"potentialAction\":[{\"@type\":\"CommentAction\",\"name\":\"Comment\",\"target\":[\"https:\\\/\\\/akunq.net\\\/tr\\\/?p=27632#respond\"]}]},{\"@type\":\"WebPage\",\"@id\":\"https:\\\/\\\/akunq.net\\\/tr\\\/?p=27632\",\"url\":\"https:\\\/\\\/akunq.net\\\/tr\\\/?p=27632\",\"name\":\"Avrupa Birli\u011fi\u2019nden Erdo\u011fan\u2019a \u2018Yolsuzluk\u2019 Uyar\u0131s\u0131 - Bati Ermenistan Ve Bati Ermenileri Sorunlari Ara\u015ftirmalar Merkezi\",\"isPartOf\":{\"@id\":\"https:\\\/\\\/akunq.net\\\/tr\\\/#website\"},\"primaryImageOfPage\":{\"@id\":\"https:\\\/\\\/akunq.net\\\/tr\\\/?p=27632#primaryimage\"},\"image\":{\"@id\":\"https:\\\/\\\/akunq.net\\\/tr\\\/?p=27632#primaryimage\"},\"thumbnailUrl\":\"http:\\\/\\\/akunq.net\\\/tr\\\/wp-content\\\/uploads\\\/2013\\\/12\\\/AB-Turkiye.jpg\",\"datePublished\":\"2013-12-25T07:49:37+00:00\",\"author\":{\"@id\":\"https:\\\/\\\/akunq.net\\\/tr\\\/#\\\/schema\\\/person\\\/096f1d38a12cce57fb855b485ed24c9e\"},\"breadcrumb\":{\"@id\":\"https:\\\/\\\/akunq.net\\\/tr\\\/?p=27632#breadcrumb\"},\"inLanguage\":\"en-US\",\"potentialAction\":[{\"@type\":\"ReadAction\",\"target\":[\"https:\\\/\\\/akunq.net\\\/tr\\\/?p=27632\"]}]},{\"@type\":\"ImageObject\",\"inLanguage\":\"en-US\",\"@id\":\"https:\\\/\\\/akunq.net\\\/tr\\\/?p=27632#primaryimage\",\"url\":\"http:\\\/\\\/akunq.net\\\/tr\\\/wp-content\\\/uploads\\\/2013\\\/12\\\/AB-Turkiye.jpg\",\"contentUrl\":\"http:\\\/\\\/akunq.net\\\/tr\\\/wp-content\\\/uploads\\\/2013\\\/12\\\/AB-Turkiye.jpg\"},{\"@type\":\"BreadcrumbList\",\"@id\":\"https:\\\/\\\/akunq.net\\\/tr\\\/?p=27632#breadcrumb\",\"itemListElement\":[{\"@type\":\"ListItem\",\"position\":1,\"name\":\"Home\",\"item\":\"https:\\\/\\\/akunq.net\\\/tr\"},{\"@type\":\"ListItem\",\"position\":2,\"name\":\"Avrupa Birli\u011fi\u2019nden Erdo\u011fan\u2019a \u2018Yolsuzluk\u2019 Uyar\u0131s\u0131\"}]},{\"@type\":\"WebSite\",\"@id\":\"https:\\\/\\\/akunq.net\\\/tr\\\/#website\",\"url\":\"https:\\\/\\\/akunq.net\\\/tr\\\/\",\"name\":\"Bati Ermenistan Ve Bati Ermenileri Sorunlari Ara\u015ftirmalar Merkezi\",\"description\":\"\",\"potentialAction\":[{\"@type\":\"SearchAction\",\"target\":{\"@type\":\"EntryPoint\",\"urlTemplate\":\"https:\\\/\\\/akunq.net\\\/tr\\\/?s={search_term_string}\"},\"query-input\":{\"@type\":\"PropertyValueSpecification\",\"valueRequired\":true,\"valueName\":\"search_term_string\"}}],\"inLanguage\":\"en-US\"},{\"@type\":\"Person\",\"@id\":\"https:\\\/\\\/akunq.net\\\/tr\\\/#\\\/schema\\\/person\\\/096f1d38a12cce57fb855b485ed24c9e\",\"name\":\"admin\",\"url\":\"https:\\\/\\\/akunq.net\\\/tr\\\/?author=7\"}]}<\/script>\n<!-- \/ Yoast SEO plugin. -->","yoast_head_json":{"title":"Avrupa Birli\u011fi\u2019nden Erdo\u011fan\u2019a \u2018Yolsuzluk\u2019 Uyar\u0131s\u0131 - Bati Ermenistan Ve Bati Ermenileri Sorunlari Ara\u015ftirmalar Merkezi","robots":{"index":"index","follow":"follow","max-snippet":"max-snippet:-1","max-image-preview":"max-image-preview:large","max-video-preview":"max-video-preview:-1"},"canonical":"https:\/\/akunq.net\/tr\/?p=27632","og_locale":"en_US","og_type":"article","og_title":"Avrupa Birli\u011fi\u2019nden Erdo\u011fan\u2019a \u2018Yolsuzluk\u2019 Uyar\u0131s\u0131 - Bati Ermenistan Ve Bati Ermenileri Sorunlari Ara\u015ftirmalar Merkezi","og_description":"Avrupa Komisyonu\u2019nun Geni\u015flemeden Sorumlu \u00dcyesi Stefan F\u00fcle d\u00fcn a\u00e7\u0131klama yaparak Ba\u015fbakan Erdo\u011fan\u2019\u0131n T\u00fcrkiye\u2019nin AB \u00fcyeli\u011fini riske att\u0131\u011f\u0131n\u0131 belirtti. Avrupa Komisyonu\u2019nun Geni\u015flemeden Sorumlu \u00dcyesi Stefan F\u00fcle a\u00e7\u0131klamas\u0131nda, Erdo\u011fan\u2019\u0131n AB\u2019nin yarg\u0131 ba\u011f\u0131ms\u0131zl\u0131\u011f\u0131n\u0131n garantisi olan kurallar\u0131n\u0131 do\u011frudan ihlal etti\u011fini belirterek bunun T\u00fcrkiye\u2019nin AB \u00fcyeli\u011fi i\u00e7in en \u00f6nemli ko\u015fullardan biri oldu\u011funu hat\u0131rlatt\u0131. \u201cD\u00dcZG\u00dcN B\u0130R ADL\u0130 POL\u0130S S\u0130STEM\u0130 KURULMASI GEREK\u0130YOR\u201d [&hellip;]","og_url":"https:\/\/akunq.net\/tr\/?p=27632","og_site_name":"Bati Ermenistan Ve Bati Ermenileri Sorunlari Ara\u015ftirmalar Merkezi","article_published_time":"2013-12-25T07:49:37+00:00","og_image":[{"url":"http:\/\/akunq.net\/tr\/wp-content\/uploads\/2013\/12\/AB-Turkiye.jpg","type":"","width":"","height":""}],"author":"admin","twitter_card":"summary_large_image","twitter_misc":{"Written by":"admin","Est. reading time":"1 minute"},"schema":{"@context":"https:\/\/schema.org","@graph":[{"@type":"Article","@id":"https:\/\/akunq.net\/tr\/?p=27632#article","isPartOf":{"@id":"https:\/\/akunq.net\/tr\/?p=27632"},"author":{"name":"admin","@id":"https:\/\/akunq.net\/tr\/#\/schema\/person\/096f1d38a12cce57fb855b485ed24c9e"},"headline":"Avrupa Birli\u011fi\u2019nden Erdo\u011fan\u2019a \u2018Yolsuzluk\u2019 Uyar\u0131s\u0131","datePublished":"2013-12-25T07:49:37+00:00","mainEntityOfPage":{"@id":"https:\/\/akunq.net\/tr\/?p=27632"},"wordCount":188,"commentCount":0,"image":{"@id":"https:\/\/akunq.net\/tr\/?p=27632#primaryimage"},"thumbnailUrl":"http:\/\/akunq.net\/tr\/wp-content\/uploads\/2013\/12\/AB-Turkiye.jpg","articleSection":["Haberler"],"inLanguage":"en-US","potentialAction":[{"@type":"CommentAction","name":"Comment","target":["https:\/\/akunq.net\/tr\/?p=27632#respond"]}]},{"@type":"WebPage","@id":"https:\/\/akunq.net\/tr\/?p=27632","url":"https:\/\/akunq.net\/tr\/?p=27632","name":"Avrupa Birli\u011fi\u2019nden Erdo\u011fan\u2019a \u2018Yolsuzluk\u2019 Uyar\u0131s\u0131 - Bati Ermenistan Ve Bati Ermenileri Sorunlari Ara\u015ftirmalar Merkezi","isPartOf":{"@id":"https:\/\/akunq.net\/tr\/#website"},"primaryImageOfPage":{"@id":"https:\/\/akunq.net\/tr\/?p=27632#primaryimage"},"image":{"@id":"https:\/\/akunq.net\/tr\/?p=27632#primaryimage"},"thumbnailUrl":"http:\/\/akunq.net\/tr\/wp-content\/uploads\/2013\/12\/AB-Turkiye.jpg","datePublished":"2013-12-25T07:49:37+00:00","author":{"@id":"https:\/\/akunq.net\/tr\/#\/schema\/person\/096f1d38a12cce57fb855b485ed24c9e"},"breadcrumb":{"@id":"https:\/\/akunq.net\/tr\/?p=27632#breadcrumb"},"inLanguage":"en-US","potentialAction":[{"@type":"ReadAction","target":["https:\/\/akunq.net\/tr\/?p=27632"]}]},{"@type":"ImageObject","inLanguage":"en-US","@id":"https:\/\/akunq.net\/tr\/?p=27632#primaryimage","url":"http:\/\/akunq.net\/tr\/wp-content\/uploads\/2013\/12\/AB-Turkiye.jpg","contentUrl":"http:\/\/akunq.net\/tr\/wp-content\/uploads\/2013\/12\/AB-Turkiye.jpg"},{"@type":"BreadcrumbList","@id":"https:\/\/akunq.net\/tr\/?p=27632#breadcrumb","itemListElement":[{"@type":"ListItem","position":1,"name":"Home","item":"https:\/\/akunq.net\/tr"},{"@type":"ListItem","position":2,"name":"Avrupa Birli\u011fi\u2019nden Erdo\u011fan\u2019a \u2018Yolsuzluk\u2019 Uyar\u0131s\u0131"}]},{"@type":"WebSite","@id":"https:\/\/akunq.net\/tr\/#website","url":"https:\/\/akunq.net\/tr\/","name":"Bati Ermenistan Ve Bati Ermenileri Sorunlari Ara\u015ftirmalar Merkezi","description":"","potentialAction":[{"@type":"SearchAction","target":{"@type":"EntryPoint","urlTemplate":"https:\/\/akunq.net\/tr\/?s={search_term_string}"},"query-input":{"@type":"PropertyValueSpecification","valueRequired":true,"valueName":"search_term_string"}}],"inLanguage":"en-US"},{"@type":"Person","@id":"https:\/\/akunq.net\/tr\/#\/schema\/person\/096f1d38a12cce57fb855b485ed24c9e","name":"admin","url":"https:\/\/akunq.net\/tr\/?author=7"}]}},"_links":{"self":[{"href":"https:\/\/akunq.net\/tr\/index.php?rest_route=\/wp\/v2\/posts\/27632","targetHints":{"allow":["GET"]}}],"collection":[{"href":"https:\/\/akunq.net\/tr\/index.php?rest_route=\/wp\/v2\/posts"}],"about":[{"href":"https:\/\/akunq.net\/tr\/index.php?rest_route=\/wp\/v2\/types\/post"}],"author":[{"embeddable":true,"href":"https:\/\/akunq.net\/tr\/index.php?rest_route=\/wp\/v2\/users\/7"}],"replies":[{"embeddable":true,"href":"https:\/\/akunq.net\/tr\/index.php?rest_route=%2Fwp%2Fv2%2Fcomments&post=27632"}],"version-history":[{"count":1,"href":"https:\/\/akunq.net\/tr\/index.php?rest_route=\/wp\/v2\/posts\/27632\/revisions"}],"predecessor-version":[{"id":27634,"href":"https:\/\/akunq.net\/tr\/index.php?rest_route=\/wp\/v2\/posts\/27632\/revisions\/27634"}],"wp:attachment":[{"href":"https:\/\/akunq.net\/tr\/index.php?rest_route=%2Fwp%2Fv2%2Fmedia&parent=27632"}],"wp:term":[{"taxonomy":"category","embeddable":true,"href":"https:\/\/akunq.net\/tr\/index.php?rest_route=%2Fwp%2Fv2%2Fcategories&post=27632"},{"taxonomy":"post_tag","embeddable":true,"href":"https:\/\/akunq.net\/tr\/index.php?rest_route=%2Fwp%2Fv2%2Ftags&post=27632"}],"curies":[{"name":"wp","href":"https:\/\/api.w.org\/{rel}","templated":true}]}}