{"id":27629,"date":"2013-12-25T02:29:12","date_gmt":"2013-12-25T07:29:12","guid":{"rendered":"http:\/\/akunq.net\/tr\/?p=27629"},"modified":"2013-12-25T02:29:12","modified_gmt":"2013-12-25T07:29:12","slug":"istihbarat-daire-baskanini-isaret-etti","status":"publish","type":"post","link":"https:\/\/akunq.net\/tr\/?p=27629","title":{"rendered":"\u0130stihbarat Daire Ba\u015fkan\u0131\u2019n\u0131 i\u015faret etti"},"content":{"rendered":"<p style=\"text-align: justify;\"><b><i><a href=\"http:\/\/akunq.net\/tr\/wp-content\/uploads\/2013\/12\/\u0537\u0580\u0570\u0561\u0576-\u0539\u0578\u0582\u0576\u057b\u0565\u056c.jpg\"><img loading=\"lazy\" decoding=\"async\" class=\"alignright size-medium wp-image-27630\" alt=\"\u0537\u0580\u0570\u0561\u0576 \u0539\u0578\u0582\u0576\u057b\u0565\u056c\" src=\"http:\/\/akunq.net\/tr\/wp-content\/uploads\/2013\/12\/\u0537\u0580\u0570\u0561\u0576-\u0539\u0578\u0582\u0576\u057b\u0565\u056c-300x206.jpg\" width=\"300\" height=\"206\" srcset=\"https:\/\/akunq.net\/tr\/wp-content\/uploads\/sites\/6\/2013\/12\/\u0537\u0580\u0570\u0561\u0576-\u0539\u0578\u0582\u0576\u057b\u0565\u056c-300x206.jpg 300w, https:\/\/akunq.net\/tr\/wp-content\/uploads\/sites\/6\/2013\/12\/\u0537\u0580\u0570\u0561\u0576-\u0539\u0578\u0582\u0576\u057b\u0565\u056c.jpg 307w\" sizes=\"auto, (max-width: 300px) 100vw, 300px\" \/><\/a>Emniyet \u0130stihbarat Daire Ba\u015fkan\u0131\u2019na mektup g\u00f6nderen Tuncel, \u201c\u0130lk duru\u015fmada tahliye edilmezsem, cinayeti Ergenekon \u00fcst\u00fc bir yap\u0131n\u0131n i\u015fledi\u011fini s\u00f6ylerim\u201d dedi.<\/i><\/b><\/p>\n<p style=\"text-align: justify;\">Agos\u2019un eski Genel Yay\u0131n Y\u00f6netmeni Hrant Dink\u2019in \u00f6ld\u00fcr\u00fclmesiyle ilgili davan\u0131n \u201cB\u00fcy\u00fck abi\u201d lakapl\u0131 san\u0131\u011f\u0131 Erhan Tuncel, Emniyet Genel M\u00fcd\u00fcrl\u00fc\u011f\u00fc \u0130stihbarat Daire Ba\u015fkan\u0131 Engin Din\u00e7\u2019e \u201ctehdit i\u00e7erikli\u201d bir mektup g\u00f6nderdi. Eski ifadelerinde Hrant Dink cinayetinden dolay\u0131 jandarmay\u0131 su\u00e7layan Erhan Tuncel, son duru\u015fmalarda ise d\u00f6nemin Trabzon \u0130l Emniyet M\u00fcd\u00fcr\u00fc Ramazan Aky\u00fcrek liderli\u011findeki \u00e7etenin suikasttan sorumlu oldu\u011funu iddia etmi\u015fti.<\/p>\n<p>Tuncel\u2019in Engin Din\u00e7\u2019e yazd\u0131\u011f\u0131 mektuba Taraf ula\u015ft\u0131. Mektubunda \u201cA\u011fabeyli\u011fin \u00f6l\u00e7\u00fcs\u00fc\u201d olarak hitap etti\u011fi Din\u00e7\u2019ten bir sonraki duru\u015fmada tahliye, Yarg\u0131tay Ceza Genel Kurulu karar\u0131 onay\u0131, maddi manevi tatmin istedi. Tuncel aksi halde, cinayetin Ergenekon \u00fcst\u00fc bir yap\u0131 taraf\u0131ndan i\u015flendi\u011fi y\u00f6n\u00fcndeki ifadelerine devam edece\u011finin alt\u0131n\u0131 \u00e7izdi.<\/p>\n<h3 style=\"text-align: justify;\">GARDA\u015eLI\u011eIMI YAPAYIM<\/h3>\n<p style=\"text-align: justify;\">\u201cSay\u0131n Engin Din\u00e7\u201d diye ba\u015flayan ve \u201cB\u00fcy\u00fck abi Erhan Tuncel\u201d diye sonlanan mektubun ilk c\u00fcmlesi olduk\u00e7a ilgin\u00e7. Mektuba, \u201cSadece bir sefer a\u011fabeyli\u011fini yap, ben her zamanki gibi garda\u015fl\u0131\u011f\u0131m\u0131 yapay\u0131m\u201d diye ba\u015flayan Tuncel, \u201cAksi halde, s\u00fcreci hem savc\u0131l\u0131k, hem A\u0130HM, hem de mahkeme bundan sonra bu suikast\u0131n d\u00e2hil edilece\u011fi t\u00fcm soru\u015fturmalarda; Devletin g\u00fcvenlik b\u00fcrokrasisine uzanm\u0131\u015f, Devlet Denetleme Kurulu (DDK) raporu, A\u0130HM karar\u0131, Ba\u015fbakanl\u0131k raporunu i\u015flevsiz k\u0131lan Yarg\u0131tay, \u00f6zel yetkili mahkeme, savc\u0131l\u0131kta kendi lehlerine karar \u00e7\u0131kartt\u0131ran, Dink\u2019in katledilmesi s\u00fcrecinde Trabzon yap\u0131s\u0131n\u0131 olu\u015fturan, Ergenekon operasyonlar\u0131n\u0131 yapt\u0131ran bir \u00fcst yap\u0131 taraf\u0131ndan i\u015flendi\u011fi \u015feklinde okuyaca\u011f\u0131m\u201d ifadelerini kullan\u0131yor.<\/p>\n<h3 style=\"text-align: justify;\">AJANIN TECR\u00dcBES\u0130ZL\u0130\u011e\u0130NDEN FAYDALANDILAR<\/h3>\n<p style=\"text-align: justify;\">Mektupta, Hrant Dink cinayeti planlan\u0131rken, Trabzon Emniyet \u0130stihbarat \u015eube M\u00fcd\u00fcr\u00fc olan Engin Din\u00e7\u2019e sitemde bulunan Tuncel, kendisini s\u00fcrekli \u201cajan\u201d olarak tan\u0131ml\u0131yor. Dink cinayetinin arkas\u0131ndaki \u00f6rg\u00fct\u00fcn de, \u201cBir ajan\u0131n tecr\u00fcbesizli\u011finden\u201d faydaland\u0131\u011f\u0131n\u0131 vurgulayan Tuncel, cinayeti i\u015fleyen yap\u0131n\u0131n da \u201cAjan \u00fczerinden gizlendi\u011fini\u201d savunuyor.<\/p>\n<h3 style=\"text-align: justify;\">OLU\u015eUM G\u0130ZLEND\u0130<\/h3>\n<p style=\"text-align: justify;\">Tuncel mektupta \u015fu ifadeleri kullan\u0131yor: \u201cTrabzon aya\u011f\u0131ndan kast\u0131m; Emniyet \u0130stihbarat\u2019la diyalog halinde olan ajan\u0131n samimiyeti ve tecr\u00fcbesizli\u011fini kullanarak istihbarat taktikleriyle uyu\u015fmayan talimat verip y\u00f6nlendirilerek, bir ajan\u0131n kamuyu nezdinde bir suikastta varm\u0131\u015f gibi g\u00f6steriliyor. Elemanla\u015ft\u0131r\u0131lma s\u00fcreci (Eleman ihtiyac\u0131 olmad\u0131\u011f\u0131 halde) g\u00f6nderilen F4 raporunun d\u00fc\u015f\u00fck kod ve \u00f6l\u00fcm ihbar\u0131 \u015feklinde g\u00f6nderilmeyip, ajan kaynakl\u0131 g\u00f6sterilerek Dink\u2019e koruma verilmemesinin saklanmas\u0131, hem de ajan\u0131 de\u015fifre edip su\u00e7u \u00fczerine y\u0131k\u0131larak ger\u00e7ek olu\u015funun ajan\u0131n arkas\u0131na gizlenmesi&#8230; Yap\u0131lan bulu\u015fmalar\u0131n ajan\u0131n moralinin diri tutularak, \u2018Cinayete engel olaca\u011f\u0131z\u2019 izlenimi vererek, ajan tuza\u011fa d\u00fc\u015f\u00fcr\u00fclerek, grup \u00fcyelerinin ajan\u0131 tan\u0131y\u0131p cinayet i\u015flendikten sonra hakk\u0131mda ifade vermeleri sa\u011flanarak, olu\u015fumun ajan \u00fczerinden gizlenmesi sa\u011flanmas\u0131, (&#8230;) F5 takip raporlar\u0131n\u0131n yoklu\u011fu, telefon kay\u0131tlar\u0131 ve kamera g\u00f6r\u00fcnt\u00fclerinin emniyet istihbarata \u00e7ekilerek olu\u015fumun gizlenmesi amac\u0131yla yok edilmesi&#8230; Bunlar\u0131n hepsinin \u00f6rg\u00fctl\u00fc bir yap\u0131 i\u00e7erisinde oldu\u011fu ve \u00fcstlerine ula\u015f\u0131lmamas\u0131 i\u00e7in yap\u0131ld\u0131\u011f\u0131 vs. vs. Daha bir dolu enflasyon. Malumunuz bunlar\u0131n hepsi iddiay\u0131 a\u015fm\u0131\u015f delil durumundad\u0131r. Neyse&#8230; A\u011fabeyli\u011fin \u00f6l\u00e7\u00fcs\u00fc, bu duru\u015fma tahliye, Yarg\u0131tay Ceza Genel Kurulu karar\u0131 onay\u0131, maddi manevi tatmin edilme&#8230;. Arada hi\u00e7bir arac\u0131 istemiyorum. Muhatap sadece benim. S\u00f6z yok icraat var. Resmi belgeli. Duru\u015fmaya kadar haber bekliyorum. Sa\u011fl\u0131cakla kal\u0131n ancak cinayetin ayd\u0131nlat\u0131lmas\u0131 i\u00e7in elimden geleni yapaca\u011f\u0131m. Bu \u00fclkenin menfaatine, \u2018\u0130hanet etti\u011fin hi\u00e7 kimseye g\u00fcvenme\u2019 Dubl\u00f6r\u00fcn\u00fcz- Erhan Tuncel (B\u00fcy\u00fck abi).\u201d<\/p>\n<p>Mektup, Tuncel\u2019in ba\u011fl\u0131 bulundu\u011fu cezaevi taraf\u0131ndan Emniyet M\u00fcd\u00fcrl\u00fc\u011f\u00fc\u2019ne g\u00f6nderildi. Emniyet Genel M\u00fcd\u00fcrl\u00fc\u011f\u00fc de mektubu, ana davan\u0131n g\u00f6r\u00fcld\u00fc\u011f\u00fc \u0130stanbul 14. A\u011f\u0131r Ceza Mahkemesi\u2019ne g\u00f6nderdi. Mektup dava dosyas\u0131na girdi.<\/p>\n<h3 style=\"text-align: justify;\">TUNCEL\u2019\u0130 HABER ELEMANI YAPTI \u0130DD\u0130ASI<\/h3>\n<p style=\"text-align: justify;\">Hrant Dink cinayeti d\u00f6neminde, Trabzon Emniyet \u0130stihbarat \u015eube M\u00fcd\u00fcr\u00fc olan Engin Din\u00e7, ismi \u00e7ok tart\u0131\u015f\u0131lmas\u0131na ra\u011fmen daha sonra \u0130stihbarat Dairesi Ba\u015fkanl\u0131\u011f\u0131\u2019na terfi ettirilmi\u015fti. Din\u00e7\u2019in, McDonalds\u2019a y\u00f6nelik bombal\u0131 sald\u0131r\u0131ya kar\u0131\u015fan Erhan Tuncel\u2019i ajanla\u015ft\u0131rd\u0131\u011f\u0131 ve Yasin Hayal\u2019e ait kanl\u0131 pantolonu s\u00fcmen alt\u0131 etti\u011fi iddia ediliyordu.<\/p>\n<p>Din\u00e7 daha sonra bu su\u00e7lardan beraat etti. Dink cinayetiyle ilgili \u00fcstlerine bilgi verdi\u011fini savunan Din\u00e7\u2019in ismi ayr\u0131ca, kamu g\u00f6revlileriyle ilgili soru\u015fturmada ge\u00e7iyor.<\/p>\n<h3 style=\"text-align: justify;\">\u201cA\u00e7\u0131k bir \u015fekilde tehdit ediyor\u201d<\/h3>\n<p style=\"text-align: justify;\">Taraf yazar\u0131 Emre Uslu, Erhan Tuncel\u2019in Emniyet Genel M\u00fcd\u00fcrl\u00fc\u011f\u00fc \u0130stihbarat Daire Ba\u015fkan\u0131 Engin Din\u00e7\u2019e yazd\u0131\u011f\u0131 mektubun cinayete ili\u015fkin tart\u0131\u015f\u0131lan bir konuyu a\u00e7\u0131kl\u0131\u011fa kavu\u015fturdu\u011funu s\u00f6yledi. Tuncel\u2019in bu mektupla Din\u00e7\u2019i a\u00e7\u0131k bir \u015fekilde tehdit etti\u011fini s\u00f6yleyen Uslu \u015fu ifadeleri kulland\u0131: \u201cEngin Din\u00e7, o d\u00f6nem Trabzon istihbarat\u0131n\u0131n en yetkili ismi ve Erhan Tuncel\u2019i kullanan ki\u015fiydi. Erhan Tuncel bu mektupla, Din\u00e7\u2019i \u00e7ok net bir \u015fekilde tehdit ediyor. Tuncel Din\u00e7\u2019i tehdit ederken, bunun bo\u015f bir tehdit olmad\u0131\u011f\u0131n\u0131 g\u00f6stermek i\u00e7in de, bir ki\u015fiye y\u00f6nelik eylem ya da \u00f6l\u00fcm ihbar\u0131n\u0131 konu alan F4 raporunu dayanak g\u00f6steriyor. Bu g\u00fcne kadar bu raporun i\u00e7eri\u011fi tart\u0131\u015f\u0131l\u0131yordu. Tuncel mektupta Din\u00e7\u2019e, Hrant Dink\u2019e y\u00f6nelik olarak i\u015flenilecek cinayetin kategorisini \u2018Sen d\u00fc\u015f\u00fcrd\u00fcn\u2019 diyor. Dolay\u0131s\u0131yla, o me\u015fhur ve tart\u0131\u015f\u0131lan F4 raporunun \u2018gizlendi mi\u2019, \u2018Dink\u2019e y\u00f6nelik cinayeti polis g\u00f6rmezden mi geldi\u2019 gibi tart\u0131\u015fmalara bir a\u00e7\u0131kl\u0131k getiriyor. Tuncel \u00e7ok a\u00e7\u0131k bir \u015fekilde F4 raporundaki cinayet ihbar\u0131n\u0131n de\u011ferinin d\u00fc\u015f\u00fcr\u00fclmesiyle ilgili sorumlulu\u011fun Din\u00e7\u2019e ait oldu\u011funu ima ediyor. Ondan sonra da \u2018Beni kurtarmazsan b\u00fct\u00fcn bunlar\u0131 a\u00e7\u0131klar\u0131m, bunlar belgeli konulard\u0131r\u2019 diye Engin Din\u00e7\u2019ten yard\u0131m istiyor. Nedim \u015eener, Hrant Dink\u2019in \u00f6ld\u00fcr\u00fclece\u011fi ihbar\u0131n\u0131 i\u00e7eren F4 raporunun o d\u00f6nem Ankara\u2019da g\u00f6rev yapan istihbarat\u00e7\u0131lar Ramazan Aky\u00fcrek ile Ali Fuat Y\u0131lmazer\u2019i su\u00e7luyordu. Bu mektupta Tuncel, F4 raporundaki cinayet ihbar\u0131n\u0131n derecesinin d\u00fc\u015f\u00fcr\u00fclmesini Engin Din\u00e7\u2019e ba\u011flayarak, Nedim \u015eener\u2019in bu iddias\u0131n\u0131 da \u00e7\u00fcr\u00fct\u00fcyor.\u201d<\/p>\n<p style=\"text-align: justify;\"><strong>AYSUN YAZICI<\/strong><\/p>\n<p style=\"text-align: justify;\"><b><i>http:\/\/www.taraf.com.tr\/haber\/istihbarat-daire-baskani-ni-isaret-etti.htm<\/i><\/b><\/p>\n","protected":false},"excerpt":{"rendered":"<p>Emniyet \u0130stihbarat Daire Ba\u015fkan\u0131\u2019na mektup g\u00f6nderen Tuncel, \u201c\u0130lk duru\u015fmada tahliye edilmezsem, cinayeti Ergenekon \u00fcst\u00fc bir yap\u0131n\u0131n i\u015fledi\u011fini s\u00f6ylerim\u201d dedi. Agos\u2019un eski Genel Yay\u0131n Y\u00f6netmeni Hrant Dink\u2019in \u00f6ld\u00fcr\u00fclmesiyle ilgili davan\u0131n \u201cB\u00fcy\u00fck abi\u201d lakapl\u0131 san\u0131\u011f\u0131 Erhan Tuncel, Emniyet Genel M\u00fcd\u00fcrl\u00fc\u011f\u00fc \u0130stihbarat Daire Ba\u015fkan\u0131 Engin Din\u00e7\u2019e \u201ctehdit i\u00e7erikli\u201d bir mektup g\u00f6nderdi. Eski ifadelerinde Hrant Dink cinayetinden dolay\u0131 jandarmay\u0131 [&hellip;]<\/p>\n","protected":false},"author":7,"featured_media":0,"comment_status":"open","ping_status":"open","sticky":false,"template":"","format":"standard","meta":{"footnotes":""},"categories":[1],"tags":[],"class_list":["post-27629","post","type-post","status-publish","format-standard","hentry","category-haberler"],"yoast_head":"<!-- This site is optimized with the Yoast SEO plugin v27.4 - https:\/\/yoast.com\/product\/yoast-seo-wordpress\/ -->\n<title>\u0130stihbarat Daire Ba\u015fkan\u0131\u2019n\u0131 i\u015faret etti - Bati Ermenistan Ve Bati Ermenileri Sorunlari Ara\u015ftirmalar Merkezi<\/title>\n<meta name=\"robots\" content=\"index, follow, max-snippet:-1, max-image-preview:large, max-video-preview:-1\" \/>\n<link rel=\"canonical\" href=\"https:\/\/akunq.net\/tr\/?p=27629\" \/>\n<meta property=\"og:locale\" content=\"en_US\" \/>\n<meta property=\"og:type\" content=\"article\" \/>\n<meta property=\"og:title\" content=\"\u0130stihbarat Daire Ba\u015fkan\u0131\u2019n\u0131 i\u015faret etti - Bati Ermenistan Ve Bati Ermenileri Sorunlari Ara\u015ftirmalar Merkezi\" \/>\n<meta property=\"og:description\" content=\"Emniyet \u0130stihbarat Daire Ba\u015fkan\u0131\u2019na mektup g\u00f6nderen Tuncel, \u201c\u0130lk duru\u015fmada tahliye edilmezsem, cinayeti Ergenekon \u00fcst\u00fc bir yap\u0131n\u0131n i\u015fledi\u011fini s\u00f6ylerim\u201d dedi. Agos\u2019un eski Genel Yay\u0131n Y\u00f6netmeni Hrant Dink\u2019in \u00f6ld\u00fcr\u00fclmesiyle ilgili davan\u0131n \u201cB\u00fcy\u00fck abi\u201d lakapl\u0131 san\u0131\u011f\u0131 Erhan Tuncel, Emniyet Genel M\u00fcd\u00fcrl\u00fc\u011f\u00fc \u0130stihbarat Daire Ba\u015fkan\u0131 Engin Din\u00e7\u2019e \u201ctehdit i\u00e7erikli\u201d bir mektup g\u00f6nderdi. Eski ifadelerinde Hrant Dink cinayetinden dolay\u0131 jandarmay\u0131 [&hellip;]\" \/>\n<meta property=\"og:url\" content=\"https:\/\/akunq.net\/tr\/?p=27629\" \/>\n<meta property=\"og:site_name\" content=\"Bati Ermenistan Ve Bati Ermenileri Sorunlari Ara\u015ftirmalar Merkezi\" \/>\n<meta property=\"article:published_time\" content=\"2013-12-25T07:29:12+00:00\" \/>\n<meta name=\"author\" content=\"admin\" \/>\n<meta name=\"twitter:card\" content=\"summary_large_image\" \/>\n<meta name=\"twitter:label1\" content=\"Written by\" \/>\n\t<meta name=\"twitter:data1\" content=\"admin\" \/>\n\t<meta name=\"twitter:label2\" content=\"Est. reading time\" \/>\n\t<meta name=\"twitter:data2\" content=\"6 minutes\" \/>\n<script type=\"application\/ld+json\" class=\"yoast-schema-graph\">{\"@context\":\"https:\\\/\\\/schema.org\",\"@graph\":[{\"@type\":\"Article\",\"@id\":\"https:\\\/\\\/akunq.net\\\/tr\\\/?p=27629#article\",\"isPartOf\":{\"@id\":\"https:\\\/\\\/akunq.net\\\/tr\\\/?p=27629\"},\"author\":{\"name\":\"admin\",\"@id\":\"https:\\\/\\\/akunq.net\\\/tr\\\/#\\\/schema\\\/person\\\/096f1d38a12cce57fb855b485ed24c9e\"},\"headline\":\"\u0130stihbarat Daire Ba\u015fkan\u0131\u2019n\u0131 i\u015faret etti\",\"datePublished\":\"2013-12-25T07:29:12+00:00\",\"mainEntityOfPage\":{\"@id\":\"https:\\\/\\\/akunq.net\\\/tr\\\/?p=27629\"},\"wordCount\":1121,\"commentCount\":0,\"articleSection\":[\"Haberler\"],\"inLanguage\":\"en-US\",\"potentialAction\":[{\"@type\":\"CommentAction\",\"name\":\"Comment\",\"target\":[\"https:\\\/\\\/akunq.net\\\/tr\\\/?p=27629#respond\"]}]},{\"@type\":\"WebPage\",\"@id\":\"https:\\\/\\\/akunq.net\\\/tr\\\/?p=27629\",\"url\":\"https:\\\/\\\/akunq.net\\\/tr\\\/?p=27629\",\"name\":\"\u0130stihbarat Daire Ba\u015fkan\u0131\u2019n\u0131 i\u015faret etti - Bati Ermenistan Ve Bati Ermenileri Sorunlari Ara\u015ftirmalar Merkezi\",\"isPartOf\":{\"@id\":\"https:\\\/\\\/akunq.net\\\/tr\\\/#website\"},\"datePublished\":\"2013-12-25T07:29:12+00:00\",\"author\":{\"@id\":\"https:\\\/\\\/akunq.net\\\/tr\\\/#\\\/schema\\\/person\\\/096f1d38a12cce57fb855b485ed24c9e\"},\"breadcrumb\":{\"@id\":\"https:\\\/\\\/akunq.net\\\/tr\\\/?p=27629#breadcrumb\"},\"inLanguage\":\"en-US\",\"potentialAction\":[{\"@type\":\"ReadAction\",\"target\":[\"https:\\\/\\\/akunq.net\\\/tr\\\/?p=27629\"]}]},{\"@type\":\"BreadcrumbList\",\"@id\":\"https:\\\/\\\/akunq.net\\\/tr\\\/?p=27629#breadcrumb\",\"itemListElement\":[{\"@type\":\"ListItem\",\"position\":1,\"name\":\"Home\",\"item\":\"https:\\\/\\\/akunq.net\\\/tr\"},{\"@type\":\"ListItem\",\"position\":2,\"name\":\"\u0130stihbarat Daire Ba\u015fkan\u0131\u2019n\u0131 i\u015faret etti\"}]},{\"@type\":\"WebSite\",\"@id\":\"https:\\\/\\\/akunq.net\\\/tr\\\/#website\",\"url\":\"https:\\\/\\\/akunq.net\\\/tr\\\/\",\"name\":\"Bati Ermenistan Ve Bati Ermenileri Sorunlari Ara\u015ftirmalar Merkezi\",\"description\":\"\",\"potentialAction\":[{\"@type\":\"SearchAction\",\"target\":{\"@type\":\"EntryPoint\",\"urlTemplate\":\"https:\\\/\\\/akunq.net\\\/tr\\\/?s={search_term_string}\"},\"query-input\":{\"@type\":\"PropertyValueSpecification\",\"valueRequired\":true,\"valueName\":\"search_term_string\"}}],\"inLanguage\":\"en-US\"},{\"@type\":\"Person\",\"@id\":\"https:\\\/\\\/akunq.net\\\/tr\\\/#\\\/schema\\\/person\\\/096f1d38a12cce57fb855b485ed24c9e\",\"name\":\"admin\",\"url\":\"https:\\\/\\\/akunq.net\\\/tr\\\/?author=7\"}]}<\/script>\n<!-- \/ Yoast SEO plugin. -->","yoast_head_json":{"title":"\u0130stihbarat Daire Ba\u015fkan\u0131\u2019n\u0131 i\u015faret etti - Bati Ermenistan Ve Bati Ermenileri Sorunlari Ara\u015ftirmalar Merkezi","robots":{"index":"index","follow":"follow","max-snippet":"max-snippet:-1","max-image-preview":"max-image-preview:large","max-video-preview":"max-video-preview:-1"},"canonical":"https:\/\/akunq.net\/tr\/?p=27629","og_locale":"en_US","og_type":"article","og_title":"\u0130stihbarat Daire Ba\u015fkan\u0131\u2019n\u0131 i\u015faret etti - Bati Ermenistan Ve Bati Ermenileri Sorunlari Ara\u015ftirmalar Merkezi","og_description":"Emniyet \u0130stihbarat Daire Ba\u015fkan\u0131\u2019na mektup g\u00f6nderen Tuncel, \u201c\u0130lk duru\u015fmada tahliye edilmezsem, cinayeti Ergenekon \u00fcst\u00fc bir yap\u0131n\u0131n i\u015fledi\u011fini s\u00f6ylerim\u201d dedi. Agos\u2019un eski Genel Yay\u0131n Y\u00f6netmeni Hrant Dink\u2019in \u00f6ld\u00fcr\u00fclmesiyle ilgili davan\u0131n \u201cB\u00fcy\u00fck abi\u201d lakapl\u0131 san\u0131\u011f\u0131 Erhan Tuncel, Emniyet Genel M\u00fcd\u00fcrl\u00fc\u011f\u00fc \u0130stihbarat Daire Ba\u015fkan\u0131 Engin Din\u00e7\u2019e \u201ctehdit i\u00e7erikli\u201d bir mektup g\u00f6nderdi. Eski ifadelerinde Hrant Dink cinayetinden dolay\u0131 jandarmay\u0131 [&hellip;]","og_url":"https:\/\/akunq.net\/tr\/?p=27629","og_site_name":"Bati Ermenistan Ve Bati Ermenileri Sorunlari Ara\u015ftirmalar Merkezi","article_published_time":"2013-12-25T07:29:12+00:00","author":"admin","twitter_card":"summary_large_image","twitter_misc":{"Written by":"admin","Est. reading time":"6 minutes"},"schema":{"@context":"https:\/\/schema.org","@graph":[{"@type":"Article","@id":"https:\/\/akunq.net\/tr\/?p=27629#article","isPartOf":{"@id":"https:\/\/akunq.net\/tr\/?p=27629"},"author":{"name":"admin","@id":"https:\/\/akunq.net\/tr\/#\/schema\/person\/096f1d38a12cce57fb855b485ed24c9e"},"headline":"\u0130stihbarat Daire Ba\u015fkan\u0131\u2019n\u0131 i\u015faret etti","datePublished":"2013-12-25T07:29:12+00:00","mainEntityOfPage":{"@id":"https:\/\/akunq.net\/tr\/?p=27629"},"wordCount":1121,"commentCount":0,"articleSection":["Haberler"],"inLanguage":"en-US","potentialAction":[{"@type":"CommentAction","name":"Comment","target":["https:\/\/akunq.net\/tr\/?p=27629#respond"]}]},{"@type":"WebPage","@id":"https:\/\/akunq.net\/tr\/?p=27629","url":"https:\/\/akunq.net\/tr\/?p=27629","name":"\u0130stihbarat Daire Ba\u015fkan\u0131\u2019n\u0131 i\u015faret etti - Bati Ermenistan Ve Bati Ermenileri Sorunlari Ara\u015ftirmalar Merkezi","isPartOf":{"@id":"https:\/\/akunq.net\/tr\/#website"},"datePublished":"2013-12-25T07:29:12+00:00","author":{"@id":"https:\/\/akunq.net\/tr\/#\/schema\/person\/096f1d38a12cce57fb855b485ed24c9e"},"breadcrumb":{"@id":"https:\/\/akunq.net\/tr\/?p=27629#breadcrumb"},"inLanguage":"en-US","potentialAction":[{"@type":"ReadAction","target":["https:\/\/akunq.net\/tr\/?p=27629"]}]},{"@type":"BreadcrumbList","@id":"https:\/\/akunq.net\/tr\/?p=27629#breadcrumb","itemListElement":[{"@type":"ListItem","position":1,"name":"Home","item":"https:\/\/akunq.net\/tr"},{"@type":"ListItem","position":2,"name":"\u0130stihbarat Daire Ba\u015fkan\u0131\u2019n\u0131 i\u015faret etti"}]},{"@type":"WebSite","@id":"https:\/\/akunq.net\/tr\/#website","url":"https:\/\/akunq.net\/tr\/","name":"Bati Ermenistan Ve Bati Ermenileri Sorunlari Ara\u015ftirmalar Merkezi","description":"","potentialAction":[{"@type":"SearchAction","target":{"@type":"EntryPoint","urlTemplate":"https:\/\/akunq.net\/tr\/?s={search_term_string}"},"query-input":{"@type":"PropertyValueSpecification","valueRequired":true,"valueName":"search_term_string"}}],"inLanguage":"en-US"},{"@type":"Person","@id":"https:\/\/akunq.net\/tr\/#\/schema\/person\/096f1d38a12cce57fb855b485ed24c9e","name":"admin","url":"https:\/\/akunq.net\/tr\/?author=7"}]}},"_links":{"self":[{"href":"https:\/\/akunq.net\/tr\/index.php?rest_route=\/wp\/v2\/posts\/27629","targetHints":{"allow":["GET"]}}],"collection":[{"href":"https:\/\/akunq.net\/tr\/index.php?rest_route=\/wp\/v2\/posts"}],"about":[{"href":"https:\/\/akunq.net\/tr\/index.php?rest_route=\/wp\/v2\/types\/post"}],"author":[{"embeddable":true,"href":"https:\/\/akunq.net\/tr\/index.php?rest_route=\/wp\/v2\/users\/7"}],"replies":[{"embeddable":true,"href":"https:\/\/akunq.net\/tr\/index.php?rest_route=%2Fwp%2Fv2%2Fcomments&post=27629"}],"version-history":[{"count":1,"href":"https:\/\/akunq.net\/tr\/index.php?rest_route=\/wp\/v2\/posts\/27629\/revisions"}],"predecessor-version":[{"id":27631,"href":"https:\/\/akunq.net\/tr\/index.php?rest_route=\/wp\/v2\/posts\/27629\/revisions\/27631"}],"wp:attachment":[{"href":"https:\/\/akunq.net\/tr\/index.php?rest_route=%2Fwp%2Fv2%2Fmedia&parent=27629"}],"wp:term":[{"taxonomy":"category","embeddable":true,"href":"https:\/\/akunq.net\/tr\/index.php?rest_route=%2Fwp%2Fv2%2Fcategories&post=27629"},{"taxonomy":"post_tag","embeddable":true,"href":"https:\/\/akunq.net\/tr\/index.php?rest_route=%2Fwp%2Fv2%2Ftags&post=27629"}],"curies":[{"name":"wp","href":"https:\/\/api.w.org\/{rel}","templated":true}]}}