{"id":27625,"date":"2013-12-25T02:10:10","date_gmt":"2013-12-25T07:10:10","guid":{"rendered":"http:\/\/akunq.net\/tr\/?p=27625"},"modified":"2013-12-25T02:10:29","modified_gmt":"2013-12-25T07:10:29","slug":"bdpli-demirtas-en-buyuk-para-kasasi-tayyip-erdogandir","status":"publish","type":"post","link":"https:\/\/akunq.net\/tr\/?p=27625","title":{"rendered":"BDP&#8217;li Demirta\u015f: En b\u00fcy\u00fck para kasas\u0131 Tayyip Erdo\u011fan&#8217;d\u0131r"},"content":{"rendered":"<p style=\"text-align: justify;\"><b><i><a href=\"http:\/\/akunq.net\/tr\/wp-content\/uploads\/2013\/12\/Demirta\u015f.jpg\"><img loading=\"lazy\" decoding=\"async\" class=\"alignright size-medium wp-image-27626\" alt=\"Demirta\u015f\" src=\"http:\/\/akunq.net\/tr\/wp-content\/uploads\/2013\/12\/Demirta\u015f-300x202.jpg\" width=\"300\" height=\"202\" srcset=\"https:\/\/akunq.net\/tr\/wp-content\/uploads\/sites\/6\/2013\/12\/Demirta\u015f-300x202.jpg 300w, https:\/\/akunq.net\/tr\/wp-content\/uploads\/sites\/6\/2013\/12\/Demirta\u015f.jpg 478w\" sizes=\"auto, (max-width: 300px) 100vw, 300px\" \/><\/a>BDP Genel Ba\u015fkan\u0131 Selahattin Demirta\u015f, &#8220;Bizden bu kavgada cemaatten, ya da AK Parti&#8217;den yana taraf olmam\u0131z isteniyor. AKP&#8217;lilerin evinde \u00e7elik kasa ayakkab\u0131 kutular\u0131 var da cemaat\u00e7ilerin yok mu, onlar\u0131n da evinde var. En b\u00fcy\u00fck para kasas\u0131 Tayyip Erdo\u011fan&#8217;dad\u0131r&#8221; dedi. <\/i><\/b><\/p>\n<p style=\"text-align: justify;\"><b><i>ADIYAMAN &#8211;<\/i><\/b>\u00a0\u00a0 <a href=\"http:\/\/www.radikal.com.tr\/index\/BDP\">BDP<\/a> Genel Ba\u015fkan\u0131 Selahattin Demirta\u015f, Aslen Ad\u0131yamanl\u0131 olan HDP \u0130stanbul B\u00fcy\u00fck\u015fehir Belediye Ba\u015fkan Aday\u0131 S\u0131rr\u0131 S\u00fcreyya \u00d6nder ile birlikte Ad\u0131yaman&#8217;\u0131n Kahta \u0130l\u00e7esi&#8217;ne geldi. \u0130l\u00e7eye geli\u015fi s\u0131ras\u0131nda partililer taraf\u0131ndan co\u015fkuyla kar\u015f\u0131lanan Selahattin Demirta\u015f, BDP il\u00e7e binas\u0131 \u00f6n\u00fcnde toplanan yakla\u015f\u0131k 3 bin ki\u015fiye seslendi. Kendilerinin mevcut siyasi partiler gibi \u00e7\u0131karlar\u0131 ve yanda\u015flar\u0131n\u0131n getirim hesaplar\u0131n\u0131 g\u00f6zeterek parti olmad\u0131klar\u0131n\u0131 ifade eden Demirta\u015f, \u015f\u00f6yle konu\u015ftu:<\/p>\n<p>&#8220;Bizim nas\u0131l parti oldu\u011fumuzu anlamak isteyenler ailelerimize baks\u0131nlar. Bizim ac\u0131l\u0131 analar\u0131m\u0131za, ac\u0131l\u0131 babalar\u0131m\u0131za baks\u0131nlar. Biz onlar\u0131n emanetini ta\u015f\u0131yoruz. Bizim \u00f6yle analar\u0131m\u0131z var ki; evlad\u0131n\u0131n bir mezar ta\u015f\u0131 dahi yoktur. \u00d6yle babalar vard\u0131r ki 5 evlad\u0131n\u0131 vermi\u015ftir ve sar\u0131labilece\u011fi bir mezar\u0131 bile yoktur. Biz onlar\u0131n emanetini teslim alm\u0131\u015f bir partiyiz.&#8221;<\/p>\n<p><b>BUNA MECBUR MUYUZ)<\/b><\/p>\n<p style=\"text-align: justify;\">BDP&#8217;nin b\u00fcy\u00fck bedeller \u00f6deyerek kuruldu\u011funu anlatan ve \u0130stanbul&#8217;da yap\u0131lan operasyonla birlikte taraf olmalar\u0131n\u0131n beklendi\u011fine dikkat \u00e7eken Demirta\u015f, BDP&#8217;nin <a href=\"http:\/\/www.radikal.com.tr\/index\/Adalet-Ve-Kalkinma-Partisi\">AK Parti<\/a> ve cemaat aras\u0131ndaki kavgada taraf olmayaca\u011f\u0131n\u0131 kaydetti. Demirta\u015f \u015f\u00f6yle konu\u015ftu:<\/p>\n<p style=\"text-align: justify;\">&#8220;Biz \u00f6yle \u00e7elik kasalarda, ayakkab\u0131 kutular\u0131nda kurulan partilerden de\u011filiz. Bizi bilmek ve tan\u0131mak isteyenler; \u00f6dedi\u011fimiz bedellere baks\u0131nlar. Biz partimizi 5 y\u0131ld\u0131zl\u0131 otellerin lobilerinde, kirli pazarl\u0131klarla kurmad\u0131k. Bu partiyi siz sokaklarda, meydanlarda di\u015finizle t\u0131rnaklar\u0131n\u0131zla kurdunuz. Bug\u00fcn olup bitenleri Ankara&#8217;n\u0131n kirli siyasetinde d\u00f6nen dolaplar\u0131 izliyorsunuz. Bizden bu kavgada taraf olmam\u0131z isteniyor. Ya cemaatten ya da AK Parti&#8217;den yana taraf olmam\u0131z isteniyor. Biz buna mecburcuyuz? Tencere dibin kara seninki \u00f6b\u00fcr\u00fcnden kara. El birli\u011fi ile i\u015f birli\u011fi ile ittifak halinde rantlar\u0131 g\u00f6t\u00fcr\u00fcyorlard\u0131. San\u0131yor musunuz ki; <a href=\"http:\/\/www.radikal.com.tr\/index\/Adalet-Ve-Kalkinma-Partisi\">AKP<\/a> &#8216;lilerin evinde \u00e7elik kasa, ayakkab\u0131 kutular\u0131 var da cemaat\u00e7ilerin yok mu, onlar\u0131n da evinde var. En b\u00fcy\u00fck para kasas\u0131 <a href=\"http:\/\/www.radikal.com.tr\/index\/Recep-Tayyip-Erdogan\">Tayyip Erdo\u011fan<\/a> &#8216;dad\u0131r. Onunki \u00f6yle kasalara s\u0131\u011fmaz, ancak TIR dorselerine s\u0131\u011far. Onun biriktirdi\u011fi dolarlar ancak TIR kasalar\u0131na s\u0131\u011far. Bunlar peygamberimizin, bunlar adaletiyle nam salm\u0131\u015f Hazreti \u00d6mer&#8217;in temsilcisi olabilirler mi? Kendi evlerinde bu \u015fekilde kasalarla trilyonlar\u0131 biriktirenler \u0130slamiyet\u00e7in, dinimizin temsilcisi olabilirler mi? Kom\u015fusu a\u00e7ken kendi tok yatan bizden de\u011fildir diyen bir dinin temsilcisi olabilir mi? \u015eimdi kurduklar\u0131 tezgahlarla halk\u0131 iki kampa ay\u0131rmaya \u00e7al\u0131\u015f\u0131yorlar. Biz bunlar\u0131n tamam\u0131, kirli ittifak ve h\u0131rs\u0131zlar\u0131n pe\u015finde olaca\u011f\u0131z.&#8221;<\/p>\n<p style=\"text-align: justify;\">Demirta\u015f a\u00e7\u0131klamas\u0131n\u0131n ard\u0131ndan BDP Kahta Belediye Ba\u015fkan Aday\u0131 Mehmet Polat&#8217;\u0131 partililere tan\u0131tt\u0131 ve destek istedi.<\/p>\n<p style=\"text-align: justify;\"><b><i>(DHA)<\/i><\/b><\/p>\n<p style=\"text-align: justify;\"><b><i>http:\/\/www.radikal.com.tr\/politika\/bdpli_demirtas_en_buyuk_para_kasasi_tayyip_erdogandir-1167689<\/i><\/b><\/p>\n","protected":false},"excerpt":{"rendered":"<p>BDP Genel Ba\u015fkan\u0131 Selahattin Demirta\u015f, &#8220;Bizden bu kavgada cemaatten, ya da AK Parti&#8217;den yana taraf olmam\u0131z isteniyor. AKP&#8217;lilerin evinde \u00e7elik kasa ayakkab\u0131 kutular\u0131 var da cemaat\u00e7ilerin yok mu, onlar\u0131n da evinde var. En b\u00fcy\u00fck para kasas\u0131 Tayyip Erdo\u011fan&#8217;dad\u0131r&#8221; dedi. ADIYAMAN &#8211;\u00a0\u00a0 BDP Genel Ba\u015fkan\u0131 Selahattin Demirta\u015f, Aslen Ad\u0131yamanl\u0131 olan HDP \u0130stanbul B\u00fcy\u00fck\u015fehir Belediye Ba\u015fkan Aday\u0131 [&hellip;]<\/p>\n","protected":false},"author":7,"featured_media":0,"comment_status":"open","ping_status":"open","sticky":false,"template":"","format":"standard","meta":{"footnotes":""},"categories":[1],"tags":[],"class_list":["post-27625","post","type-post","status-publish","format-standard","hentry","category-haberler"],"yoast_head":"<!-- This site is optimized with the Yoast SEO plugin v27.4 - https:\/\/yoast.com\/product\/yoast-seo-wordpress\/ -->\n<title>BDP&#039;li Demirta\u015f: En b\u00fcy\u00fck para kasas\u0131 Tayyip Erdo\u011fan&#039;d\u0131r - Bati Ermenistan Ve Bati Ermenileri Sorunlari Ara\u015ftirmalar Merkezi<\/title>\n<meta name=\"robots\" content=\"index, follow, max-snippet:-1, max-image-preview:large, max-video-preview:-1\" \/>\n<link rel=\"canonical\" href=\"https:\/\/akunq.net\/tr\/?p=27625\" \/>\n<meta property=\"og:locale\" content=\"en_US\" \/>\n<meta property=\"og:type\" content=\"article\" \/>\n<meta property=\"og:title\" content=\"BDP&#039;li Demirta\u015f: En b\u00fcy\u00fck para kasas\u0131 Tayyip Erdo\u011fan&#039;d\u0131r - Bati Ermenistan Ve Bati Ermenileri Sorunlari Ara\u015ftirmalar Merkezi\" \/>\n<meta property=\"og:description\" content=\"BDP Genel Ba\u015fkan\u0131 Selahattin Demirta\u015f, &#8220;Bizden bu kavgada cemaatten, ya da AK Parti&#8217;den yana taraf olmam\u0131z isteniyor. AKP&#8217;lilerin evinde \u00e7elik kasa ayakkab\u0131 kutular\u0131 var da cemaat\u00e7ilerin yok mu, onlar\u0131n da evinde var. En b\u00fcy\u00fck para kasas\u0131 Tayyip Erdo\u011fan&#8217;dad\u0131r&#8221; dedi. ADIYAMAN &#8211;\u00a0\u00a0 BDP Genel Ba\u015fkan\u0131 Selahattin Demirta\u015f, Aslen Ad\u0131yamanl\u0131 olan HDP \u0130stanbul B\u00fcy\u00fck\u015fehir Belediye Ba\u015fkan Aday\u0131 [&hellip;]\" \/>\n<meta property=\"og:url\" content=\"https:\/\/akunq.net\/tr\/?p=27625\" \/>\n<meta property=\"og:site_name\" content=\"Bati Ermenistan Ve Bati Ermenileri Sorunlari Ara\u015ftirmalar Merkezi\" \/>\n<meta property=\"article:published_time\" content=\"2013-12-25T07:10:10+00:00\" \/>\n<meta property=\"article:modified_time\" content=\"2013-12-25T07:10:29+00:00\" \/>\n<meta name=\"author\" content=\"admin\" \/>\n<meta name=\"twitter:card\" content=\"summary_large_image\" \/>\n<meta name=\"twitter:label1\" content=\"Written by\" \/>\n\t<meta name=\"twitter:data1\" content=\"admin\" \/>\n\t<meta name=\"twitter:label2\" content=\"Est. reading time\" \/>\n\t<meta name=\"twitter:data2\" content=\"3 minutes\" \/>\n<script type=\"application\/ld+json\" class=\"yoast-schema-graph\">{\"@context\":\"https:\\\/\\\/schema.org\",\"@graph\":[{\"@type\":\"Article\",\"@id\":\"https:\\\/\\\/akunq.net\\\/tr\\\/?p=27625#article\",\"isPartOf\":{\"@id\":\"https:\\\/\\\/akunq.net\\\/tr\\\/?p=27625\"},\"author\":{\"name\":\"admin\",\"@id\":\"https:\\\/\\\/akunq.net\\\/tr\\\/#\\\/schema\\\/person\\\/096f1d38a12cce57fb855b485ed24c9e\"},\"headline\":\"BDP&#8217;li Demirta\u015f: En b\u00fcy\u00fck para kasas\u0131 Tayyip Erdo\u011fan&#8217;d\u0131r\",\"datePublished\":\"2013-12-25T07:10:10+00:00\",\"dateModified\":\"2013-12-25T07:10:29+00:00\",\"mainEntityOfPage\":{\"@id\":\"https:\\\/\\\/akunq.net\\\/tr\\\/?p=27625\"},\"wordCount\":519,\"commentCount\":0,\"articleSection\":[\"Haberler\"],\"inLanguage\":\"en-US\",\"potentialAction\":[{\"@type\":\"CommentAction\",\"name\":\"Comment\",\"target\":[\"https:\\\/\\\/akunq.net\\\/tr\\\/?p=27625#respond\"]}]},{\"@type\":\"WebPage\",\"@id\":\"https:\\\/\\\/akunq.net\\\/tr\\\/?p=27625\",\"url\":\"https:\\\/\\\/akunq.net\\\/tr\\\/?p=27625\",\"name\":\"BDP'li Demirta\u015f: En b\u00fcy\u00fck para kasas\u0131 Tayyip Erdo\u011fan'd\u0131r - Bati Ermenistan Ve Bati Ermenileri Sorunlari Ara\u015ftirmalar Merkezi\",\"isPartOf\":{\"@id\":\"https:\\\/\\\/akunq.net\\\/tr\\\/#website\"},\"datePublished\":\"2013-12-25T07:10:10+00:00\",\"dateModified\":\"2013-12-25T07:10:29+00:00\",\"author\":{\"@id\":\"https:\\\/\\\/akunq.net\\\/tr\\\/#\\\/schema\\\/person\\\/096f1d38a12cce57fb855b485ed24c9e\"},\"breadcrumb\":{\"@id\":\"https:\\\/\\\/akunq.net\\\/tr\\\/?p=27625#breadcrumb\"},\"inLanguage\":\"en-US\",\"potentialAction\":[{\"@type\":\"ReadAction\",\"target\":[\"https:\\\/\\\/akunq.net\\\/tr\\\/?p=27625\"]}]},{\"@type\":\"BreadcrumbList\",\"@id\":\"https:\\\/\\\/akunq.net\\\/tr\\\/?p=27625#breadcrumb\",\"itemListElement\":[{\"@type\":\"ListItem\",\"position\":1,\"name\":\"Home\",\"item\":\"https:\\\/\\\/akunq.net\\\/tr\"},{\"@type\":\"ListItem\",\"position\":2,\"name\":\"BDP&#8217;li Demirta\u015f: En b\u00fcy\u00fck para kasas\u0131 Tayyip Erdo\u011fan&#8217;d\u0131r\"}]},{\"@type\":\"WebSite\",\"@id\":\"https:\\\/\\\/akunq.net\\\/tr\\\/#website\",\"url\":\"https:\\\/\\\/akunq.net\\\/tr\\\/\",\"name\":\"Bati Ermenistan Ve Bati Ermenileri Sorunlari Ara\u015ftirmalar Merkezi\",\"description\":\"\",\"potentialAction\":[{\"@type\":\"SearchAction\",\"target\":{\"@type\":\"EntryPoint\",\"urlTemplate\":\"https:\\\/\\\/akunq.net\\\/tr\\\/?s={search_term_string}\"},\"query-input\":{\"@type\":\"PropertyValueSpecification\",\"valueRequired\":true,\"valueName\":\"search_term_string\"}}],\"inLanguage\":\"en-US\"},{\"@type\":\"Person\",\"@id\":\"https:\\\/\\\/akunq.net\\\/tr\\\/#\\\/schema\\\/person\\\/096f1d38a12cce57fb855b485ed24c9e\",\"name\":\"admin\",\"url\":\"https:\\\/\\\/akunq.net\\\/tr\\\/?author=7\"}]}<\/script>\n<!-- \/ Yoast SEO plugin. -->","yoast_head_json":{"title":"BDP'li Demirta\u015f: En b\u00fcy\u00fck para kasas\u0131 Tayyip Erdo\u011fan'd\u0131r - Bati Ermenistan Ve Bati Ermenileri Sorunlari Ara\u015ftirmalar Merkezi","robots":{"index":"index","follow":"follow","max-snippet":"max-snippet:-1","max-image-preview":"max-image-preview:large","max-video-preview":"max-video-preview:-1"},"canonical":"https:\/\/akunq.net\/tr\/?p=27625","og_locale":"en_US","og_type":"article","og_title":"BDP'li Demirta\u015f: En b\u00fcy\u00fck para kasas\u0131 Tayyip Erdo\u011fan'd\u0131r - Bati Ermenistan Ve Bati Ermenileri Sorunlari Ara\u015ftirmalar Merkezi","og_description":"BDP Genel Ba\u015fkan\u0131 Selahattin Demirta\u015f, &#8220;Bizden bu kavgada cemaatten, ya da AK Parti&#8217;den yana taraf olmam\u0131z isteniyor. AKP&#8217;lilerin evinde \u00e7elik kasa ayakkab\u0131 kutular\u0131 var da cemaat\u00e7ilerin yok mu, onlar\u0131n da evinde var. En b\u00fcy\u00fck para kasas\u0131 Tayyip Erdo\u011fan&#8217;dad\u0131r&#8221; dedi. ADIYAMAN &#8211;\u00a0\u00a0 BDP Genel Ba\u015fkan\u0131 Selahattin Demirta\u015f, Aslen Ad\u0131yamanl\u0131 olan HDP \u0130stanbul B\u00fcy\u00fck\u015fehir Belediye Ba\u015fkan Aday\u0131 [&hellip;]","og_url":"https:\/\/akunq.net\/tr\/?p=27625","og_site_name":"Bati Ermenistan Ve Bati Ermenileri Sorunlari Ara\u015ftirmalar Merkezi","article_published_time":"2013-12-25T07:10:10+00:00","article_modified_time":"2013-12-25T07:10:29+00:00","author":"admin","twitter_card":"summary_large_image","twitter_misc":{"Written by":"admin","Est. reading time":"3 minutes"},"schema":{"@context":"https:\/\/schema.org","@graph":[{"@type":"Article","@id":"https:\/\/akunq.net\/tr\/?p=27625#article","isPartOf":{"@id":"https:\/\/akunq.net\/tr\/?p=27625"},"author":{"name":"admin","@id":"https:\/\/akunq.net\/tr\/#\/schema\/person\/096f1d38a12cce57fb855b485ed24c9e"},"headline":"BDP&#8217;li Demirta\u015f: En b\u00fcy\u00fck para kasas\u0131 Tayyip Erdo\u011fan&#8217;d\u0131r","datePublished":"2013-12-25T07:10:10+00:00","dateModified":"2013-12-25T07:10:29+00:00","mainEntityOfPage":{"@id":"https:\/\/akunq.net\/tr\/?p=27625"},"wordCount":519,"commentCount":0,"articleSection":["Haberler"],"inLanguage":"en-US","potentialAction":[{"@type":"CommentAction","name":"Comment","target":["https:\/\/akunq.net\/tr\/?p=27625#respond"]}]},{"@type":"WebPage","@id":"https:\/\/akunq.net\/tr\/?p=27625","url":"https:\/\/akunq.net\/tr\/?p=27625","name":"BDP'li Demirta\u015f: En b\u00fcy\u00fck para kasas\u0131 Tayyip Erdo\u011fan'd\u0131r - Bati Ermenistan Ve Bati Ermenileri Sorunlari Ara\u015ftirmalar Merkezi","isPartOf":{"@id":"https:\/\/akunq.net\/tr\/#website"},"datePublished":"2013-12-25T07:10:10+00:00","dateModified":"2013-12-25T07:10:29+00:00","author":{"@id":"https:\/\/akunq.net\/tr\/#\/schema\/person\/096f1d38a12cce57fb855b485ed24c9e"},"breadcrumb":{"@id":"https:\/\/akunq.net\/tr\/?p=27625#breadcrumb"},"inLanguage":"en-US","potentialAction":[{"@type":"ReadAction","target":["https:\/\/akunq.net\/tr\/?p=27625"]}]},{"@type":"BreadcrumbList","@id":"https:\/\/akunq.net\/tr\/?p=27625#breadcrumb","itemListElement":[{"@type":"ListItem","position":1,"name":"Home","item":"https:\/\/akunq.net\/tr"},{"@type":"ListItem","position":2,"name":"BDP&#8217;li Demirta\u015f: En b\u00fcy\u00fck para kasas\u0131 Tayyip Erdo\u011fan&#8217;d\u0131r"}]},{"@type":"WebSite","@id":"https:\/\/akunq.net\/tr\/#website","url":"https:\/\/akunq.net\/tr\/","name":"Bati Ermenistan Ve Bati Ermenileri Sorunlari Ara\u015ftirmalar Merkezi","description":"","potentialAction":[{"@type":"SearchAction","target":{"@type":"EntryPoint","urlTemplate":"https:\/\/akunq.net\/tr\/?s={search_term_string}"},"query-input":{"@type":"PropertyValueSpecification","valueRequired":true,"valueName":"search_term_string"}}],"inLanguage":"en-US"},{"@type":"Person","@id":"https:\/\/akunq.net\/tr\/#\/schema\/person\/096f1d38a12cce57fb855b485ed24c9e","name":"admin","url":"https:\/\/akunq.net\/tr\/?author=7"}]}},"_links":{"self":[{"href":"https:\/\/akunq.net\/tr\/index.php?rest_route=\/wp\/v2\/posts\/27625","targetHints":{"allow":["GET"]}}],"collection":[{"href":"https:\/\/akunq.net\/tr\/index.php?rest_route=\/wp\/v2\/posts"}],"about":[{"href":"https:\/\/akunq.net\/tr\/index.php?rest_route=\/wp\/v2\/types\/post"}],"author":[{"embeddable":true,"href":"https:\/\/akunq.net\/tr\/index.php?rest_route=\/wp\/v2\/users\/7"}],"replies":[{"embeddable":true,"href":"https:\/\/akunq.net\/tr\/index.php?rest_route=%2Fwp%2Fv2%2Fcomments&post=27625"}],"version-history":[{"count":2,"href":"https:\/\/akunq.net\/tr\/index.php?rest_route=\/wp\/v2\/posts\/27625\/revisions"}],"predecessor-version":[{"id":27628,"href":"https:\/\/akunq.net\/tr\/index.php?rest_route=\/wp\/v2\/posts\/27625\/revisions\/27628"}],"wp:attachment":[{"href":"https:\/\/akunq.net\/tr\/index.php?rest_route=%2Fwp%2Fv2%2Fmedia&parent=27625"}],"wp:term":[{"taxonomy":"category","embeddable":true,"href":"https:\/\/akunq.net\/tr\/index.php?rest_route=%2Fwp%2Fv2%2Fcategories&post=27625"},{"taxonomy":"post_tag","embeddable":true,"href":"https:\/\/akunq.net\/tr\/index.php?rest_route=%2Fwp%2Fv2%2Ftags&post=27625"}],"curies":[{"name":"wp","href":"https:\/\/api.w.org\/{rel}","templated":true}]}}