{"id":27619,"date":"2013-12-24T03:16:35","date_gmt":"2013-12-24T08:16:35","guid":{"rendered":"http:\/\/akunq.net\/tr\/?p=27619"},"modified":"2013-12-24T03:16:51","modified_gmt":"2013-12-24T08:16:51","slug":"gulden-abdullah-demirbasa-davet","status":"publish","type":"post","link":"https:\/\/akunq.net\/tr\/?p=27619","title":{"rendered":"G\u00fcl&#8217;den Abdullah Demirba\u015f&#8217;a davet"},"content":{"rendered":"<p style=\"text-align: justify;\"><b><i><a href=\"http:\/\/akunq.net\/tr\/wp-content\/uploads\/2013\/12\/Abdullah-Demirba\u015fa-davet.jpg\"><img loading=\"lazy\" decoding=\"async\" class=\"alignright size-medium wp-image-27620\" alt=\"Abdullah Demirba\u015f'a davet\" src=\"http:\/\/akunq.net\/tr\/wp-content\/uploads\/2013\/12\/Abdullah-Demirba\u015fa-davet-300x183.jpg\" width=\"300\" height=\"183\" srcset=\"https:\/\/akunq.net\/tr\/wp-content\/uploads\/sites\/6\/2013\/12\/Abdullah-Demirba\u015fa-davet-300x183.jpg 300w, https:\/\/akunq.net\/tr\/wp-content\/uploads\/sites\/6\/2013\/12\/Abdullah-Demirba\u015fa-davet.jpg 540w\" sizes=\"auto, (max-width: 300px) 100vw, 300px\" \/><\/a>Cumhurba\u015fkan\u0131 Abdullah G\u00fcl, Diyarbak\u0131r Sur Belediyesi Ba\u015fkan\u0131 Abdullah Demirba\u015f&#8217;\u0131 bu y\u0131l yap\u0131lacak olan &#8220;Cumhurba\u015fkanl\u0131\u011f\u0131 K\u00fclt\u00fcr ve Sanat B\u00fcy\u00fck \u00d6d\u00fcl\u00fc&#8221; t\u00f6renine davet etti.<\/i><\/b><\/p>\n<p style=\"text-align: justify;\">&#8220;Cumhurba\u015fkanl\u0131\u011f\u0131 K\u00fclt\u00fcr ve Sanat B\u00fcy\u00fck \u00d6d\u00fcl\u00fc&#8221; y\u00f6netmeli\u011finde hizmet, eserleriyle k\u00fclt\u00fcr ve sanat hayat\u0131na \u00f6nemli katk\u0131larda bulunan, \u00fclkedeki k\u00fclt\u00fcr ve sanat\u0131n daha iyi i\u015flev kazanmas\u0131, \u00fclke vatanda\u015flar\u0131na ve yabanc\u0131 uyruklu ki\u015fileri ve ya kurumlar\u0131, devlet ad\u0131na onurland\u0131rmak ve \u00f6zendirmek amac\u0131yla her y\u0131l verilen b\u00fcy\u00fck \u00f6d\u00fclle bu y\u0131l Diyarbak\u0131r Sur Belediyesi Ba\u015fkan\u0131 Abdullah Demirba\u015f&#8217; ta davet edildi.<\/p>\n<p style=\"text-align: justify;\">Yapt\u0131\u011f\u0131 m\u00fczikle bir \u00e7ok insan\u0131n g\u00f6nl\u00fcnde taht kuran ve yine bir \u00e7ok insan\u0131 bir araya getiren Ahmet Kaya&#8217;ya m\u00fczik dal\u0131nda &#8220;Cumhurba\u015fkanl\u0131\u011f\u0131 K\u00fclt\u00fcr ve Sanat B\u00fcy\u00fck \u00d6d\u00fcl\u00fc&#8221; verilecek. \u00d6d\u00fcl gecesine Diyarbak\u0131r Sur Belediye Ba\u015fkan\u0131 Abdullah Demirba\u015f&#8217;ta davet edildi. T\u00fcrkiye&#8217;de belediye hizmetlerinde ilk defa \u00e7ok dilli belediyecili\u011fi esas alarak K\u00fcrt\u00e7e hizmet verme karar\u0131 alan Diyarbak\u0131r Sur Belediyesi ald\u0131\u011f\u0131 bu karar\u0131n ard\u0131ndan Belediye Ba\u015fkan\u0131 Abdullah Demirba\u015f&#8217;ta yarg\u0131lanm\u0131\u015ft\u0131.<\/p>\n<p style=\"text-align: justify;\"><b><i>\u015eEYHMUS \u00c7AKAN<\/i><\/b><\/p>\n<p>&nbsp;<\/p>\n<p style=\"text-align: justify;\"><b><i>http:\/\/haber.stargazete.com\/dogu\/gulden-abdullah-demirbasa-davet\/haber-819869<\/i><\/b><\/p>\n","protected":false},"excerpt":{"rendered":"<p>Cumhurba\u015fkan\u0131 Abdullah G\u00fcl, Diyarbak\u0131r Sur Belediyesi Ba\u015fkan\u0131 Abdullah Demirba\u015f&#8217;\u0131 bu y\u0131l yap\u0131lacak olan &#8220;Cumhurba\u015fkanl\u0131\u011f\u0131 K\u00fclt\u00fcr ve Sanat B\u00fcy\u00fck \u00d6d\u00fcl\u00fc&#8221; t\u00f6renine davet etti. &#8220;Cumhurba\u015fkanl\u0131\u011f\u0131 K\u00fclt\u00fcr ve Sanat B\u00fcy\u00fck \u00d6d\u00fcl\u00fc&#8221; y\u00f6netmeli\u011finde hizmet, eserleriyle k\u00fclt\u00fcr ve sanat hayat\u0131na \u00f6nemli katk\u0131larda bulunan, \u00fclkedeki k\u00fclt\u00fcr ve sanat\u0131n daha iyi i\u015flev kazanmas\u0131, \u00fclke vatanda\u015flar\u0131na ve yabanc\u0131 uyruklu ki\u015fileri ve ya kurumlar\u0131, [&hellip;]<\/p>\n","protected":false},"author":7,"featured_media":0,"comment_status":"open","ping_status":"open","sticky":false,"template":"","format":"standard","meta":{"footnotes":""},"categories":[1],"tags":[],"class_list":["post-27619","post","type-post","status-publish","format-standard","hentry","category-haberler"],"yoast_head":"<!-- This site is optimized with the Yoast SEO plugin v27.4 - https:\/\/yoast.com\/product\/yoast-seo-wordpress\/ -->\n<title>G\u00fcl&#039;den Abdullah Demirba\u015f&#039;a davet - Bati Ermenistan Ve Bati Ermenileri Sorunlari Ara\u015ftirmalar Merkezi<\/title>\n<meta name=\"robots\" content=\"index, follow, max-snippet:-1, max-image-preview:large, max-video-preview:-1\" \/>\n<link rel=\"canonical\" href=\"https:\/\/akunq.net\/tr\/?p=27619\" \/>\n<meta property=\"og:locale\" content=\"en_US\" \/>\n<meta property=\"og:type\" content=\"article\" \/>\n<meta property=\"og:title\" content=\"G\u00fcl&#039;den Abdullah Demirba\u015f&#039;a davet - Bati Ermenistan Ve Bati Ermenileri Sorunlari Ara\u015ftirmalar Merkezi\" \/>\n<meta property=\"og:description\" content=\"Cumhurba\u015fkan\u0131 Abdullah G\u00fcl, Diyarbak\u0131r Sur Belediyesi Ba\u015fkan\u0131 Abdullah Demirba\u015f&#8217;\u0131 bu y\u0131l yap\u0131lacak olan &#8220;Cumhurba\u015fkanl\u0131\u011f\u0131 K\u00fclt\u00fcr ve Sanat B\u00fcy\u00fck \u00d6d\u00fcl\u00fc&#8221; t\u00f6renine davet etti. &#8220;Cumhurba\u015fkanl\u0131\u011f\u0131 K\u00fclt\u00fcr ve Sanat B\u00fcy\u00fck \u00d6d\u00fcl\u00fc&#8221; y\u00f6netmeli\u011finde hizmet, eserleriyle k\u00fclt\u00fcr ve sanat hayat\u0131na \u00f6nemli katk\u0131larda bulunan, \u00fclkedeki k\u00fclt\u00fcr ve sanat\u0131n daha iyi i\u015flev kazanmas\u0131, \u00fclke vatanda\u015flar\u0131na ve yabanc\u0131 uyruklu ki\u015fileri ve ya kurumlar\u0131, [&hellip;]\" \/>\n<meta property=\"og:url\" content=\"https:\/\/akunq.net\/tr\/?p=27619\" \/>\n<meta property=\"og:site_name\" content=\"Bati Ermenistan Ve Bati Ermenileri Sorunlari Ara\u015ftirmalar Merkezi\" \/>\n<meta property=\"article:published_time\" content=\"2013-12-24T08:16:35+00:00\" \/>\n<meta property=\"article:modified_time\" content=\"2013-12-24T08:16:51+00:00\" \/>\n<meta name=\"author\" content=\"admin\" \/>\n<meta name=\"twitter:card\" content=\"summary_large_image\" \/>\n<meta name=\"twitter:label1\" content=\"Written by\" \/>\n\t<meta name=\"twitter:data1\" content=\"admin\" \/>\n\t<meta name=\"twitter:label2\" content=\"Est. reading time\" \/>\n\t<meta name=\"twitter:data2\" content=\"1 minute\" \/>\n<script type=\"application\/ld+json\" class=\"yoast-schema-graph\">{\"@context\":\"https:\\\/\\\/schema.org\",\"@graph\":[{\"@type\":\"Article\",\"@id\":\"https:\\\/\\\/akunq.net\\\/tr\\\/?p=27619#article\",\"isPartOf\":{\"@id\":\"https:\\\/\\\/akunq.net\\\/tr\\\/?p=27619\"},\"author\":{\"name\":\"admin\",\"@id\":\"https:\\\/\\\/akunq.net\\\/tr\\\/#\\\/schema\\\/person\\\/096f1d38a12cce57fb855b485ed24c9e\"},\"headline\":\"G\u00fcl&#8217;den Abdullah Demirba\u015f&#8217;a davet\",\"datePublished\":\"2013-12-24T08:16:35+00:00\",\"dateModified\":\"2013-12-24T08:16:51+00:00\",\"mainEntityOfPage\":{\"@id\":\"https:\\\/\\\/akunq.net\\\/tr\\\/?p=27619\"},\"wordCount\":228,\"commentCount\":0,\"articleSection\":[\"Haberler\"],\"inLanguage\":\"en-US\",\"potentialAction\":[{\"@type\":\"CommentAction\",\"name\":\"Comment\",\"target\":[\"https:\\\/\\\/akunq.net\\\/tr\\\/?p=27619#respond\"]}]},{\"@type\":\"WebPage\",\"@id\":\"https:\\\/\\\/akunq.net\\\/tr\\\/?p=27619\",\"url\":\"https:\\\/\\\/akunq.net\\\/tr\\\/?p=27619\",\"name\":\"G\u00fcl'den Abdullah Demirba\u015f'a davet - Bati Ermenistan Ve Bati Ermenileri Sorunlari Ara\u015ftirmalar Merkezi\",\"isPartOf\":{\"@id\":\"https:\\\/\\\/akunq.net\\\/tr\\\/#website\"},\"datePublished\":\"2013-12-24T08:16:35+00:00\",\"dateModified\":\"2013-12-24T08:16:51+00:00\",\"author\":{\"@id\":\"https:\\\/\\\/akunq.net\\\/tr\\\/#\\\/schema\\\/person\\\/096f1d38a12cce57fb855b485ed24c9e\"},\"breadcrumb\":{\"@id\":\"https:\\\/\\\/akunq.net\\\/tr\\\/?p=27619#breadcrumb\"},\"inLanguage\":\"en-US\",\"potentialAction\":[{\"@type\":\"ReadAction\",\"target\":[\"https:\\\/\\\/akunq.net\\\/tr\\\/?p=27619\"]}]},{\"@type\":\"BreadcrumbList\",\"@id\":\"https:\\\/\\\/akunq.net\\\/tr\\\/?p=27619#breadcrumb\",\"itemListElement\":[{\"@type\":\"ListItem\",\"position\":1,\"name\":\"Home\",\"item\":\"https:\\\/\\\/akunq.net\\\/tr\"},{\"@type\":\"ListItem\",\"position\":2,\"name\":\"G\u00fcl&#8217;den Abdullah Demirba\u015f&#8217;a davet\"}]},{\"@type\":\"WebSite\",\"@id\":\"https:\\\/\\\/akunq.net\\\/tr\\\/#website\",\"url\":\"https:\\\/\\\/akunq.net\\\/tr\\\/\",\"name\":\"Bati Ermenistan Ve Bati Ermenileri Sorunlari Ara\u015ftirmalar Merkezi\",\"description\":\"\",\"potentialAction\":[{\"@type\":\"SearchAction\",\"target\":{\"@type\":\"EntryPoint\",\"urlTemplate\":\"https:\\\/\\\/akunq.net\\\/tr\\\/?s={search_term_string}\"},\"query-input\":{\"@type\":\"PropertyValueSpecification\",\"valueRequired\":true,\"valueName\":\"search_term_string\"}}],\"inLanguage\":\"en-US\"},{\"@type\":\"Person\",\"@id\":\"https:\\\/\\\/akunq.net\\\/tr\\\/#\\\/schema\\\/person\\\/096f1d38a12cce57fb855b485ed24c9e\",\"name\":\"admin\",\"url\":\"https:\\\/\\\/akunq.net\\\/tr\\\/?author=7\"}]}<\/script>\n<!-- \/ Yoast SEO plugin. -->","yoast_head_json":{"title":"G\u00fcl'den Abdullah Demirba\u015f'a davet - Bati Ermenistan Ve Bati Ermenileri Sorunlari Ara\u015ftirmalar Merkezi","robots":{"index":"index","follow":"follow","max-snippet":"max-snippet:-1","max-image-preview":"max-image-preview:large","max-video-preview":"max-video-preview:-1"},"canonical":"https:\/\/akunq.net\/tr\/?p=27619","og_locale":"en_US","og_type":"article","og_title":"G\u00fcl'den Abdullah Demirba\u015f'a davet - Bati Ermenistan Ve Bati Ermenileri Sorunlari Ara\u015ftirmalar Merkezi","og_description":"Cumhurba\u015fkan\u0131 Abdullah G\u00fcl, Diyarbak\u0131r Sur Belediyesi Ba\u015fkan\u0131 Abdullah Demirba\u015f&#8217;\u0131 bu y\u0131l yap\u0131lacak olan &#8220;Cumhurba\u015fkanl\u0131\u011f\u0131 K\u00fclt\u00fcr ve Sanat B\u00fcy\u00fck \u00d6d\u00fcl\u00fc&#8221; t\u00f6renine davet etti. &#8220;Cumhurba\u015fkanl\u0131\u011f\u0131 K\u00fclt\u00fcr ve Sanat B\u00fcy\u00fck \u00d6d\u00fcl\u00fc&#8221; y\u00f6netmeli\u011finde hizmet, eserleriyle k\u00fclt\u00fcr ve sanat hayat\u0131na \u00f6nemli katk\u0131larda bulunan, \u00fclkedeki k\u00fclt\u00fcr ve sanat\u0131n daha iyi i\u015flev kazanmas\u0131, \u00fclke vatanda\u015flar\u0131na ve yabanc\u0131 uyruklu ki\u015fileri ve ya kurumlar\u0131, [&hellip;]","og_url":"https:\/\/akunq.net\/tr\/?p=27619","og_site_name":"Bati Ermenistan Ve Bati Ermenileri Sorunlari Ara\u015ftirmalar Merkezi","article_published_time":"2013-12-24T08:16:35+00:00","article_modified_time":"2013-12-24T08:16:51+00:00","author":"admin","twitter_card":"summary_large_image","twitter_misc":{"Written by":"admin","Est. reading time":"1 minute"},"schema":{"@context":"https:\/\/schema.org","@graph":[{"@type":"Article","@id":"https:\/\/akunq.net\/tr\/?p=27619#article","isPartOf":{"@id":"https:\/\/akunq.net\/tr\/?p=27619"},"author":{"name":"admin","@id":"https:\/\/akunq.net\/tr\/#\/schema\/person\/096f1d38a12cce57fb855b485ed24c9e"},"headline":"G\u00fcl&#8217;den Abdullah Demirba\u015f&#8217;a davet","datePublished":"2013-12-24T08:16:35+00:00","dateModified":"2013-12-24T08:16:51+00:00","mainEntityOfPage":{"@id":"https:\/\/akunq.net\/tr\/?p=27619"},"wordCount":228,"commentCount":0,"articleSection":["Haberler"],"inLanguage":"en-US","potentialAction":[{"@type":"CommentAction","name":"Comment","target":["https:\/\/akunq.net\/tr\/?p=27619#respond"]}]},{"@type":"WebPage","@id":"https:\/\/akunq.net\/tr\/?p=27619","url":"https:\/\/akunq.net\/tr\/?p=27619","name":"G\u00fcl'den Abdullah Demirba\u015f'a davet - Bati Ermenistan Ve Bati Ermenileri Sorunlari Ara\u015ftirmalar Merkezi","isPartOf":{"@id":"https:\/\/akunq.net\/tr\/#website"},"datePublished":"2013-12-24T08:16:35+00:00","dateModified":"2013-12-24T08:16:51+00:00","author":{"@id":"https:\/\/akunq.net\/tr\/#\/schema\/person\/096f1d38a12cce57fb855b485ed24c9e"},"breadcrumb":{"@id":"https:\/\/akunq.net\/tr\/?p=27619#breadcrumb"},"inLanguage":"en-US","potentialAction":[{"@type":"ReadAction","target":["https:\/\/akunq.net\/tr\/?p=27619"]}]},{"@type":"BreadcrumbList","@id":"https:\/\/akunq.net\/tr\/?p=27619#breadcrumb","itemListElement":[{"@type":"ListItem","position":1,"name":"Home","item":"https:\/\/akunq.net\/tr"},{"@type":"ListItem","position":2,"name":"G\u00fcl&#8217;den Abdullah Demirba\u015f&#8217;a davet"}]},{"@type":"WebSite","@id":"https:\/\/akunq.net\/tr\/#website","url":"https:\/\/akunq.net\/tr\/","name":"Bati Ermenistan Ve Bati Ermenileri Sorunlari Ara\u015ftirmalar Merkezi","description":"","potentialAction":[{"@type":"SearchAction","target":{"@type":"EntryPoint","urlTemplate":"https:\/\/akunq.net\/tr\/?s={search_term_string}"},"query-input":{"@type":"PropertyValueSpecification","valueRequired":true,"valueName":"search_term_string"}}],"inLanguage":"en-US"},{"@type":"Person","@id":"https:\/\/akunq.net\/tr\/#\/schema\/person\/096f1d38a12cce57fb855b485ed24c9e","name":"admin","url":"https:\/\/akunq.net\/tr\/?author=7"}]}},"_links":{"self":[{"href":"https:\/\/akunq.net\/tr\/index.php?rest_route=\/wp\/v2\/posts\/27619","targetHints":{"allow":["GET"]}}],"collection":[{"href":"https:\/\/akunq.net\/tr\/index.php?rest_route=\/wp\/v2\/posts"}],"about":[{"href":"https:\/\/akunq.net\/tr\/index.php?rest_route=\/wp\/v2\/types\/post"}],"author":[{"embeddable":true,"href":"https:\/\/akunq.net\/tr\/index.php?rest_route=\/wp\/v2\/users\/7"}],"replies":[{"embeddable":true,"href":"https:\/\/akunq.net\/tr\/index.php?rest_route=%2Fwp%2Fv2%2Fcomments&post=27619"}],"version-history":[{"count":2,"href":"https:\/\/akunq.net\/tr\/index.php?rest_route=\/wp\/v2\/posts\/27619\/revisions"}],"predecessor-version":[{"id":27622,"href":"https:\/\/akunq.net\/tr\/index.php?rest_route=\/wp\/v2\/posts\/27619\/revisions\/27622"}],"wp:attachment":[{"href":"https:\/\/akunq.net\/tr\/index.php?rest_route=%2Fwp%2Fv2%2Fmedia&parent=27619"}],"wp:term":[{"taxonomy":"category","embeddable":true,"href":"https:\/\/akunq.net\/tr\/index.php?rest_route=%2Fwp%2Fv2%2Fcategories&post=27619"},{"taxonomy":"post_tag","embeddable":true,"href":"https:\/\/akunq.net\/tr\/index.php?rest_route=%2Fwp%2Fv2%2Ftags&post=27619"}],"curies":[{"name":"wp","href":"https:\/\/api.w.org\/{rel}","templated":true}]}}