{"id":27616,"date":"2013-12-24T02:50:57","date_gmt":"2013-12-24T07:50:57","guid":{"rendered":"http:\/\/akunq.net\/tr\/?p=27616"},"modified":"2013-12-24T02:50:57","modified_gmt":"2013-12-24T07:50:57","slug":"o-elleri-kirar-o-tuzaklari-bozariz","status":"publish","type":"post","link":"https:\/\/akunq.net\/tr\/?p=27616","title":{"rendered":"&#8216;O elleri k\u0131rar, o tuzaklar\u0131 bozar\u0131z&#8217;"},"content":{"rendered":"<p style=\"text-align: justify;\"><em><strong><a href=\"http:\/\/akunq.net\/tr\/wp-content\/uploads\/2013\/12\/Ba\u015fbakan-Erdo\u011fan1.jpg\"><img loading=\"lazy\" decoding=\"async\" class=\"alignright size-full wp-image-27617\" alt=\"Ba\u015fbakan Erdo\u011fan\" src=\"http:\/\/akunq.net\/tr\/wp-content\/uploads\/2013\/12\/Ba\u015fbakan-Erdo\u011fan1.jpg\" width=\"275\" height=\"183\" \/><\/a>Ba\u015fbakan Erdo\u011fan&#8217;\u0131n Karadeniz gezisi devam ediyor.<\/strong><\/em><br \/>\n<em><strong>BA\u015eBAKAN Recep Tayyip Erdo\u011fan, \u201c\u015eunu dost d\u00fc\u015fman \u00e7ok iyi bilsin; e\u011fer istiklalimize el uzatan olursa, e\u011fer bu \u00fclkeye el uzatan olursa, bu \u00fclkeyi kar\u0131\u015ft\u0131rmak i\u00e7in kirli tuzaklar kurulursa biz o elleri k\u0131rar\u0131z, biz o tuzaklar\u0131 bozar\u0131z. Benim bu g\u00fczel \u00fclkemde hi\u00e7 kimse ameliyat yapamaz. Bir tak\u0131m kirli eller, bir tak\u0131m kirli \u00e7evreler benim bu g\u00fczel \u00fclkemde kaos \u00e7\u0131karamaz\u201d dedi.<\/strong><\/em><\/p>\n<p style=\"text-align: justify;\">Ba\u015fbakan Erdo\u011fan, Karadeniz gezisinin ikinci g\u00fcn\u00fcnde Ordu\u2019dan e\u015fi Emine ve k\u0131z\u0131 S\u00fcmeyye Erdo\u011fan ile birlikte helikopterle Giresun\u2019a geldi. Helikopterin liman sahas\u0131na ini\u015fi s\u0131ras\u0131nda kalkan toz bulutu kar\u015f\u0131lamaya gelenlere zor anlar ya\u015fat\u0131rken, Erdo\u011fan buradan toplu a\u00e7\u0131l\u0131\u015f t\u00f6reninin yap\u0131ld\u0131\u011f\u0131 Cumhuriyet Meydan\u0131\u2019na ge\u00e7ti.<\/p>\n<p style=\"text-align: justify;\">Enerji ve Tabii Kaynaklar Bakan\u0131 Taner Y\u0131ld\u0131z, \u00c7evre, Orman ve Su i\u015fleri Bakan\u0131 Veysel Ero\u011flu, Gen\u00e7lik ve Spor Bakan\u0131 Suat K\u0131l\u0131\u00e7, G\u00fcmr\u00fck ve Ticaret Bakan\u0131 Hayati Yaz\u0131c\u0131, \u00c7evre ve \u015eehircilik Bakan\u0131 Erdo\u011fan Bayraktar, Ula\u015ft\u0131rma, Denizcilik ve Haberle\u015fme Bakan\u0131 Binali Y\u0131ld\u0131r\u0131m, Ak Parti Genel Ba\u015fkan Yard\u0131mc\u0131s\u0131 Numan Kurtulmu\u015f ile Ak Parti milletvekillerinin de kat\u0131ld\u0131\u011f\u0131 toplu a\u00e7\u0131l\u0131\u015f t\u00f6reninde Erdo\u011fan, alan\u0131 dolduran yakla\u015f\u0131k 7 bin ki\u015fiye hitap etti. Erdo\u011fan ses k\u0131s\u0131kl\u0131\u011f\u0131na kar\u015f\u0131 k\u00fcrs\u00fcye konulan bitki \u00e7ay\u0131ndan s\u0131k s\u0131k i\u00e7ti.<\/p>\n<p style=\"text-align: justify;\">Meydandaki kalabal\u0131\u011f\u0131 bu kez daha co\u015fkulu buldu\u011funu s\u00f6yleyen Erdo\u011fan, &#8220;Rabbim karde\u015fli\u011fimizi, birli\u011fimizi, muhabbetimizi daim eylesin. Allah bu g\u00fczel \u00fclkeye zeval vermesin. Bu aziz millete ta\u015f\u0131yamayaca\u011f\u0131 y\u00fck\u00fc y\u00fcklemesin&#8221; dedi, \u0130stiklal Mar\u015f\u0131&#8217;ndan m\u0131sralar okudu. Erdo\u011fan, kula kulluk yapmayacaklar\u0131n\u0131 belirterek \u015f\u00f6yle dedi:<\/p>\n<p style=\"text-align: justify;\">&#8220;Birileri vars\u0131n kula tapmaya devam etsin. Bizim ubudiyet anlay\u0131\u015f\u0131m\u0131zda kula kulluk yoktur. Biz istiklalimizden zerre kadar taviz vermeyiz. Ba\u011f\u0131ms\u0131zl\u0131\u011f\u0131m\u0131zda zerre kadar taviz vermeyiz. \u015eunu da dost d\u00fc\u015fman \u00e7ok iyi bilsin; e\u011fer istiklalimize el uzatan olursa, e\u011fer bu \u00fclkeye el uzatan olursa, bu \u00fclkeyi kar\u0131\u015ft\u0131rmak i\u00e7in kirli tuzaklar kurulursa biz o elleri k\u0131rar\u0131z, o tuzaklar\u0131 bozar\u0131z. Benim bu g\u00fczel \u00fclkemde hi\u00e7 kimse ameliyat yapamaz. Bir tak\u0131m kirli eller, bir tak\u0131m kirli \u00e7evreler benim bu g\u00fczel \u00fclkemde kaos \u00e7\u0131karamaz. Benim bu g\u00fczel \u00fclkemin b\u00fcy\u00fcmesini durduramaz. Hangi \u00f6rg\u00fct\u00fc kullan\u0131rlarsa kullans\u0131nlar, hangi ma\u015fay\u0131, hangi ajan\u0131, haini kullan\u0131rlarsa kullans\u0131nlar. Bu millet istiklali u\u011fruna o uluslararas\u0131 \u00f6rg\u00fctlere de, onlar\u0131n ma\u015falar\u0131na da gereken cevab\u0131 gerekti\u011fi gibi vermesini bilir. Herkes haddini bilecek. Sizin kar\u015f\u0131n\u0131zda T\u00fcrkiye Cumhuriyeti devleti var. As\u0131rlard\u0131r kutlu bir y\u00fcr\u00fcy\u00fc\u015f yapan bir millet var kar\u015f\u0131n\u0131zda.&#8221;<\/p>\n<p style=\"text-align: justify;\">T\u00fcrkiye&#8217;nin art\u0131k eski T\u00fcrkiye olmad\u0131\u011f\u0131n\u0131 anlatan Erdo\u011fan, &#8220;T\u00fcrkiye karanl\u0131k odaklar\u0131n, onlar\u0131n ma\u015fa \u00f6rg\u00fctlerinin, hainlerin, ajanlar\u0131n provokat\u00f6rlerin operasyon yapabilecekleri, istedikleri gibi davranabilecekleri \u00fclke de\u011fil. Bunlar eskide, 27 May\u0131s\u2019ta, 12 Eyl\u00fcl\u2019de, 28 \u015eubat\u2019ta kald\u0131. Bu millet uyand\u0131, g\u00fc\u00e7lendi, hi\u00e7 kimse bu \u00fclkeye bu millete diz \u00e7\u00f6kt\u00fcremez. Tarih boyunca olmad\u0131. Bundan sonra da kimse bu milletin boynuna alt\u0131n lale takamaz&#8221; dedi.<\/p>\n<p style=\"text-align: justify;\"><strong>\u201cKARANLIK TUZAK KURULUYOR\u201d<\/strong><\/p>\n<p style=\"text-align: justify;\">Ba\u015fbakan Erdo\u011fan, bir haftad\u0131r yarg\u0131da ve polisteki odaklar eliyle T\u00fcrkiye\u2019de bir komplo uygulamaya konuldu\u011funu \u00f6ne s\u00fcrerek, &#8220;Yolsuzluk kisvesi alt\u0131nda son derece hukuksuz, \u00e7irkin ayn\u0131 zamanda da son derece karanl\u0131k bir tuzak kuruluyor. Yolsuzluk bu i\u015fin sadece k\u0131l\u0131f\u0131d\u0131r&#8221; diye konu\u015ftu.<\/p>\n<p style=\"text-align: justify;\">Yolsuzluk konusunda hassas olduklar\u0131n\u0131, kar\u015f\u0131lar\u0131ndakilerin olu\u015fturmak istedikleri alg\u0131ya itibar edilmemesini isteyen Erdo\u011fan, &#8220;Bir tak\u0131m gazetelerin, bir tak\u0131m ajanlar\u0131n hukuku \u00e7i\u011fneyerek yay\u0131nlad\u0131klar\u0131 g\u00f6r\u00fcnt\u00fclere, foto\u011fraflara, att\u0131klar\u0131 man\u015fetlere, kulland\u0131klar\u0131 dile, yapt\u0131klar\u0131 montajla sosyal medyada yay\u0131nlad\u0131klar\u0131 g\u00f6r\u00fcnt\u00fclere asla aldanmay\u0131n\u0131z. Bu komplonun amac\u0131 ba\u015fka, tuza\u011f\u0131n amac\u0131 ba\u015fka&#8221; dedi.<\/p>\n<p style=\"text-align: justify;\">Konu\u015fmas\u0131nda h\u00fck\u00fcmetin icraatlar\u0131n\u0131 anlatan ve ekonomide ba\u015far\u0131l\u0131 olduklar\u0131 g\u00f6r\u00fc\u015f\u00fcn\u00fc savunan Erdo\u011fan, &#8220;CHP\u2019nin Genel M\u00fcd\u00fcr\u00fc. Senin zaman\u0131nda ila\u00e7 bulam\u0131yorduk. Bunlar\u0131n eline 5 tane koyun ver, kaybedip gelirler. Bunlar kim, \u00fclke y\u00f6netmek kim?&#8221; diye konu\u015ftu. Erdo\u011fan, g\u00fcven ortam\u0131n\u0131 kimsenin bozmas\u0131na izin vermeyeceklerini belirterek \u015f\u00f6yle dedi:<\/p>\n<p style=\"text-align: justify;\">&#8220;Biz babam\u0131z\u0131n o\u011flu olsa, devletin mal\u0131n\u0131 \u00e7al\u0131yorsa bunun hesab\u0131n\u0131 sorar\u0131z. \u0130stikrar\u0131 kimsenin bozmas\u0131na m\u00fcsaade etmeyiz. Bunlar huzuru bozmak, ter\u00f6r\u00fc geri getirmek istiyorlar. Bir y\u0131ld\u0131r Giresun\u2019a \u015fehit geliyor mu? Ama bilesiniz ki bundan rahats\u0131z olanlar var. \u015eehitlerimizin gelmesini bekleyen ve isteyenler var. \u00c7\u00fcnk\u00fc buradan besleniyorlar.<\/p>\n<p style=\"text-align: justify;\">T\u00fcrkiye\u2019nin ufkunu karartacak, eskiden oldu\u011fu gibi milletin kan\u0131n\u0131 emmek isteyenler var.<\/p>\n<p style=\"text-align: justify;\">Ge\u00e7en hafta kurulan tuzak budur. T\u00fcrkiye i\u00e7indeki bir tak\u0131m \u00f6rg\u00fctler de kirli tuzakta ta\u015feron ve ma\u015fa oldu, bu tezgah\u0131n de\u011firmenine su ta\u015f\u0131d\u0131lar.&#8221;<\/p>\n<p style=\"text-align: justify;\"><strong>KILI\u00c7DARO\u011eLU\u2019NA Y\u00dcKLEND\u0130<\/strong><\/p>\n<p style=\"text-align: justify;\">Ba\u015fbakan Erdo\u011fan, emniyette ve yarg\u0131da hukuksuzluk oldu\u011funu, bunu da CHP Genel Ba\u015fkan\u0131 Kemal K\u0131l\u0131\u00e7daro\u011flu&#8217;nun savundu\u011funu s\u00f6yleyerek \u015f\u00f6yle dedi:<\/p>\n<p style=\"text-align: justify;\">&#8220;Ana muhalefetin genel m\u00fcd\u00fcr\u00fc \u00e7\u0131km\u0131\u015f, buna \u00e7ok dikkat edin. Buras\u0131 \u00f6nemli. Yarg\u0131daki, emniyetteki hukuksuzluklar\u0131 savunuyor. Diyor ki, \u201876 milyon sizin arkan\u0131zda.\u2019 Ey genel m\u00fcd\u00fcr. Tabi tertemiz, p\u0131r\u0131l p\u0131r\u0131l olan genel m\u00fcd\u00fcrlerimi tenzih ederim. Ama bu temizlerden de\u011fil. Bunda her numara vard\u0131. Bu Rah\u015fan aff\u0131yla i\u015fi kurtard\u0131. \u015eimdi ben soruyorum; ey ana muhalefetin genel m\u00fcd\u00fcr\u00fc. Ad\u0131n\u0131 almayaca\u011f\u0131m a\u011fz\u0131ma dedim ya! Ad\u0131n\u0131 al\u0131rsam taltif olur. Ama siz bunun kim oldu\u011funu biliyorsunuz. Silivri\u2019deki mahkemeye hakaret eden bu genel m\u00fcd\u00fcr de\u011fil miydi? Silivri\u2019de kendi arkada\u015flar\u0131n\u0131 ziyaret ederek yarg\u0131 \u00fczerinde bask\u0131 olu\u015fturmak isteyen kendisi de\u011fil miydi? Hakim ve savc\u0131lara hakaretler ya\u011fd\u0131ran, bundan dolay\u0131 hakk\u0131nda fezleke olan bu genel m\u00fcd\u00fcr de\u011fil miydi? Bu genel m\u00fcd\u00fcr\u00fcn milletvekili, aff\u0131n\u0131za s\u0131\u011f\u0131n\u0131yorum; benim polisime ana avrat s\u00f6ven bu genel m\u00fcd\u00fcr\u00fcn milletvekili de\u011fil miydi? Kendi milletvekili, kendi hem\u015ferisi eline ta\u015f at\u0131p polise at\u0131yordu. Bu genel m\u00fcd\u00fcr o zaman polise de\u011fil, o ahlaks\u0131z vekiline sahip \u00e7\u0131k\u0131yordu. \u015eimdi \u00e7\u0131km\u0131\u015f polis i\u00e7indeki \u00e7eteleri savunuyor.&#8221;<\/p>\n<p style=\"text-align: justify;\"><strong>\u201cDEMEK K\u0130 \u00d6N HAZIRLIK VARDI\u201d<\/strong><\/p>\n<p style=\"text-align: justify;\">\u0130stanbul&#8217;da savc\u0131l\u0131\u011f\u0131n yapt\u0131\u011f\u0131 yolsuzluk ve r\u00fc\u015fvet operasyonunda polisin tavr\u0131n\u0131 ele\u015ftiren Erdo\u011fan, &#8220;Polis g\u00f6revlendirilip operasyona gidiyor. Bir polis operasyona da gitse, operasyonda girdi\u011fi ofiste veya evde bacak bacak \u00fcst\u00fcne atmak suretiyle elinde bir tespih, k\u00fclhanbeyi gibi orada duramaz&#8221; dedi. Erdo\u011fan, s\u00f6zlerini \u015f\u00f6yle s\u00fcrd\u00fcrd\u00fc:<\/p>\n<p style=\"text-align: justify;\">&#8220;Oraya gidip koltu\u011fa oturacak, bacak bacak \u00fcsten atacaks\u0131n, elinde tespih, k\u00fclhanbeyi gibi. Nedir o ya? Bu benim polisime, T\u00fcrk polisine yak\u0131\u015fmaz. \u0130ster y\u00fcr\u00fctmede, ister yarg\u0131da olsun bu yanl\u0131\u015flar\u0131 yapanlar da kar\u015f\u0131s\u0131nda h\u00fck\u00fcmeti bulacakt\u0131r. Biz buna da iyi nazarla bakmay\u0131z. \u00c7\u00fcnk\u00fc burada samimiyet yok. Demek ki \u00f6n haz\u0131rl\u0131k, \u00f6n yarg\u0131, \u00f6n kabul var. Benim bakanlar\u0131m\u0131 lekelemek i\u00e7in bu ad\u0131mlar\u0131 atanlara, bu tuzaklar\u0131 kuranlara \u00e7ok a\u00e7\u0131k s\u00f6yl\u00fcyorum, millet bu tuzaklar\u0131 bozacakt\u0131r.&#8221;<\/p>\n<p style=\"text-align: justify;\"><strong>MALUM LOB\u0130LER\u0130N NASIRINA BASTIK<\/strong><\/p>\n<p style=\"text-align: justify;\">Ter\u00f6rle m\u00fccadeleye devam ettiklerini de vurgulayan Ba\u015fbakan Erdo\u011fan, &#8220;\u00c7\u00f6z\u00fcm s\u00fcrecine \u00e7ok farkl\u0131 bir destek bekliyorum. Giresun \u00e7\u00f6z\u00fcm s\u00fcrecinde bizim yan\u0131m\u0131zda yer almal\u0131d\u0131r. Milli birlik ve karde\u015flik projemizde yan\u0131m\u0131zda yer almal\u0131d\u0131r. Bir olaca\u011f\u0131z, iri olaca\u011f\u0131z, diri olaca\u011f\u0131z, beraber olaca\u011f\u0131z&#8221; dedi. 30 y\u0131ll\u0131k d\u00f6nemde T\u00fcrkiye&#8217;nin \u00e7ok b\u00fcy\u00fck paralar kaybetti\u011fini anlatan Erdo\u011fan, \u015f\u00f6yle dedi:<\/p>\n<p style=\"text-align: justify;\">&#8220;Yeniden bu oyunu kurmak istiyorlar. Uluslararas\u0131 ve ulusal \u00f6rg\u00fctler bu i\u015fin i\u00e7inde. Bu oyunu beraber bozaca\u011f\u0131z. Dik duraca\u011f\u0131z, diklenmeyece\u011fiz, endi\u015feniz olmas\u0131n. Bu yola \u00e7\u0131karken kefenimizi giydik ve yola b\u00f6yle \u00e7\u0131kt\u0131k. Allah\u2019\u0131n bizden alaca\u011f\u0131 emaneti olan bir can var. Allah\u2019tan ba\u015fka kimse bu can\u0131 alamaz. Biz de bu can\u0131 Rabbimin takdir etti\u011fi zaman sahibine teslim ederiz. Ondan \u00f6tesi var m\u0131? Yok. El ele, omuz omuza bu yollarda y\u00fcr\u00fcyece\u011fiz. Meselemiz insan\u0131m\u0131z\u0131 \u00e7ok daha ileri noktalara ta\u015f\u0131mak. \u00c7ok daha modern hayat\u0131 ya\u015famalar\u0131na olanak sa\u011flamak. \u00c7\u00f6z\u00fcm s\u00fcreci bu noktada b\u00fcy\u00fck \u00f6nem arz ediyor. Ter\u00f6rden silah t\u00fcccarlar\u0131, faiz lobisi, T\u00fcrkiye d\u00fc\u015fmanlar\u0131 kazan\u0131yordu. Kan ve kaos lobisi kazan\u0131yordu. \u00c7\u00f6z\u00fcm s\u00fcreciyle birlikte bu lobilerin hepsini elimizin tersiyle ettik. Faize giden 642 milyar liray\u0131 milletimizin hizmetine verdiysek, ter\u00f6re harcanan paray\u0131 da milletimize aktaracak ve 2023 hedeflerimize ula\u015fmak i\u00e7in kullanaca\u011f\u0131z. B\u00f6yle yaparak malum lobilerin aya\u011f\u0131na, nas\u0131rlar\u0131na basm\u0131\u015f olduk. Ge\u00e7ti\u011fimiz hafta kurulan tuzak \u00e7\u00f6z\u00fcm s\u00fcrecine kurulan tuzakt\u0131r. Tuza\u011f\u0131n amac\u0131 \u00e7ok ama \u00e7ok a\u00e7\u0131kt\u0131r. Huzuru, istikrar\u0131 bozal\u0131m, faizi y\u00fckseltelim, ter\u00f6re can verelim ve daha \u00e7ok kazanmaya devam edelim istiyorlar. Bu tuza\u011f\u0131, oyunu beraber bozaca\u011f\u0131z. T\u00fcrkiye \u00fczerinde oynanan kirli hesaplar\u0131 alt \u00fcst edece\u011fiz. Ya\u011fma yok. Art\u0131k hi\u00e7 kimse milletime b\u00f6yle bedeller \u00f6detemeyecek. Biz sizin h\u00fck\u00fcmetiniz olarak, bu uluslararas\u0131 karanl\u0131k \u00e7evrelere kar\u015f\u0131, devletimizin i\u00e7ine s\u0131zm\u0131\u015f paralel devlet aray\u0131\u015f\u0131ndaki \u00f6rg\u00fct ve \u00e7etelere kar\u015f\u0131 m\u00fccadele vermeye devam edece\u011fiz.<\/p>\n<p style=\"text-align: justify;\">Hadiselerin ba\u015flamas\u0131yla T\u00fcrkiye\u2019de bir kez daha \u00e7ok kirli bir ittifak olu\u015ftu. Kimin kimle hareket etti\u011fine dikkat edin. Hangi gazetelerin ortak man\u015fet att\u0131\u011f\u0131na, hangi televizyonlar\u0131n ayn\u0131 dili kulland\u0131\u011f\u0131na hangi sermaye gruplar\u0131n\u0131n birbirleriyle yan yana oldu\u011funa dikkat edin. 27 May\u0131s, 12 Eyl\u00fcl\u2019de oldu\u011fu gibi ip gibi ayn\u0131 \u00e7izgide bulu\u015ftular. 28 \u015eubat\u2019taki gibi tek ses oldular, tek v\u00fccut oldular. 12 Eyl\u00fcl halk oylamas\u0131nda kimin kimlerle ayn\u0131 hizaya geldi\u011fini g\u00f6rd\u00fcn\u00fcz. \u015eu anda da ayn\u0131s\u0131n\u0131 yap\u0131yorlar. \u015eimdi yanlar\u0131na yeni m\u00fcttefikler ald\u0131lar. Provokat\u00f6rler \u00fczerinden benim vatan\u0131m\u0131 kar\u0131\u015ft\u0131rmaya \u00e7al\u0131\u015f\u0131yorlar.&#8221;<\/p>\n<p style=\"text-align: justify;\"><strong>&#8220;D\u0130NDAR K\u0130SVES\u0130 ALTINDA ZAVALLI \u00d6RG\u00dcTLER&#8221;<\/strong><\/p>\n<p style=\"text-align: justify;\">Ba\u015fbakan Erdo\u011fan, T\u00fcrkiye \u00fczerinde operasyon yap\u0131lmaya \u00e7al\u0131\u015f\u0131ld\u0131\u011f\u0131n\u0131, bunun i\u00e7in uluslararas\u0131 bas\u0131n kullan\u0131ld\u0131\u011f\u0131n\u0131 \u00e7irkin kasetlerle komplolar kurulmaya \u00e7al\u0131\u015f\u0131ld\u0131\u011f\u0131n\u0131 belirterek \u015f\u00f6yle dedi:<\/p>\n<p style=\"text-align: justify;\">&#8220;Uluslararas\u0131 bas\u0131n\u0131 kullanarak benim \u00fclkeme operasyon yapmaya \u00e7al\u0131\u015f\u0131yorlar. \u00c7irkin kasetlerle, \u00e7irkin komplolarla, iftirayla, ithamla, karalamayla benim milletimi g\u00fcya dize getirmeye \u00e7al\u0131\u015f\u0131yorlar. Dindar kisvesi alt\u0131nda baz\u0131 zavall\u0131 \u00f6rg\u00fctleri ta\u015feron olarak kullan\u0131p, ma\u015fa olarak kullan\u0131p benim g\u00fczel \u00fclkemde kaos olu\u015fturmak istiyorlar. Millet bu ittifak\u0131 da bozar. Siz bu kirli ittifaklar\u0131 defalarca bozdunuz. Bundan sonra da bozaca\u011f\u0131n\u0131za inan\u0131yorum. Biz bu yolda milletimizle y\u00fcr\u00fcyoruz. Biz yan\u0131m\u0131za kirli uluslararas\u0131 bas\u0131n\u0131 alarak y\u00fcr\u00fcm\u00fcyoruz, kasetlerle y\u00fcr\u00fcm\u00fcyoruz. Yolunu \u015fa\u015f\u0131rm\u0131\u015f provokat\u00f6rlerle y\u00fcr\u00fcm\u00fcyoruz. Milletle y\u00fcr\u00fcyoruz. Bize \u00f6nce Allah yeter, sonra millet yeter.&#8221;<\/p>\n<p style=\"text-align: justify;\">Ba\u015fbakan Erdo\u011fan, vatanda\u015flar\u0131n geli\u015fmeleri \u00e7ok iyi analiz etmelerini de isteyerek, &#8220;Bu haberlere kar\u015f\u0131 dikkatli olun. Fitnecilere, k\u0131\u015fk\u0131rtma yapanlara kar\u015f\u0131 dikkatli olun. M\u00fcsl\u00fcman elinden ve dilinden di\u011fer M\u00fcsl\u00fcman\u2019\u0131n da emin oldu\u011fu insand\u0131r. 76 milyon karde\u015f olal\u0131m. Ama karde\u015f olal\u0131m diyerek karde\u015fine kur\u015fun s\u0131kanlardan olmayal\u0131m. Karde\u015f olal\u0131m derken, karde\u015finin izzetiyle, onuruyla oynayanlardan olmayal\u0131m&#8221; dedi.<\/p>\n<p style=\"text-align: justify;\">Erdo\u011fan\u2019a konu\u015fmas\u0131n\u0131n sonunda Giresun\u2019daki silah fabrikas\u0131nda yap\u0131lan otomatik t\u00fcfek, kemen\u00e7e ve tablo hediye edildi. Kemen\u00e7eyi bir s\u00fcre \u00e7almay\u0131 deneyen Ba\u015fbakan partililerden b\u00fcy\u00fck alk\u0131\u015f ald\u0131. Bu s\u0131rada Bakan Binal\u0131 Y\u0131ld\u0131r\u0131m da Erdo\u011fan\u2019a mikrofon tuttu. Erdo\u011fan, alan\u0131 dolduran partililere e\u015fi Emine Erdo\u011fan\u2019la birlikte satran\u00e7 tak\u0131m\u0131 da\u011f\u0131tt\u0131ktan sonra helikopterle G\u00f6rele il\u00e7esine hareket etti.<\/p>\n<p style=\"text-align: justify;\"><strong>POL\u0130S &#8216;DO\u011eRU S\u00d6YLE&#8217; PANKARTINI \u0130ND\u0130RD\u0130<\/strong><\/p>\n<p style=\"text-align: justify;\">Bu arada Ba\u015fbakan Erdo\u011fan\u2019\u0131n helikopterle Giresun Liman\u0131&#8217;na geli\u015fi \u00f6ncesi Ak Parti bayraklar\u0131 ile s\u00fcsl\u00fc iki bal\u0131k\u00e7\u0131 teknesine, \u2018Do\u011fru s\u00f6yle arkada\u015f, dinine iman\u0131na, bal\u0131k\u00e7\u0131lar kavu\u015fsun yak\u0131nda liman\u0131na\u2019 ve &#8216;Recep Tayyip Erdo\u011fan halk\u0131yla bir arada, bal\u0131k\u00e7\u0131n\u0131n ba\u015fbakan\u0131 ekibiyle burada\u2019 yaz\u0131l\u0131 pankartlar\u0131 as\u0131ld\u0131. Ancak polis, Mustafa Kaptan ve O\u011fullar\u0131-2 adl\u0131 bal\u0131k\u00e7\u0131 teknesine as\u0131lan \u2018Do\u011fru s\u00f6yle arkada\u015f, dinine iman\u0131na bal\u0131k\u00e7\u0131lar kavu\u015fsun yak\u0131nda liman\u0131na\u2019 pankart\u0131n\u0131 indirdi. Polisler pankart\u0131 araca g\u00f6t\u00fcr\u00fcrken tekne sahiplerinin kimlikleri sorguland\u0131.<\/p>\n<p style=\"text-align: justify;\"><strong>T\u00dcRK\u0130YE B\u00dcY\u00dcD\u00dc, BUNLARIN RANTLARI KAYBOLDU<\/strong><\/p>\n<p style=\"text-align: justify;\">Helikopterle G\u00f6rele \u0130l\u00e7esi&#8217;ne gelen Ba\u015fbakan Recep Tayyip Erdo\u011fan&#8217;\u0131, Cumhuriyet Meydan\u0131&#8217;nda toplu a\u00e7\u0131l\u0131\u015f i\u00e7in d\u00fczenlenen platformda y\u00f6resel k\u0131yafetli kad\u0131nlar ku\u015fdiliyle, &#8216;Ho\u015fgeldiniz &#8216; diyerek kar\u015f\u0131lad\u0131. Burada halka hitap eden Erdo\u011fan, T\u00fcrkiye\u2019nin giderek b\u00fcy\u00fcd\u00fc\u011f\u00fcn\u00fc, bunun da baz\u0131lar\u0131n\u0131 rahats\u0131z etti\u011fini s\u00f6yledi. Erdo\u011fan, \u015f\u00f6yle konu\u015ftu:<\/p>\n<p style=\"text-align: justify;\">&#8220;11 y\u0131ld\u0131r sizden ald\u0131\u011f\u0131m\u0131z yetki ile sizinle birlikte, sizinle omuz omuza T\u00fcrkiye\u2019yi kutlu bir yolda b\u00fcy\u00fctmeye devam ettik, ediyoruz. 11 y\u0131l i\u00e7inde sand\u0131k yoluyla 7 kez kar\u015f\u0131n\u0131za \u00e7\u0131kt\u0131k. Oylar\u0131m\u0131z\u0131 artt\u0131rarak bizlere destek verdiniz. Sizlerle gururland\u0131k, sizlerle gurur duyduk. Siz bu kadroya, bu h\u00fck\u00fcmeti desteklerken birileri bundan \u00e7ok rahats\u0131z oldu, olmaya da devam ediyor. Milli iradeden, sand\u0131ktan rahats\u0131z oldular, milletten rahats\u0131z oldular. T\u00fcrkiye b\u00fcy\u00fcd\u00fck\u00e7e bunlar\u0131n rantlar\u0131 kayboldu, \u00e7\u0131karlar\u0131 zedelendi. D\u00fc\u015f\u00fck faizden rahats\u0131z oldular. Ah karde\u015fim; huzurdan, istikrardan, g\u00fcvenden, rahats\u0131z oldular. \u00c7\u00f6z\u00fcm s\u00fcrecinden rahats\u0131z oldular, \u015fehitler gelmiyor ya bundan rahats\u0131z oldular. Anneler, babalar, a\u011flam\u0131yor ya bundan rahats\u0131z oldular. Ocaklar s\u00f6nm\u00fcyor ya bundan rahats\u0131z oldular. Ama biz onlara ra\u011fmen bu yolda y\u00fcr\u00fcyoruz. \u00c7\u00fcnk\u00fc T\u00fcrkiye b\u00fcy\u00fcyor. Son \u00e7eyrekte 4.4 b\u00fcy\u00fcd\u00fck. B\u00fcy\u00fcmede d\u00fcnyada ilk 5 \u00fclke aras\u0131nday\u0131z. Son 9 ayda y\u00fczde 4 b\u00fcy\u00fcme kaydettik. D\u00fcnyan\u0131n ilk 17 ekonomisi aras\u0131nday\u0131z. Tabi bu, bunlar\u0131 rahats\u0131z ediyor. 3 kattan fazla b\u00fcy\u00fcd\u00fck, bu bunlar\u0131 rahats\u0131z ediyor. \u0130hracat\u0131m\u0131z 157,5 milyar dolara ula\u015ft\u0131. Bu onlara rahats\u0131z ediyor. T\u00fcrkiye&#8217;de bor\u00e7lanma faizi 4.5\u2019a inmi\u015fti, bundan rahats\u0131z oldular.&#8221;<\/p>\n<p style=\"text-align: justify;\"><strong>M\u0130NAREY\u0130 \u00c7ALMAK \u0130STED\u0130LER, YOLSUZLU\u011eU BUNUN KILIFI YAPMAYA \u00c7ALI\u015eTILAR<\/strong><\/p>\n<p style=\"text-align: justify;\">R\u00fc\u015fvet ve yolsuzluk iddialar\u0131yla ilgili konu\u015fan Ba\u015fbakan Erdo\u011fan, ya\u015fanan s\u00fcre\u00e7te su\u00e7lananlar\u0131n aklanarak \u00e7\u0131kaca\u011f\u0131n\u0131 belirterek konu\u015fmas\u0131n\u0131 \u015f\u00f6yle s\u00fcrd\u00fcrd\u00fc:<\/p>\n<p style=\"text-align: justify;\">&#8220;Hi\u00e7kimsenin endi\u015fesi olmas\u0131n. Bu millet bu oyunu bozacak. Biz dimdik ayaktay\u0131z, siz de ayakta duracaks\u0131n\u0131z. Biz bu \u00fclkeyi sokakta bulmad\u0131k. Ge\u00e7ti\u011fimiz hafta kurulan tuzak, yolsuzluk kisvesi alt\u0131nda yurtd\u0131\u015f\u0131nda senaryosu yaz\u0131lm\u0131\u015f bir tuzakt\u0131r. Minareyi \u00e7almak istediler, yolsuzlu\u011fu bunun k\u0131l\u0131f\u0131 yapmaya \u00e7al\u0131\u015ft\u0131lar. Devlet i\u00e7indeki \u00e7etelere ve onlar\u0131n efendilerine devlet cevab\u0131n\u0131 \u00e7ok sert \u015fekilde verecek. Kar\u015f\u0131m\u0131zdakiler hi\u00e7bir kural, hi\u00e7bir \u00f6l\u00e7\u00fc tan\u0131m\u0131yorlar. Ama\u00e7lar\u0131na ula\u015fmak i\u00e7in her yolu m\u00fcbah g\u00f6r\u00fcyorlar. Biz onlar gibi olamay\u0131z. Biz yalanla toplumu y\u00f6nlendiremeyiz. Biz ahlaki olmayan yollarla insanlar\u0131n \u015fereflerini ayaklar alt\u0131na alamay\u0131z. Onlar\u0131n d\u00fcmen suyunda yol alamay\u0131z. CHP&#8217;nin genel m\u00fcd\u00fcr\u00fc kasetle gelmi\u015f bir genel m\u00fcd\u00fcrd\u00fcr. Kendi genel ba\u015fkan\u0131na kar\u015f\u0131 uydurulan bir kasetle gelmi\u015ftir. O kaset olmasayd\u0131 bu genel m\u00fcd\u00fcr bu CHP\u2019nin ba\u015f\u0131nda olmayacakt\u0131. Biz mah\u015fer g\u00fcn\u00fc Allah\u2019a hesap verece\u011fimizi biliyoruz. Yapt\u0131\u011f\u0131m\u0131z her i\u015f i\u00e7in, att\u0131\u011f\u0131m\u0131z her ad\u0131m i\u00e7in hesab\u0131 verece\u011fimiz biliyoruz. Hesaba \u00e7ekilmeden \u00f6nce kendinize hesaba \u00e7ekin. Bu konuda kimse bize ak\u0131l vermesin. Bug\u00fcne kadar bu musibetleri nas\u0131l savu\u015fturduysak, yine sizlerle bu musibetleri savu\u015fturaca\u011f\u0131z. Bu s\u00fcre\u00e7te su\u00e7lananlar yarg\u0131dan aklanarak \u00e7\u0131kacaklar ve \u00e7\u0131kaca\u011f\u0131z.&#8221;<\/p>\n<p style=\"text-align: justify;\"><strong>K\u0130RALIK \u00d6RG\u00dcTLER\u0130N \u00c7\u00d6REKLENMES\u0130NE \u0130Z\u0130N VERMEYECE\u011e\u0130Z<\/strong><\/p>\n<p style=\"text-align: justify;\">\u00dckeyi faiz lobilerine, sermaye \u00e7evrelerine ve baronlara emanet etmeyeceklerinin belirterek konu\u015fmas\u0131n\u0131 s\u00fcrd\u00fcren Ba\u015fbakan Erdo\u011fan, &#8220;Kirli ittifaklar\u0131n bu \u00fclkenin \u00fczerine karabasan gibi \u00e7\u00f6kmesine izin vermeyece\u011fiz. Kiral\u0131k \u00f6rg\u00fctlerin \u00e7\u00f6reklenmesine izin vermeyece\u011fiz. \u0130stedikleri kadar \u015fantaj, tehdit ve provokasyonlara ba\u015fvursunlar, bunlara boyun e\u011fmeyece\u011fiz&#8221; dedi.<\/p>\n<p style=\"text-align: justify;\"><strong>K\u0130MSE DEVLET\u0130N \u0130\u00c7\u0130NDE PARALEL DEVLET KURAMAZ<\/strong><\/p>\n<p style=\"text-align: justify;\">Devlet i\u00e7inde paralel devlet kurmaya \u00e7al\u0131\u015fanlar oldu\u011funu belirten Ba\u015fbakan Recep Tayyip Erdo\u011fan, \u015funlar\u0131 s\u00f6yledi:<\/p>\n<p style=\"text-align: justify;\">&#8220;Devlet i\u00e7inde paralel devlete izin vermeyece\u011fiz. T\u00fcrkiye\u2019de tek devlet vard\u0131r. Tek devlet, tek bayrak, tek vatan ve tek millet. Kimse devletin i\u00e7inde paralel devlet kuramaz. \u0130dareyi vesayet alt\u0131na alamaz. Sizin hay\u0131r dualar\u0131n\u0131z ile o beddualar\u0131, o sald\u0131r\u0131lar\u0131 da sand\u0131\u011fa g\u00f6mecek\u011fiz. 30 Mart se\u00e7imleri art\u0131k \u00e7ok \u00e7ok \u00f6nem kazand\u0131. 30 Mart milletimizin kenetlendi\u011fi bir g\u00fcn olacakt\u0131r. 30 Mart art\u0131k T\u00fcrkiye\u2019nin kaderini ilgilendiriyor. 30 Mart T\u00fcrkiye\u2019nin mukaddes yolculu\u011funu ilgilendiriyor. T\u00fcrkiye\u2019nin demokrasisini, ba\u011f\u0131ms\u0131zl\u0131\u011f\u0131n\u0131 ilgilendiriyor. Allah\u2019\u0131n izniyle, sizin deste\u011finizle bir\u00e7ok badire atlatt\u0131k, krizleri a\u015ft\u0131k, tuza\u011f\u0131 bozduk. \u0130nan\u0131yorum ki bir kere daha kurulan tezgah\u0131 y\u0131kaca\u011f\u0131z. 30 Mart\u2019ta faiz lobisi baronlar \u00e7eteler de\u011fil, Allah\u2019\u0131n izniyle millet kazanacak.&#8221;<\/p>\n<p style=\"text-align: justify;\">Ba\u015fbakan Erdo\u011fan&#8217;a, konu\u015fmas\u0131n\u0131 tamamlad\u0131ktan sonra hediyeler verildi.<\/p>\n<p style=\"text-align: justify;\"><strong>BA\u015eBAKAN TRABZON HAVAL\u0130MANI&#8217;NDA KONU\u015eTU<\/strong><\/p>\n<p style=\"text-align: justify;\">Trabzon Havaliman\u0131\u2019nda, &#8216;Dik dur e\u011filme, Trabzon seninle&#8217; sloganlar\u0131 ile kar\u015f\u0131lanan Ba\u015fbakan Recep Tayyip Erdo\u011fan, &#8220;Hi\u00e7 endi\u015feniz olmas\u0131n. Dik duraca\u011f\u0131z, dikle\u015fmeyece\u011fiz. Bir olaca\u011f\u0131z, diri olaca\u011f\u0131z, beraber olaca\u011f\u0131z, karde\u015f olaca\u011f\u0131z. Hep birlikte T\u00fcrkiye olaca\u011f\u0131z&#8221; dedi. Erdo\u011fan&#8217;\u0131n, &#8220;B\u00fct\u00fcn bu kirli oyunlara, bu kirli tuzaklar\u0131 Trabzon, hep birlikte bozmaya var m\u0131y\u0131z?&#8221; s\u00f6zleri \u00fczerine, \u2018Evet&#8217; yan\u0131t\u0131n\u0131 al\u0131nca da, &#8220;Yeter. Bu zaten gerekli olan yerlere ula\u015fm\u0131\u015ft\u0131r. Yeter. S\u00f6z sizin, karar sizin ve burada g\u00f6r\u00fcld\u00fc\u011f\u00fc kadar\u0131yla fazla bir zaman yok. 30 Mart&#8217;ta sand\u0131kta en g\u00fczel cevab\u0131 vereceksiniz. Trabzonlu karde\u015flerim, b\u00fcy\u00fck\u015fehir vatanda\u015flar\u0131 olarak in\u015fallah T\u00fcrkiye&#8217;ye Karadeniz&#8217;den en g\u00fczel cevab\u0131 verecek&#8221; diye konu\u015ftu.<\/p>\n<p style=\"text-align: justify;\"><strong>AHLAK SINIRLARINI A\u015eMI\u015e T\u0130PLER T\u00dcRED\u0130<\/strong><\/p>\n<p style=\"text-align: justify;\">&#8220;Art\u0131k ahlak s\u0131n\u0131rlar\u0131n\u0131 a\u015fm\u0131\u015f tipler t\u00fcredi bu \u00fclkede&#8221; diyen Ba\u015fbakan Erdo\u011fan \u015f\u00f6yle konu\u015ftu:<\/p>\n<p style=\"text-align: justify;\">&#8220;Devletin i\u00e7erisinde paralel yap\u0131la\u015fmaya gayret edenler t\u00fcredi. Bu \u00e7ete ve \u00f6rg\u00fctler, nas\u0131l mafyay\u0131 \u00e7\u00f6kerttiysek, bu \u00e7eteleri de \u00e7\u00f6kertmi\u015ftik ama bunlar\u0131n \u015fekli farkl\u0131. \u015eimdi bunlara s\u0131ra geldi, bunlar\u0131 da \u00e7\u00f6kertece\u011fiz. Art\u0131k nereden gelirse gelsin, rengi ne olursa olsun asla bu konularda taviz yok. \u015eunu herkesin bilmesi gerekir; Anayasan\u0131n \u00e7izdi\u011fi s\u0131n\u0131rlar i\u00e7erisinde yasama nas\u0131l g\u00f6revini yap\u0131yorsa y\u00fcr\u00fctmede \u00f6yle yapacak, yarg\u0131da \u00f6yle yapacak. Yaln\u0131z bir erk, bir kuvvet g\u00f6revini yerine getirirken bir di\u011ferinin onun \u00fczerinde bask\u0131 olu\u015fturma gayreti i\u00e7erisine girmesi, girdi\u011fi taktirde yasamadaki g\u00fcc\u00fcm\u00fcz\u00fc de kullan\u0131r\u0131z, y\u00fcr\u00fctmedeki g\u00fcc\u00fcm\u00fcz\u00fc de kullan\u0131r\u0131z. Bunu sadece hakk\u0131n ve halk\u0131n talebi i\u00e7in kullan\u0131r\u0131z. \u015eunu iyi bilmemiz laz\u0131m; biz 11 y\u0131ll\u0131k m\u00fccadelemizde sadece bir tercih ortaya koyduk. Milletin iradesine sayg\u0131 dedik. Milletin iradesine sayg\u0131 yolunda her se\u00e7imde sizler bize hep destek oldunuz. S\u00fcrekli bize verdi\u011finiz destekle y\u00fczde 34&#8217;le ba\u015flayan s\u00fcreci y\u00fczde 50&#8217;ye t\u0131rmand\u0131rd\u0131n\u0131z. Ama demek ki bunlar y\u00fczde 50&#8217;nin dilinden de anlam\u0131yor. \u0130nan\u0131yorum ki 30 Mart&#8217;ta bu \u00e7ok daha farkl\u0131 olacak. Unun ad\u0131n\u0131 milletim koyacak. 30 Mart&#8217;a kadar durmak yok yola devam.&#8221;<\/p>\n<p style=\"text-align: justify;\">240 milyar dolar milli gelirle yol \u00e7\u0131kt\u0131klar\u0131n\u0131 ve \u015fu anda bu rakam\u0131n 800 milyar dolara ula\u015ft\u0131\u011f\u0131n\u0131 anlatan Ba\u015fbakan Erdo\u011fan, &#8220;Yolsuzluklar\u0131n oldu\u011fu bir iktidarda siz bunu yapabilir miydiniz?&#8221; diye sordu.<\/p>\n<p style=\"text-align: justify;\"><strong>BUNLARIN BU VATANI, M\u0130LLET\u0130 SEVD\u0130KLER\u0130NE \u0130NANMIYORUM<\/strong><\/p>\n<p style=\"text-align: justify;\">Ba\u015fbakan Erdo\u011fan, Merkez Bankas\u0131&#8217;n\u0131n 27.5 milyar dolar\u0131 varken bu rakam\u0131 rekor k\u0131rarak 136 milyar dolara \u00e7\u0131kard\u0131klar\u0131n\u0131 belirtti. Konu\u015fmas\u0131nda ge\u00e7mi\u015f d\u00f6nem iktidarlar\u0131n\u0131 ele\u015ftiren Erdo\u011fan \u015f\u00f6yle devam etti:<\/p>\n<p style=\"text-align: justify;\">&#8220;Yolsuzluklar\u0131n oldu\u011fu bir \u00fclkede bir taraftan IMF&#8217;yi s\u0131f\u0131rlayacaks\u0131n, bir taraftan Merkez Bankas\u0131&#8217;n\u0131 bu kadar g\u00fc\u00e7l\u00fc hale getireceksin. Bir taraftan son \u00e7eyrekte 4.4&#8217;l\u00fck bir b\u00fcy\u00fcme ile toplam\u0131nda y\u00fczde 4&#8217;l\u00fck bir b\u00fcy\u00fcmeyi yakalayacaks\u0131n. D\u00fcnyan\u0131n ilk 5&#8217;inin i\u00e7erisine gireceksin. Utanmadan, s\u0131k\u0131lmadan yolsuzluktan bahsedeceksin. Biz ge\u00e7mi\u015fteki CHP iktidarlar\u0131na da benzemeyiz, MHP iktidarlar\u0131na da benzemeyiz. MHP konu\u015fuyor. Sen ne konu\u015fuyorsun bir defa? Sana millet 5 y\u0131ll\u0131\u011fa iktidar verdi, 3.5 y\u0131lda b\u0131rak\u0131p ka\u00e7t\u0131n. Niye, y\u00f6netecek mecalleri kalmad\u0131. \u00c7\u00fcnk\u00fc Ziraat ve Halk Bankas\u0131&#8217;n\u0131 bat\u0131rd\u0131lar, g\u00f6rev zarar\u0131 yazd\u0131lar. Rakam 46 milyar dolara ula\u015ft\u0131. B\u00fct\u00fcn bunlar a\u015f\u0131ld\u0131. \u0130ki bankada en karl\u0131 bankalar i\u00e7erisine girdi. B\u00f6yle bir noktaday\u0131z. \u015eimdi halk Bankas\u0131&#8217;n\u0131 y\u0131kmaya \u00e7al\u0131\u015f\u0131yorlar. Bu oyunun i\u00e7erisinde yarg\u0131 ve y\u00fcr\u00fctmede var. Biz buna evet diyebilir miyiz? E\u011fer bireysel cezalar varsa bunu yapars\u0131n\u0131z. Ama Halk Bankam\u0131z\u0131 y\u0131kmak i\u00e7in b\u00f6yle bir yola ba\u015fvurmak hi\u00e7 kimsenin haddine de\u011fildir. Bunlar\u0131n bu milleti, bu vatan\u0131 sevdiklerine inanm\u0131yorum. \u00c7\u00fcnk\u00fc Nisan 2013&#8217;de ABD&#8217;de Halk Bankas\u0131&#8217;na y\u00f6nelik bir operasyonun projeleri haz\u0131rland\u0131, planlar\u0131 yap\u0131ld\u0131. Bunu kongreye getirmek istediler. Halk Bankas\u0131&#8217;n\u0131n uluslararas\u0131 piyasalardaki \u00e7al\u0131\u015fmalar\u0131na ket vurmak istediler. Bunu engelleyince rahats\u0131z oldular. Bu oyuna gelmedik, gelmiyoruz ve Halk bankas\u0131n\u0131 da yedirmeyece\u011fiz. Kusura bakmas\u0131nlar.&#8221;<\/p>\n<p style=\"text-align: justify;\"><strong>B\u0130Z M\u00dcSL\u00dcMANIN H\u0130DAYET\u0130N\u0130N ARTMASI \u0130\u00c7\u0130N DUA EDER\u0130Z, LANET\u0130 \u0130\u00c7\u0130N DE\u011e\u0130L<\/strong><\/p>\n<p style=\"text-align: justify;\">Konu\u015fmas\u0131 s\u0131ras\u0131nda s\u00f6zleri \u2018Dik dur e\u011filme, beddualar gelse de&#8217; sloganlar\u0131 ile kesilen Erdo\u011fan, &#8220;Biz M\u00fcsl\u00fcman&#8217;a lanetle emrolunmu\u015f bir topluluk de\u011filiz. Biz M\u00fcsl\u00fcman&#8217;\u0131n hidayetinin artmas\u0131 i\u00e7in dua ederiz, laneti i\u00e7in de\u011fil. Lanet M\u00fcsl\u00fcmanlar aras\u0131nda \u00f6yle berbat bir tezgaht\u0131r ki bumerang gibi d\u00f6ner, onu yapana gider. Bu bak\u0131mdan \u00e7ok hassas ve dikkatli olmam\u0131z laz\u0131m. Bin d\u00fc\u015f\u00fcn\u00fcp bir konu\u015fmak var ya, \u00f6yle yapmam\u0131z laz\u0131m. Bu makamlar gelip ge\u00e7icidir. Hangi makamda olursak olal\u0131m yar\u0131n an\u0131ld\u0131\u011f\u0131m\u0131zda hay\u0131rla yad edilmek \u00e7ok \u00f6nemli. Bu milletin b\u00f6l\u00fcnmesi var ya, bu \u00e7ok tehlikeli. Milletimizin b\u00f6l\u00fcnmesine vesile olanlar iflah etmez. Onun i\u00e7in \u00e7ok d\u00fc\u015f\u00fcnmeleri laz\u0131m. Karde\u015f olaca\u011f\u0131z dedim. Birileri havaalanlar\u0131n\u0131n \u00e7\u0131k\u0131\u015flar\u0131nda bilboardlara yazm\u0131\u015flar; \u2018Karde\u015f olaca\u011f\u0131z&#8217;. Bir tarafa geziciyi koymu\u015f, bir tarafa polisimizi; \u2018karde\u015f olaca\u011f\u0131z.&#8217; \u0130yi, g\u00fczel, karde\u015f olacaks\u0131n da bu nas\u0131l karde\u015flik ki \u00f6b\u00fcr taraftan karde\u015finizi lanetleyeceksin, beddua edeceksin? Bu nas\u0131l i\u015f? Sizin karde\u015fli\u011finiz elinde molotof kokteyli ile dola\u015fanlara kar\u015f\u0131 m\u0131? Sizin karde\u015fli\u011finiz benim esnaf\u0131m\u0131n cam\u0131n\u0131 \u00e7er\u00e7evesini indirenlere kar\u015f\u0131 m\u0131? Sizin karde\u015fli\u011finiz bizim polisimize kar\u015f\u0131 her t\u00fcrl\u00fc sald\u0131r\u0131y\u0131 yapan, arac\u0131n\u0131, gerecini, milli servetini yak\u0131p y\u0131kanlara kar\u015f\u0131 m\u0131? Karde\u015flerim, ama biz sabrediyoruz, sabredece\u011fiz. Ancak devletin i\u00e7erisindeki \u00e7etele\u015fmeye de m\u00fcsaade etmeyece\u011fiz&#8221; dedi.<\/p>\n<p style=\"text-align: justify;\"><strong>KEFEN\u0130M\u0130ZLE GELD\u0130K, \u00d6L\u00dcM\u00dcNE SEN\u0130NLEY\u0130Z<\/strong><\/p>\n<p style=\"text-align: justify;\">Bu arada, AK Parti \u00c7ar\u015f\u0131ba\u015f\u0131 \u0130l\u00e7esi Gen\u00e7lik kollar\u0131 \u00fcyesi yakla\u015f\u0131k 15 ki\u015finin, \u00fczerlerinde sembolik beyaz \u00f6rt\u00fc ile geldikleri havaliman\u0131nda, \u2018Kefenimizle geldik, \u00f6l\u00fcm\u00fcne seninleyiz&#8217; pankart\u0131 a\u00e7mas\u0131 dikkat \u00e7ekti. Ba\u015fbakan Erdo\u011fan&#8217;dan \u00f6nce alana gelen \u00c7evre ve \u015eehircilik Bakan\u0131 Erdo\u011fan Bayraktar da, vatanda\u015flar\u0131n yo\u011fun sevgi g\u00f6sterileri ile kar\u015f\u0131land\u0131.<\/p>\n<p style=\"text-align: justify;\">Ba\u015fbakan Erdo\u011fan daha sonra u\u00e7akla Pakistan&#8217;a hareket etti.<\/p>\n<p style=\"text-align: justify;\"><em><strong>http:\/\/www.dha.com.tr\/basbakan&#8211;erdogan-giresunda-konustu_569718.html<\/strong><\/em><\/p>\n","protected":false},"excerpt":{"rendered":"<p>Ba\u015fbakan Erdo\u011fan&#8217;\u0131n Karadeniz gezisi devam ediyor. BA\u015eBAKAN Recep Tayyip Erdo\u011fan, \u201c\u015eunu dost d\u00fc\u015fman \u00e7ok iyi bilsin; e\u011fer istiklalimize el uzatan olursa, e\u011fer bu \u00fclkeye el uzatan olursa, bu \u00fclkeyi kar\u0131\u015ft\u0131rmak i\u00e7in kirli tuzaklar kurulursa biz o elleri k\u0131rar\u0131z, biz o tuzaklar\u0131 bozar\u0131z. Benim bu g\u00fczel \u00fclkemde hi\u00e7 kimse ameliyat yapamaz. Bir tak\u0131m kirli eller, bir [&hellip;]<\/p>\n","protected":false},"author":7,"featured_media":0,"comment_status":"open","ping_status":"open","sticky":false,"template":"","format":"standard","meta":{"footnotes":""},"categories":[1],"tags":[],"class_list":["post-27616","post","type-post","status-publish","format-standard","hentry","category-haberler"],"yoast_head":"<!-- This site is optimized with the Yoast SEO plugin v27.4 - https:\/\/yoast.com\/product\/yoast-seo-wordpress\/ -->\n<title>&#039;O elleri k\u0131rar, o tuzaklar\u0131 bozar\u0131z&#039; - Bati Ermenistan Ve Bati Ermenileri Sorunlari Ara\u015ftirmalar Merkezi<\/title>\n<meta name=\"robots\" content=\"index, follow, max-snippet:-1, max-image-preview:large, max-video-preview:-1\" \/>\n<link rel=\"canonical\" href=\"https:\/\/akunq.net\/tr\/?p=27616\" \/>\n<meta property=\"og:locale\" content=\"en_US\" \/>\n<meta property=\"og:type\" content=\"article\" \/>\n<meta property=\"og:title\" content=\"&#039;O elleri k\u0131rar, o tuzaklar\u0131 bozar\u0131z&#039; - Bati Ermenistan Ve Bati Ermenileri Sorunlari Ara\u015ftirmalar Merkezi\" \/>\n<meta property=\"og:description\" content=\"Ba\u015fbakan Erdo\u011fan&#8217;\u0131n Karadeniz gezisi devam ediyor. BA\u015eBAKAN Recep Tayyip Erdo\u011fan, \u201c\u015eunu dost d\u00fc\u015fman \u00e7ok iyi bilsin; e\u011fer istiklalimize el uzatan olursa, e\u011fer bu \u00fclkeye el uzatan olursa, bu \u00fclkeyi kar\u0131\u015ft\u0131rmak i\u00e7in kirli tuzaklar kurulursa biz o elleri k\u0131rar\u0131z, biz o tuzaklar\u0131 bozar\u0131z. Benim bu g\u00fczel \u00fclkemde hi\u00e7 kimse ameliyat yapamaz. Bir tak\u0131m kirli eller, bir [&hellip;]\" \/>\n<meta property=\"og:url\" content=\"https:\/\/akunq.net\/tr\/?p=27616\" \/>\n<meta property=\"og:site_name\" content=\"Bati Ermenistan Ve Bati Ermenileri Sorunlari Ara\u015ftirmalar Merkezi\" \/>\n<meta property=\"article:published_time\" content=\"2013-12-24T07:50:57+00:00\" \/>\n<meta name=\"author\" content=\"admin\" \/>\n<meta name=\"twitter:card\" content=\"summary_large_image\" \/>\n<meta name=\"twitter:label1\" content=\"Written by\" \/>\n\t<meta name=\"twitter:data1\" content=\"admin\" \/>\n\t<meta name=\"twitter:label2\" content=\"Est. reading time\" \/>\n\t<meta name=\"twitter:data2\" content=\"21 minutes\" \/>\n<script type=\"application\/ld+json\" class=\"yoast-schema-graph\">{\"@context\":\"https:\\\/\\\/schema.org\",\"@graph\":[{\"@type\":\"Article\",\"@id\":\"https:\\\/\\\/akunq.net\\\/tr\\\/?p=27616#article\",\"isPartOf\":{\"@id\":\"https:\\\/\\\/akunq.net\\\/tr\\\/?p=27616\"},\"author\":{\"name\":\"admin\",\"@id\":\"https:\\\/\\\/akunq.net\\\/tr\\\/#\\\/schema\\\/person\\\/096f1d38a12cce57fb855b485ed24c9e\"},\"headline\":\"&#8216;O elleri k\u0131rar, o tuzaklar\u0131 bozar\u0131z&#8217;\",\"datePublished\":\"2013-12-24T07:50:57+00:00\",\"mainEntityOfPage\":{\"@id\":\"https:\\\/\\\/akunq.net\\\/tr\\\/?p=27616\"},\"wordCount\":4115,\"commentCount\":0,\"articleSection\":[\"Haberler\"],\"inLanguage\":\"en-US\",\"potentialAction\":[{\"@type\":\"CommentAction\",\"name\":\"Comment\",\"target\":[\"https:\\\/\\\/akunq.net\\\/tr\\\/?p=27616#respond\"]}]},{\"@type\":\"WebPage\",\"@id\":\"https:\\\/\\\/akunq.net\\\/tr\\\/?p=27616\",\"url\":\"https:\\\/\\\/akunq.net\\\/tr\\\/?p=27616\",\"name\":\"'O elleri k\u0131rar, o tuzaklar\u0131 bozar\u0131z' - Bati Ermenistan Ve Bati Ermenileri Sorunlari Ara\u015ftirmalar Merkezi\",\"isPartOf\":{\"@id\":\"https:\\\/\\\/akunq.net\\\/tr\\\/#website\"},\"datePublished\":\"2013-12-24T07:50:57+00:00\",\"author\":{\"@id\":\"https:\\\/\\\/akunq.net\\\/tr\\\/#\\\/schema\\\/person\\\/096f1d38a12cce57fb855b485ed24c9e\"},\"breadcrumb\":{\"@id\":\"https:\\\/\\\/akunq.net\\\/tr\\\/?p=27616#breadcrumb\"},\"inLanguage\":\"en-US\",\"potentialAction\":[{\"@type\":\"ReadAction\",\"target\":[\"https:\\\/\\\/akunq.net\\\/tr\\\/?p=27616\"]}]},{\"@type\":\"BreadcrumbList\",\"@id\":\"https:\\\/\\\/akunq.net\\\/tr\\\/?p=27616#breadcrumb\",\"itemListElement\":[{\"@type\":\"ListItem\",\"position\":1,\"name\":\"Home\",\"item\":\"https:\\\/\\\/akunq.net\\\/tr\"},{\"@type\":\"ListItem\",\"position\":2,\"name\":\"&#8216;O elleri k\u0131rar, o tuzaklar\u0131 bozar\u0131z&#8217;\"}]},{\"@type\":\"WebSite\",\"@id\":\"https:\\\/\\\/akunq.net\\\/tr\\\/#website\",\"url\":\"https:\\\/\\\/akunq.net\\\/tr\\\/\",\"name\":\"Bati Ermenistan Ve Bati Ermenileri Sorunlari Ara\u015ftirmalar Merkezi\",\"description\":\"\",\"potentialAction\":[{\"@type\":\"SearchAction\",\"target\":{\"@type\":\"EntryPoint\",\"urlTemplate\":\"https:\\\/\\\/akunq.net\\\/tr\\\/?s={search_term_string}\"},\"query-input\":{\"@type\":\"PropertyValueSpecification\",\"valueRequired\":true,\"valueName\":\"search_term_string\"}}],\"inLanguage\":\"en-US\"},{\"@type\":\"Person\",\"@id\":\"https:\\\/\\\/akunq.net\\\/tr\\\/#\\\/schema\\\/person\\\/096f1d38a12cce57fb855b485ed24c9e\",\"name\":\"admin\",\"url\":\"https:\\\/\\\/akunq.net\\\/tr\\\/?author=7\"}]}<\/script>\n<!-- \/ Yoast SEO plugin. -->","yoast_head_json":{"title":"'O elleri k\u0131rar, o tuzaklar\u0131 bozar\u0131z' - Bati Ermenistan Ve Bati Ermenileri Sorunlari Ara\u015ftirmalar Merkezi","robots":{"index":"index","follow":"follow","max-snippet":"max-snippet:-1","max-image-preview":"max-image-preview:large","max-video-preview":"max-video-preview:-1"},"canonical":"https:\/\/akunq.net\/tr\/?p=27616","og_locale":"en_US","og_type":"article","og_title":"'O elleri k\u0131rar, o tuzaklar\u0131 bozar\u0131z' - Bati Ermenistan Ve Bati Ermenileri Sorunlari Ara\u015ftirmalar Merkezi","og_description":"Ba\u015fbakan Erdo\u011fan&#8217;\u0131n Karadeniz gezisi devam ediyor. BA\u015eBAKAN Recep Tayyip Erdo\u011fan, \u201c\u015eunu dost d\u00fc\u015fman \u00e7ok iyi bilsin; e\u011fer istiklalimize el uzatan olursa, e\u011fer bu \u00fclkeye el uzatan olursa, bu \u00fclkeyi kar\u0131\u015ft\u0131rmak i\u00e7in kirli tuzaklar kurulursa biz o elleri k\u0131rar\u0131z, biz o tuzaklar\u0131 bozar\u0131z. Benim bu g\u00fczel \u00fclkemde hi\u00e7 kimse ameliyat yapamaz. Bir tak\u0131m kirli eller, bir [&hellip;]","og_url":"https:\/\/akunq.net\/tr\/?p=27616","og_site_name":"Bati Ermenistan Ve Bati Ermenileri Sorunlari Ara\u015ftirmalar Merkezi","article_published_time":"2013-12-24T07:50:57+00:00","author":"admin","twitter_card":"summary_large_image","twitter_misc":{"Written by":"admin","Est. reading time":"21 minutes"},"schema":{"@context":"https:\/\/schema.org","@graph":[{"@type":"Article","@id":"https:\/\/akunq.net\/tr\/?p=27616#article","isPartOf":{"@id":"https:\/\/akunq.net\/tr\/?p=27616"},"author":{"name":"admin","@id":"https:\/\/akunq.net\/tr\/#\/schema\/person\/096f1d38a12cce57fb855b485ed24c9e"},"headline":"&#8216;O elleri k\u0131rar, o tuzaklar\u0131 bozar\u0131z&#8217;","datePublished":"2013-12-24T07:50:57+00:00","mainEntityOfPage":{"@id":"https:\/\/akunq.net\/tr\/?p=27616"},"wordCount":4115,"commentCount":0,"articleSection":["Haberler"],"inLanguage":"en-US","potentialAction":[{"@type":"CommentAction","name":"Comment","target":["https:\/\/akunq.net\/tr\/?p=27616#respond"]}]},{"@type":"WebPage","@id":"https:\/\/akunq.net\/tr\/?p=27616","url":"https:\/\/akunq.net\/tr\/?p=27616","name":"'O elleri k\u0131rar, o tuzaklar\u0131 bozar\u0131z' - Bati Ermenistan Ve Bati Ermenileri Sorunlari Ara\u015ftirmalar Merkezi","isPartOf":{"@id":"https:\/\/akunq.net\/tr\/#website"},"datePublished":"2013-12-24T07:50:57+00:00","author":{"@id":"https:\/\/akunq.net\/tr\/#\/schema\/person\/096f1d38a12cce57fb855b485ed24c9e"},"breadcrumb":{"@id":"https:\/\/akunq.net\/tr\/?p=27616#breadcrumb"},"inLanguage":"en-US","potentialAction":[{"@type":"ReadAction","target":["https:\/\/akunq.net\/tr\/?p=27616"]}]},{"@type":"BreadcrumbList","@id":"https:\/\/akunq.net\/tr\/?p=27616#breadcrumb","itemListElement":[{"@type":"ListItem","position":1,"name":"Home","item":"https:\/\/akunq.net\/tr"},{"@type":"ListItem","position":2,"name":"&#8216;O elleri k\u0131rar, o tuzaklar\u0131 bozar\u0131z&#8217;"}]},{"@type":"WebSite","@id":"https:\/\/akunq.net\/tr\/#website","url":"https:\/\/akunq.net\/tr\/","name":"Bati Ermenistan Ve Bati Ermenileri Sorunlari Ara\u015ftirmalar Merkezi","description":"","potentialAction":[{"@type":"SearchAction","target":{"@type":"EntryPoint","urlTemplate":"https:\/\/akunq.net\/tr\/?s={search_term_string}"},"query-input":{"@type":"PropertyValueSpecification","valueRequired":true,"valueName":"search_term_string"}}],"inLanguage":"en-US"},{"@type":"Person","@id":"https:\/\/akunq.net\/tr\/#\/schema\/person\/096f1d38a12cce57fb855b485ed24c9e","name":"admin","url":"https:\/\/akunq.net\/tr\/?author=7"}]}},"_links":{"self":[{"href":"https:\/\/akunq.net\/tr\/index.php?rest_route=\/wp\/v2\/posts\/27616","targetHints":{"allow":["GET"]}}],"collection":[{"href":"https:\/\/akunq.net\/tr\/index.php?rest_route=\/wp\/v2\/posts"}],"about":[{"href":"https:\/\/akunq.net\/tr\/index.php?rest_route=\/wp\/v2\/types\/post"}],"author":[{"embeddable":true,"href":"https:\/\/akunq.net\/tr\/index.php?rest_route=\/wp\/v2\/users\/7"}],"replies":[{"embeddable":true,"href":"https:\/\/akunq.net\/tr\/index.php?rest_route=%2Fwp%2Fv2%2Fcomments&post=27616"}],"version-history":[{"count":1,"href":"https:\/\/akunq.net\/tr\/index.php?rest_route=\/wp\/v2\/posts\/27616\/revisions"}],"predecessor-version":[{"id":27618,"href":"https:\/\/akunq.net\/tr\/index.php?rest_route=\/wp\/v2\/posts\/27616\/revisions\/27618"}],"wp:attachment":[{"href":"https:\/\/akunq.net\/tr\/index.php?rest_route=%2Fwp%2Fv2%2Fmedia&parent=27616"}],"wp:term":[{"taxonomy":"category","embeddable":true,"href":"https:\/\/akunq.net\/tr\/index.php?rest_route=%2Fwp%2Fv2%2Fcategories&post=27616"},{"taxonomy":"post_tag","embeddable":true,"href":"https:\/\/akunq.net\/tr\/index.php?rest_route=%2Fwp%2Fv2%2Ftags&post=27616"}],"curies":[{"name":"wp","href":"https:\/\/api.w.org\/{rel}","templated":true}]}}