{"id":27613,"date":"2013-12-24T02:32:40","date_gmt":"2013-12-24T07:32:40","guid":{"rendered":"http:\/\/akunq.net\/tr\/?p=27613"},"modified":"2013-12-24T02:32:40","modified_gmt":"2013-12-24T07:32:40","slug":"ermeni-ronesansi-paris-avrupa-mahkemesi-%e2%80%b3ifade-ozgurlugu%e2%80%b3nun-derin-anlamini-carpitti","status":"publish","type":"post","link":"https:\/\/akunq.net\/tr\/?p=27613","title":{"rendered":"\u00abErmeni R\u00f6nesans\u0131-Paris\u00bb: Avrupa Mahkemesi \u2033ifade \u00f6zg\u00fcrl\u00fc\u011f\u00fc\u2033n\u00fcn derin anlam\u0131n\u0131 \u00e7arp\u0131tt\u0131"},"content":{"rendered":"<p style=\"text-align: justify;\"><b><i><a href=\"http:\/\/akunq.net\/tr\/wp-content\/uploads\/2013\/12\/Ermeni-R\u00f6nesans\u0131-Paris.jpg\"><img loading=\"lazy\" decoding=\"async\" class=\"alignright size-medium wp-image-27614\" alt=\"Ermeni R\u00f6nesans\u0131-Paris\" src=\"http:\/\/akunq.net\/tr\/wp-content\/uploads\/2013\/12\/Ermeni-R\u00f6nesans\u0131-Paris-300x224.jpg\" width=\"300\" height=\"224\" srcset=\"https:\/\/akunq.net\/tr\/wp-content\/uploads\/sites\/6\/2013\/12\/Ermeni-R\u00f6nesans\u0131-Paris-300x224.jpg 300w, https:\/\/akunq.net\/tr\/wp-content\/uploads\/sites\/6\/2013\/12\/Ermeni-R\u00f6nesans\u0131-Paris.jpg 314w\" sizes=\"auto, (max-width: 300px) 100vw, 300px\" \/><\/a>\u00abErmeni R\u00f6nesans\u0131-Paris\u00bb kurulu\u015fu, Avrupa \u0130nsan Haklar\u0131 Mahkemesinin (A\u0130HM)\u00a0 17 Aral\u0131k\u2019ta Do\u011fu Perin\u00e7k\u2019e ili\u015fkin verdi\u011fi karar\u0131 k\u0131namaktad\u0131r.<\/i><\/b><\/p>\n<p style=\"text-align: justify;\">Kurulu\u015fun, konuya ili\u015fkin duyurusunda \u015funlar kaydededilmekte:<\/p>\n<p style=\"text-align: justify;\">\u00ab17 Aral\u0131k 2013\u2019te Strasbourg\u2019da\u00a0 A\u0130HM\u2019nin verdi\u011fi\u00a0 karara g\u00f6re, Ermeni Soyk\u0131r\u0131m\u0131n\u0131n inkar\u0131 su\u00e7 say\u0131lmamaktad\u0131r.<\/p>\n<p style=\"text-align: justify;\">Bu karara g\u00f6re, inkarc\u0131 yakla\u015f\u0131mlara sahip\u00a0 T\u00fcrkiye \u0130\u015f\u00e7i Partisi Gn. B\u015fk. Do\u011fu Perin\u00e7ek\u2019in 2007 y\u0131l\u0131nda \u0130svi\u00e7re adaleti taraf\u0131ndan mahkum edilmesi, ifade \u00f6zg\u00fcrl\u00fc\u011f\u00fcn\u00fc ihlal etmektedir.<\/p>\n<p style=\"text-align: justify;\">\u00abErmeni R\u00f6nesans\u0131-Paris\u00bb kurulu\u015fu bu karar\u0131 sert bir \u015fekilde k\u0131namaktad\u0131r.<\/p>\n<p style=\"text-align: justify;\">Bu kararla A\u0130HM \u2033ifade \u00f6zg\u00fcrl\u00fc\u011f\u00fc\u2033n\u00fcn derin anlam\u0131n\u0131 \u00e7arp\u0131tmakta, insan onuru hakk\u0131 ilkesine kar\u015f\u0131 olanlar\u0131n eline m\u00fchimmat vermektedir.<\/p>\n<p style=\"text-align: justify;\">Bu kararla A\u0130HM, kendisi taraf\u0131ndan \u00fcstlenilen y\u00fck\u00fcml\u00fcl\u00fc\u011f\u00fc diskalifiye etme e\u011filimindedir.<\/p>\n<p style=\"text-align: justify;\">Bu kararla A\u0130HM Ermeni halk\u0131n\u0131n varl\u0131k hakk\u0131n\u0131 inkar etmekte ve T\u00fcrk halk\u0131na kendi tarihine y\u00f6nelik ger\u00e7ekli\u011fi a\u00e7\u0131\u011fa \u00e7\u0131karma hakk\u0131 vermemektedir. Bug\u00fcn bu karar Ermenilere kar\u015f\u0131d\u0131r, yar\u0131n ise di\u011fer halklara kar\u015f\u0131 olacakt\u0131r.<\/p>\n<p style=\"text-align: justify;\">Bu karar bilgisizli\u011fe gebedir, umursamazl\u0131kla kabul edilmi\u015ftir; bilinmez menfaatleri dikkate alarak, Ermeni halk\u0131n\u0131n ba\u015f\u0131na geleni g\u00f6rmezden\u00a0 gelerek, T\u00fcrkiye devletinin resmi inkarc\u0131 ideolojinin ta\u015f\u0131y\u0131c\u0131s\u0131 oldu\u011funu ve su\u00e7lar\u0131n su\u00e7unu teyid eden Do\u011fu Perin\u00e7ek\u2019in bu ideolojinin \u0131srarl\u0131 hizmetkar\u0131 oldu\u011fu g\u00f6rmezden gelme arzusuyla kabul edilmi\u015ftir.<\/p>\n<p style=\"text-align: justify;\">Ermeni R\u00f6nesans\u0131-Paris, bu karar\u0131 k\u0131namaktad\u0131r; bunun sonu\u00e7lar\u0131 olduk\u00e7a ciddi olabilir ve konuya vak\u0131f \u00f6zg\u00fcr d\u00fc\u015f\u00fcnceli \u015fahsiyetlere tepki g\u00f6sterme tavsiyesinde bulunmaktad\u0131r.<\/p>\n<p style=\"text-align: justify;\">Ermeni R\u00f6nesans\u0131-Paris, Ermenistan ve onun s\u0131n\u0131rlar\u0131 d\u0131\u015f\u0131ndaki\u00a0 t\u00fcm Ermenileri \u015fahsen di\u011fer olas\u0131 merciler nezdinde tepki g\u00f6stermeye (ba\u015fvurular, mektuplar vb.) davet etmektedir.<\/p>\n<p style=\"text-align: justify;\"><b><i>http:\/\/news.am\/tur\/news\/186548.html<\/i><\/b><\/p>\n","protected":false},"excerpt":{"rendered":"<p>\u00abErmeni R\u00f6nesans\u0131-Paris\u00bb kurulu\u015fu, Avrupa \u0130nsan Haklar\u0131 Mahkemesinin (A\u0130HM)\u00a0 17 Aral\u0131k\u2019ta Do\u011fu Perin\u00e7k\u2019e ili\u015fkin verdi\u011fi karar\u0131 k\u0131namaktad\u0131r. Kurulu\u015fun, konuya ili\u015fkin duyurusunda \u015funlar kaydededilmekte: \u00ab17 Aral\u0131k 2013\u2019te Strasbourg\u2019da\u00a0 A\u0130HM\u2019nin verdi\u011fi\u00a0 karara g\u00f6re, Ermeni Soyk\u0131r\u0131m\u0131n\u0131n inkar\u0131 su\u00e7 say\u0131lmamaktad\u0131r. Bu karara g\u00f6re, inkarc\u0131 yakla\u015f\u0131mlara sahip\u00a0 T\u00fcrkiye \u0130\u015f\u00e7i Partisi Gn. B\u015fk. Do\u011fu Perin\u00e7ek\u2019in 2007 y\u0131l\u0131nda \u0130svi\u00e7re adaleti taraf\u0131ndan mahkum edilmesi, [&hellip;]<\/p>\n","protected":false},"author":7,"featured_media":0,"comment_status":"open","ping_status":"open","sticky":false,"template":"","format":"standard","meta":{"footnotes":""},"categories":[1],"tags":[],"class_list":["post-27613","post","type-post","status-publish","format-standard","hentry","category-haberler"],"yoast_head":"<!-- This site is optimized with the Yoast SEO plugin v27.4 - https:\/\/yoast.com\/product\/yoast-seo-wordpress\/ -->\n<title>\u00abErmeni R\u00f6nesans\u0131-Paris\u00bb: Avrupa Mahkemesi \u2033ifade \u00f6zg\u00fcrl\u00fc\u011f\u00fc\u2033n\u00fcn derin anlam\u0131n\u0131 \u00e7arp\u0131tt\u0131 - Bati Ermenistan Ve Bati Ermenileri Sorunlari Ara\u015ftirmalar Merkezi<\/title>\n<meta name=\"robots\" content=\"index, follow, max-snippet:-1, max-image-preview:large, max-video-preview:-1\" \/>\n<link rel=\"canonical\" href=\"https:\/\/akunq.net\/tr\/?p=27613\" \/>\n<meta property=\"og:locale\" content=\"en_US\" \/>\n<meta property=\"og:type\" content=\"article\" \/>\n<meta property=\"og:title\" content=\"\u00abErmeni R\u00f6nesans\u0131-Paris\u00bb: Avrupa Mahkemesi \u2033ifade \u00f6zg\u00fcrl\u00fc\u011f\u00fc\u2033n\u00fcn derin anlam\u0131n\u0131 \u00e7arp\u0131tt\u0131 - Bati Ermenistan Ve Bati Ermenileri Sorunlari Ara\u015ftirmalar Merkezi\" \/>\n<meta property=\"og:description\" content=\"\u00abErmeni R\u00f6nesans\u0131-Paris\u00bb kurulu\u015fu, Avrupa \u0130nsan Haklar\u0131 Mahkemesinin (A\u0130HM)\u00a0 17 Aral\u0131k\u2019ta Do\u011fu Perin\u00e7k\u2019e ili\u015fkin verdi\u011fi karar\u0131 k\u0131namaktad\u0131r. Kurulu\u015fun, konuya ili\u015fkin duyurusunda \u015funlar kaydededilmekte: \u00ab17 Aral\u0131k 2013\u2019te Strasbourg\u2019da\u00a0 A\u0130HM\u2019nin verdi\u011fi\u00a0 karara g\u00f6re, Ermeni Soyk\u0131r\u0131m\u0131n\u0131n inkar\u0131 su\u00e7 say\u0131lmamaktad\u0131r. Bu karara g\u00f6re, inkarc\u0131 yakla\u015f\u0131mlara sahip\u00a0 T\u00fcrkiye \u0130\u015f\u00e7i Partisi Gn. B\u015fk. Do\u011fu Perin\u00e7ek\u2019in 2007 y\u0131l\u0131nda \u0130svi\u00e7re adaleti taraf\u0131ndan mahkum edilmesi, [&hellip;]\" \/>\n<meta property=\"og:url\" content=\"https:\/\/akunq.net\/tr\/?p=27613\" \/>\n<meta property=\"og:site_name\" content=\"Bati Ermenistan Ve Bati Ermenileri Sorunlari Ara\u015ftirmalar Merkezi\" \/>\n<meta property=\"article:published_time\" content=\"2013-12-24T07:32:40+00:00\" \/>\n<meta name=\"author\" content=\"admin\" \/>\n<meta name=\"twitter:card\" content=\"summary_large_image\" \/>\n<meta name=\"twitter:label1\" content=\"Written by\" \/>\n\t<meta name=\"twitter:data1\" content=\"admin\" \/>\n\t<meta name=\"twitter:label2\" content=\"Est. reading time\" \/>\n\t<meta name=\"twitter:data2\" content=\"2 minutes\" \/>\n<script type=\"application\/ld+json\" class=\"yoast-schema-graph\">{\"@context\":\"https:\\\/\\\/schema.org\",\"@graph\":[{\"@type\":\"Article\",\"@id\":\"https:\\\/\\\/akunq.net\\\/tr\\\/?p=27613#article\",\"isPartOf\":{\"@id\":\"https:\\\/\\\/akunq.net\\\/tr\\\/?p=27613\"},\"author\":{\"name\":\"admin\",\"@id\":\"https:\\\/\\\/akunq.net\\\/tr\\\/#\\\/schema\\\/person\\\/096f1d38a12cce57fb855b485ed24c9e\"},\"headline\":\"\u00abErmeni R\u00f6nesans\u0131-Paris\u00bb: Avrupa Mahkemesi \u2033ifade \u00f6zg\u00fcrl\u00fc\u011f\u00fc\u2033n\u00fcn derin anlam\u0131n\u0131 \u00e7arp\u0131tt\u0131\",\"datePublished\":\"2013-12-24T07:32:40+00:00\",\"mainEntityOfPage\":{\"@id\":\"https:\\\/\\\/akunq.net\\\/tr\\\/?p=27613\"},\"wordCount\":344,\"commentCount\":0,\"articleSection\":[\"Haberler\"],\"inLanguage\":\"en-US\",\"potentialAction\":[{\"@type\":\"CommentAction\",\"name\":\"Comment\",\"target\":[\"https:\\\/\\\/akunq.net\\\/tr\\\/?p=27613#respond\"]}]},{\"@type\":\"WebPage\",\"@id\":\"https:\\\/\\\/akunq.net\\\/tr\\\/?p=27613\",\"url\":\"https:\\\/\\\/akunq.net\\\/tr\\\/?p=27613\",\"name\":\"\u00abErmeni R\u00f6nesans\u0131-Paris\u00bb: Avrupa Mahkemesi \u2033ifade \u00f6zg\u00fcrl\u00fc\u011f\u00fc\u2033n\u00fcn derin anlam\u0131n\u0131 \u00e7arp\u0131tt\u0131 - Bati Ermenistan Ve Bati Ermenileri Sorunlari Ara\u015ftirmalar Merkezi\",\"isPartOf\":{\"@id\":\"https:\\\/\\\/akunq.net\\\/tr\\\/#website\"},\"datePublished\":\"2013-12-24T07:32:40+00:00\",\"author\":{\"@id\":\"https:\\\/\\\/akunq.net\\\/tr\\\/#\\\/schema\\\/person\\\/096f1d38a12cce57fb855b485ed24c9e\"},\"breadcrumb\":{\"@id\":\"https:\\\/\\\/akunq.net\\\/tr\\\/?p=27613#breadcrumb\"},\"inLanguage\":\"en-US\",\"potentialAction\":[{\"@type\":\"ReadAction\",\"target\":[\"https:\\\/\\\/akunq.net\\\/tr\\\/?p=27613\"]}]},{\"@type\":\"BreadcrumbList\",\"@id\":\"https:\\\/\\\/akunq.net\\\/tr\\\/?p=27613#breadcrumb\",\"itemListElement\":[{\"@type\":\"ListItem\",\"position\":1,\"name\":\"Home\",\"item\":\"https:\\\/\\\/akunq.net\\\/tr\"},{\"@type\":\"ListItem\",\"position\":2,\"name\":\"\u00abErmeni R\u00f6nesans\u0131-Paris\u00bb: Avrupa Mahkemesi \u2033ifade \u00f6zg\u00fcrl\u00fc\u011f\u00fc\u2033n\u00fcn derin anlam\u0131n\u0131 \u00e7arp\u0131tt\u0131\"}]},{\"@type\":\"WebSite\",\"@id\":\"https:\\\/\\\/akunq.net\\\/tr\\\/#website\",\"url\":\"https:\\\/\\\/akunq.net\\\/tr\\\/\",\"name\":\"Bati Ermenistan Ve Bati Ermenileri Sorunlari Ara\u015ftirmalar Merkezi\",\"description\":\"\",\"potentialAction\":[{\"@type\":\"SearchAction\",\"target\":{\"@type\":\"EntryPoint\",\"urlTemplate\":\"https:\\\/\\\/akunq.net\\\/tr\\\/?s={search_term_string}\"},\"query-input\":{\"@type\":\"PropertyValueSpecification\",\"valueRequired\":true,\"valueName\":\"search_term_string\"}}],\"inLanguage\":\"en-US\"},{\"@type\":\"Person\",\"@id\":\"https:\\\/\\\/akunq.net\\\/tr\\\/#\\\/schema\\\/person\\\/096f1d38a12cce57fb855b485ed24c9e\",\"name\":\"admin\",\"url\":\"https:\\\/\\\/akunq.net\\\/tr\\\/?author=7\"}]}<\/script>\n<!-- \/ Yoast SEO plugin. -->","yoast_head_json":{"title":"\u00abErmeni R\u00f6nesans\u0131-Paris\u00bb: Avrupa Mahkemesi \u2033ifade \u00f6zg\u00fcrl\u00fc\u011f\u00fc\u2033n\u00fcn derin anlam\u0131n\u0131 \u00e7arp\u0131tt\u0131 - Bati Ermenistan Ve Bati Ermenileri Sorunlari Ara\u015ftirmalar Merkezi","robots":{"index":"index","follow":"follow","max-snippet":"max-snippet:-1","max-image-preview":"max-image-preview:large","max-video-preview":"max-video-preview:-1"},"canonical":"https:\/\/akunq.net\/tr\/?p=27613","og_locale":"en_US","og_type":"article","og_title":"\u00abErmeni R\u00f6nesans\u0131-Paris\u00bb: Avrupa Mahkemesi \u2033ifade \u00f6zg\u00fcrl\u00fc\u011f\u00fc\u2033n\u00fcn derin anlam\u0131n\u0131 \u00e7arp\u0131tt\u0131 - Bati Ermenistan Ve Bati Ermenileri Sorunlari Ara\u015ftirmalar Merkezi","og_description":"\u00abErmeni R\u00f6nesans\u0131-Paris\u00bb kurulu\u015fu, Avrupa \u0130nsan Haklar\u0131 Mahkemesinin (A\u0130HM)\u00a0 17 Aral\u0131k\u2019ta Do\u011fu Perin\u00e7k\u2019e ili\u015fkin verdi\u011fi karar\u0131 k\u0131namaktad\u0131r. Kurulu\u015fun, konuya ili\u015fkin duyurusunda \u015funlar kaydededilmekte: \u00ab17 Aral\u0131k 2013\u2019te Strasbourg\u2019da\u00a0 A\u0130HM\u2019nin verdi\u011fi\u00a0 karara g\u00f6re, Ermeni Soyk\u0131r\u0131m\u0131n\u0131n inkar\u0131 su\u00e7 say\u0131lmamaktad\u0131r. Bu karara g\u00f6re, inkarc\u0131 yakla\u015f\u0131mlara sahip\u00a0 T\u00fcrkiye \u0130\u015f\u00e7i Partisi Gn. B\u015fk. Do\u011fu Perin\u00e7ek\u2019in 2007 y\u0131l\u0131nda \u0130svi\u00e7re adaleti taraf\u0131ndan mahkum edilmesi, [&hellip;]","og_url":"https:\/\/akunq.net\/tr\/?p=27613","og_site_name":"Bati Ermenistan Ve Bati Ermenileri Sorunlari Ara\u015ftirmalar Merkezi","article_published_time":"2013-12-24T07:32:40+00:00","author":"admin","twitter_card":"summary_large_image","twitter_misc":{"Written by":"admin","Est. reading time":"2 minutes"},"schema":{"@context":"https:\/\/schema.org","@graph":[{"@type":"Article","@id":"https:\/\/akunq.net\/tr\/?p=27613#article","isPartOf":{"@id":"https:\/\/akunq.net\/tr\/?p=27613"},"author":{"name":"admin","@id":"https:\/\/akunq.net\/tr\/#\/schema\/person\/096f1d38a12cce57fb855b485ed24c9e"},"headline":"\u00abErmeni R\u00f6nesans\u0131-Paris\u00bb: Avrupa Mahkemesi \u2033ifade \u00f6zg\u00fcrl\u00fc\u011f\u00fc\u2033n\u00fcn derin anlam\u0131n\u0131 \u00e7arp\u0131tt\u0131","datePublished":"2013-12-24T07:32:40+00:00","mainEntityOfPage":{"@id":"https:\/\/akunq.net\/tr\/?p=27613"},"wordCount":344,"commentCount":0,"articleSection":["Haberler"],"inLanguage":"en-US","potentialAction":[{"@type":"CommentAction","name":"Comment","target":["https:\/\/akunq.net\/tr\/?p=27613#respond"]}]},{"@type":"WebPage","@id":"https:\/\/akunq.net\/tr\/?p=27613","url":"https:\/\/akunq.net\/tr\/?p=27613","name":"\u00abErmeni R\u00f6nesans\u0131-Paris\u00bb: Avrupa Mahkemesi \u2033ifade \u00f6zg\u00fcrl\u00fc\u011f\u00fc\u2033n\u00fcn derin anlam\u0131n\u0131 \u00e7arp\u0131tt\u0131 - Bati Ermenistan Ve Bati Ermenileri Sorunlari Ara\u015ftirmalar Merkezi","isPartOf":{"@id":"https:\/\/akunq.net\/tr\/#website"},"datePublished":"2013-12-24T07:32:40+00:00","author":{"@id":"https:\/\/akunq.net\/tr\/#\/schema\/person\/096f1d38a12cce57fb855b485ed24c9e"},"breadcrumb":{"@id":"https:\/\/akunq.net\/tr\/?p=27613#breadcrumb"},"inLanguage":"en-US","potentialAction":[{"@type":"ReadAction","target":["https:\/\/akunq.net\/tr\/?p=27613"]}]},{"@type":"BreadcrumbList","@id":"https:\/\/akunq.net\/tr\/?p=27613#breadcrumb","itemListElement":[{"@type":"ListItem","position":1,"name":"Home","item":"https:\/\/akunq.net\/tr"},{"@type":"ListItem","position":2,"name":"\u00abErmeni R\u00f6nesans\u0131-Paris\u00bb: Avrupa Mahkemesi \u2033ifade \u00f6zg\u00fcrl\u00fc\u011f\u00fc\u2033n\u00fcn derin anlam\u0131n\u0131 \u00e7arp\u0131tt\u0131"}]},{"@type":"WebSite","@id":"https:\/\/akunq.net\/tr\/#website","url":"https:\/\/akunq.net\/tr\/","name":"Bati Ermenistan Ve Bati Ermenileri Sorunlari Ara\u015ftirmalar Merkezi","description":"","potentialAction":[{"@type":"SearchAction","target":{"@type":"EntryPoint","urlTemplate":"https:\/\/akunq.net\/tr\/?s={search_term_string}"},"query-input":{"@type":"PropertyValueSpecification","valueRequired":true,"valueName":"search_term_string"}}],"inLanguage":"en-US"},{"@type":"Person","@id":"https:\/\/akunq.net\/tr\/#\/schema\/person\/096f1d38a12cce57fb855b485ed24c9e","name":"admin","url":"https:\/\/akunq.net\/tr\/?author=7"}]}},"_links":{"self":[{"href":"https:\/\/akunq.net\/tr\/index.php?rest_route=\/wp\/v2\/posts\/27613","targetHints":{"allow":["GET"]}}],"collection":[{"href":"https:\/\/akunq.net\/tr\/index.php?rest_route=\/wp\/v2\/posts"}],"about":[{"href":"https:\/\/akunq.net\/tr\/index.php?rest_route=\/wp\/v2\/types\/post"}],"author":[{"embeddable":true,"href":"https:\/\/akunq.net\/tr\/index.php?rest_route=\/wp\/v2\/users\/7"}],"replies":[{"embeddable":true,"href":"https:\/\/akunq.net\/tr\/index.php?rest_route=%2Fwp%2Fv2%2Fcomments&post=27613"}],"version-history":[{"count":1,"href":"https:\/\/akunq.net\/tr\/index.php?rest_route=\/wp\/v2\/posts\/27613\/revisions"}],"predecessor-version":[{"id":27615,"href":"https:\/\/akunq.net\/tr\/index.php?rest_route=\/wp\/v2\/posts\/27613\/revisions\/27615"}],"wp:attachment":[{"href":"https:\/\/akunq.net\/tr\/index.php?rest_route=%2Fwp%2Fv2%2Fmedia&parent=27613"}],"wp:term":[{"taxonomy":"category","embeddable":true,"href":"https:\/\/akunq.net\/tr\/index.php?rest_route=%2Fwp%2Fv2%2Fcategories&post=27613"},{"taxonomy":"post_tag","embeddable":true,"href":"https:\/\/akunq.net\/tr\/index.php?rest_route=%2Fwp%2Fv2%2Ftags&post=27613"}],"curies":[{"name":"wp","href":"https:\/\/api.w.org\/{rel}","templated":true}]}}