{"id":27610,"date":"2013-12-24T02:08:10","date_gmt":"2013-12-24T07:08:10","guid":{"rendered":"http:\/\/akunq.net\/tr\/?p=27610"},"modified":"2013-12-24T02:08:10","modified_gmt":"2013-12-24T07:08:10","slug":"sevan-nisanyan-teslim-oldu","status":"publish","type":"post","link":"https:\/\/akunq.net\/tr\/?p=27610","title":{"rendered":"Sevan Ni\u015fanyan teslim oldu"},"content":{"rendered":"<p style=\"text-align: justify;\"><b><i><a href=\"http:\/\/akunq.net\/tr\/wp-content\/uploads\/2013\/12\/\u054d\u0587\u0561\u0576-\u0546\u0577\u0561\u0576\u0575\u0561\u05761.jpg\"><img loading=\"lazy\" decoding=\"async\" class=\"alignright size-medium wp-image-27611\" alt=\"\u054d\u0587\u0561\u0576 \u0546\u0577\u0561\u0576\u0575\u0561\u0576\" src=\"http:\/\/akunq.net\/tr\/wp-content\/uploads\/2013\/12\/\u054d\u0587\u0561\u0576-\u0546\u0577\u0561\u0576\u0575\u0561\u05761-300x206.jpg\" width=\"300\" height=\"206\" srcset=\"https:\/\/akunq.net\/tr\/wp-content\/uploads\/sites\/6\/2013\/12\/\u054d\u0587\u0561\u0576-\u0546\u0577\u0561\u0576\u0575\u0561\u05761-300x206.jpg 300w, https:\/\/akunq.net\/tr\/wp-content\/uploads\/sites\/6\/2013\/12\/\u054d\u0587\u0561\u0576-\u0546\u0577\u0561\u0576\u0575\u0561\u05761.jpg 307w\" sizes=\"auto, (max-width: 300px) 100vw, 300px\" \/><\/a>Sevan Ni\u015fanyan, \u015eirince\u2019de \u2018m\u00fch\u00fcr bozdu\u011fu\u2019 gerek\u00e7esiyle ald\u0131\u011f\u0131 2 y\u0131l hapis cezas\u0131 Yarg\u0131tay\u2019ca onanmas\u0131n\u0131n ard\u0131ndan bug\u00fcn teslim oldu. <\/i><\/b><i>\u00a0<\/i><\/p>\n<p style=\"text-align: justify;\">Sevan Ni\u015fanyan, \u015eirince\u2019de \u2018m\u00fch\u00fcr bozdu\u011fu\u2019 gerek\u00e7esiyle ald\u0131\u011f\u0131 2 y\u0131l hapis cezas\u0131 Yarg\u0131tay\u2019ca onanmas\u0131n\u0131n ard\u0131ndan bug\u00fcn teslim oldu.<\/p>\n<p style=\"text-align: justify;\">Ni\u015fanyan, Twitter hesab\u0131ndan teslim oldu\u011funu ve iki y\u0131l hapis yataca\u011f\u0131n\u0131 a\u00e7\u0131klad\u0131.\u00a0 Ni\u015fanyan \u201cBug\u00fcn Sel\u00e7uk savc\u0131l\u0131\u011f\u0131na resmen teslim oldum. 2 Ocak&#8217;ta Torbal\u0131 Cezaevine giriyorum. Tahminimce net 2 y\u0131l yataca\u011f\u0131m, ama tam bilen yok\u201d dedi.\u00a0<\/p>\n<p style=\"text-align: justify;\"><b><i>http:\/\/www.agos.com.tr\/haber.php?seo=sevan-nisanyan-teslim-oldu&amp;haberid=6349<\/i><\/b><\/p>\n","protected":false},"excerpt":{"rendered":"<p>Sevan Ni\u015fanyan, \u015eirince\u2019de \u2018m\u00fch\u00fcr bozdu\u011fu\u2019 gerek\u00e7esiyle ald\u0131\u011f\u0131 2 y\u0131l hapis cezas\u0131 Yarg\u0131tay\u2019ca onanmas\u0131n\u0131n ard\u0131ndan bug\u00fcn teslim oldu. \u00a0 Sevan Ni\u015fanyan, \u015eirince\u2019de \u2018m\u00fch\u00fcr bozdu\u011fu\u2019 gerek\u00e7esiyle ald\u0131\u011f\u0131 2 y\u0131l hapis cezas\u0131 Yarg\u0131tay\u2019ca onanmas\u0131n\u0131n ard\u0131ndan bug\u00fcn teslim oldu. Ni\u015fanyan, Twitter hesab\u0131ndan teslim oldu\u011funu ve iki y\u0131l hapis yataca\u011f\u0131n\u0131 a\u00e7\u0131klad\u0131.\u00a0 Ni\u015fanyan \u201cBug\u00fcn Sel\u00e7uk savc\u0131l\u0131\u011f\u0131na resmen teslim oldum. 2 Ocak&#8217;ta [&hellip;]<\/p>\n","protected":false},"author":7,"featured_media":0,"comment_status":"open","ping_status":"open","sticky":false,"template":"","format":"standard","meta":{"footnotes":""},"categories":[1],"tags":[],"class_list":["post-27610","post","type-post","status-publish","format-standard","hentry","category-haberler"],"yoast_head":"<!-- This site is optimized with the Yoast SEO plugin v27.4 - https:\/\/yoast.com\/product\/yoast-seo-wordpress\/ -->\n<title>Sevan Ni\u015fanyan teslim oldu - Bati Ermenistan Ve Bati Ermenileri Sorunlari Ara\u015ftirmalar Merkezi<\/title>\n<meta name=\"robots\" content=\"index, follow, max-snippet:-1, max-image-preview:large, max-video-preview:-1\" \/>\n<link rel=\"canonical\" href=\"https:\/\/akunq.net\/tr\/?p=27610\" \/>\n<meta property=\"og:locale\" content=\"en_US\" \/>\n<meta property=\"og:type\" content=\"article\" \/>\n<meta property=\"og:title\" content=\"Sevan Ni\u015fanyan teslim oldu - Bati Ermenistan Ve Bati Ermenileri Sorunlari Ara\u015ftirmalar Merkezi\" \/>\n<meta property=\"og:description\" content=\"Sevan Ni\u015fanyan, \u015eirince\u2019de \u2018m\u00fch\u00fcr bozdu\u011fu\u2019 gerek\u00e7esiyle ald\u0131\u011f\u0131 2 y\u0131l hapis cezas\u0131 Yarg\u0131tay\u2019ca onanmas\u0131n\u0131n ard\u0131ndan bug\u00fcn teslim oldu. \u00a0 Sevan Ni\u015fanyan, \u015eirince\u2019de \u2018m\u00fch\u00fcr bozdu\u011fu\u2019 gerek\u00e7esiyle ald\u0131\u011f\u0131 2 y\u0131l hapis cezas\u0131 Yarg\u0131tay\u2019ca onanmas\u0131n\u0131n ard\u0131ndan bug\u00fcn teslim oldu. Ni\u015fanyan, Twitter hesab\u0131ndan teslim oldu\u011funu ve iki y\u0131l hapis yataca\u011f\u0131n\u0131 a\u00e7\u0131klad\u0131.\u00a0 Ni\u015fanyan \u201cBug\u00fcn Sel\u00e7uk savc\u0131l\u0131\u011f\u0131na resmen teslim oldum. 2 Ocak&#8217;ta [&hellip;]\" \/>\n<meta property=\"og:url\" content=\"https:\/\/akunq.net\/tr\/?p=27610\" \/>\n<meta property=\"og:site_name\" content=\"Bati Ermenistan Ve Bati Ermenileri Sorunlari Ara\u015ftirmalar Merkezi\" \/>\n<meta property=\"article:published_time\" content=\"2013-12-24T07:08:10+00:00\" \/>\n<meta name=\"author\" content=\"admin\" \/>\n<meta name=\"twitter:card\" content=\"summary_large_image\" \/>\n<meta name=\"twitter:label1\" content=\"Written by\" \/>\n\t<meta name=\"twitter:data1\" content=\"admin\" \/>\n\t<meta name=\"twitter:label2\" content=\"Est. reading time\" \/>\n\t<meta name=\"twitter:data2\" content=\"1 minute\" \/>\n<script type=\"application\/ld+json\" class=\"yoast-schema-graph\">{\"@context\":\"https:\\\/\\\/schema.org\",\"@graph\":[{\"@type\":\"Article\",\"@id\":\"https:\\\/\\\/akunq.net\\\/tr\\\/?p=27610#article\",\"isPartOf\":{\"@id\":\"https:\\\/\\\/akunq.net\\\/tr\\\/?p=27610\"},\"author\":{\"name\":\"admin\",\"@id\":\"https:\\\/\\\/akunq.net\\\/tr\\\/#\\\/schema\\\/person\\\/096f1d38a12cce57fb855b485ed24c9e\"},\"headline\":\"Sevan Ni\u015fanyan teslim oldu\",\"datePublished\":\"2013-12-24T07:08:10+00:00\",\"mainEntityOfPage\":{\"@id\":\"https:\\\/\\\/akunq.net\\\/tr\\\/?p=27610\"},\"wordCount\":118,\"commentCount\":0,\"articleSection\":[\"Haberler\"],\"inLanguage\":\"en-US\",\"potentialAction\":[{\"@type\":\"CommentAction\",\"name\":\"Comment\",\"target\":[\"https:\\\/\\\/akunq.net\\\/tr\\\/?p=27610#respond\"]}]},{\"@type\":\"WebPage\",\"@id\":\"https:\\\/\\\/akunq.net\\\/tr\\\/?p=27610\",\"url\":\"https:\\\/\\\/akunq.net\\\/tr\\\/?p=27610\",\"name\":\"Sevan Ni\u015fanyan teslim oldu - Bati Ermenistan Ve Bati Ermenileri Sorunlari Ara\u015ftirmalar Merkezi\",\"isPartOf\":{\"@id\":\"https:\\\/\\\/akunq.net\\\/tr\\\/#website\"},\"datePublished\":\"2013-12-24T07:08:10+00:00\",\"author\":{\"@id\":\"https:\\\/\\\/akunq.net\\\/tr\\\/#\\\/schema\\\/person\\\/096f1d38a12cce57fb855b485ed24c9e\"},\"breadcrumb\":{\"@id\":\"https:\\\/\\\/akunq.net\\\/tr\\\/?p=27610#breadcrumb\"},\"inLanguage\":\"en-US\",\"potentialAction\":[{\"@type\":\"ReadAction\",\"target\":[\"https:\\\/\\\/akunq.net\\\/tr\\\/?p=27610\"]}]},{\"@type\":\"BreadcrumbList\",\"@id\":\"https:\\\/\\\/akunq.net\\\/tr\\\/?p=27610#breadcrumb\",\"itemListElement\":[{\"@type\":\"ListItem\",\"position\":1,\"name\":\"Home\",\"item\":\"https:\\\/\\\/akunq.net\\\/tr\"},{\"@type\":\"ListItem\",\"position\":2,\"name\":\"Sevan Ni\u015fanyan teslim oldu\"}]},{\"@type\":\"WebSite\",\"@id\":\"https:\\\/\\\/akunq.net\\\/tr\\\/#website\",\"url\":\"https:\\\/\\\/akunq.net\\\/tr\\\/\",\"name\":\"Bati Ermenistan Ve Bati Ermenileri Sorunlari Ara\u015ftirmalar Merkezi\",\"description\":\"\",\"potentialAction\":[{\"@type\":\"SearchAction\",\"target\":{\"@type\":\"EntryPoint\",\"urlTemplate\":\"https:\\\/\\\/akunq.net\\\/tr\\\/?s={search_term_string}\"},\"query-input\":{\"@type\":\"PropertyValueSpecification\",\"valueRequired\":true,\"valueName\":\"search_term_string\"}}],\"inLanguage\":\"en-US\"},{\"@type\":\"Person\",\"@id\":\"https:\\\/\\\/akunq.net\\\/tr\\\/#\\\/schema\\\/person\\\/096f1d38a12cce57fb855b485ed24c9e\",\"name\":\"admin\",\"url\":\"https:\\\/\\\/akunq.net\\\/tr\\\/?author=7\"}]}<\/script>\n<!-- \/ Yoast SEO plugin. -->","yoast_head_json":{"title":"Sevan Ni\u015fanyan teslim oldu - Bati Ermenistan Ve Bati Ermenileri Sorunlari Ara\u015ftirmalar Merkezi","robots":{"index":"index","follow":"follow","max-snippet":"max-snippet:-1","max-image-preview":"max-image-preview:large","max-video-preview":"max-video-preview:-1"},"canonical":"https:\/\/akunq.net\/tr\/?p=27610","og_locale":"en_US","og_type":"article","og_title":"Sevan Ni\u015fanyan teslim oldu - Bati Ermenistan Ve Bati Ermenileri Sorunlari Ara\u015ftirmalar Merkezi","og_description":"Sevan Ni\u015fanyan, \u015eirince\u2019de \u2018m\u00fch\u00fcr bozdu\u011fu\u2019 gerek\u00e7esiyle ald\u0131\u011f\u0131 2 y\u0131l hapis cezas\u0131 Yarg\u0131tay\u2019ca onanmas\u0131n\u0131n ard\u0131ndan bug\u00fcn teslim oldu. \u00a0 Sevan Ni\u015fanyan, \u015eirince\u2019de \u2018m\u00fch\u00fcr bozdu\u011fu\u2019 gerek\u00e7esiyle ald\u0131\u011f\u0131 2 y\u0131l hapis cezas\u0131 Yarg\u0131tay\u2019ca onanmas\u0131n\u0131n ard\u0131ndan bug\u00fcn teslim oldu. Ni\u015fanyan, Twitter hesab\u0131ndan teslim oldu\u011funu ve iki y\u0131l hapis yataca\u011f\u0131n\u0131 a\u00e7\u0131klad\u0131.\u00a0 Ni\u015fanyan \u201cBug\u00fcn Sel\u00e7uk savc\u0131l\u0131\u011f\u0131na resmen teslim oldum. 2 Ocak&#8217;ta [&hellip;]","og_url":"https:\/\/akunq.net\/tr\/?p=27610","og_site_name":"Bati Ermenistan Ve Bati Ermenileri Sorunlari Ara\u015ftirmalar Merkezi","article_published_time":"2013-12-24T07:08:10+00:00","author":"admin","twitter_card":"summary_large_image","twitter_misc":{"Written by":"admin","Est. reading time":"1 minute"},"schema":{"@context":"https:\/\/schema.org","@graph":[{"@type":"Article","@id":"https:\/\/akunq.net\/tr\/?p=27610#article","isPartOf":{"@id":"https:\/\/akunq.net\/tr\/?p=27610"},"author":{"name":"admin","@id":"https:\/\/akunq.net\/tr\/#\/schema\/person\/096f1d38a12cce57fb855b485ed24c9e"},"headline":"Sevan Ni\u015fanyan teslim oldu","datePublished":"2013-12-24T07:08:10+00:00","mainEntityOfPage":{"@id":"https:\/\/akunq.net\/tr\/?p=27610"},"wordCount":118,"commentCount":0,"articleSection":["Haberler"],"inLanguage":"en-US","potentialAction":[{"@type":"CommentAction","name":"Comment","target":["https:\/\/akunq.net\/tr\/?p=27610#respond"]}]},{"@type":"WebPage","@id":"https:\/\/akunq.net\/tr\/?p=27610","url":"https:\/\/akunq.net\/tr\/?p=27610","name":"Sevan Ni\u015fanyan teslim oldu - Bati Ermenistan Ve Bati Ermenileri Sorunlari Ara\u015ftirmalar Merkezi","isPartOf":{"@id":"https:\/\/akunq.net\/tr\/#website"},"datePublished":"2013-12-24T07:08:10+00:00","author":{"@id":"https:\/\/akunq.net\/tr\/#\/schema\/person\/096f1d38a12cce57fb855b485ed24c9e"},"breadcrumb":{"@id":"https:\/\/akunq.net\/tr\/?p=27610#breadcrumb"},"inLanguage":"en-US","potentialAction":[{"@type":"ReadAction","target":["https:\/\/akunq.net\/tr\/?p=27610"]}]},{"@type":"BreadcrumbList","@id":"https:\/\/akunq.net\/tr\/?p=27610#breadcrumb","itemListElement":[{"@type":"ListItem","position":1,"name":"Home","item":"https:\/\/akunq.net\/tr"},{"@type":"ListItem","position":2,"name":"Sevan Ni\u015fanyan teslim oldu"}]},{"@type":"WebSite","@id":"https:\/\/akunq.net\/tr\/#website","url":"https:\/\/akunq.net\/tr\/","name":"Bati Ermenistan Ve Bati Ermenileri Sorunlari Ara\u015ftirmalar Merkezi","description":"","potentialAction":[{"@type":"SearchAction","target":{"@type":"EntryPoint","urlTemplate":"https:\/\/akunq.net\/tr\/?s={search_term_string}"},"query-input":{"@type":"PropertyValueSpecification","valueRequired":true,"valueName":"search_term_string"}}],"inLanguage":"en-US"},{"@type":"Person","@id":"https:\/\/akunq.net\/tr\/#\/schema\/person\/096f1d38a12cce57fb855b485ed24c9e","name":"admin","url":"https:\/\/akunq.net\/tr\/?author=7"}]}},"_links":{"self":[{"href":"https:\/\/akunq.net\/tr\/index.php?rest_route=\/wp\/v2\/posts\/27610","targetHints":{"allow":["GET"]}}],"collection":[{"href":"https:\/\/akunq.net\/tr\/index.php?rest_route=\/wp\/v2\/posts"}],"about":[{"href":"https:\/\/akunq.net\/tr\/index.php?rest_route=\/wp\/v2\/types\/post"}],"author":[{"embeddable":true,"href":"https:\/\/akunq.net\/tr\/index.php?rest_route=\/wp\/v2\/users\/7"}],"replies":[{"embeddable":true,"href":"https:\/\/akunq.net\/tr\/index.php?rest_route=%2Fwp%2Fv2%2Fcomments&post=27610"}],"version-history":[{"count":1,"href":"https:\/\/akunq.net\/tr\/index.php?rest_route=\/wp\/v2\/posts\/27610\/revisions"}],"predecessor-version":[{"id":27612,"href":"https:\/\/akunq.net\/tr\/index.php?rest_route=\/wp\/v2\/posts\/27610\/revisions\/27612"}],"wp:attachment":[{"href":"https:\/\/akunq.net\/tr\/index.php?rest_route=%2Fwp%2Fv2%2Fmedia&parent=27610"}],"wp:term":[{"taxonomy":"category","embeddable":true,"href":"https:\/\/akunq.net\/tr\/index.php?rest_route=%2Fwp%2Fv2%2Fcategories&post=27610"},{"taxonomy":"post_tag","embeddable":true,"href":"https:\/\/akunq.net\/tr\/index.php?rest_route=%2Fwp%2Fv2%2Ftags&post=27610"}],"curies":[{"name":"wp","href":"https:\/\/api.w.org\/{rel}","templated":true}]}}