{"id":27594,"date":"2013-12-23T03:01:24","date_gmt":"2013-12-23T08:01:24","guid":{"rendered":"http:\/\/akunq.net\/tr\/?p=27594"},"modified":"2013-12-23T03:01:24","modified_gmt":"2013-12-23T08:01:24","slug":"kadikoyde-yolsuzluga-ve-yesil-talana-karsi-gosteri","status":"publish","type":"post","link":"https:\/\/akunq.net\/tr\/?p=27594","title":{"rendered":"Kad\u0131k\u00f6y&#8217;de yolsuzlu\u011fa ve ye\u015fil talana kar\u015f\u0131 g\u00f6steri"},"content":{"rendered":"<p style=\"text-align: justify;\"><b><i><a href=\"http:\/\/akunq.net\/tr\/wp-content\/uploads\/2013\/12\/Kad\u0131k\u00f6yde-g\u00f6steri.jpg\"><img loading=\"lazy\" decoding=\"async\" class=\"alignright size-medium wp-image-27595\" alt=\"Kad\u0131k\u00f6y'de g\u00f6steri\" src=\"http:\/\/akunq.net\/tr\/wp-content\/uploads\/2013\/12\/Kad\u0131k\u00f6yde-g\u00f6steri-300x168.jpg\" width=\"300\" height=\"168\" srcset=\"https:\/\/akunq.net\/tr\/wp-content\/uploads\/sites\/6\/2013\/12\/Kad\u0131k\u00f6yde-g\u00f6steri-300x168.jpg 300w, https:\/\/akunq.net\/tr\/wp-content\/uploads\/sites\/6\/2013\/12\/Kad\u0131k\u00f6yde-g\u00f6steri.jpg 512w\" sizes=\"auto, (max-width: 300px) 100vw, 300px\" \/><\/a>Sivil toplum kurulu\u015flar\u0131 (STK) ve de\u011fi\u015fik platformlar taraf\u0131ndan \u0130stanbul Kad\u0131k\u00f6y&#8217;de d\u00fcn d\u00fczenlenen kent mitingine yolsuzluk ve r\u00fc\u015fvet operasyonu damgas\u0131n\u0131 vurdu.<\/i><\/b><\/p>\n<p style=\"text-align: justify;\">\u201cYa\u011fmaya Kar\u015f\u0131 \u0130stanbul\u2019u savunmaya\u201d \u00e7a\u011fr\u0131s\u0131yla bug\u00fcn Kad\u0131k\u00f6y\u2019de toplanan binlerce ki\u015finin g\u00fcndeminde \u0130stanbul\u2019daki yap\u0131lmas\u0131 planlanan, g\u00f6stericilerin &#8216;talan&#8217; olarak niteledi\u011fi projeler ve ge\u00e7en haftaya damgas\u0131n\u0131 vuran yolsuzluk operasyonlar\u0131 vard\u0131.<br \/>\nKat\u0131l\u0131mc\u0131lar\u0131n beraberlerinde getirdi\u011fi ayakkab\u0131 kutular\u0131 dikkatlerden ka\u00e7mazken, \u2018Evime, mahalleme dokunma\u2019, \u2018H\u0131rs\u0131zl\u0131\u011f\u0131n hesab\u0131n\u0131 soraca\u011f\u0131z\u2019, \u2018As\u0131l operasyonu halk yapacak\u2019 gibi sloganlar at\u0131ld\u0131. Mitingte bir grup, Halk Bankas\u0131 Kad\u0131k\u00f6y \u015eubesi\u2019ne sald\u0131rd\u0131.<\/p>\n<p style=\"text-align: justify;\">Eylemi provoke etmek isteyenler, sa\u011f duyulu kat\u0131l\u0131mc\u0131lar taraf\u0131ndan uyar\u0131ld\u0131. Ya\u015fl\u0131 kat\u0131l\u0131mc\u0131lar\u0131n, gen\u00e7lere, \u201cBiz bu oyunlara zaman\u0131nda \u00e7ok geldik, siz gelmeyin.\u201d dedi\u011fi duyuldu.<\/p>\n<p style=\"text-align: justify;\">Daha sonra miting alan\u0131na giri\u015fte g\u00fcvenlik g\u00fc\u00e7lerine \u00fczerini aratmak istemeyen gruba polis taraf\u0131ndan m\u00fcdahale edildi. Arbede \u00e7\u0131k\u0131nca polis, tazyikli su ve biber gaz\u0131 kulland\u0131. Biber gaz\u0131ndan etkilenen 5 vatanda\u015f ambulansla hastaneye kald\u0131r\u0131ld\u0131.<\/p>\n<p style=\"text-align: justify;\"><b>Kad\u0131k\u00f6y&#8217;deki g\u00f6steriye kat\u0131lanlar\u0131n say\u0131s\u0131 hayli y\u00fcksekti<\/b><\/p>\n<p style=\"text-align: justify;\">Orman alanlar\u0131n\u0131n imara a\u00e7\u0131lmas\u0131 ve kentsel d\u00f6n\u00fc\u015f\u00fcm uygulamalar\u0131n\u0131n protesto edildi\u011fi mitinge CHP ve \u0130\u015f\u00e7i Partisi\u2019nin yan\u0131 s\u0131ra \u0130\u015fitme Engelliler ve Aileleri Derne\u011fi, D\u0130SK, KESK, T\u00fcrkiye Sakatlar Derne\u011fi gibi sivil toplum kurulu\u015flar\u0131 da destek verdi.<\/p>\n<p style=\"text-align: justify;\">Kad\u0131k\u00f6y R\u0131ht\u0131m meydan\u0131nda d\u00fczenlenen \u0130stanbul Kent Mitingi\u2019ne kat\u0131lan\u00a0 bir grup eylemci, Bo\u011fa Meydan\u0131\u2019ndan y\u00fcr\u00fcyerek AK Parti Kad\u0131k\u00f6y \u0130l\u00e7e Ba\u015fkanl\u0131\u011f\u0131\u2019n\u0131n \u00f6n\u00fcne geldi. Slogan atarak ilerleyen eylemciler, parti binas\u0131n\u0131n \u00f6n\u00fcne gelince polisle kar\u015f\u0131la\u015ft\u0131.<\/p>\n<p style=\"text-align: justify;\">Grubu il\u00e7e binas\u0131na yakla\u015ft\u0131rmayan \u00c7evik Kuvvet ekipleri, \u00f6nce Toplumsal Olaylara M\u00fcdahale Arac\u0131\u2019yla (TOMA) tazyikli su s\u0131kt\u0131.\u00a0 Gazla m\u00fcdahale edilen eylemciler bu kez ta\u015fla kar\u015f\u0131l\u0131k verdi. Yolu kapatan gruptakiler, \u00e7\u00f6p bidonlar\u0131n\u0131 ate\u015fe verdi. Gazdan etkilenen baz\u0131 vatanda\u015flar zor anlar ya\u015fad\u0131.<\/p>\n<p style=\"text-align: justify;\">Kar\u015f\u0131l\u0131kl\u0131 \u00e7at\u0131\u015fma S\u00f6\u011f\u00fctl\u00fc\u00e7e\u015fme kortejinin ba\u015f\u0131ndaki tertip komitesi g\u00f6revlilerinin de \u00e7abalar\u0131yla sona erdi. \u00c7evik kuvvet miting alan\u0131n gerisine \u00e7ekildi ve g\u00f6steriler normal s\u00fcre\u00e7te devam etti..<\/p>\n<p style=\"text-align: justify;\"><b><i><a href=\"http:\/\/www.gazeteci.tv\/kadikoyde-yolsuzluga-ve-yesil-talana-karsi-gosteri-181999h.htm\">http:\/\/www.gazeteci.tv\/kadikoyde-yolsuzluga-ve-yesil-talana-karsi-gosteri-181999h.htm<\/a><\/i><\/b><\/p>\n","protected":false},"excerpt":{"rendered":"<p>Sivil toplum kurulu\u015flar\u0131 (STK) ve de\u011fi\u015fik platformlar taraf\u0131ndan \u0130stanbul Kad\u0131k\u00f6y&#8217;de d\u00fcn d\u00fczenlenen kent mitingine yolsuzluk ve r\u00fc\u015fvet operasyonu damgas\u0131n\u0131 vurdu. \u201cYa\u011fmaya Kar\u015f\u0131 \u0130stanbul\u2019u savunmaya\u201d \u00e7a\u011fr\u0131s\u0131yla bug\u00fcn Kad\u0131k\u00f6y\u2019de toplanan binlerce ki\u015finin g\u00fcndeminde \u0130stanbul\u2019daki yap\u0131lmas\u0131 planlanan, g\u00f6stericilerin &#8216;talan&#8217; olarak niteledi\u011fi projeler ve ge\u00e7en haftaya damgas\u0131n\u0131 vuran yolsuzluk operasyonlar\u0131 vard\u0131. Kat\u0131l\u0131mc\u0131lar\u0131n beraberlerinde getirdi\u011fi ayakkab\u0131 kutular\u0131 dikkatlerden ka\u00e7mazken, \u2018Evime, [&hellip;]<\/p>\n","protected":false},"author":7,"featured_media":0,"comment_status":"open","ping_status":"open","sticky":false,"template":"","format":"standard","meta":{"footnotes":""},"categories":[1],"tags":[],"class_list":["post-27594","post","type-post","status-publish","format-standard","hentry","category-haberler"],"yoast_head":"<!-- This site is optimized with the Yoast SEO plugin v27.4 - https:\/\/yoast.com\/product\/yoast-seo-wordpress\/ -->\n<title>Kad\u0131k\u00f6y&#039;de yolsuzlu\u011fa ve ye\u015fil talana kar\u015f\u0131 g\u00f6steri - Bati Ermenistan Ve Bati Ermenileri Sorunlari Ara\u015ftirmalar Merkezi<\/title>\n<meta name=\"robots\" content=\"index, follow, max-snippet:-1, max-image-preview:large, max-video-preview:-1\" \/>\n<link rel=\"canonical\" href=\"https:\/\/akunq.net\/tr\/?p=27594\" \/>\n<meta property=\"og:locale\" content=\"en_US\" \/>\n<meta property=\"og:type\" content=\"article\" \/>\n<meta property=\"og:title\" content=\"Kad\u0131k\u00f6y&#039;de yolsuzlu\u011fa ve ye\u015fil talana kar\u015f\u0131 g\u00f6steri - Bati Ermenistan Ve Bati Ermenileri Sorunlari Ara\u015ftirmalar Merkezi\" \/>\n<meta property=\"og:description\" content=\"Sivil toplum kurulu\u015flar\u0131 (STK) ve de\u011fi\u015fik platformlar taraf\u0131ndan \u0130stanbul Kad\u0131k\u00f6y&#8217;de d\u00fcn d\u00fczenlenen kent mitingine yolsuzluk ve r\u00fc\u015fvet operasyonu damgas\u0131n\u0131 vurdu. \u201cYa\u011fmaya Kar\u015f\u0131 \u0130stanbul\u2019u savunmaya\u201d \u00e7a\u011fr\u0131s\u0131yla bug\u00fcn Kad\u0131k\u00f6y\u2019de toplanan binlerce ki\u015finin g\u00fcndeminde \u0130stanbul\u2019daki yap\u0131lmas\u0131 planlanan, g\u00f6stericilerin &#8216;talan&#8217; olarak niteledi\u011fi projeler ve ge\u00e7en haftaya damgas\u0131n\u0131 vuran yolsuzluk operasyonlar\u0131 vard\u0131. Kat\u0131l\u0131mc\u0131lar\u0131n beraberlerinde getirdi\u011fi ayakkab\u0131 kutular\u0131 dikkatlerden ka\u00e7mazken, \u2018Evime, [&hellip;]\" \/>\n<meta property=\"og:url\" content=\"https:\/\/akunq.net\/tr\/?p=27594\" \/>\n<meta property=\"og:site_name\" content=\"Bati Ermenistan Ve Bati Ermenileri Sorunlari Ara\u015ftirmalar Merkezi\" \/>\n<meta property=\"article:published_time\" content=\"2013-12-23T08:01:24+00:00\" \/>\n<meta name=\"author\" content=\"admin\" \/>\n<meta name=\"twitter:card\" content=\"summary_large_image\" \/>\n<meta name=\"twitter:label1\" content=\"Written by\" \/>\n\t<meta name=\"twitter:data1\" content=\"admin\" \/>\n\t<meta name=\"twitter:label2\" content=\"Est. reading time\" \/>\n\t<meta name=\"twitter:data2\" content=\"2 minutes\" \/>\n<script type=\"application\/ld+json\" class=\"yoast-schema-graph\">{\"@context\":\"https:\\\/\\\/schema.org\",\"@graph\":[{\"@type\":\"Article\",\"@id\":\"https:\\\/\\\/akunq.net\\\/tr\\\/?p=27594#article\",\"isPartOf\":{\"@id\":\"https:\\\/\\\/akunq.net\\\/tr\\\/?p=27594\"},\"author\":{\"name\":\"admin\",\"@id\":\"https:\\\/\\\/akunq.net\\\/tr\\\/#\\\/schema\\\/person\\\/096f1d38a12cce57fb855b485ed24c9e\"},\"headline\":\"Kad\u0131k\u00f6y&#8217;de yolsuzlu\u011fa ve ye\u015fil talana kar\u015f\u0131 g\u00f6steri\",\"datePublished\":\"2013-12-23T08:01:24+00:00\",\"mainEntityOfPage\":{\"@id\":\"https:\\\/\\\/akunq.net\\\/tr\\\/?p=27594\"},\"wordCount\":422,\"commentCount\":0,\"articleSection\":[\"Haberler\"],\"inLanguage\":\"en-US\",\"potentialAction\":[{\"@type\":\"CommentAction\",\"name\":\"Comment\",\"target\":[\"https:\\\/\\\/akunq.net\\\/tr\\\/?p=27594#respond\"]}]},{\"@type\":\"WebPage\",\"@id\":\"https:\\\/\\\/akunq.net\\\/tr\\\/?p=27594\",\"url\":\"https:\\\/\\\/akunq.net\\\/tr\\\/?p=27594\",\"name\":\"Kad\u0131k\u00f6y'de yolsuzlu\u011fa ve ye\u015fil talana kar\u015f\u0131 g\u00f6steri - Bati Ermenistan Ve Bati Ermenileri Sorunlari Ara\u015ftirmalar Merkezi\",\"isPartOf\":{\"@id\":\"https:\\\/\\\/akunq.net\\\/tr\\\/#website\"},\"datePublished\":\"2013-12-23T08:01:24+00:00\",\"author\":{\"@id\":\"https:\\\/\\\/akunq.net\\\/tr\\\/#\\\/schema\\\/person\\\/096f1d38a12cce57fb855b485ed24c9e\"},\"breadcrumb\":{\"@id\":\"https:\\\/\\\/akunq.net\\\/tr\\\/?p=27594#breadcrumb\"},\"inLanguage\":\"en-US\",\"potentialAction\":[{\"@type\":\"ReadAction\",\"target\":[\"https:\\\/\\\/akunq.net\\\/tr\\\/?p=27594\"]}]},{\"@type\":\"BreadcrumbList\",\"@id\":\"https:\\\/\\\/akunq.net\\\/tr\\\/?p=27594#breadcrumb\",\"itemListElement\":[{\"@type\":\"ListItem\",\"position\":1,\"name\":\"Home\",\"item\":\"https:\\\/\\\/akunq.net\\\/tr\"},{\"@type\":\"ListItem\",\"position\":2,\"name\":\"Kad\u0131k\u00f6y&#8217;de yolsuzlu\u011fa ve ye\u015fil talana kar\u015f\u0131 g\u00f6steri\"}]},{\"@type\":\"WebSite\",\"@id\":\"https:\\\/\\\/akunq.net\\\/tr\\\/#website\",\"url\":\"https:\\\/\\\/akunq.net\\\/tr\\\/\",\"name\":\"Bati Ermenistan Ve Bati Ermenileri Sorunlari Ara\u015ftirmalar Merkezi\",\"description\":\"\",\"potentialAction\":[{\"@type\":\"SearchAction\",\"target\":{\"@type\":\"EntryPoint\",\"urlTemplate\":\"https:\\\/\\\/akunq.net\\\/tr\\\/?s={search_term_string}\"},\"query-input\":{\"@type\":\"PropertyValueSpecification\",\"valueRequired\":true,\"valueName\":\"search_term_string\"}}],\"inLanguage\":\"en-US\"},{\"@type\":\"Person\",\"@id\":\"https:\\\/\\\/akunq.net\\\/tr\\\/#\\\/schema\\\/person\\\/096f1d38a12cce57fb855b485ed24c9e\",\"name\":\"admin\",\"url\":\"https:\\\/\\\/akunq.net\\\/tr\\\/?author=7\"}]}<\/script>\n<!-- \/ Yoast SEO plugin. -->","yoast_head_json":{"title":"Kad\u0131k\u00f6y'de yolsuzlu\u011fa ve ye\u015fil talana kar\u015f\u0131 g\u00f6steri - Bati Ermenistan Ve Bati Ermenileri Sorunlari Ara\u015ftirmalar Merkezi","robots":{"index":"index","follow":"follow","max-snippet":"max-snippet:-1","max-image-preview":"max-image-preview:large","max-video-preview":"max-video-preview:-1"},"canonical":"https:\/\/akunq.net\/tr\/?p=27594","og_locale":"en_US","og_type":"article","og_title":"Kad\u0131k\u00f6y'de yolsuzlu\u011fa ve ye\u015fil talana kar\u015f\u0131 g\u00f6steri - Bati Ermenistan Ve Bati Ermenileri Sorunlari Ara\u015ftirmalar Merkezi","og_description":"Sivil toplum kurulu\u015flar\u0131 (STK) ve de\u011fi\u015fik platformlar taraf\u0131ndan \u0130stanbul Kad\u0131k\u00f6y&#8217;de d\u00fcn d\u00fczenlenen kent mitingine yolsuzluk ve r\u00fc\u015fvet operasyonu damgas\u0131n\u0131 vurdu. \u201cYa\u011fmaya Kar\u015f\u0131 \u0130stanbul\u2019u savunmaya\u201d \u00e7a\u011fr\u0131s\u0131yla bug\u00fcn Kad\u0131k\u00f6y\u2019de toplanan binlerce ki\u015finin g\u00fcndeminde \u0130stanbul\u2019daki yap\u0131lmas\u0131 planlanan, g\u00f6stericilerin &#8216;talan&#8217; olarak niteledi\u011fi projeler ve ge\u00e7en haftaya damgas\u0131n\u0131 vuran yolsuzluk operasyonlar\u0131 vard\u0131. Kat\u0131l\u0131mc\u0131lar\u0131n beraberlerinde getirdi\u011fi ayakkab\u0131 kutular\u0131 dikkatlerden ka\u00e7mazken, \u2018Evime, [&hellip;]","og_url":"https:\/\/akunq.net\/tr\/?p=27594","og_site_name":"Bati Ermenistan Ve Bati Ermenileri Sorunlari Ara\u015ftirmalar Merkezi","article_published_time":"2013-12-23T08:01:24+00:00","author":"admin","twitter_card":"summary_large_image","twitter_misc":{"Written by":"admin","Est. reading time":"2 minutes"},"schema":{"@context":"https:\/\/schema.org","@graph":[{"@type":"Article","@id":"https:\/\/akunq.net\/tr\/?p=27594#article","isPartOf":{"@id":"https:\/\/akunq.net\/tr\/?p=27594"},"author":{"name":"admin","@id":"https:\/\/akunq.net\/tr\/#\/schema\/person\/096f1d38a12cce57fb855b485ed24c9e"},"headline":"Kad\u0131k\u00f6y&#8217;de yolsuzlu\u011fa ve ye\u015fil talana kar\u015f\u0131 g\u00f6steri","datePublished":"2013-12-23T08:01:24+00:00","mainEntityOfPage":{"@id":"https:\/\/akunq.net\/tr\/?p=27594"},"wordCount":422,"commentCount":0,"articleSection":["Haberler"],"inLanguage":"en-US","potentialAction":[{"@type":"CommentAction","name":"Comment","target":["https:\/\/akunq.net\/tr\/?p=27594#respond"]}]},{"@type":"WebPage","@id":"https:\/\/akunq.net\/tr\/?p=27594","url":"https:\/\/akunq.net\/tr\/?p=27594","name":"Kad\u0131k\u00f6y'de yolsuzlu\u011fa ve ye\u015fil talana kar\u015f\u0131 g\u00f6steri - Bati Ermenistan Ve Bati Ermenileri Sorunlari Ara\u015ftirmalar Merkezi","isPartOf":{"@id":"https:\/\/akunq.net\/tr\/#website"},"datePublished":"2013-12-23T08:01:24+00:00","author":{"@id":"https:\/\/akunq.net\/tr\/#\/schema\/person\/096f1d38a12cce57fb855b485ed24c9e"},"breadcrumb":{"@id":"https:\/\/akunq.net\/tr\/?p=27594#breadcrumb"},"inLanguage":"en-US","potentialAction":[{"@type":"ReadAction","target":["https:\/\/akunq.net\/tr\/?p=27594"]}]},{"@type":"BreadcrumbList","@id":"https:\/\/akunq.net\/tr\/?p=27594#breadcrumb","itemListElement":[{"@type":"ListItem","position":1,"name":"Home","item":"https:\/\/akunq.net\/tr"},{"@type":"ListItem","position":2,"name":"Kad\u0131k\u00f6y&#8217;de yolsuzlu\u011fa ve ye\u015fil talana kar\u015f\u0131 g\u00f6steri"}]},{"@type":"WebSite","@id":"https:\/\/akunq.net\/tr\/#website","url":"https:\/\/akunq.net\/tr\/","name":"Bati Ermenistan Ve Bati Ermenileri Sorunlari Ara\u015ftirmalar Merkezi","description":"","potentialAction":[{"@type":"SearchAction","target":{"@type":"EntryPoint","urlTemplate":"https:\/\/akunq.net\/tr\/?s={search_term_string}"},"query-input":{"@type":"PropertyValueSpecification","valueRequired":true,"valueName":"search_term_string"}}],"inLanguage":"en-US"},{"@type":"Person","@id":"https:\/\/akunq.net\/tr\/#\/schema\/person\/096f1d38a12cce57fb855b485ed24c9e","name":"admin","url":"https:\/\/akunq.net\/tr\/?author=7"}]}},"_links":{"self":[{"href":"https:\/\/akunq.net\/tr\/index.php?rest_route=\/wp\/v2\/posts\/27594","targetHints":{"allow":["GET"]}}],"collection":[{"href":"https:\/\/akunq.net\/tr\/index.php?rest_route=\/wp\/v2\/posts"}],"about":[{"href":"https:\/\/akunq.net\/tr\/index.php?rest_route=\/wp\/v2\/types\/post"}],"author":[{"embeddable":true,"href":"https:\/\/akunq.net\/tr\/index.php?rest_route=\/wp\/v2\/users\/7"}],"replies":[{"embeddable":true,"href":"https:\/\/akunq.net\/tr\/index.php?rest_route=%2Fwp%2Fv2%2Fcomments&post=27594"}],"version-history":[{"count":1,"href":"https:\/\/akunq.net\/tr\/index.php?rest_route=\/wp\/v2\/posts\/27594\/revisions"}],"predecessor-version":[{"id":27596,"href":"https:\/\/akunq.net\/tr\/index.php?rest_route=\/wp\/v2\/posts\/27594\/revisions\/27596"}],"wp:attachment":[{"href":"https:\/\/akunq.net\/tr\/index.php?rest_route=%2Fwp%2Fv2%2Fmedia&parent=27594"}],"wp:term":[{"taxonomy":"category","embeddable":true,"href":"https:\/\/akunq.net\/tr\/index.php?rest_route=%2Fwp%2Fv2%2Fcategories&post=27594"},{"taxonomy":"post_tag","embeddable":true,"href":"https:\/\/akunq.net\/tr\/index.php?rest_route=%2Fwp%2Fv2%2Ftags&post=27594"}],"curies":[{"name":"wp","href":"https:\/\/api.w.org\/{rel}","templated":true}]}}