{"id":27591,"date":"2013-12-23T02:42:44","date_gmt":"2013-12-23T07:42:44","guid":{"rendered":"http:\/\/akunq.net\/tr\/?p=27591"},"modified":"2013-12-23T02:42:44","modified_gmt":"2013-12-23T07:42:44","slug":"davutoglu-ab-ulkelerinin-buyukelcileriyle-bulustu","status":"publish","type":"post","link":"https:\/\/akunq.net\/tr\/?p=27591","title":{"rendered":"Davuto\u011flu AB \u00fclkelerinin b\u00fcy\u00fckel\u00e7ileriyle bulu\u015ftu"},"content":{"rendered":"<p style=\"text-align: justify;\"><b><i><a href=\"http:\/\/akunq.net\/tr\/wp-content\/uploads\/2013\/12\/D\u0131\u015fi\u015fleri-Bakan\u0131-Davuto\u011flu1.jpg\"><img loading=\"lazy\" decoding=\"async\" class=\"alignright size-full wp-image-27592\" alt=\"D\u0131\u015fi\u015fleri Bakan\u0131 Davuto\u011flu\" src=\"http:\/\/akunq.net\/tr\/wp-content\/uploads\/2013\/12\/D\u0131\u015fi\u015fleri-Bakan\u0131-Davuto\u011flu1.jpg\" width=\"300\" height=\"138\" \/><\/a>D\u0131\u015fi\u015fleri Bakan\u0131 Davuto\u011flu, AB \u00fclkelerinin b\u00fcy\u00fckel\u00e7ileriyle \u00f6\u011fle yeme\u011finde bulu\u015ftu. Diplomatik kaynaklar ve el\u00e7ilerin ifadelerine g\u00f6re, yakla\u015f\u0131k 2 saat s\u00fcren bulu\u015fmada, g\u00fcndemi sarsan yolsuzluk operasyonuna ili\u015fkin &#8220;tek kelime edilmedi&#8221;.<br \/>\n<\/i><\/b>Y\u0131lba\u015f\u0131nda Avrupa Birli\u011fi&#8217;nin d\u00f6nem ba\u015fkanl\u0131\u011f\u0131n\u0131 devredecek olan Litvanya&#8217;n\u0131n Ankara B\u00fcy\u00fckel\u00e7ili\u011fi, D\u0131\u015fi\u015fleri Bakan\u0131 Ahmet Davuto\u011flu ile Ankara&#8217;da g\u00f6revli AB \u00fclkelerinin b\u00fcy\u00fckel\u00e7ilerini yemekte bulu\u015fturdu. Her 6 ayda bir d\u00fczenlenen toplant\u0131n\u0131n tarihi, tam da \u0130stanbul&#8217;daki yolsuzluk operasyonu ile ayn\u0131 d\u00f6neme denk gelince toplant\u0131da konu\u015fulanlar merak uyand\u0131rd\u0131. Ama bas\u0131na kapal\u0131 toplant\u0131 sonunda, hem diplomatik kaynaklar hem de el\u00e7iler yakla\u015f\u0131k 2 saat s\u00fcren g\u00f6r\u00fc\u015fmede operasyona ili\u015fkin tek kelime edilmedi\u011fini savundu. Diplomatik kaynaklar, toplant\u0131 tarihinin \u00e7ok \u00f6nceden ayarland\u0131\u011f\u0131na dikkat \u00e7ekti.<br \/>\nEdinilen bilgilere g\u00f6re toplant\u0131 masas\u0131nda \u00f6ne \u00e7\u0131kan konu AB ile ili\u015fkiler ve K\u0131br\u0131s m\u00fczakereleri oldu. Konu\u015fmas\u0131na sunumla ba\u015flayan Bakan Davuto\u011flu, 2014 y\u0131l\u0131 i\u00e7inde yeni fas\u0131llar\u0131n a\u00e7\u0131lmas\u0131n\u0131 ve kat\u0131l\u0131m s\u00fcrecinin canland\u0131r\u0131lmas\u0131n\u0131 beklediklerini s\u00f6yledi. T\u00fcrk vatanda\u015flar\u0131na AB \u00fclkelerine vizesiz seyahat imkan\u0131 sa\u011flayacak olan vize diyalo\u011fu s\u00fcrecini &#8220;En k\u0131sa s\u00fcrede tamamlamaya kararl\u0131y\u0131z&#8221; mesaj\u0131n\u0131 verdi.<br \/>\nK\u0131br\u0131s konusunda T\u00fcrkiye&#8217;nin ve T\u00fcrk taraf\u0131n\u0131n bar\u0131\u015f y\u00f6n\u00fcndeki \u00e7abalar\u0131n\u0131 anlatan D\u0131\u015fi\u015fleri Bakan\u0131, adada taraflar aras\u0131nda devam eden ortak a\u00e7\u0131klama metni m\u00fczakerelerinde de T\u00fcrk taraf\u0131n\u0131n yap\u0131c\u0131 tutumunun halen kar\u015f\u0131l\u0131k bulmad\u0131\u011f\u0131n\u0131 ifade etti. &#8220;\u00dcz\u00fcm m\u00fc yemek istiyoruz yoksa zamana oynamak m\u0131?&#8221; diye sordu. Toplant\u0131da konuyla ilgili Yunanistan ve Danimarka B\u00fcy\u00fckel\u00e7ilerinin de s\u00f6z ald\u0131\u011f\u0131 \u00f6\u011frenildi.<br \/>\n\u0130svi\u00e7re ve Fransa B\u00fcy\u00fckel\u00e7ilerinin sorular\u0131 \u00fczerine Ermenistan ile ili\u015fkilere de\u011finen Bakan Davuto\u011flu, normalle\u015fme ve Yukar\u0131 Karaba\u011f sorunu konular\u0131nda T\u00fcrkiye&#8217;nin yap\u0131c\u0131 tutumunun devam edece\u011fini vurgulad\u0131. Davuto\u011flu, &#8220;Beyaz sayfa a\u00e7t\u0131k. Her t\u00fcrl\u00fc yarat\u0131c\u0131 fikre a\u00e7\u0131\u011f\u0131z&#8221; dedi.<br \/>\n\u0130srail&#8217;le tazminat g\u00f6r\u00fc\u015fmelerinin devam etti\u011fini anlatan Davuto\u011flu, Suriye konusunda da &#8220;Radikal gruplar\u0131n etkisinin azalt\u0131lmas\u0131 i\u00e7in Suriye Ulusal Koalisyonu&#8217;nun temsil etti\u011fi mualefetin daha etkin \u015fekilde desteklenmesi gerekti\u011fini&#8221; vurgulad\u0131.<\/p>\n<p style=\"text-align: justify;\"><b><i>http:\/\/www.vatangazetesi.com\/Haberler\/turkiye\/davutoglu-ab-ulkelerinin-buyukelcileriyle-bulustu\/11822<\/i><\/b><\/p>\n","protected":false},"excerpt":{"rendered":"<p>D\u0131\u015fi\u015fleri Bakan\u0131 Davuto\u011flu, AB \u00fclkelerinin b\u00fcy\u00fckel\u00e7ileriyle \u00f6\u011fle yeme\u011finde bulu\u015ftu. Diplomatik kaynaklar ve el\u00e7ilerin ifadelerine g\u00f6re, yakla\u015f\u0131k 2 saat s\u00fcren bulu\u015fmada, g\u00fcndemi sarsan yolsuzluk operasyonuna ili\u015fkin &#8220;tek kelime edilmedi&#8221;. Y\u0131lba\u015f\u0131nda Avrupa Birli\u011fi&#8217;nin d\u00f6nem ba\u015fkanl\u0131\u011f\u0131n\u0131 devredecek olan Litvanya&#8217;n\u0131n Ankara B\u00fcy\u00fckel\u00e7ili\u011fi, D\u0131\u015fi\u015fleri Bakan\u0131 Ahmet Davuto\u011flu ile Ankara&#8217;da g\u00f6revli AB \u00fclkelerinin b\u00fcy\u00fckel\u00e7ilerini yemekte bulu\u015fturdu. Her 6 ayda bir d\u00fczenlenen [&hellip;]<\/p>\n","protected":false},"author":7,"featured_media":0,"comment_status":"open","ping_status":"open","sticky":false,"template":"","format":"standard","meta":{"footnotes":""},"categories":[1],"tags":[],"class_list":["post-27591","post","type-post","status-publish","format-standard","hentry","category-haberler"],"yoast_head":"<!-- This site is optimized with the Yoast SEO plugin v27.4 - https:\/\/yoast.com\/product\/yoast-seo-wordpress\/ -->\n<title>Davuto\u011flu AB \u00fclkelerinin b\u00fcy\u00fckel\u00e7ileriyle bulu\u015ftu - Bati Ermenistan Ve Bati Ermenileri Sorunlari Ara\u015ftirmalar Merkezi<\/title>\n<meta name=\"robots\" content=\"index, follow, max-snippet:-1, max-image-preview:large, max-video-preview:-1\" \/>\n<link rel=\"canonical\" href=\"https:\/\/akunq.net\/tr\/?p=27591\" \/>\n<meta property=\"og:locale\" content=\"en_US\" \/>\n<meta property=\"og:type\" content=\"article\" \/>\n<meta property=\"og:title\" content=\"Davuto\u011flu AB \u00fclkelerinin b\u00fcy\u00fckel\u00e7ileriyle bulu\u015ftu - Bati Ermenistan Ve Bati Ermenileri Sorunlari Ara\u015ftirmalar Merkezi\" \/>\n<meta property=\"og:description\" content=\"D\u0131\u015fi\u015fleri Bakan\u0131 Davuto\u011flu, AB \u00fclkelerinin b\u00fcy\u00fckel\u00e7ileriyle \u00f6\u011fle yeme\u011finde bulu\u015ftu. Diplomatik kaynaklar ve el\u00e7ilerin ifadelerine g\u00f6re, yakla\u015f\u0131k 2 saat s\u00fcren bulu\u015fmada, g\u00fcndemi sarsan yolsuzluk operasyonuna ili\u015fkin &#8220;tek kelime edilmedi&#8221;. Y\u0131lba\u015f\u0131nda Avrupa Birli\u011fi&#8217;nin d\u00f6nem ba\u015fkanl\u0131\u011f\u0131n\u0131 devredecek olan Litvanya&#8217;n\u0131n Ankara B\u00fcy\u00fckel\u00e7ili\u011fi, D\u0131\u015fi\u015fleri Bakan\u0131 Ahmet Davuto\u011flu ile Ankara&#8217;da g\u00f6revli AB \u00fclkelerinin b\u00fcy\u00fckel\u00e7ilerini yemekte bulu\u015fturdu. Her 6 ayda bir d\u00fczenlenen [&hellip;]\" \/>\n<meta property=\"og:url\" content=\"https:\/\/akunq.net\/tr\/?p=27591\" \/>\n<meta property=\"og:site_name\" content=\"Bati Ermenistan Ve Bati Ermenileri Sorunlari Ara\u015ftirmalar Merkezi\" \/>\n<meta property=\"article:published_time\" content=\"2013-12-23T07:42:44+00:00\" \/>\n<meta name=\"author\" content=\"admin\" \/>\n<meta name=\"twitter:card\" content=\"summary_large_image\" \/>\n<meta name=\"twitter:label1\" content=\"Written by\" \/>\n\t<meta name=\"twitter:data1\" content=\"admin\" \/>\n\t<meta name=\"twitter:label2\" content=\"Est. reading time\" \/>\n\t<meta name=\"twitter:data2\" content=\"2 minutes\" \/>\n<script type=\"application\/ld+json\" class=\"yoast-schema-graph\">{\"@context\":\"https:\\\/\\\/schema.org\",\"@graph\":[{\"@type\":\"Article\",\"@id\":\"https:\\\/\\\/akunq.net\\\/tr\\\/?p=27591#article\",\"isPartOf\":{\"@id\":\"https:\\\/\\\/akunq.net\\\/tr\\\/?p=27591\"},\"author\":{\"name\":\"admin\",\"@id\":\"https:\\\/\\\/akunq.net\\\/tr\\\/#\\\/schema\\\/person\\\/096f1d38a12cce57fb855b485ed24c9e\"},\"headline\":\"Davuto\u011flu AB \u00fclkelerinin b\u00fcy\u00fckel\u00e7ileriyle bulu\u015ftu\",\"datePublished\":\"2013-12-23T07:42:44+00:00\",\"mainEntityOfPage\":{\"@id\":\"https:\\\/\\\/akunq.net\\\/tr\\\/?p=27591\"},\"wordCount\":417,\"commentCount\":0,\"articleSection\":[\"Haberler\"],\"inLanguage\":\"en-US\",\"potentialAction\":[{\"@type\":\"CommentAction\",\"name\":\"Comment\",\"target\":[\"https:\\\/\\\/akunq.net\\\/tr\\\/?p=27591#respond\"]}]},{\"@type\":\"WebPage\",\"@id\":\"https:\\\/\\\/akunq.net\\\/tr\\\/?p=27591\",\"url\":\"https:\\\/\\\/akunq.net\\\/tr\\\/?p=27591\",\"name\":\"Davuto\u011flu AB \u00fclkelerinin b\u00fcy\u00fckel\u00e7ileriyle bulu\u015ftu - Bati Ermenistan Ve Bati Ermenileri Sorunlari Ara\u015ftirmalar Merkezi\",\"isPartOf\":{\"@id\":\"https:\\\/\\\/akunq.net\\\/tr\\\/#website\"},\"datePublished\":\"2013-12-23T07:42:44+00:00\",\"author\":{\"@id\":\"https:\\\/\\\/akunq.net\\\/tr\\\/#\\\/schema\\\/person\\\/096f1d38a12cce57fb855b485ed24c9e\"},\"breadcrumb\":{\"@id\":\"https:\\\/\\\/akunq.net\\\/tr\\\/?p=27591#breadcrumb\"},\"inLanguage\":\"en-US\",\"potentialAction\":[{\"@type\":\"ReadAction\",\"target\":[\"https:\\\/\\\/akunq.net\\\/tr\\\/?p=27591\"]}]},{\"@type\":\"BreadcrumbList\",\"@id\":\"https:\\\/\\\/akunq.net\\\/tr\\\/?p=27591#breadcrumb\",\"itemListElement\":[{\"@type\":\"ListItem\",\"position\":1,\"name\":\"Home\",\"item\":\"https:\\\/\\\/akunq.net\\\/tr\"},{\"@type\":\"ListItem\",\"position\":2,\"name\":\"Davuto\u011flu AB \u00fclkelerinin b\u00fcy\u00fckel\u00e7ileriyle bulu\u015ftu\"}]},{\"@type\":\"WebSite\",\"@id\":\"https:\\\/\\\/akunq.net\\\/tr\\\/#website\",\"url\":\"https:\\\/\\\/akunq.net\\\/tr\\\/\",\"name\":\"Bati Ermenistan Ve Bati Ermenileri Sorunlari Ara\u015ftirmalar Merkezi\",\"description\":\"\",\"potentialAction\":[{\"@type\":\"SearchAction\",\"target\":{\"@type\":\"EntryPoint\",\"urlTemplate\":\"https:\\\/\\\/akunq.net\\\/tr\\\/?s={search_term_string}\"},\"query-input\":{\"@type\":\"PropertyValueSpecification\",\"valueRequired\":true,\"valueName\":\"search_term_string\"}}],\"inLanguage\":\"en-US\"},{\"@type\":\"Person\",\"@id\":\"https:\\\/\\\/akunq.net\\\/tr\\\/#\\\/schema\\\/person\\\/096f1d38a12cce57fb855b485ed24c9e\",\"name\":\"admin\",\"url\":\"https:\\\/\\\/akunq.net\\\/tr\\\/?author=7\"}]}<\/script>\n<!-- \/ Yoast SEO plugin. -->","yoast_head_json":{"title":"Davuto\u011flu AB \u00fclkelerinin b\u00fcy\u00fckel\u00e7ileriyle bulu\u015ftu - Bati Ermenistan Ve Bati Ermenileri Sorunlari Ara\u015ftirmalar Merkezi","robots":{"index":"index","follow":"follow","max-snippet":"max-snippet:-1","max-image-preview":"max-image-preview:large","max-video-preview":"max-video-preview:-1"},"canonical":"https:\/\/akunq.net\/tr\/?p=27591","og_locale":"en_US","og_type":"article","og_title":"Davuto\u011flu AB \u00fclkelerinin b\u00fcy\u00fckel\u00e7ileriyle bulu\u015ftu - Bati Ermenistan Ve Bati Ermenileri Sorunlari Ara\u015ftirmalar Merkezi","og_description":"D\u0131\u015fi\u015fleri Bakan\u0131 Davuto\u011flu, AB \u00fclkelerinin b\u00fcy\u00fckel\u00e7ileriyle \u00f6\u011fle yeme\u011finde bulu\u015ftu. Diplomatik kaynaklar ve el\u00e7ilerin ifadelerine g\u00f6re, yakla\u015f\u0131k 2 saat s\u00fcren bulu\u015fmada, g\u00fcndemi sarsan yolsuzluk operasyonuna ili\u015fkin &#8220;tek kelime edilmedi&#8221;. Y\u0131lba\u015f\u0131nda Avrupa Birli\u011fi&#8217;nin d\u00f6nem ba\u015fkanl\u0131\u011f\u0131n\u0131 devredecek olan Litvanya&#8217;n\u0131n Ankara B\u00fcy\u00fckel\u00e7ili\u011fi, D\u0131\u015fi\u015fleri Bakan\u0131 Ahmet Davuto\u011flu ile Ankara&#8217;da g\u00f6revli AB \u00fclkelerinin b\u00fcy\u00fckel\u00e7ilerini yemekte bulu\u015fturdu. Her 6 ayda bir d\u00fczenlenen [&hellip;]","og_url":"https:\/\/akunq.net\/tr\/?p=27591","og_site_name":"Bati Ermenistan Ve Bati Ermenileri Sorunlari Ara\u015ftirmalar Merkezi","article_published_time":"2013-12-23T07:42:44+00:00","author":"admin","twitter_card":"summary_large_image","twitter_misc":{"Written by":"admin","Est. reading time":"2 minutes"},"schema":{"@context":"https:\/\/schema.org","@graph":[{"@type":"Article","@id":"https:\/\/akunq.net\/tr\/?p=27591#article","isPartOf":{"@id":"https:\/\/akunq.net\/tr\/?p=27591"},"author":{"name":"admin","@id":"https:\/\/akunq.net\/tr\/#\/schema\/person\/096f1d38a12cce57fb855b485ed24c9e"},"headline":"Davuto\u011flu AB \u00fclkelerinin b\u00fcy\u00fckel\u00e7ileriyle bulu\u015ftu","datePublished":"2013-12-23T07:42:44+00:00","mainEntityOfPage":{"@id":"https:\/\/akunq.net\/tr\/?p=27591"},"wordCount":417,"commentCount":0,"articleSection":["Haberler"],"inLanguage":"en-US","potentialAction":[{"@type":"CommentAction","name":"Comment","target":["https:\/\/akunq.net\/tr\/?p=27591#respond"]}]},{"@type":"WebPage","@id":"https:\/\/akunq.net\/tr\/?p=27591","url":"https:\/\/akunq.net\/tr\/?p=27591","name":"Davuto\u011flu AB \u00fclkelerinin b\u00fcy\u00fckel\u00e7ileriyle bulu\u015ftu - Bati Ermenistan Ve Bati Ermenileri Sorunlari Ara\u015ftirmalar Merkezi","isPartOf":{"@id":"https:\/\/akunq.net\/tr\/#website"},"datePublished":"2013-12-23T07:42:44+00:00","author":{"@id":"https:\/\/akunq.net\/tr\/#\/schema\/person\/096f1d38a12cce57fb855b485ed24c9e"},"breadcrumb":{"@id":"https:\/\/akunq.net\/tr\/?p=27591#breadcrumb"},"inLanguage":"en-US","potentialAction":[{"@type":"ReadAction","target":["https:\/\/akunq.net\/tr\/?p=27591"]}]},{"@type":"BreadcrumbList","@id":"https:\/\/akunq.net\/tr\/?p=27591#breadcrumb","itemListElement":[{"@type":"ListItem","position":1,"name":"Home","item":"https:\/\/akunq.net\/tr"},{"@type":"ListItem","position":2,"name":"Davuto\u011flu AB \u00fclkelerinin b\u00fcy\u00fckel\u00e7ileriyle bulu\u015ftu"}]},{"@type":"WebSite","@id":"https:\/\/akunq.net\/tr\/#website","url":"https:\/\/akunq.net\/tr\/","name":"Bati Ermenistan Ve Bati Ermenileri Sorunlari Ara\u015ftirmalar Merkezi","description":"","potentialAction":[{"@type":"SearchAction","target":{"@type":"EntryPoint","urlTemplate":"https:\/\/akunq.net\/tr\/?s={search_term_string}"},"query-input":{"@type":"PropertyValueSpecification","valueRequired":true,"valueName":"search_term_string"}}],"inLanguage":"en-US"},{"@type":"Person","@id":"https:\/\/akunq.net\/tr\/#\/schema\/person\/096f1d38a12cce57fb855b485ed24c9e","name":"admin","url":"https:\/\/akunq.net\/tr\/?author=7"}]}},"_links":{"self":[{"href":"https:\/\/akunq.net\/tr\/index.php?rest_route=\/wp\/v2\/posts\/27591","targetHints":{"allow":["GET"]}}],"collection":[{"href":"https:\/\/akunq.net\/tr\/index.php?rest_route=\/wp\/v2\/posts"}],"about":[{"href":"https:\/\/akunq.net\/tr\/index.php?rest_route=\/wp\/v2\/types\/post"}],"author":[{"embeddable":true,"href":"https:\/\/akunq.net\/tr\/index.php?rest_route=\/wp\/v2\/users\/7"}],"replies":[{"embeddable":true,"href":"https:\/\/akunq.net\/tr\/index.php?rest_route=%2Fwp%2Fv2%2Fcomments&post=27591"}],"version-history":[{"count":1,"href":"https:\/\/akunq.net\/tr\/index.php?rest_route=\/wp\/v2\/posts\/27591\/revisions"}],"predecessor-version":[{"id":27593,"href":"https:\/\/akunq.net\/tr\/index.php?rest_route=\/wp\/v2\/posts\/27591\/revisions\/27593"}],"wp:attachment":[{"href":"https:\/\/akunq.net\/tr\/index.php?rest_route=%2Fwp%2Fv2%2Fmedia&parent=27591"}],"wp:term":[{"taxonomy":"category","embeddable":true,"href":"https:\/\/akunq.net\/tr\/index.php?rest_route=%2Fwp%2Fv2%2Fcategories&post=27591"},{"taxonomy":"post_tag","embeddable":true,"href":"https:\/\/akunq.net\/tr\/index.php?rest_route=%2Fwp%2Fv2%2Ftags&post=27591"}],"curies":[{"name":"wp","href":"https:\/\/api.w.org\/{rel}","templated":true}]}}