{"id":27576,"date":"2013-12-23T01:55:13","date_gmt":"2013-12-23T06:55:13","guid":{"rendered":"http:\/\/akunq.net\/tr\/?p=27576"},"modified":"2013-12-23T01:55:13","modified_gmt":"2013-12-23T06:55:13","slug":"chpnin-kars-adayi-naif-alibeyoglu","status":"publish","type":"post","link":"https:\/\/akunq.net\/tr\/?p=27576","title":{"rendered":"CHP&#8217;nin Kars Aday\u0131 Naif Alibeyo\u011flu"},"content":{"rendered":"<p style=\"text-align: justify;\"><b><i><a href=\"http:\/\/akunq.net\/tr\/wp-content\/uploads\/2013\/12\/\u0546\u0561\u056b\u0586-\u0531\u056c\u056b\u0562\u0565\u0575\u0585\u0572\u056c\u0578\u0582.jpg\"><img loading=\"lazy\" decoding=\"async\" class=\"alignright size-full wp-image-27577\" alt=\"\u0546\u0561\u056b\u0586 \u0531\u056c\u056b\u0562\u0565\u0575\u0585\u0572\u056c\u0578\u0582\" src=\"http:\/\/akunq.net\/tr\/wp-content\/uploads\/2013\/12\/\u0546\u0561\u056b\u0586-\u0531\u056c\u056b\u0562\u0565\u0575\u0585\u0572\u056c\u0578\u0582.jpg\" width=\"300\" height=\"225\" \/><\/a>Cumhuriyet Halk Partsi (CHP) Naif Alibeyo\u011flu&#8217;nun adayl\u0131\u011f\u0131&#8217;n\u0131 resmen a\u00e7\u0131klad\u0131.<\/i><\/b><\/p>\n<p style=\"text-align: justify;\">CHP MYK sabah 8:00&#8217;de toplanm\u0131\u015ft\u0131. Yakla\u015f\u0131k 5 saat s\u00fcren toplant\u0131n\u0131n ard\u0131ndan MYK&#8217;da bir \u00e7ok ilin belediye ba\u015fkan aday\u0131 netle\u015fti.<\/p>\n<p style=\"text-align: justify;\">\u0130\u015fte MYK&#8217;dan ge\u00e7en ve Parti Meclisi&#8217;nin onay\u0131na sunulan o iller ve ba\u015fkan adaylar\u0131:<\/p>\n<p style=\"text-align: justify;\"><i>Kars: <b>Naif Alibeyo\u011flu<\/b><\/i><\/p>\n<p style=\"text-align: justify;\"><i>Kars &#8211; Susuz: <b>Ali Ye\u011fin<\/b><\/i><\/p>\n<p style=\"text-align: justify;\"><i>Kars &#8211; Arpa\u00e7ay: <b>Enver Akkaya<\/b>\u00a0<\/i><\/p>\n<p style=\"text-align: justify;\">Cumhuriyet Halk Partisi, Kars Belediye Ba\u015fkan aday\u0131n\u0131 temay\u00fcl yoklamas\u0131 sonucuna g\u00f6re a\u00e7\u0131klayaca\u011f\u0131n\u0131 duyurmu\u015ftu.<\/p>\n<p style=\"text-align: justify;\">CHP Kars \u0130l Ba\u015fkanl\u0131\u011f\u0131, Kars Belediye Ba\u015fkanl\u0131\u011f\u0131 i\u00e7in Naif Alibeyo\u011flu, Osman Saday, \u00c7etin Ko\u00e7yi\u011fit ve Yakup Uluman ile temay\u00fcl yoklamas\u0131na gitmi\u015f ve yoklama sonucunda ise Naif Alibeyo\u011flu kullan\u0131lan 391 oyun 219\u2019unu alm\u0131\u015ft\u0131. Alibeyo\u011flu\u2019nun ald\u0131\u011f\u0131 bu sonu\u00e7ta temay\u00fcl yoklamas\u0131na kat\u0131lan CHP Ankara milletvekili B\u00fclent Ku\u015fo\u011flu ve CHP \u00c7orum milletvekili Tufan K\u00f6se taraf\u0131ndan da CHP Genel Ba\u015fkanl\u0131\u011f\u0131na ula\u015ft\u0131r\u0131lm\u0131\u015ft\u0131.<br \/>\n\u00a0<br \/>\nToplam 391 oyun kullan\u0131ld\u0131\u011f\u0131 temay\u00fcl yoklamas\u0131nda, 389 oy ge\u00e7erli say\u0131l\u0131rken 5 oy da ge\u00e7ersiz kabul edilmi\u015fti. Di\u011fer aday adaylar\u0131ndan Yakup Uluman 53, Osman Saday 52 ve \u00c7etin Ko\u00e7yi\u011fit de 65 oy alm\u0131\u015ft\u0131. Temay\u00fcl oylamas\u0131n\u0131n ard\u0131ndan ise 219 oy alan Naif Alibeyo\u011flu temay\u00fcl yoklamas\u0131nda aday aday\u0131 olan Osman Saday, \u00c7etin Ko\u00e7yi\u011fit ve Yakup Uluman ile birlikte karde\u015flik ve beraberlik mesaj\u0131 vermi\u015fti.<\/p>\n<p style=\"text-align: justify;\"><b><i>http:\/\/www.politikars.com\/chpnin-kars-adayi-naif-alibeyoglu-67999h.htm<\/i><\/b><\/p>\n","protected":false},"excerpt":{"rendered":"<p>Cumhuriyet Halk Partsi (CHP) Naif Alibeyo\u011flu&#8217;nun adayl\u0131\u011f\u0131&#8217;n\u0131 resmen a\u00e7\u0131klad\u0131. CHP MYK sabah 8:00&#8217;de toplanm\u0131\u015ft\u0131. Yakla\u015f\u0131k 5 saat s\u00fcren toplant\u0131n\u0131n ard\u0131ndan MYK&#8217;da bir \u00e7ok ilin belediye ba\u015fkan aday\u0131 netle\u015fti. \u0130\u015fte MYK&#8217;dan ge\u00e7en ve Parti Meclisi&#8217;nin onay\u0131na sunulan o iller ve ba\u015fkan adaylar\u0131: Kars: Naif Alibeyo\u011flu Kars &#8211; Susuz: Ali Ye\u011fin Kars &#8211; Arpa\u00e7ay: Enver Akkaya\u00a0 Cumhuriyet [&hellip;]<\/p>\n","protected":false},"author":7,"featured_media":0,"comment_status":"open","ping_status":"open","sticky":false,"template":"","format":"standard","meta":{"footnotes":""},"categories":[1],"tags":[],"class_list":["post-27576","post","type-post","status-publish","format-standard","hentry","category-haberler"],"yoast_head":"<!-- This site is optimized with the Yoast SEO plugin v27.4 - https:\/\/yoast.com\/product\/yoast-seo-wordpress\/ -->\n<title>CHP&#039;nin Kars Aday\u0131 Naif Alibeyo\u011flu - Bati Ermenistan Ve Bati Ermenileri Sorunlari Ara\u015ftirmalar Merkezi<\/title>\n<meta name=\"robots\" content=\"index, follow, max-snippet:-1, max-image-preview:large, max-video-preview:-1\" \/>\n<link rel=\"canonical\" href=\"https:\/\/akunq.net\/tr\/?p=27576\" \/>\n<meta property=\"og:locale\" content=\"en_US\" \/>\n<meta property=\"og:type\" content=\"article\" \/>\n<meta property=\"og:title\" content=\"CHP&#039;nin Kars Aday\u0131 Naif Alibeyo\u011flu - Bati Ermenistan Ve Bati Ermenileri Sorunlari Ara\u015ftirmalar Merkezi\" \/>\n<meta property=\"og:description\" content=\"Cumhuriyet Halk Partsi (CHP) Naif Alibeyo\u011flu&#8217;nun adayl\u0131\u011f\u0131&#8217;n\u0131 resmen a\u00e7\u0131klad\u0131. CHP MYK sabah 8:00&#8217;de toplanm\u0131\u015ft\u0131. Yakla\u015f\u0131k 5 saat s\u00fcren toplant\u0131n\u0131n ard\u0131ndan MYK&#8217;da bir \u00e7ok ilin belediye ba\u015fkan aday\u0131 netle\u015fti. \u0130\u015fte MYK&#8217;dan ge\u00e7en ve Parti Meclisi&#8217;nin onay\u0131na sunulan o iller ve ba\u015fkan adaylar\u0131: Kars: Naif Alibeyo\u011flu Kars &#8211; Susuz: Ali Ye\u011fin Kars &#8211; Arpa\u00e7ay: Enver Akkaya\u00a0 Cumhuriyet [&hellip;]\" \/>\n<meta property=\"og:url\" content=\"https:\/\/akunq.net\/tr\/?p=27576\" \/>\n<meta property=\"og:site_name\" content=\"Bati Ermenistan Ve Bati Ermenileri Sorunlari Ara\u015ftirmalar Merkezi\" \/>\n<meta property=\"article:published_time\" content=\"2013-12-23T06:55:13+00:00\" \/>\n<meta name=\"author\" content=\"admin\" \/>\n<meta name=\"twitter:card\" content=\"summary_large_image\" \/>\n<meta name=\"twitter:label1\" content=\"Written by\" \/>\n\t<meta name=\"twitter:data1\" content=\"admin\" \/>\n\t<meta name=\"twitter:label2\" content=\"Est. reading time\" \/>\n\t<meta name=\"twitter:data2\" content=\"1 minute\" \/>\n<script type=\"application\/ld+json\" class=\"yoast-schema-graph\">{\"@context\":\"https:\\\/\\\/schema.org\",\"@graph\":[{\"@type\":\"Article\",\"@id\":\"https:\\\/\\\/akunq.net\\\/tr\\\/?p=27576#article\",\"isPartOf\":{\"@id\":\"https:\\\/\\\/akunq.net\\\/tr\\\/?p=27576\"},\"author\":{\"name\":\"admin\",\"@id\":\"https:\\\/\\\/akunq.net\\\/tr\\\/#\\\/schema\\\/person\\\/096f1d38a12cce57fb855b485ed24c9e\"},\"headline\":\"CHP&#8217;nin Kars Aday\u0131 Naif Alibeyo\u011flu\",\"datePublished\":\"2013-12-23T06:55:13+00:00\",\"mainEntityOfPage\":{\"@id\":\"https:\\\/\\\/akunq.net\\\/tr\\\/?p=27576\"},\"wordCount\":263,\"commentCount\":0,\"articleSection\":[\"Haberler\"],\"inLanguage\":\"en-US\",\"potentialAction\":[{\"@type\":\"CommentAction\",\"name\":\"Comment\",\"target\":[\"https:\\\/\\\/akunq.net\\\/tr\\\/?p=27576#respond\"]}]},{\"@type\":\"WebPage\",\"@id\":\"https:\\\/\\\/akunq.net\\\/tr\\\/?p=27576\",\"url\":\"https:\\\/\\\/akunq.net\\\/tr\\\/?p=27576\",\"name\":\"CHP'nin Kars Aday\u0131 Naif Alibeyo\u011flu - Bati Ermenistan Ve Bati Ermenileri Sorunlari Ara\u015ftirmalar Merkezi\",\"isPartOf\":{\"@id\":\"https:\\\/\\\/akunq.net\\\/tr\\\/#website\"},\"datePublished\":\"2013-12-23T06:55:13+00:00\",\"author\":{\"@id\":\"https:\\\/\\\/akunq.net\\\/tr\\\/#\\\/schema\\\/person\\\/096f1d38a12cce57fb855b485ed24c9e\"},\"breadcrumb\":{\"@id\":\"https:\\\/\\\/akunq.net\\\/tr\\\/?p=27576#breadcrumb\"},\"inLanguage\":\"en-US\",\"potentialAction\":[{\"@type\":\"ReadAction\",\"target\":[\"https:\\\/\\\/akunq.net\\\/tr\\\/?p=27576\"]}]},{\"@type\":\"BreadcrumbList\",\"@id\":\"https:\\\/\\\/akunq.net\\\/tr\\\/?p=27576#breadcrumb\",\"itemListElement\":[{\"@type\":\"ListItem\",\"position\":1,\"name\":\"Home\",\"item\":\"https:\\\/\\\/akunq.net\\\/tr\"},{\"@type\":\"ListItem\",\"position\":2,\"name\":\"CHP&#8217;nin Kars Aday\u0131 Naif Alibeyo\u011flu\"}]},{\"@type\":\"WebSite\",\"@id\":\"https:\\\/\\\/akunq.net\\\/tr\\\/#website\",\"url\":\"https:\\\/\\\/akunq.net\\\/tr\\\/\",\"name\":\"Bati Ermenistan Ve Bati Ermenileri Sorunlari Ara\u015ftirmalar Merkezi\",\"description\":\"\",\"potentialAction\":[{\"@type\":\"SearchAction\",\"target\":{\"@type\":\"EntryPoint\",\"urlTemplate\":\"https:\\\/\\\/akunq.net\\\/tr\\\/?s={search_term_string}\"},\"query-input\":{\"@type\":\"PropertyValueSpecification\",\"valueRequired\":true,\"valueName\":\"search_term_string\"}}],\"inLanguage\":\"en-US\"},{\"@type\":\"Person\",\"@id\":\"https:\\\/\\\/akunq.net\\\/tr\\\/#\\\/schema\\\/person\\\/096f1d38a12cce57fb855b485ed24c9e\",\"name\":\"admin\",\"url\":\"https:\\\/\\\/akunq.net\\\/tr\\\/?author=7\"}]}<\/script>\n<!-- \/ Yoast SEO plugin. -->","yoast_head_json":{"title":"CHP'nin Kars Aday\u0131 Naif Alibeyo\u011flu - Bati Ermenistan Ve Bati Ermenileri Sorunlari Ara\u015ftirmalar Merkezi","robots":{"index":"index","follow":"follow","max-snippet":"max-snippet:-1","max-image-preview":"max-image-preview:large","max-video-preview":"max-video-preview:-1"},"canonical":"https:\/\/akunq.net\/tr\/?p=27576","og_locale":"en_US","og_type":"article","og_title":"CHP'nin Kars Aday\u0131 Naif Alibeyo\u011flu - Bati Ermenistan Ve Bati Ermenileri Sorunlari Ara\u015ftirmalar Merkezi","og_description":"Cumhuriyet Halk Partsi (CHP) Naif Alibeyo\u011flu&#8217;nun adayl\u0131\u011f\u0131&#8217;n\u0131 resmen a\u00e7\u0131klad\u0131. CHP MYK sabah 8:00&#8217;de toplanm\u0131\u015ft\u0131. Yakla\u015f\u0131k 5 saat s\u00fcren toplant\u0131n\u0131n ard\u0131ndan MYK&#8217;da bir \u00e7ok ilin belediye ba\u015fkan aday\u0131 netle\u015fti. \u0130\u015fte MYK&#8217;dan ge\u00e7en ve Parti Meclisi&#8217;nin onay\u0131na sunulan o iller ve ba\u015fkan adaylar\u0131: Kars: Naif Alibeyo\u011flu Kars &#8211; Susuz: Ali Ye\u011fin Kars &#8211; Arpa\u00e7ay: Enver Akkaya\u00a0 Cumhuriyet [&hellip;]","og_url":"https:\/\/akunq.net\/tr\/?p=27576","og_site_name":"Bati Ermenistan Ve Bati Ermenileri Sorunlari Ara\u015ftirmalar Merkezi","article_published_time":"2013-12-23T06:55:13+00:00","author":"admin","twitter_card":"summary_large_image","twitter_misc":{"Written by":"admin","Est. reading time":"1 minute"},"schema":{"@context":"https:\/\/schema.org","@graph":[{"@type":"Article","@id":"https:\/\/akunq.net\/tr\/?p=27576#article","isPartOf":{"@id":"https:\/\/akunq.net\/tr\/?p=27576"},"author":{"name":"admin","@id":"https:\/\/akunq.net\/tr\/#\/schema\/person\/096f1d38a12cce57fb855b485ed24c9e"},"headline":"CHP&#8217;nin Kars Aday\u0131 Naif Alibeyo\u011flu","datePublished":"2013-12-23T06:55:13+00:00","mainEntityOfPage":{"@id":"https:\/\/akunq.net\/tr\/?p=27576"},"wordCount":263,"commentCount":0,"articleSection":["Haberler"],"inLanguage":"en-US","potentialAction":[{"@type":"CommentAction","name":"Comment","target":["https:\/\/akunq.net\/tr\/?p=27576#respond"]}]},{"@type":"WebPage","@id":"https:\/\/akunq.net\/tr\/?p=27576","url":"https:\/\/akunq.net\/tr\/?p=27576","name":"CHP'nin Kars Aday\u0131 Naif Alibeyo\u011flu - Bati Ermenistan Ve Bati Ermenileri Sorunlari Ara\u015ftirmalar Merkezi","isPartOf":{"@id":"https:\/\/akunq.net\/tr\/#website"},"datePublished":"2013-12-23T06:55:13+00:00","author":{"@id":"https:\/\/akunq.net\/tr\/#\/schema\/person\/096f1d38a12cce57fb855b485ed24c9e"},"breadcrumb":{"@id":"https:\/\/akunq.net\/tr\/?p=27576#breadcrumb"},"inLanguage":"en-US","potentialAction":[{"@type":"ReadAction","target":["https:\/\/akunq.net\/tr\/?p=27576"]}]},{"@type":"BreadcrumbList","@id":"https:\/\/akunq.net\/tr\/?p=27576#breadcrumb","itemListElement":[{"@type":"ListItem","position":1,"name":"Home","item":"https:\/\/akunq.net\/tr"},{"@type":"ListItem","position":2,"name":"CHP&#8217;nin Kars Aday\u0131 Naif Alibeyo\u011flu"}]},{"@type":"WebSite","@id":"https:\/\/akunq.net\/tr\/#website","url":"https:\/\/akunq.net\/tr\/","name":"Bati Ermenistan Ve Bati Ermenileri Sorunlari Ara\u015ftirmalar Merkezi","description":"","potentialAction":[{"@type":"SearchAction","target":{"@type":"EntryPoint","urlTemplate":"https:\/\/akunq.net\/tr\/?s={search_term_string}"},"query-input":{"@type":"PropertyValueSpecification","valueRequired":true,"valueName":"search_term_string"}}],"inLanguage":"en-US"},{"@type":"Person","@id":"https:\/\/akunq.net\/tr\/#\/schema\/person\/096f1d38a12cce57fb855b485ed24c9e","name":"admin","url":"https:\/\/akunq.net\/tr\/?author=7"}]}},"_links":{"self":[{"href":"https:\/\/akunq.net\/tr\/index.php?rest_route=\/wp\/v2\/posts\/27576","targetHints":{"allow":["GET"]}}],"collection":[{"href":"https:\/\/akunq.net\/tr\/index.php?rest_route=\/wp\/v2\/posts"}],"about":[{"href":"https:\/\/akunq.net\/tr\/index.php?rest_route=\/wp\/v2\/types\/post"}],"author":[{"embeddable":true,"href":"https:\/\/akunq.net\/tr\/index.php?rest_route=\/wp\/v2\/users\/7"}],"replies":[{"embeddable":true,"href":"https:\/\/akunq.net\/tr\/index.php?rest_route=%2Fwp%2Fv2%2Fcomments&post=27576"}],"version-history":[{"count":1,"href":"https:\/\/akunq.net\/tr\/index.php?rest_route=\/wp\/v2\/posts\/27576\/revisions"}],"predecessor-version":[{"id":27578,"href":"https:\/\/akunq.net\/tr\/index.php?rest_route=\/wp\/v2\/posts\/27576\/revisions\/27578"}],"wp:attachment":[{"href":"https:\/\/akunq.net\/tr\/index.php?rest_route=%2Fwp%2Fv2%2Fmedia&parent=27576"}],"wp:term":[{"taxonomy":"category","embeddable":true,"href":"https:\/\/akunq.net\/tr\/index.php?rest_route=%2Fwp%2Fv2%2Fcategories&post=27576"},{"taxonomy":"post_tag","embeddable":true,"href":"https:\/\/akunq.net\/tr\/index.php?rest_route=%2Fwp%2Fv2%2Ftags&post=27576"}],"curies":[{"name":"wp","href":"https:\/\/api.w.org\/{rel}","templated":true}]}}