{"id":27566,"date":"2013-12-21T02:13:38","date_gmt":"2013-12-21T07:13:38","guid":{"rendered":"http:\/\/akunq.net\/tr\/?p=27566"},"modified":"2013-12-21T02:13:38","modified_gmt":"2013-12-21T07:13:38","slug":"a-oguz-bayraktar-serbest","status":"publish","type":"post","link":"https:\/\/akunq.net\/tr\/?p=27566","title":{"rendered":"A. O\u011fuz Bayraktar serbest"},"content":{"rendered":"<p style=\"text-align: justify;\"><em><strong><a href=\"http:\/\/akunq.net\/tr\/wp-content\/uploads\/2013\/12\/Abdullah-O\u011fuz-Bayraktar.gif\"><img loading=\"lazy\" decoding=\"async\" class=\"alignright size-medium wp-image-27567\" alt=\"Abdullah O\u011fuz Bayraktar\" src=\"http:\/\/akunq.net\/tr\/wp-content\/uploads\/2013\/12\/Abdullah-O\u011fuz-Bayraktar-300x157.gif\" width=\"300\" height=\"157\" srcset=\"https:\/\/akunq.net\/tr\/wp-content\/uploads\/sites\/6\/2013\/12\/Abdullah-O\u011fuz-Bayraktar-300x157.gif 300w, https:\/\/akunq.net\/tr\/wp-content\/uploads\/sites\/6\/2013\/12\/Abdullah-O\u011fuz-Bayraktar-600x314.gif 600w\" sizes=\"auto, (max-width: 300px) 100vw, 300px\" \/><\/a>\u00c7evre ve \u015eehircilik Bakan\u0131 Erdo\u011fan Bayraktar&#8217;\u0131n o\u011flu Abdullah O\u011fuz Bayraktar&#8217;\u0131n da aralar\u0131nda bulundu\u011fu 14 \u015f\u00fcpheli mahkeme taraf\u0131ndan serbest b\u0131rak\u0131ld\u0131.<\/strong><\/em><br \/>\n&#8217;17 Aral\u0131k Operasyonu&#8217; kapsam\u0131nda g\u00f6zalt\u0131na al\u0131nanlar aras\u0131nda yer alan Abdullah O\u011fuz Bayraktar&#8217;\u0131n da aralar\u0131nda bulundu\u011fu 14 \u015f\u00fcphelinin mahkemedeki sorgu i\u015flemleri tamamland\u0131. &#8220;Su\u00e7 i\u015flemek amac\u0131yla \u00f6rg\u00fct kurma, su\u00e7 i\u015flemek amac\u0131yla kurulan \u00f6rg\u00fcte \u00fcye olma, resmi belgeyi bozmak, yok etmek, veya gizlemek, r\u00fc\u015fvet almak ve vermek, n\u00fcfus ticareti gibi su\u00e7lardan mahkemeye sevk edilen \u015f\u00fcpheliler Yavuz \u00c7elik, Sad\u0131k Soylu, Mehmet Ali Kahraman, Mehmet Erdal, \u0130smail \u00c7akal, \u0130smail Kibici, H\u00fcseyin Avni Sipahi, Fuat Ku\u015f\u00e7u, Ekrem Eray Arda, Aliseydi Karao\u011flu,Ali Karaaslan, Ahmet Emil, Abdullah O\u011fuz Bayraktar ve Abdullah U\u00e7ar serbest b\u0131rak\u0131ld\u0131.<\/p>\n<p style=\"text-align: justify;\"><strong>14 \u015e\u00dcPHEL\u0130YE YURTDI\u015eINA \u00c7IKI\u015e YASA\u011eI<\/strong><br \/>\nMahkeme karar\u0131nda \u015fu ifadelere yer verdi: &#8220;\u0130snat edilen su\u00e7 vasf\u0131na, delil durumuna, kuvvetli su\u00e7 \u015f\u00fcphesinin varl\u0131\u011f\u0131n\u0131 g\u00f6steren olgular\u0131n, tutuklamay\u0131 gerektirecek \u015fekilde bulunmamas\u0131, bu a\u015famada delilleri yok etme, karartma ve gizleme ihtimali g\u00f6r\u00fclmedi\u011fi, sabit ikametg\u00e2h sahibi olmalar\u0131 ka\u00e7ma \u015f\u00fcphelerini uyand\u0131ran somut olgular\u0131n bulunmamas\u0131, keza ileride su\u00e7 vasf\u0131n\u0131n de\u011fi\u015fme ihtimalin bulunmas\u0131 nedeniyle ileride ma\u011fduriyetlerine sebep olmamas\u0131 bak\u0131m\u0131ndan tutuklama talebinin reddine karar verildi.&#8221; 14 \u015f\u00fcpheli hakk\u0131nda adli kontrol tedbiri uygulanmas\u0131na karar veren 25. Sulh Ceza Mahkemesi Hakimi Selahaddin Elita\u015f, \u015f\u00fcphelilere yurtd\u0131\u015f\u0131na \u00e7\u0131k\u0131\u015f yasa\u011f\u0131 koyarak, \u015f\u00fcphelilerin haftan\u0131n Cumartesi g\u00fcnleri olmak \u00fczere ikametgahlar\u0131na en yak\u0131n karakolda imza vermelerine h\u00fckmetti. \u00d6te yandan 35 \u015f\u00fcphelinin ise mahkemedeki sorgu i\u015flemleri devam ediyor.<\/p>\n<p style=\"text-align: justify;\"><em><strong>Serpil KIRKESER- Cem TURSUN- \u00c7a\u011fatay KENARLI &#8211; \u0130hsan YAL\u00c7IN \/ \u0130STANBUL-DHA<\/strong><\/em><br \/>\n<em><strong> http:\/\/www.dha.com.tr\/17-aralik-operasyonu-kapsaminda-mahkemeye-sevk-edilen-bakan-bayraktarin-oglu-abdullah-oguz-bayraktarinda-aralarinda-bulundugu-14-kisi-serbest-birakildi-_569182.html<\/strong><\/em><\/p>\n","protected":false},"excerpt":{"rendered":"<p>\u00c7evre ve \u015eehircilik Bakan\u0131 Erdo\u011fan Bayraktar&#8217;\u0131n o\u011flu Abdullah O\u011fuz Bayraktar&#8217;\u0131n da aralar\u0131nda bulundu\u011fu 14 \u015f\u00fcpheli mahkeme taraf\u0131ndan serbest b\u0131rak\u0131ld\u0131. &#8217;17 Aral\u0131k Operasyonu&#8217; kapsam\u0131nda g\u00f6zalt\u0131na al\u0131nanlar aras\u0131nda yer alan Abdullah O\u011fuz Bayraktar&#8217;\u0131n da aralar\u0131nda bulundu\u011fu 14 \u015f\u00fcphelinin mahkemedeki sorgu i\u015flemleri tamamland\u0131. &#8220;Su\u00e7 i\u015flemek amac\u0131yla \u00f6rg\u00fct kurma, su\u00e7 i\u015flemek amac\u0131yla kurulan \u00f6rg\u00fcte \u00fcye olma, resmi belgeyi bozmak, [&hellip;]<\/p>\n","protected":false},"author":7,"featured_media":0,"comment_status":"open","ping_status":"open","sticky":false,"template":"","format":"standard","meta":{"footnotes":""},"categories":[1],"tags":[],"class_list":["post-27566","post","type-post","status-publish","format-standard","hentry","category-haberler"],"yoast_head":"<!-- This site is optimized with the Yoast SEO plugin v27.4 - https:\/\/yoast.com\/product\/yoast-seo-wordpress\/ -->\n<title>A. O\u011fuz Bayraktar serbest - Bati Ermenistan Ve Bati Ermenileri Sorunlari Ara\u015ftirmalar Merkezi<\/title>\n<meta name=\"robots\" content=\"index, follow, max-snippet:-1, max-image-preview:large, max-video-preview:-1\" \/>\n<link rel=\"canonical\" href=\"https:\/\/akunq.net\/tr\/?p=27566\" \/>\n<meta property=\"og:locale\" content=\"en_US\" \/>\n<meta property=\"og:type\" content=\"article\" \/>\n<meta property=\"og:title\" content=\"A. O\u011fuz Bayraktar serbest - Bati Ermenistan Ve Bati Ermenileri Sorunlari Ara\u015ftirmalar Merkezi\" \/>\n<meta property=\"og:description\" content=\"\u00c7evre ve \u015eehircilik Bakan\u0131 Erdo\u011fan Bayraktar&#8217;\u0131n o\u011flu Abdullah O\u011fuz Bayraktar&#8217;\u0131n da aralar\u0131nda bulundu\u011fu 14 \u015f\u00fcpheli mahkeme taraf\u0131ndan serbest b\u0131rak\u0131ld\u0131. &#8217;17 Aral\u0131k Operasyonu&#8217; kapsam\u0131nda g\u00f6zalt\u0131na al\u0131nanlar aras\u0131nda yer alan Abdullah O\u011fuz Bayraktar&#8217;\u0131n da aralar\u0131nda bulundu\u011fu 14 \u015f\u00fcphelinin mahkemedeki sorgu i\u015flemleri tamamland\u0131. &#8220;Su\u00e7 i\u015flemek amac\u0131yla \u00f6rg\u00fct kurma, su\u00e7 i\u015flemek amac\u0131yla kurulan \u00f6rg\u00fcte \u00fcye olma, resmi belgeyi bozmak, [&hellip;]\" \/>\n<meta property=\"og:url\" content=\"https:\/\/akunq.net\/tr\/?p=27566\" \/>\n<meta property=\"og:site_name\" content=\"Bati Ermenistan Ve Bati Ermenileri Sorunlari Ara\u015ftirmalar Merkezi\" \/>\n<meta property=\"article:published_time\" content=\"2013-12-21T07:13:38+00:00\" \/>\n<meta name=\"author\" content=\"admin\" \/>\n<meta name=\"twitter:card\" content=\"summary_large_image\" \/>\n<meta name=\"twitter:label1\" content=\"Written by\" \/>\n\t<meta name=\"twitter:data1\" content=\"admin\" \/>\n\t<meta name=\"twitter:label2\" content=\"Est. reading time\" \/>\n\t<meta name=\"twitter:data2\" content=\"1 minute\" \/>\n<script type=\"application\/ld+json\" class=\"yoast-schema-graph\">{\"@context\":\"https:\\\/\\\/schema.org\",\"@graph\":[{\"@type\":\"Article\",\"@id\":\"https:\\\/\\\/akunq.net\\\/tr\\\/?p=27566#article\",\"isPartOf\":{\"@id\":\"https:\\\/\\\/akunq.net\\\/tr\\\/?p=27566\"},\"author\":{\"name\":\"admin\",\"@id\":\"https:\\\/\\\/akunq.net\\\/tr\\\/#\\\/schema\\\/person\\\/096f1d38a12cce57fb855b485ed24c9e\"},\"headline\":\"A. O\u011fuz Bayraktar serbest\",\"datePublished\":\"2013-12-21T07:13:38+00:00\",\"mainEntityOfPage\":{\"@id\":\"https:\\\/\\\/akunq.net\\\/tr\\\/?p=27566\"},\"wordCount\":304,\"commentCount\":0,\"articleSection\":[\"Haberler\"],\"inLanguage\":\"en-US\",\"potentialAction\":[{\"@type\":\"CommentAction\",\"name\":\"Comment\",\"target\":[\"https:\\\/\\\/akunq.net\\\/tr\\\/?p=27566#respond\"]}]},{\"@type\":\"WebPage\",\"@id\":\"https:\\\/\\\/akunq.net\\\/tr\\\/?p=27566\",\"url\":\"https:\\\/\\\/akunq.net\\\/tr\\\/?p=27566\",\"name\":\"A. O\u011fuz Bayraktar serbest - Bati Ermenistan Ve Bati Ermenileri Sorunlari Ara\u015ftirmalar Merkezi\",\"isPartOf\":{\"@id\":\"https:\\\/\\\/akunq.net\\\/tr\\\/#website\"},\"datePublished\":\"2013-12-21T07:13:38+00:00\",\"author\":{\"@id\":\"https:\\\/\\\/akunq.net\\\/tr\\\/#\\\/schema\\\/person\\\/096f1d38a12cce57fb855b485ed24c9e\"},\"breadcrumb\":{\"@id\":\"https:\\\/\\\/akunq.net\\\/tr\\\/?p=27566#breadcrumb\"},\"inLanguage\":\"en-US\",\"potentialAction\":[{\"@type\":\"ReadAction\",\"target\":[\"https:\\\/\\\/akunq.net\\\/tr\\\/?p=27566\"]}]},{\"@type\":\"BreadcrumbList\",\"@id\":\"https:\\\/\\\/akunq.net\\\/tr\\\/?p=27566#breadcrumb\",\"itemListElement\":[{\"@type\":\"ListItem\",\"position\":1,\"name\":\"Home\",\"item\":\"https:\\\/\\\/akunq.net\\\/tr\"},{\"@type\":\"ListItem\",\"position\":2,\"name\":\"A. O\u011fuz Bayraktar serbest\"}]},{\"@type\":\"WebSite\",\"@id\":\"https:\\\/\\\/akunq.net\\\/tr\\\/#website\",\"url\":\"https:\\\/\\\/akunq.net\\\/tr\\\/\",\"name\":\"Bati Ermenistan Ve Bati Ermenileri Sorunlari Ara\u015ftirmalar Merkezi\",\"description\":\"\",\"potentialAction\":[{\"@type\":\"SearchAction\",\"target\":{\"@type\":\"EntryPoint\",\"urlTemplate\":\"https:\\\/\\\/akunq.net\\\/tr\\\/?s={search_term_string}\"},\"query-input\":{\"@type\":\"PropertyValueSpecification\",\"valueRequired\":true,\"valueName\":\"search_term_string\"}}],\"inLanguage\":\"en-US\"},{\"@type\":\"Person\",\"@id\":\"https:\\\/\\\/akunq.net\\\/tr\\\/#\\\/schema\\\/person\\\/096f1d38a12cce57fb855b485ed24c9e\",\"name\":\"admin\",\"url\":\"https:\\\/\\\/akunq.net\\\/tr\\\/?author=7\"}]}<\/script>\n<!-- \/ Yoast SEO plugin. -->","yoast_head_json":{"title":"A. O\u011fuz Bayraktar serbest - Bati Ermenistan Ve Bati Ermenileri Sorunlari Ara\u015ftirmalar Merkezi","robots":{"index":"index","follow":"follow","max-snippet":"max-snippet:-1","max-image-preview":"max-image-preview:large","max-video-preview":"max-video-preview:-1"},"canonical":"https:\/\/akunq.net\/tr\/?p=27566","og_locale":"en_US","og_type":"article","og_title":"A. O\u011fuz Bayraktar serbest - Bati Ermenistan Ve Bati Ermenileri Sorunlari Ara\u015ftirmalar Merkezi","og_description":"\u00c7evre ve \u015eehircilik Bakan\u0131 Erdo\u011fan Bayraktar&#8217;\u0131n o\u011flu Abdullah O\u011fuz Bayraktar&#8217;\u0131n da aralar\u0131nda bulundu\u011fu 14 \u015f\u00fcpheli mahkeme taraf\u0131ndan serbest b\u0131rak\u0131ld\u0131. &#8217;17 Aral\u0131k Operasyonu&#8217; kapsam\u0131nda g\u00f6zalt\u0131na al\u0131nanlar aras\u0131nda yer alan Abdullah O\u011fuz Bayraktar&#8217;\u0131n da aralar\u0131nda bulundu\u011fu 14 \u015f\u00fcphelinin mahkemedeki sorgu i\u015flemleri tamamland\u0131. &#8220;Su\u00e7 i\u015flemek amac\u0131yla \u00f6rg\u00fct kurma, su\u00e7 i\u015flemek amac\u0131yla kurulan \u00f6rg\u00fcte \u00fcye olma, resmi belgeyi bozmak, [&hellip;]","og_url":"https:\/\/akunq.net\/tr\/?p=27566","og_site_name":"Bati Ermenistan Ve Bati Ermenileri Sorunlari Ara\u015ftirmalar Merkezi","article_published_time":"2013-12-21T07:13:38+00:00","author":"admin","twitter_card":"summary_large_image","twitter_misc":{"Written by":"admin","Est. reading time":"1 minute"},"schema":{"@context":"https:\/\/schema.org","@graph":[{"@type":"Article","@id":"https:\/\/akunq.net\/tr\/?p=27566#article","isPartOf":{"@id":"https:\/\/akunq.net\/tr\/?p=27566"},"author":{"name":"admin","@id":"https:\/\/akunq.net\/tr\/#\/schema\/person\/096f1d38a12cce57fb855b485ed24c9e"},"headline":"A. O\u011fuz Bayraktar serbest","datePublished":"2013-12-21T07:13:38+00:00","mainEntityOfPage":{"@id":"https:\/\/akunq.net\/tr\/?p=27566"},"wordCount":304,"commentCount":0,"articleSection":["Haberler"],"inLanguage":"en-US","potentialAction":[{"@type":"CommentAction","name":"Comment","target":["https:\/\/akunq.net\/tr\/?p=27566#respond"]}]},{"@type":"WebPage","@id":"https:\/\/akunq.net\/tr\/?p=27566","url":"https:\/\/akunq.net\/tr\/?p=27566","name":"A. O\u011fuz Bayraktar serbest - Bati Ermenistan Ve Bati Ermenileri Sorunlari Ara\u015ftirmalar Merkezi","isPartOf":{"@id":"https:\/\/akunq.net\/tr\/#website"},"datePublished":"2013-12-21T07:13:38+00:00","author":{"@id":"https:\/\/akunq.net\/tr\/#\/schema\/person\/096f1d38a12cce57fb855b485ed24c9e"},"breadcrumb":{"@id":"https:\/\/akunq.net\/tr\/?p=27566#breadcrumb"},"inLanguage":"en-US","potentialAction":[{"@type":"ReadAction","target":["https:\/\/akunq.net\/tr\/?p=27566"]}]},{"@type":"BreadcrumbList","@id":"https:\/\/akunq.net\/tr\/?p=27566#breadcrumb","itemListElement":[{"@type":"ListItem","position":1,"name":"Home","item":"https:\/\/akunq.net\/tr"},{"@type":"ListItem","position":2,"name":"A. O\u011fuz Bayraktar serbest"}]},{"@type":"WebSite","@id":"https:\/\/akunq.net\/tr\/#website","url":"https:\/\/akunq.net\/tr\/","name":"Bati Ermenistan Ve Bati Ermenileri Sorunlari Ara\u015ftirmalar Merkezi","description":"","potentialAction":[{"@type":"SearchAction","target":{"@type":"EntryPoint","urlTemplate":"https:\/\/akunq.net\/tr\/?s={search_term_string}"},"query-input":{"@type":"PropertyValueSpecification","valueRequired":true,"valueName":"search_term_string"}}],"inLanguage":"en-US"},{"@type":"Person","@id":"https:\/\/akunq.net\/tr\/#\/schema\/person\/096f1d38a12cce57fb855b485ed24c9e","name":"admin","url":"https:\/\/akunq.net\/tr\/?author=7"}]}},"_links":{"self":[{"href":"https:\/\/akunq.net\/tr\/index.php?rest_route=\/wp\/v2\/posts\/27566","targetHints":{"allow":["GET"]}}],"collection":[{"href":"https:\/\/akunq.net\/tr\/index.php?rest_route=\/wp\/v2\/posts"}],"about":[{"href":"https:\/\/akunq.net\/tr\/index.php?rest_route=\/wp\/v2\/types\/post"}],"author":[{"embeddable":true,"href":"https:\/\/akunq.net\/tr\/index.php?rest_route=\/wp\/v2\/users\/7"}],"replies":[{"embeddable":true,"href":"https:\/\/akunq.net\/tr\/index.php?rest_route=%2Fwp%2Fv2%2Fcomments&post=27566"}],"version-history":[{"count":1,"href":"https:\/\/akunq.net\/tr\/index.php?rest_route=\/wp\/v2\/posts\/27566\/revisions"}],"predecessor-version":[{"id":27568,"href":"https:\/\/akunq.net\/tr\/index.php?rest_route=\/wp\/v2\/posts\/27566\/revisions\/27568"}],"wp:attachment":[{"href":"https:\/\/akunq.net\/tr\/index.php?rest_route=%2Fwp%2Fv2%2Fmedia&parent=27566"}],"wp:term":[{"taxonomy":"category","embeddable":true,"href":"https:\/\/akunq.net\/tr\/index.php?rest_route=%2Fwp%2Fv2%2Fcategories&post=27566"},{"taxonomy":"post_tag","embeddable":true,"href":"https:\/\/akunq.net\/tr\/index.php?rest_route=%2Fwp%2Fv2%2Ftags&post=27566"}],"curies":[{"name":"wp","href":"https:\/\/api.w.org\/{rel}","templated":true}]}}