{"id":27563,"date":"2013-12-20T04:22:16","date_gmt":"2013-12-20T09:22:16","guid":{"rendered":"http:\/\/akunq.net\/tr\/?p=27563"},"modified":"2013-12-20T04:22:16","modified_gmt":"2013-12-20T09:22:16","slug":"erdogandan-sasirtici-aciklama-ve-uluslararasi-skandal","status":"publish","type":"post","link":"https:\/\/akunq.net\/tr\/?p=27563","title":{"rendered":"Erdo\u011fan\u2019dan \u015fa\u015f\u0131rt\u0131c\u0131 a\u00e7\u0131klama ve uluslararas\u0131 skandal"},"content":{"rendered":"<p style=\"text-align: justify;\"><b><i><a href=\"http:\/\/akunq.net\/tr\/wp-content\/uploads\/2013\/12\/\u054a\u0561\u056c\u0584\u0561\u0576\u0576\u0565\u0580.jpg\"><img loading=\"lazy\" decoding=\"async\" class=\"alignright size-medium wp-image-27564\" alt=\"\u054a\u0561\u056c\u0584\u0561\u0576\u0576\u0565\u0580\" src=\"http:\/\/akunq.net\/tr\/wp-content\/uploads\/2013\/12\/\u054a\u0561\u056c\u0584\u0561\u0576\u0576\u0565\u0580-300x225.jpg\" width=\"300\" height=\"225\" srcset=\"https:\/\/akunq.net\/tr\/wp-content\/uploads\/sites\/6\/2013\/12\/\u054a\u0561\u056c\u0584\u0561\u0576\u0576\u0565\u0580-300x225.jpg 300w, https:\/\/akunq.net\/tr\/wp-content\/uploads\/sites\/6\/2013\/12\/\u054a\u0561\u056c\u0584\u0561\u0576\u0576\u0565\u0580.jpg 400w\" sizes=\"auto, (max-width: 300px) 100vw, 300px\" \/><\/a>T\u00fcrkiye Ba\u015fbakan\u0131 Recep Tayyip Erdo\u011fan, Balkanlar\u2019\u0131n bir k\u0131sm\u0131n\u0131n T\u00fcrkiye\u2019ye ait oldu\u011funu a\u00e7\u0131klad\u0131. Bunu yazan Rosbalt.ru haber sitesi a\u00e7\u0131klaman\u0131n uluslararas\u0131 bir skandal yaratt\u0131\u011f\u0131n\u0131 bildirmektedir.<br \/>\n<\/i><\/b><br \/>\nErdo\u011fan, Balkan Yar\u0131madas\u0131\u2019n\u0131n hangi k\u0131sm\u0131n\u0131n T\u00fcrkiye\u2019ye ait oldu\u011funu belirtip, Makedonya, Bulgaristan, Bosnya ve Hersek\u2019in bir k\u0131sm\u0131n\u0131n ve Bat\u0131 Trakya\u2019n\u0131n adlar\u0131n\u0131 verdi.<br \/>\nErdo\u011fan\u2019\u0131n a\u00e7\u0131klamas\u0131 Yunanistan\u2019da tepkiyle kar\u015f\u0131land\u0131.<br \/>\nRus haber sitesine g\u00f6re Erdo\u011fan\u2019\u0131n\u00a0s\u00f6zleri T\u00fcrkiye\u2019nin AB \u00fcyeli\u011fi yolunda provokatif bir ad\u0131m olarak nitelendirilmektedir. Zira \u00fcye olmak i\u00e7in T\u00fcrkiye\u2019ye Yunanistan, Bulgaristan dahil olmak \u00fczere b\u00fct\u00fcn \u00fcye \u00fclkelerin deste\u011fi gerekecektir.<\/p>\n<p style=\"text-align: justify;\"><b><i>http:\/\/www.ermenihaber.am\/?lang_id=1&amp;menyu_id=9&amp;news_=7&amp;cur_news=1119<\/i><\/b><\/p>\n","protected":false},"excerpt":{"rendered":"<p>T\u00fcrkiye Ba\u015fbakan\u0131 Recep Tayyip Erdo\u011fan, Balkanlar\u2019\u0131n bir k\u0131sm\u0131n\u0131n T\u00fcrkiye\u2019ye ait oldu\u011funu a\u00e7\u0131klad\u0131. Bunu yazan Rosbalt.ru haber sitesi a\u00e7\u0131klaman\u0131n uluslararas\u0131 bir skandal yaratt\u0131\u011f\u0131n\u0131 bildirmektedir. Erdo\u011fan, Balkan Yar\u0131madas\u0131\u2019n\u0131n hangi k\u0131sm\u0131n\u0131n T\u00fcrkiye\u2019ye ait oldu\u011funu belirtip, Makedonya, Bulgaristan, Bosnya ve Hersek\u2019in bir k\u0131sm\u0131n\u0131n ve Bat\u0131 Trakya\u2019n\u0131n adlar\u0131n\u0131 verdi. Erdo\u011fan\u2019\u0131n a\u00e7\u0131klamas\u0131 Yunanistan\u2019da tepkiyle kar\u015f\u0131land\u0131. Rus haber sitesine g\u00f6re Erdo\u011fan\u2019\u0131n\u00a0s\u00f6zleri T\u00fcrkiye\u2019nin [&hellip;]<\/p>\n","protected":false},"author":7,"featured_media":0,"comment_status":"open","ping_status":"open","sticky":false,"template":"","format":"standard","meta":{"footnotes":""},"categories":[1],"tags":[],"class_list":["post-27563","post","type-post","status-publish","format-standard","hentry","category-haberler"],"yoast_head":"<!-- This site is optimized with the Yoast SEO plugin v27.4 - https:\/\/yoast.com\/product\/yoast-seo-wordpress\/ -->\n<title>Erdo\u011fan\u2019dan \u015fa\u015f\u0131rt\u0131c\u0131 a\u00e7\u0131klama ve uluslararas\u0131 skandal - Bati Ermenistan Ve Bati Ermenileri Sorunlari Ara\u015ftirmalar Merkezi<\/title>\n<meta name=\"robots\" content=\"index, follow, max-snippet:-1, max-image-preview:large, max-video-preview:-1\" \/>\n<link rel=\"canonical\" href=\"https:\/\/akunq.net\/tr\/?p=27563\" \/>\n<meta property=\"og:locale\" content=\"en_US\" \/>\n<meta property=\"og:type\" content=\"article\" \/>\n<meta property=\"og:title\" content=\"Erdo\u011fan\u2019dan \u015fa\u015f\u0131rt\u0131c\u0131 a\u00e7\u0131klama ve uluslararas\u0131 skandal - Bati Ermenistan Ve Bati Ermenileri Sorunlari Ara\u015ftirmalar Merkezi\" \/>\n<meta property=\"og:description\" content=\"T\u00fcrkiye Ba\u015fbakan\u0131 Recep Tayyip Erdo\u011fan, Balkanlar\u2019\u0131n bir k\u0131sm\u0131n\u0131n T\u00fcrkiye\u2019ye ait oldu\u011funu a\u00e7\u0131klad\u0131. Bunu yazan Rosbalt.ru haber sitesi a\u00e7\u0131klaman\u0131n uluslararas\u0131 bir skandal yaratt\u0131\u011f\u0131n\u0131 bildirmektedir. Erdo\u011fan, Balkan Yar\u0131madas\u0131\u2019n\u0131n hangi k\u0131sm\u0131n\u0131n T\u00fcrkiye\u2019ye ait oldu\u011funu belirtip, Makedonya, Bulgaristan, Bosnya ve Hersek\u2019in bir k\u0131sm\u0131n\u0131n ve Bat\u0131 Trakya\u2019n\u0131n adlar\u0131n\u0131 verdi. Erdo\u011fan\u2019\u0131n a\u00e7\u0131klamas\u0131 Yunanistan\u2019da tepkiyle kar\u015f\u0131land\u0131. Rus haber sitesine g\u00f6re Erdo\u011fan\u2019\u0131n\u00a0s\u00f6zleri T\u00fcrkiye\u2019nin [&hellip;]\" \/>\n<meta property=\"og:url\" content=\"https:\/\/akunq.net\/tr\/?p=27563\" \/>\n<meta property=\"og:site_name\" content=\"Bati Ermenistan Ve Bati Ermenileri Sorunlari Ara\u015ftirmalar Merkezi\" \/>\n<meta property=\"article:published_time\" content=\"2013-12-20T09:22:16+00:00\" \/>\n<meta name=\"author\" content=\"admin\" \/>\n<meta name=\"twitter:card\" content=\"summary_large_image\" \/>\n<meta name=\"twitter:label1\" content=\"Written by\" \/>\n\t<meta name=\"twitter:data1\" content=\"admin\" \/>\n\t<meta name=\"twitter:label2\" content=\"Est. reading time\" \/>\n\t<meta name=\"twitter:data2\" content=\"1 minute\" \/>\n<script type=\"application\/ld+json\" class=\"yoast-schema-graph\">{\"@context\":\"https:\\\/\\\/schema.org\",\"@graph\":[{\"@type\":\"Article\",\"@id\":\"https:\\\/\\\/akunq.net\\\/tr\\\/?p=27563#article\",\"isPartOf\":{\"@id\":\"https:\\\/\\\/akunq.net\\\/tr\\\/?p=27563\"},\"author\":{\"name\":\"admin\",\"@id\":\"https:\\\/\\\/akunq.net\\\/tr\\\/#\\\/schema\\\/person\\\/096f1d38a12cce57fb855b485ed24c9e\"},\"headline\":\"Erdo\u011fan\u2019dan \u015fa\u015f\u0131rt\u0131c\u0131 a\u00e7\u0131klama ve uluslararas\u0131 skandal\",\"datePublished\":\"2013-12-20T09:22:16+00:00\",\"mainEntityOfPage\":{\"@id\":\"https:\\\/\\\/akunq.net\\\/tr\\\/?p=27563\"},\"wordCount\":155,\"commentCount\":0,\"articleSection\":[\"Haberler\"],\"inLanguage\":\"en-US\",\"potentialAction\":[{\"@type\":\"CommentAction\",\"name\":\"Comment\",\"target\":[\"https:\\\/\\\/akunq.net\\\/tr\\\/?p=27563#respond\"]}]},{\"@type\":\"WebPage\",\"@id\":\"https:\\\/\\\/akunq.net\\\/tr\\\/?p=27563\",\"url\":\"https:\\\/\\\/akunq.net\\\/tr\\\/?p=27563\",\"name\":\"Erdo\u011fan\u2019dan \u015fa\u015f\u0131rt\u0131c\u0131 a\u00e7\u0131klama ve uluslararas\u0131 skandal - Bati Ermenistan Ve Bati Ermenileri Sorunlari Ara\u015ftirmalar Merkezi\",\"isPartOf\":{\"@id\":\"https:\\\/\\\/akunq.net\\\/tr\\\/#website\"},\"datePublished\":\"2013-12-20T09:22:16+00:00\",\"author\":{\"@id\":\"https:\\\/\\\/akunq.net\\\/tr\\\/#\\\/schema\\\/person\\\/096f1d38a12cce57fb855b485ed24c9e\"},\"breadcrumb\":{\"@id\":\"https:\\\/\\\/akunq.net\\\/tr\\\/?p=27563#breadcrumb\"},\"inLanguage\":\"en-US\",\"potentialAction\":[{\"@type\":\"ReadAction\",\"target\":[\"https:\\\/\\\/akunq.net\\\/tr\\\/?p=27563\"]}]},{\"@type\":\"BreadcrumbList\",\"@id\":\"https:\\\/\\\/akunq.net\\\/tr\\\/?p=27563#breadcrumb\",\"itemListElement\":[{\"@type\":\"ListItem\",\"position\":1,\"name\":\"Home\",\"item\":\"https:\\\/\\\/akunq.net\\\/tr\"},{\"@type\":\"ListItem\",\"position\":2,\"name\":\"Erdo\u011fan\u2019dan \u015fa\u015f\u0131rt\u0131c\u0131 a\u00e7\u0131klama ve uluslararas\u0131 skandal\"}]},{\"@type\":\"WebSite\",\"@id\":\"https:\\\/\\\/akunq.net\\\/tr\\\/#website\",\"url\":\"https:\\\/\\\/akunq.net\\\/tr\\\/\",\"name\":\"Bati Ermenistan Ve Bati Ermenileri Sorunlari Ara\u015ftirmalar Merkezi\",\"description\":\"\",\"potentialAction\":[{\"@type\":\"SearchAction\",\"target\":{\"@type\":\"EntryPoint\",\"urlTemplate\":\"https:\\\/\\\/akunq.net\\\/tr\\\/?s={search_term_string}\"},\"query-input\":{\"@type\":\"PropertyValueSpecification\",\"valueRequired\":true,\"valueName\":\"search_term_string\"}}],\"inLanguage\":\"en-US\"},{\"@type\":\"Person\",\"@id\":\"https:\\\/\\\/akunq.net\\\/tr\\\/#\\\/schema\\\/person\\\/096f1d38a12cce57fb855b485ed24c9e\",\"name\":\"admin\",\"url\":\"https:\\\/\\\/akunq.net\\\/tr\\\/?author=7\"}]}<\/script>\n<!-- \/ Yoast SEO plugin. -->","yoast_head_json":{"title":"Erdo\u011fan\u2019dan \u015fa\u015f\u0131rt\u0131c\u0131 a\u00e7\u0131klama ve uluslararas\u0131 skandal - Bati Ermenistan Ve Bati Ermenileri Sorunlari Ara\u015ftirmalar Merkezi","robots":{"index":"index","follow":"follow","max-snippet":"max-snippet:-1","max-image-preview":"max-image-preview:large","max-video-preview":"max-video-preview:-1"},"canonical":"https:\/\/akunq.net\/tr\/?p=27563","og_locale":"en_US","og_type":"article","og_title":"Erdo\u011fan\u2019dan \u015fa\u015f\u0131rt\u0131c\u0131 a\u00e7\u0131klama ve uluslararas\u0131 skandal - Bati Ermenistan Ve Bati Ermenileri Sorunlari Ara\u015ftirmalar Merkezi","og_description":"T\u00fcrkiye Ba\u015fbakan\u0131 Recep Tayyip Erdo\u011fan, Balkanlar\u2019\u0131n bir k\u0131sm\u0131n\u0131n T\u00fcrkiye\u2019ye ait oldu\u011funu a\u00e7\u0131klad\u0131. Bunu yazan Rosbalt.ru haber sitesi a\u00e7\u0131klaman\u0131n uluslararas\u0131 bir skandal yaratt\u0131\u011f\u0131n\u0131 bildirmektedir. Erdo\u011fan, Balkan Yar\u0131madas\u0131\u2019n\u0131n hangi k\u0131sm\u0131n\u0131n T\u00fcrkiye\u2019ye ait oldu\u011funu belirtip, Makedonya, Bulgaristan, Bosnya ve Hersek\u2019in bir k\u0131sm\u0131n\u0131n ve Bat\u0131 Trakya\u2019n\u0131n adlar\u0131n\u0131 verdi. Erdo\u011fan\u2019\u0131n a\u00e7\u0131klamas\u0131 Yunanistan\u2019da tepkiyle kar\u015f\u0131land\u0131. Rus haber sitesine g\u00f6re Erdo\u011fan\u2019\u0131n\u00a0s\u00f6zleri T\u00fcrkiye\u2019nin [&hellip;]","og_url":"https:\/\/akunq.net\/tr\/?p=27563","og_site_name":"Bati Ermenistan Ve Bati Ermenileri Sorunlari Ara\u015ftirmalar Merkezi","article_published_time":"2013-12-20T09:22:16+00:00","author":"admin","twitter_card":"summary_large_image","twitter_misc":{"Written by":"admin","Est. reading time":"1 minute"},"schema":{"@context":"https:\/\/schema.org","@graph":[{"@type":"Article","@id":"https:\/\/akunq.net\/tr\/?p=27563#article","isPartOf":{"@id":"https:\/\/akunq.net\/tr\/?p=27563"},"author":{"name":"admin","@id":"https:\/\/akunq.net\/tr\/#\/schema\/person\/096f1d38a12cce57fb855b485ed24c9e"},"headline":"Erdo\u011fan\u2019dan \u015fa\u015f\u0131rt\u0131c\u0131 a\u00e7\u0131klama ve uluslararas\u0131 skandal","datePublished":"2013-12-20T09:22:16+00:00","mainEntityOfPage":{"@id":"https:\/\/akunq.net\/tr\/?p=27563"},"wordCount":155,"commentCount":0,"articleSection":["Haberler"],"inLanguage":"en-US","potentialAction":[{"@type":"CommentAction","name":"Comment","target":["https:\/\/akunq.net\/tr\/?p=27563#respond"]}]},{"@type":"WebPage","@id":"https:\/\/akunq.net\/tr\/?p=27563","url":"https:\/\/akunq.net\/tr\/?p=27563","name":"Erdo\u011fan\u2019dan \u015fa\u015f\u0131rt\u0131c\u0131 a\u00e7\u0131klama ve uluslararas\u0131 skandal - Bati Ermenistan Ve Bati Ermenileri Sorunlari Ara\u015ftirmalar Merkezi","isPartOf":{"@id":"https:\/\/akunq.net\/tr\/#website"},"datePublished":"2013-12-20T09:22:16+00:00","author":{"@id":"https:\/\/akunq.net\/tr\/#\/schema\/person\/096f1d38a12cce57fb855b485ed24c9e"},"breadcrumb":{"@id":"https:\/\/akunq.net\/tr\/?p=27563#breadcrumb"},"inLanguage":"en-US","potentialAction":[{"@type":"ReadAction","target":["https:\/\/akunq.net\/tr\/?p=27563"]}]},{"@type":"BreadcrumbList","@id":"https:\/\/akunq.net\/tr\/?p=27563#breadcrumb","itemListElement":[{"@type":"ListItem","position":1,"name":"Home","item":"https:\/\/akunq.net\/tr"},{"@type":"ListItem","position":2,"name":"Erdo\u011fan\u2019dan \u015fa\u015f\u0131rt\u0131c\u0131 a\u00e7\u0131klama ve uluslararas\u0131 skandal"}]},{"@type":"WebSite","@id":"https:\/\/akunq.net\/tr\/#website","url":"https:\/\/akunq.net\/tr\/","name":"Bati Ermenistan Ve Bati Ermenileri Sorunlari Ara\u015ftirmalar Merkezi","description":"","potentialAction":[{"@type":"SearchAction","target":{"@type":"EntryPoint","urlTemplate":"https:\/\/akunq.net\/tr\/?s={search_term_string}"},"query-input":{"@type":"PropertyValueSpecification","valueRequired":true,"valueName":"search_term_string"}}],"inLanguage":"en-US"},{"@type":"Person","@id":"https:\/\/akunq.net\/tr\/#\/schema\/person\/096f1d38a12cce57fb855b485ed24c9e","name":"admin","url":"https:\/\/akunq.net\/tr\/?author=7"}]}},"_links":{"self":[{"href":"https:\/\/akunq.net\/tr\/index.php?rest_route=\/wp\/v2\/posts\/27563","targetHints":{"allow":["GET"]}}],"collection":[{"href":"https:\/\/akunq.net\/tr\/index.php?rest_route=\/wp\/v2\/posts"}],"about":[{"href":"https:\/\/akunq.net\/tr\/index.php?rest_route=\/wp\/v2\/types\/post"}],"author":[{"embeddable":true,"href":"https:\/\/akunq.net\/tr\/index.php?rest_route=\/wp\/v2\/users\/7"}],"replies":[{"embeddable":true,"href":"https:\/\/akunq.net\/tr\/index.php?rest_route=%2Fwp%2Fv2%2Fcomments&post=27563"}],"version-history":[{"count":1,"href":"https:\/\/akunq.net\/tr\/index.php?rest_route=\/wp\/v2\/posts\/27563\/revisions"}],"predecessor-version":[{"id":27565,"href":"https:\/\/akunq.net\/tr\/index.php?rest_route=\/wp\/v2\/posts\/27563\/revisions\/27565"}],"wp:attachment":[{"href":"https:\/\/akunq.net\/tr\/index.php?rest_route=%2Fwp%2Fv2%2Fmedia&parent=27563"}],"wp:term":[{"taxonomy":"category","embeddable":true,"href":"https:\/\/akunq.net\/tr\/index.php?rest_route=%2Fwp%2Fv2%2Fcategories&post=27563"},{"taxonomy":"post_tag","embeddable":true,"href":"https:\/\/akunq.net\/tr\/index.php?rest_route=%2Fwp%2Fv2%2Ftags&post=27563"}],"curies":[{"name":"wp","href":"https:\/\/api.w.org\/{rel}","templated":true}]}}