{"id":27560,"date":"2013-12-20T03:46:35","date_gmt":"2013-12-20T08:46:35","guid":{"rendered":"http:\/\/akunq.net\/tr\/?p=27560"},"modified":"2013-12-20T03:46:35","modified_gmt":"2013-12-20T08:46:35","slug":"er-sevagin-tanigi-ifademi-baskiyla-degistirdim","status":"publish","type":"post","link":"https:\/\/akunq.net\/tr\/?p=27560","title":{"rendered":"Er Sevag&#8217;\u0131n tan\u0131\u011f\u0131: \u0130fademi bask\u0131yla de\u011fi\u015ftirdim"},"content":{"rendered":"<p style=\"text-align: justify;\"><a href=\"http:\/\/akunq.net\/tr\/wp-content\/uploads\/2013\/12\/Sevag-\u015eahin-Bal\u0131k\u00e7\u0131.jpg\"><img loading=\"lazy\" decoding=\"async\" class=\"alignright size-medium wp-image-27561\" alt=\"Sevag \u015eahin Bal\u0131k\u00e7\u0131\" src=\"http:\/\/akunq.net\/tr\/wp-content\/uploads\/2013\/12\/Sevag-\u015eahin-Bal\u0131k\u00e7\u0131-300x203.jpg\" width=\"300\" height=\"203\" srcset=\"https:\/\/akunq.net\/tr\/wp-content\/uploads\/sites\/6\/2013\/12\/Sevag-\u015eahin-Bal\u0131k\u00e7\u0131-300x203.jpg 300w, https:\/\/akunq.net\/tr\/wp-content\/uploads\/sites\/6\/2013\/12\/Sevag-\u015eahin-Bal\u0131k\u00e7\u0131.jpg 480w\" sizes=\"auto, (max-width: 300px) 100vw, 300px\" \/><\/a>Batman\u2019da er Sevag \u015eahin Bal\u0131k\u00e7\u0131\u2019n\u0131n ilkin do\u011frudan vuruldu\u011funu belirtip sonradan ifadesini geri \u00e7eken tan\u0131k Halil Ek\u015fi\u2019ye ve onu azmettirdi\u011fi <a href=\"http:\/\/www.radikal.com.tr\/index\/iddia\">iddia<\/a> edilen katil zanl\u0131s\u0131n\u0131n yak\u0131n\u0131na \u2018yalan beyan\u2019 su\u00e7undan dava a\u00e7\u0131ld\u0131. Ek\u015fi, ilk duru\u015fmada, katil zanl\u0131s\u0131n\u0131n yak\u0131n\u0131 olan B\u00fclent Kaya\u2019n\u0131n bask\u0131s\u0131 sonucunda ve birlikte ifadesini de\u011fi\u015ftirdi\u011fini s\u00f6yledi. Ek\u015fi, \u201cBenim askerlikte verdi\u011fim ifadede tehlikeli yerler varm\u0131\u015f, onlara yaram\u0131yormu\u015f, ifademi de\u011fi\u015ftirmem gerekiyormu\u015f\u201d dedi.<br \/>\nBatman G\u00fcm\u00fcro\u011flu Jandarma Karakolu\u2019nda askerli\u011fini yapan er Sevag, 2011 y\u0131l\u0131nda <a href=\"http:\/\/www.radikal.com.tr\/index\/silah\">silah<\/a> arkada\u015f\u0131 K\u0131van\u00e7 A\u011fao\u011flu\u2019nun t\u00fcfe\u011finden \u00e7\u0131kan mermiyle hayat\u0131n\u0131 kaybetmi\u015fti. \u0130lk etapta, \u2018tan\u0131k\u2019 s\u0131fat\u0131yla olarak ifadesi al\u0131nan er Halil Ek\u015fi, \u201cK\u0131van\u00e7 silah\u0131 omzundan indirerek dolduru\u015fa ald\u0131, Sevag\u2019a do\u011frulttu ve do\u011frultmas\u0131yla silah\u0131n ate\u015f almas\u0131 ayn\u0131 anda oldu\u201d demi\u015fti. Fakat Halil Ek\u015fi, terhis olduktan sonra askeri mahkemeye ba\u015fvurarak ifadesini geri \u00e7ekip \u201cSilah\u0131n nas\u0131l ate\u015f ald\u0131\u011f\u0131n\u0131 bilmiyorum\u201d dedi. Sonradan Ek\u015fi, san\u0131k A\u011fao\u011flu\u2019nun day\u0131s\u0131 B\u00fclent Kaya\u2019n\u0131n telkinleriyle ifadesini de\u011fi\u015ftirdi\u011fini a\u00e7\u0131klad\u0131. Bunun \u00fczerine er Ek\u015fi hakk\u0131nda haz\u0131rlanan iddianamede, Kaya\u2019n\u0131n azmettirmesiyle \u2018yalan tan\u0131kl\u0131k\u2019 su\u00e7u i\u015fledi\u011fi ifade edildi.<br \/>\nAyd\u0131n 3. Asliye <a href=\"http:\/\/www.radikal.com.tr\/index\/ceza\">Ceza<\/a> Mahke-mesi\u2019ndeki g\u00f6r\u00fclen davan\u0131n ilk duru\u015fmas\u0131, 16 Aral\u0131k\u2019ta g\u00f6r\u00fcld\u00fc. Ek\u015fi, bask\u0131 alt\u0131nda yalan beyanda bulundu\u011funu kabul ederek, Kaya\u2019y\u0131 su\u00e7lad\u0131. Ek\u015fi, ifadesinde, \u015funlar\u0131 s\u00f6yledi: \u201cAskerden geldikten sonra B\u00fclent Kaya beni devaml\u0131 ar\u0131yordu. \u0130fademi de\u011fi\u015ftirmemi istiyordu. Daha sonra bu \u015fah\u0131s Ayd\u0131n\u2019a geldi. Telefonda bir ki\u015fiyle konu\u015fup ifademin d\u00fczeltilmesi gereken taraflar\u0131n\u0131, ifademin bulundu\u011fu k\u00e2\u011f\u0131ttan \u00e7iziyordu. Bask\u0131lar nedeniyle ifademin \u00e7\u0131kar\u0131lmas\u0131 gereken yerlerini \u00e7\u0131kard\u0131k, yeniden d\u00fczenledik.\u201d B\u00fclent Kaya ise bu iddialar\u0131 yalanlad\u0131.<\/p>\n<p style=\"text-align: justify;\"><a href=\"mailto:ismail.saymaz@radikal.com.tr\" target=\"_blank\"><b><i>\u0130SMA\u0130L SAYMAZ<\/i><\/b><\/a><b><i> &#8211; <\/i><\/b><a href=\"mailto:ismail.saymaz@radikal.com.tr\" target=\"_blank\"><b><i>ismail.saymaz@radikal.com.tr<\/i><\/b><\/a><\/p>\n<p style=\"text-align: justify;\"><b><i>http:\/\/www.radikal.com.tr\/turkiye\/er_sevagin_tanigi_ifademi_baskiyla_degistirdim-1167095<\/i><\/b><\/p>\n","protected":false},"excerpt":{"rendered":"<p>Batman\u2019da er Sevag \u015eahin Bal\u0131k\u00e7\u0131\u2019n\u0131n ilkin do\u011frudan vuruldu\u011funu belirtip sonradan ifadesini geri \u00e7eken tan\u0131k Halil Ek\u015fi\u2019ye ve onu azmettirdi\u011fi iddia edilen katil zanl\u0131s\u0131n\u0131n yak\u0131n\u0131na \u2018yalan beyan\u2019 su\u00e7undan dava a\u00e7\u0131ld\u0131. Ek\u015fi, ilk duru\u015fmada, katil zanl\u0131s\u0131n\u0131n yak\u0131n\u0131 olan B\u00fclent Kaya\u2019n\u0131n bask\u0131s\u0131 sonucunda ve birlikte ifadesini de\u011fi\u015ftirdi\u011fini s\u00f6yledi. Ek\u015fi, \u201cBenim askerlikte verdi\u011fim ifadede tehlikeli yerler varm\u0131\u015f, onlara yaram\u0131yormu\u015f, [&hellip;]<\/p>\n","protected":false},"author":7,"featured_media":0,"comment_status":"open","ping_status":"open","sticky":false,"template":"","format":"standard","meta":{"footnotes":""},"categories":[1],"tags":[],"class_list":["post-27560","post","type-post","status-publish","format-standard","hentry","category-haberler"],"yoast_head":"<!-- This site is optimized with the Yoast SEO plugin v27.4 - https:\/\/yoast.com\/product\/yoast-seo-wordpress\/ -->\n<title>Er Sevag&#039;\u0131n tan\u0131\u011f\u0131: \u0130fademi bask\u0131yla de\u011fi\u015ftirdim - Bati Ermenistan Ve Bati Ermenileri Sorunlari Ara\u015ftirmalar Merkezi<\/title>\n<meta name=\"robots\" content=\"index, follow, max-snippet:-1, max-image-preview:large, max-video-preview:-1\" \/>\n<link rel=\"canonical\" href=\"https:\/\/akunq.net\/tr\/?p=27560\" \/>\n<meta property=\"og:locale\" content=\"en_US\" \/>\n<meta property=\"og:type\" content=\"article\" \/>\n<meta property=\"og:title\" content=\"Er Sevag&#039;\u0131n tan\u0131\u011f\u0131: \u0130fademi bask\u0131yla de\u011fi\u015ftirdim - Bati Ermenistan Ve Bati Ermenileri Sorunlari Ara\u015ftirmalar Merkezi\" \/>\n<meta property=\"og:description\" content=\"Batman\u2019da er Sevag \u015eahin Bal\u0131k\u00e7\u0131\u2019n\u0131n ilkin do\u011frudan vuruldu\u011funu belirtip sonradan ifadesini geri \u00e7eken tan\u0131k Halil Ek\u015fi\u2019ye ve onu azmettirdi\u011fi iddia edilen katil zanl\u0131s\u0131n\u0131n yak\u0131n\u0131na \u2018yalan beyan\u2019 su\u00e7undan dava a\u00e7\u0131ld\u0131. Ek\u015fi, ilk duru\u015fmada, katil zanl\u0131s\u0131n\u0131n yak\u0131n\u0131 olan B\u00fclent Kaya\u2019n\u0131n bask\u0131s\u0131 sonucunda ve birlikte ifadesini de\u011fi\u015ftirdi\u011fini s\u00f6yledi. Ek\u015fi, \u201cBenim askerlikte verdi\u011fim ifadede tehlikeli yerler varm\u0131\u015f, onlara yaram\u0131yormu\u015f, [&hellip;]\" \/>\n<meta property=\"og:url\" content=\"https:\/\/akunq.net\/tr\/?p=27560\" \/>\n<meta property=\"og:site_name\" content=\"Bati Ermenistan Ve Bati Ermenileri Sorunlari Ara\u015ftirmalar Merkezi\" \/>\n<meta property=\"article:published_time\" content=\"2013-12-20T08:46:35+00:00\" \/>\n<meta name=\"author\" content=\"admin\" \/>\n<meta name=\"twitter:card\" content=\"summary_large_image\" \/>\n<meta name=\"twitter:label1\" content=\"Written by\" \/>\n\t<meta name=\"twitter:data1\" content=\"admin\" \/>\n\t<meta name=\"twitter:label2\" content=\"Est. reading time\" \/>\n\t<meta name=\"twitter:data2\" content=\"2 minutes\" \/>\n<script type=\"application\/ld+json\" class=\"yoast-schema-graph\">{\"@context\":\"https:\\\/\\\/schema.org\",\"@graph\":[{\"@type\":\"Article\",\"@id\":\"https:\\\/\\\/akunq.net\\\/tr\\\/?p=27560#article\",\"isPartOf\":{\"@id\":\"https:\\\/\\\/akunq.net\\\/tr\\\/?p=27560\"},\"author\":{\"name\":\"admin\",\"@id\":\"https:\\\/\\\/akunq.net\\\/tr\\\/#\\\/schema\\\/person\\\/096f1d38a12cce57fb855b485ed24c9e\"},\"headline\":\"Er Sevag&#8217;\u0131n tan\u0131\u011f\u0131: \u0130fademi bask\u0131yla de\u011fi\u015ftirdim\",\"datePublished\":\"2013-12-20T08:46:35+00:00\",\"mainEntityOfPage\":{\"@id\":\"https:\\\/\\\/akunq.net\\\/tr\\\/?p=27560\"},\"wordCount\":374,\"commentCount\":0,\"articleSection\":[\"Haberler\"],\"inLanguage\":\"en-US\",\"potentialAction\":[{\"@type\":\"CommentAction\",\"name\":\"Comment\",\"target\":[\"https:\\\/\\\/akunq.net\\\/tr\\\/?p=27560#respond\"]}]},{\"@type\":\"WebPage\",\"@id\":\"https:\\\/\\\/akunq.net\\\/tr\\\/?p=27560\",\"url\":\"https:\\\/\\\/akunq.net\\\/tr\\\/?p=27560\",\"name\":\"Er Sevag'\u0131n tan\u0131\u011f\u0131: \u0130fademi bask\u0131yla de\u011fi\u015ftirdim - Bati Ermenistan Ve Bati Ermenileri Sorunlari Ara\u015ftirmalar Merkezi\",\"isPartOf\":{\"@id\":\"https:\\\/\\\/akunq.net\\\/tr\\\/#website\"},\"datePublished\":\"2013-12-20T08:46:35+00:00\",\"author\":{\"@id\":\"https:\\\/\\\/akunq.net\\\/tr\\\/#\\\/schema\\\/person\\\/096f1d38a12cce57fb855b485ed24c9e\"},\"breadcrumb\":{\"@id\":\"https:\\\/\\\/akunq.net\\\/tr\\\/?p=27560#breadcrumb\"},\"inLanguage\":\"en-US\",\"potentialAction\":[{\"@type\":\"ReadAction\",\"target\":[\"https:\\\/\\\/akunq.net\\\/tr\\\/?p=27560\"]}]},{\"@type\":\"BreadcrumbList\",\"@id\":\"https:\\\/\\\/akunq.net\\\/tr\\\/?p=27560#breadcrumb\",\"itemListElement\":[{\"@type\":\"ListItem\",\"position\":1,\"name\":\"Home\",\"item\":\"https:\\\/\\\/akunq.net\\\/tr\"},{\"@type\":\"ListItem\",\"position\":2,\"name\":\"Er Sevag&#8217;\u0131n tan\u0131\u011f\u0131: \u0130fademi bask\u0131yla de\u011fi\u015ftirdim\"}]},{\"@type\":\"WebSite\",\"@id\":\"https:\\\/\\\/akunq.net\\\/tr\\\/#website\",\"url\":\"https:\\\/\\\/akunq.net\\\/tr\\\/\",\"name\":\"Bati Ermenistan Ve Bati Ermenileri Sorunlari Ara\u015ftirmalar Merkezi\",\"description\":\"\",\"potentialAction\":[{\"@type\":\"SearchAction\",\"target\":{\"@type\":\"EntryPoint\",\"urlTemplate\":\"https:\\\/\\\/akunq.net\\\/tr\\\/?s={search_term_string}\"},\"query-input\":{\"@type\":\"PropertyValueSpecification\",\"valueRequired\":true,\"valueName\":\"search_term_string\"}}],\"inLanguage\":\"en-US\"},{\"@type\":\"Person\",\"@id\":\"https:\\\/\\\/akunq.net\\\/tr\\\/#\\\/schema\\\/person\\\/096f1d38a12cce57fb855b485ed24c9e\",\"name\":\"admin\",\"url\":\"https:\\\/\\\/akunq.net\\\/tr\\\/?author=7\"}]}<\/script>\n<!-- \/ Yoast SEO plugin. -->","yoast_head_json":{"title":"Er Sevag'\u0131n tan\u0131\u011f\u0131: \u0130fademi bask\u0131yla de\u011fi\u015ftirdim - Bati Ermenistan Ve Bati Ermenileri Sorunlari Ara\u015ftirmalar Merkezi","robots":{"index":"index","follow":"follow","max-snippet":"max-snippet:-1","max-image-preview":"max-image-preview:large","max-video-preview":"max-video-preview:-1"},"canonical":"https:\/\/akunq.net\/tr\/?p=27560","og_locale":"en_US","og_type":"article","og_title":"Er Sevag'\u0131n tan\u0131\u011f\u0131: \u0130fademi bask\u0131yla de\u011fi\u015ftirdim - Bati Ermenistan Ve Bati Ermenileri Sorunlari Ara\u015ftirmalar Merkezi","og_description":"Batman\u2019da er Sevag \u015eahin Bal\u0131k\u00e7\u0131\u2019n\u0131n ilkin do\u011frudan vuruldu\u011funu belirtip sonradan ifadesini geri \u00e7eken tan\u0131k Halil Ek\u015fi\u2019ye ve onu azmettirdi\u011fi iddia edilen katil zanl\u0131s\u0131n\u0131n yak\u0131n\u0131na \u2018yalan beyan\u2019 su\u00e7undan dava a\u00e7\u0131ld\u0131. Ek\u015fi, ilk duru\u015fmada, katil zanl\u0131s\u0131n\u0131n yak\u0131n\u0131 olan B\u00fclent Kaya\u2019n\u0131n bask\u0131s\u0131 sonucunda ve birlikte ifadesini de\u011fi\u015ftirdi\u011fini s\u00f6yledi. Ek\u015fi, \u201cBenim askerlikte verdi\u011fim ifadede tehlikeli yerler varm\u0131\u015f, onlara yaram\u0131yormu\u015f, [&hellip;]","og_url":"https:\/\/akunq.net\/tr\/?p=27560","og_site_name":"Bati Ermenistan Ve Bati Ermenileri Sorunlari Ara\u015ftirmalar Merkezi","article_published_time":"2013-12-20T08:46:35+00:00","author":"admin","twitter_card":"summary_large_image","twitter_misc":{"Written by":"admin","Est. reading time":"2 minutes"},"schema":{"@context":"https:\/\/schema.org","@graph":[{"@type":"Article","@id":"https:\/\/akunq.net\/tr\/?p=27560#article","isPartOf":{"@id":"https:\/\/akunq.net\/tr\/?p=27560"},"author":{"name":"admin","@id":"https:\/\/akunq.net\/tr\/#\/schema\/person\/096f1d38a12cce57fb855b485ed24c9e"},"headline":"Er Sevag&#8217;\u0131n tan\u0131\u011f\u0131: \u0130fademi bask\u0131yla de\u011fi\u015ftirdim","datePublished":"2013-12-20T08:46:35+00:00","mainEntityOfPage":{"@id":"https:\/\/akunq.net\/tr\/?p=27560"},"wordCount":374,"commentCount":0,"articleSection":["Haberler"],"inLanguage":"en-US","potentialAction":[{"@type":"CommentAction","name":"Comment","target":["https:\/\/akunq.net\/tr\/?p=27560#respond"]}]},{"@type":"WebPage","@id":"https:\/\/akunq.net\/tr\/?p=27560","url":"https:\/\/akunq.net\/tr\/?p=27560","name":"Er Sevag'\u0131n tan\u0131\u011f\u0131: \u0130fademi bask\u0131yla de\u011fi\u015ftirdim - Bati Ermenistan Ve Bati Ermenileri Sorunlari Ara\u015ftirmalar Merkezi","isPartOf":{"@id":"https:\/\/akunq.net\/tr\/#website"},"datePublished":"2013-12-20T08:46:35+00:00","author":{"@id":"https:\/\/akunq.net\/tr\/#\/schema\/person\/096f1d38a12cce57fb855b485ed24c9e"},"breadcrumb":{"@id":"https:\/\/akunq.net\/tr\/?p=27560#breadcrumb"},"inLanguage":"en-US","potentialAction":[{"@type":"ReadAction","target":["https:\/\/akunq.net\/tr\/?p=27560"]}]},{"@type":"BreadcrumbList","@id":"https:\/\/akunq.net\/tr\/?p=27560#breadcrumb","itemListElement":[{"@type":"ListItem","position":1,"name":"Home","item":"https:\/\/akunq.net\/tr"},{"@type":"ListItem","position":2,"name":"Er Sevag&#8217;\u0131n tan\u0131\u011f\u0131: \u0130fademi bask\u0131yla de\u011fi\u015ftirdim"}]},{"@type":"WebSite","@id":"https:\/\/akunq.net\/tr\/#website","url":"https:\/\/akunq.net\/tr\/","name":"Bati Ermenistan Ve Bati Ermenileri Sorunlari Ara\u015ftirmalar Merkezi","description":"","potentialAction":[{"@type":"SearchAction","target":{"@type":"EntryPoint","urlTemplate":"https:\/\/akunq.net\/tr\/?s={search_term_string}"},"query-input":{"@type":"PropertyValueSpecification","valueRequired":true,"valueName":"search_term_string"}}],"inLanguage":"en-US"},{"@type":"Person","@id":"https:\/\/akunq.net\/tr\/#\/schema\/person\/096f1d38a12cce57fb855b485ed24c9e","name":"admin","url":"https:\/\/akunq.net\/tr\/?author=7"}]}},"_links":{"self":[{"href":"https:\/\/akunq.net\/tr\/index.php?rest_route=\/wp\/v2\/posts\/27560","targetHints":{"allow":["GET"]}}],"collection":[{"href":"https:\/\/akunq.net\/tr\/index.php?rest_route=\/wp\/v2\/posts"}],"about":[{"href":"https:\/\/akunq.net\/tr\/index.php?rest_route=\/wp\/v2\/types\/post"}],"author":[{"embeddable":true,"href":"https:\/\/akunq.net\/tr\/index.php?rest_route=\/wp\/v2\/users\/7"}],"replies":[{"embeddable":true,"href":"https:\/\/akunq.net\/tr\/index.php?rest_route=%2Fwp%2Fv2%2Fcomments&post=27560"}],"version-history":[{"count":1,"href":"https:\/\/akunq.net\/tr\/index.php?rest_route=\/wp\/v2\/posts\/27560\/revisions"}],"predecessor-version":[{"id":27562,"href":"https:\/\/akunq.net\/tr\/index.php?rest_route=\/wp\/v2\/posts\/27560\/revisions\/27562"}],"wp:attachment":[{"href":"https:\/\/akunq.net\/tr\/index.php?rest_route=%2Fwp%2Fv2%2Fmedia&parent=27560"}],"wp:term":[{"taxonomy":"category","embeddable":true,"href":"https:\/\/akunq.net\/tr\/index.php?rest_route=%2Fwp%2Fv2%2Fcategories&post=27560"},{"taxonomy":"post_tag","embeddable":true,"href":"https:\/\/akunq.net\/tr\/index.php?rest_route=%2Fwp%2Fv2%2Ftags&post=27560"}],"curies":[{"name":"wp","href":"https:\/\/api.w.org\/{rel}","templated":true}]}}