{"id":27557,"date":"2013-12-20T03:38:22","date_gmt":"2013-12-20T08:38:22","guid":{"rendered":"http:\/\/akunq.net\/tr\/?p=27557"},"modified":"2013-12-20T03:38:22","modified_gmt":"2013-12-20T08:38:22","slug":"en-fazla-tutuklu-gazeteci-turkiyede","status":"publish","type":"post","link":"https:\/\/akunq.net\/tr\/?p=27557","title":{"rendered":"En fazla tutuklu gazeteci T\u00fcrkiye\u2019de"},"content":{"rendered":"<p style=\"text-align: justify;\"><b><i><a href=\"http:\/\/akunq.net\/tr\/wp-content\/uploads\/2013\/12\/\u0571\u0565\u0580\u0562\u0561\u056f\u0561\u056c\u057e\u0561\u056e-\u056c\u0580\u0561\u0563\u0580\u0578\u0572\u0576\u0565\u0580.jpg\"><img loading=\"lazy\" decoding=\"async\" class=\"alignright size-full wp-image-27558\" alt=\"\u0571\u0565\u0580\u0562\u0561\u056f\u0561\u056c\u057e\u0561\u056e \u056c\u0580\u0561\u0563\u0580\u0578\u0572\u0576\u0565\u0580\" src=\"http:\/\/akunq.net\/tr\/wp-content\/uploads\/2013\/12\/\u0571\u0565\u0580\u0562\u0561\u056f\u0561\u056c\u057e\u0561\u056e-\u056c\u0580\u0561\u0563\u0580\u0578\u0572\u0576\u0565\u0580.jpg\" width=\"260\" height=\"194\" \/><\/a>Bas\u0131n \u00f6zg\u00fcrl\u00fc\u011f\u00fc ve gazetecilerin haklar\u0131n\u0131n korunmas\u0131 konusunda d\u00fcnyan\u0131n en sayg\u0131n uluslararas\u0131 bas\u0131n kurulu\u015flar\u0131ndan Gazetecileri Koruma Komitesi\u2019nin (Committee to Protect Journalists-CPJ) \u20182013 y\u0131l\u0131nda hapiste olan gazeteciler\u2019 raporunu yay\u0131nlad\u0131.<\/p>\n<p><\/i><\/b><\/p>\n<p style=\"text-align: justify;\">Bas\u0131n \u00f6zg\u00fcrl\u00fc\u011f\u00fc ve gazetecilerin haklar\u0131n\u0131n korunmas\u0131 konusunda d\u00fcnyan\u0131n en sayg\u0131n uluslararas\u0131 bas\u0131n kurulu\u015flar\u0131ndan Gazetecileri Koruma Komitesi\u2019nin (Committee to Protect Journalists-CPJ) \u20182013 y\u0131l\u0131nda hapiste olan gazeteciler\u2019 raporunu yay\u0131nlad\u0131. Rapora g\u00f6re T\u00fcrkiye, gazetecileri hapse atan \u00fclkeler s\u0131ralamas\u0131nda ge\u00e7en y\u0131l oldu\u011fu gibi yine listenin tepesinde. T\u00fcrkiye\u2019yi, \u0130ran ve \u00c7in izledi. Liste Eritre, Vietnam, Suriye, Azerbaycan, Etiyopya, M\u0131s\u0131r ve \u00d6zbekistan ile devam ediyor. Raporda, T\u00fcrkiye, \u0130ran ve \u00c7in\u2019de hapse at\u0131lan gazeteciler toplam\u0131n\u0131n, t\u00fcm d\u00fcnyada hapse at\u0131lan gazeteci say\u0131s\u0131n\u0131n yar\u0131s\u0131ndan fazla oldu\u011fu a\u00e7\u0131kland\u0131. 2012 y\u0131l\u0131nda hapse at\u0131lan gazeteci say\u0131s\u0131n\u0131n 232 oldu\u011fu ve rekor k\u0131r\u0131ld\u0131\u011f\u0131 an\u0131msat\u0131lan raporda, bu y\u0131l bu say\u0131n\u0131n 211\u2019e d\u00fc\u015ft\u00fc\u011f\u00fc ve bunun da ikinci rekor oldu\u011fu vurguland\u0131. Ankara, Tahran ve Pekin\u2019in ho\u015fg\u00f6r\u00fcs\u00fcz h\u00fck\u00fcmetleri, 107 gazeteci, edit\u00f6r ya da yazar\u0131 susturmak i\u00e7in \u2018devlete kar\u015f\u0131 su\u00e7 i\u015fleme\u2019 gerek\u00e7esini kulland\u0131\u2019 g\u00f6r\u00fc\u015f\u00fcne yer verilen raporda, \u2018T\u00fcrkiye ve \u0130ran, bu konuda ge\u00e7en y\u0131l oldu\u011fu gibi en k\u00f6t\u00fc birinci ve ikinci \u00fclke oldu\u2019 denildi.<br clear=\"all\" \/><br clear=\"all\" \/><b><i>http:\/\/www.yenimesaj.com.tr\/?haber,13003714\/en-fazla-tutuklu-gazeteci-turkiye-de<\/i><\/b><\/p>\n","protected":false},"excerpt":{"rendered":"<p>Bas\u0131n \u00f6zg\u00fcrl\u00fc\u011f\u00fc ve gazetecilerin haklar\u0131n\u0131n korunmas\u0131 konusunda d\u00fcnyan\u0131n en sayg\u0131n uluslararas\u0131 bas\u0131n kurulu\u015flar\u0131ndan Gazetecileri Koruma Komitesi\u2019nin (Committee to Protect Journalists-CPJ) \u20182013 y\u0131l\u0131nda hapiste olan gazeteciler\u2019 raporunu yay\u0131nlad\u0131. Bas\u0131n \u00f6zg\u00fcrl\u00fc\u011f\u00fc ve gazetecilerin haklar\u0131n\u0131n korunmas\u0131 konusunda d\u00fcnyan\u0131n en sayg\u0131n uluslararas\u0131 bas\u0131n kurulu\u015flar\u0131ndan Gazetecileri Koruma Komitesi\u2019nin (Committee to Protect Journalists-CPJ) \u20182013 y\u0131l\u0131nda hapiste olan gazeteciler\u2019 raporunu yay\u0131nlad\u0131. Rapora [&hellip;]<\/p>\n","protected":false},"author":7,"featured_media":0,"comment_status":"open","ping_status":"open","sticky":false,"template":"","format":"standard","meta":{"footnotes":""},"categories":[1],"tags":[],"class_list":["post-27557","post","type-post","status-publish","format-standard","hentry","category-haberler"],"yoast_head":"<!-- This site is optimized with the Yoast SEO plugin v27.4 - https:\/\/yoast.com\/product\/yoast-seo-wordpress\/ -->\n<title>En fazla tutuklu gazeteci T\u00fcrkiye\u2019de - Bati Ermenistan Ve Bati Ermenileri Sorunlari Ara\u015ftirmalar Merkezi<\/title>\n<meta name=\"robots\" content=\"index, follow, max-snippet:-1, max-image-preview:large, max-video-preview:-1\" \/>\n<link rel=\"canonical\" href=\"https:\/\/akunq.net\/tr\/?p=27557\" \/>\n<meta property=\"og:locale\" content=\"en_US\" \/>\n<meta property=\"og:type\" content=\"article\" \/>\n<meta property=\"og:title\" content=\"En fazla tutuklu gazeteci T\u00fcrkiye\u2019de - Bati Ermenistan Ve Bati Ermenileri Sorunlari Ara\u015ftirmalar Merkezi\" \/>\n<meta property=\"og:description\" content=\"Bas\u0131n \u00f6zg\u00fcrl\u00fc\u011f\u00fc ve gazetecilerin haklar\u0131n\u0131n korunmas\u0131 konusunda d\u00fcnyan\u0131n en sayg\u0131n uluslararas\u0131 bas\u0131n kurulu\u015flar\u0131ndan Gazetecileri Koruma Komitesi\u2019nin (Committee to Protect Journalists-CPJ) \u20182013 y\u0131l\u0131nda hapiste olan gazeteciler\u2019 raporunu yay\u0131nlad\u0131. Bas\u0131n \u00f6zg\u00fcrl\u00fc\u011f\u00fc ve gazetecilerin haklar\u0131n\u0131n korunmas\u0131 konusunda d\u00fcnyan\u0131n en sayg\u0131n uluslararas\u0131 bas\u0131n kurulu\u015flar\u0131ndan Gazetecileri Koruma Komitesi\u2019nin (Committee to Protect Journalists-CPJ) \u20182013 y\u0131l\u0131nda hapiste olan gazeteciler\u2019 raporunu yay\u0131nlad\u0131. Rapora [&hellip;]\" \/>\n<meta property=\"og:url\" content=\"https:\/\/akunq.net\/tr\/?p=27557\" \/>\n<meta property=\"og:site_name\" content=\"Bati Ermenistan Ve Bati Ermenileri Sorunlari Ara\u015ftirmalar Merkezi\" \/>\n<meta property=\"article:published_time\" content=\"2013-12-20T08:38:22+00:00\" \/>\n<meta name=\"author\" content=\"admin\" \/>\n<meta name=\"twitter:card\" content=\"summary_large_image\" \/>\n<meta name=\"twitter:label1\" content=\"Written by\" \/>\n\t<meta name=\"twitter:data1\" content=\"admin\" \/>\n\t<meta name=\"twitter:label2\" content=\"Est. reading time\" \/>\n\t<meta name=\"twitter:data2\" content=\"1 minute\" \/>\n<script type=\"application\/ld+json\" class=\"yoast-schema-graph\">{\"@context\":\"https:\\\/\\\/schema.org\",\"@graph\":[{\"@type\":\"Article\",\"@id\":\"https:\\\/\\\/akunq.net\\\/tr\\\/?p=27557#article\",\"isPartOf\":{\"@id\":\"https:\\\/\\\/akunq.net\\\/tr\\\/?p=27557\"},\"author\":{\"name\":\"admin\",\"@id\":\"https:\\\/\\\/akunq.net\\\/tr\\\/#\\\/schema\\\/person\\\/096f1d38a12cce57fb855b485ed24c9e\"},\"headline\":\"En fazla tutuklu gazeteci T\u00fcrkiye\u2019de\",\"datePublished\":\"2013-12-20T08:38:22+00:00\",\"mainEntityOfPage\":{\"@id\":\"https:\\\/\\\/akunq.net\\\/tr\\\/?p=27557\"},\"wordCount\":269,\"commentCount\":0,\"articleSection\":[\"Haberler\"],\"inLanguage\":\"en-US\",\"potentialAction\":[{\"@type\":\"CommentAction\",\"name\":\"Comment\",\"target\":[\"https:\\\/\\\/akunq.net\\\/tr\\\/?p=27557#respond\"]}]},{\"@type\":\"WebPage\",\"@id\":\"https:\\\/\\\/akunq.net\\\/tr\\\/?p=27557\",\"url\":\"https:\\\/\\\/akunq.net\\\/tr\\\/?p=27557\",\"name\":\"En fazla tutuklu gazeteci T\u00fcrkiye\u2019de - Bati Ermenistan Ve Bati Ermenileri Sorunlari Ara\u015ftirmalar Merkezi\",\"isPartOf\":{\"@id\":\"https:\\\/\\\/akunq.net\\\/tr\\\/#website\"},\"datePublished\":\"2013-12-20T08:38:22+00:00\",\"author\":{\"@id\":\"https:\\\/\\\/akunq.net\\\/tr\\\/#\\\/schema\\\/person\\\/096f1d38a12cce57fb855b485ed24c9e\"},\"breadcrumb\":{\"@id\":\"https:\\\/\\\/akunq.net\\\/tr\\\/?p=27557#breadcrumb\"},\"inLanguage\":\"en-US\",\"potentialAction\":[{\"@type\":\"ReadAction\",\"target\":[\"https:\\\/\\\/akunq.net\\\/tr\\\/?p=27557\"]}]},{\"@type\":\"BreadcrumbList\",\"@id\":\"https:\\\/\\\/akunq.net\\\/tr\\\/?p=27557#breadcrumb\",\"itemListElement\":[{\"@type\":\"ListItem\",\"position\":1,\"name\":\"Home\",\"item\":\"https:\\\/\\\/akunq.net\\\/tr\"},{\"@type\":\"ListItem\",\"position\":2,\"name\":\"En fazla tutuklu gazeteci T\u00fcrkiye\u2019de\"}]},{\"@type\":\"WebSite\",\"@id\":\"https:\\\/\\\/akunq.net\\\/tr\\\/#website\",\"url\":\"https:\\\/\\\/akunq.net\\\/tr\\\/\",\"name\":\"Bati Ermenistan Ve Bati Ermenileri Sorunlari Ara\u015ftirmalar Merkezi\",\"description\":\"\",\"potentialAction\":[{\"@type\":\"SearchAction\",\"target\":{\"@type\":\"EntryPoint\",\"urlTemplate\":\"https:\\\/\\\/akunq.net\\\/tr\\\/?s={search_term_string}\"},\"query-input\":{\"@type\":\"PropertyValueSpecification\",\"valueRequired\":true,\"valueName\":\"search_term_string\"}}],\"inLanguage\":\"en-US\"},{\"@type\":\"Person\",\"@id\":\"https:\\\/\\\/akunq.net\\\/tr\\\/#\\\/schema\\\/person\\\/096f1d38a12cce57fb855b485ed24c9e\",\"name\":\"admin\",\"url\":\"https:\\\/\\\/akunq.net\\\/tr\\\/?author=7\"}]}<\/script>\n<!-- \/ Yoast SEO plugin. -->","yoast_head_json":{"title":"En fazla tutuklu gazeteci T\u00fcrkiye\u2019de - Bati Ermenistan Ve Bati Ermenileri Sorunlari Ara\u015ftirmalar Merkezi","robots":{"index":"index","follow":"follow","max-snippet":"max-snippet:-1","max-image-preview":"max-image-preview:large","max-video-preview":"max-video-preview:-1"},"canonical":"https:\/\/akunq.net\/tr\/?p=27557","og_locale":"en_US","og_type":"article","og_title":"En fazla tutuklu gazeteci T\u00fcrkiye\u2019de - Bati Ermenistan Ve Bati Ermenileri Sorunlari Ara\u015ftirmalar Merkezi","og_description":"Bas\u0131n \u00f6zg\u00fcrl\u00fc\u011f\u00fc ve gazetecilerin haklar\u0131n\u0131n korunmas\u0131 konusunda d\u00fcnyan\u0131n en sayg\u0131n uluslararas\u0131 bas\u0131n kurulu\u015flar\u0131ndan Gazetecileri Koruma Komitesi\u2019nin (Committee to Protect Journalists-CPJ) \u20182013 y\u0131l\u0131nda hapiste olan gazeteciler\u2019 raporunu yay\u0131nlad\u0131. Bas\u0131n \u00f6zg\u00fcrl\u00fc\u011f\u00fc ve gazetecilerin haklar\u0131n\u0131n korunmas\u0131 konusunda d\u00fcnyan\u0131n en sayg\u0131n uluslararas\u0131 bas\u0131n kurulu\u015flar\u0131ndan Gazetecileri Koruma Komitesi\u2019nin (Committee to Protect Journalists-CPJ) \u20182013 y\u0131l\u0131nda hapiste olan gazeteciler\u2019 raporunu yay\u0131nlad\u0131. Rapora [&hellip;]","og_url":"https:\/\/akunq.net\/tr\/?p=27557","og_site_name":"Bati Ermenistan Ve Bati Ermenileri Sorunlari Ara\u015ftirmalar Merkezi","article_published_time":"2013-12-20T08:38:22+00:00","author":"admin","twitter_card":"summary_large_image","twitter_misc":{"Written by":"admin","Est. reading time":"1 minute"},"schema":{"@context":"https:\/\/schema.org","@graph":[{"@type":"Article","@id":"https:\/\/akunq.net\/tr\/?p=27557#article","isPartOf":{"@id":"https:\/\/akunq.net\/tr\/?p=27557"},"author":{"name":"admin","@id":"https:\/\/akunq.net\/tr\/#\/schema\/person\/096f1d38a12cce57fb855b485ed24c9e"},"headline":"En fazla tutuklu gazeteci T\u00fcrkiye\u2019de","datePublished":"2013-12-20T08:38:22+00:00","mainEntityOfPage":{"@id":"https:\/\/akunq.net\/tr\/?p=27557"},"wordCount":269,"commentCount":0,"articleSection":["Haberler"],"inLanguage":"en-US","potentialAction":[{"@type":"CommentAction","name":"Comment","target":["https:\/\/akunq.net\/tr\/?p=27557#respond"]}]},{"@type":"WebPage","@id":"https:\/\/akunq.net\/tr\/?p=27557","url":"https:\/\/akunq.net\/tr\/?p=27557","name":"En fazla tutuklu gazeteci T\u00fcrkiye\u2019de - Bati Ermenistan Ve Bati Ermenileri Sorunlari Ara\u015ftirmalar Merkezi","isPartOf":{"@id":"https:\/\/akunq.net\/tr\/#website"},"datePublished":"2013-12-20T08:38:22+00:00","author":{"@id":"https:\/\/akunq.net\/tr\/#\/schema\/person\/096f1d38a12cce57fb855b485ed24c9e"},"breadcrumb":{"@id":"https:\/\/akunq.net\/tr\/?p=27557#breadcrumb"},"inLanguage":"en-US","potentialAction":[{"@type":"ReadAction","target":["https:\/\/akunq.net\/tr\/?p=27557"]}]},{"@type":"BreadcrumbList","@id":"https:\/\/akunq.net\/tr\/?p=27557#breadcrumb","itemListElement":[{"@type":"ListItem","position":1,"name":"Home","item":"https:\/\/akunq.net\/tr"},{"@type":"ListItem","position":2,"name":"En fazla tutuklu gazeteci T\u00fcrkiye\u2019de"}]},{"@type":"WebSite","@id":"https:\/\/akunq.net\/tr\/#website","url":"https:\/\/akunq.net\/tr\/","name":"Bati Ermenistan Ve Bati Ermenileri Sorunlari Ara\u015ftirmalar Merkezi","description":"","potentialAction":[{"@type":"SearchAction","target":{"@type":"EntryPoint","urlTemplate":"https:\/\/akunq.net\/tr\/?s={search_term_string}"},"query-input":{"@type":"PropertyValueSpecification","valueRequired":true,"valueName":"search_term_string"}}],"inLanguage":"en-US"},{"@type":"Person","@id":"https:\/\/akunq.net\/tr\/#\/schema\/person\/096f1d38a12cce57fb855b485ed24c9e","name":"admin","url":"https:\/\/akunq.net\/tr\/?author=7"}]}},"_links":{"self":[{"href":"https:\/\/akunq.net\/tr\/index.php?rest_route=\/wp\/v2\/posts\/27557","targetHints":{"allow":["GET"]}}],"collection":[{"href":"https:\/\/akunq.net\/tr\/index.php?rest_route=\/wp\/v2\/posts"}],"about":[{"href":"https:\/\/akunq.net\/tr\/index.php?rest_route=\/wp\/v2\/types\/post"}],"author":[{"embeddable":true,"href":"https:\/\/akunq.net\/tr\/index.php?rest_route=\/wp\/v2\/users\/7"}],"replies":[{"embeddable":true,"href":"https:\/\/akunq.net\/tr\/index.php?rest_route=%2Fwp%2Fv2%2Fcomments&post=27557"}],"version-history":[{"count":1,"href":"https:\/\/akunq.net\/tr\/index.php?rest_route=\/wp\/v2\/posts\/27557\/revisions"}],"predecessor-version":[{"id":27559,"href":"https:\/\/akunq.net\/tr\/index.php?rest_route=\/wp\/v2\/posts\/27557\/revisions\/27559"}],"wp:attachment":[{"href":"https:\/\/akunq.net\/tr\/index.php?rest_route=%2Fwp%2Fv2%2Fmedia&parent=27557"}],"wp:term":[{"taxonomy":"category","embeddable":true,"href":"https:\/\/akunq.net\/tr\/index.php?rest_route=%2Fwp%2Fv2%2Fcategories&post=27557"},{"taxonomy":"post_tag","embeddable":true,"href":"https:\/\/akunq.net\/tr\/index.php?rest_route=%2Fwp%2Fv2%2Ftags&post=27557"}],"curies":[{"name":"wp","href":"https:\/\/api.w.org\/{rel}","templated":true}]}}