{"id":27554,"date":"2013-12-20T03:21:10","date_gmt":"2013-12-20T08:21:10","guid":{"rendered":"http:\/\/akunq.net\/tr\/?p=27554"},"modified":"2013-12-20T03:21:10","modified_gmt":"2013-12-20T08:21:10","slug":"tarih-ve-hafiza-arastirmalari-tesvik-fonu","status":"publish","type":"post","link":"https:\/\/akunq.net\/tr\/?p=27554","title":{"rendered":"Tarih ve Haf\u0131za Ara\u015ft\u0131rmalar\u0131 Te\u015fvik Fonu"},"content":{"rendered":"<p style=\"text-align: justify;\"><a href=\"http:\/\/akunq.net\/tr\/wp-content\/uploads\/2013\/12\/Hrant-Dink-Vakfi.png\"><img loading=\"lazy\" decoding=\"async\" class=\"alignright size-full wp-image-27555\" alt=\"Hrant Dink Vakfi\" src=\"http:\/\/akunq.net\/tr\/wp-content\/uploads\/2013\/12\/Hrant-Dink-Vakfi.png\" width=\"288\" height=\"100\" \/><\/a>Hrant Dink Vakf\u0131 destek\u00e7ilerinden Dr. Alper \u00d6ktem\u2019in giri\u015fimi ve katk\u0131lar\u0131yla 2010 y\u0131l\u0131nda hayata ge\u00e7irilen Tarih Ara\u015ft\u0131rma Te\u015fvik Fonu, 1915\u2019teki vicdanl\u0131 davran\u0131\u015flar\u0131n ara\u015ft\u0131r\u0131lmas\u0131n\u0131, o d\u00f6nemde davran\u0131\u015flar\u0131yla insanl\u0131\u011fa \u00f6rnek olan ki\u015filerin bulunmas\u0131n\u0131, yapt\u0131klar\u0131n\u0131n g\u00fcn\u00fcm\u00fcz\u00fcn toplumuyla payla\u015f\u0131lmas\u0131n\u0131, tarihin bir ba\u015fka y\u00fcz\u00fcn\u00fcn yans\u0131t\u0131lmas\u0131na y\u00f6nelik ara\u015ft\u0131rmalar\u0131 desteklemeyi, te\u015fvik etmeyi ama\u00e7lam\u0131\u015ft\u0131. 2013 itibariyle bu fonun kapsam\u0131 geni\u015fletilmi\u015f ve ismi &#8216;Tarih ve Haf\u0131za Ara\u015ft\u0131rmalar\u0131 Te\u015fvik Fonu&#8217; olarak g\u00fcncellenmi\u015ftir. 1915\u2019te ya\u015fananlar\u0131n insani boyutlar\u0131n\u0131n g\u00fcn\u00fcm\u00fcze yans\u0131malar\u0131, sonraki nesillerde b\u0131rakt\u0131\u011f\u0131 izler ve farkl\u0131 hat\u0131rlanma bi\u00e7imleri de bu fon taraf\u0131ndan desteklenecek ara\u015ft\u0131rmalar\u0131n kapsam\u0131na al\u0131nm\u0131\u015ft\u0131r.<\/p>\n<p style=\"text-align: justify;\"><b>AMA\u00c7<\/b><\/p>\n<p style=\"text-align: justify;\">Te\u015fvik fonunun amac\u0131, planlanm\u0131\u015f bir bilimsel \u00e7al\u0131\u015fma i\u00e7in ara\u015ft\u0131rmac\u0131lara burs vermek suretiyle, T\u00fcrkiye tarihinde, \u00f6zellikle 1915\u2019te gizli kalm\u0131\u015f vicdani ve insani davran\u0131\u015flar\u0131n ara\u015ft\u0131r\u0131lmas\u0131n\u0131 ve g\u00fcn y\u00fcz\u00fcne \u00e7\u0131kart\u0131lmas\u0131n\u0131 sa\u011flamak, 1915\u2019te ya\u015fananlar\u0131n nesillerararas\u0131 aktar\u0131lan izlerinin, \u00f6zellikle sorumluluk, vicdan ve adalet kavramlar\u0131 etraf\u0131nda ara\u015ft\u0131r\u0131lmas\u0131n\u0131n \u00f6n\u00fcn\u00fc a\u00e7mak, her y\u0131l bu alanda bilimsel \u00e7al\u0131\u015fma yapan ara\u015ft\u0131rmac\u0131lar\u0131 te\u015fvik etmek ve bu \u00e7al\u0131\u015fmalar\u0131n kamuoyuna ula\u015fmas\u0131na katk\u0131 sa\u011flamakt\u0131r.<\/p>\n<p style=\"text-align: justify;\"><b>KAPSAM<\/b><\/p>\n<p style=\"text-align: justify;\">A\u015fa\u011f\u0131daki sorularla s\u0131n\u0131rl\u0131 olmamakla birlikte 1915\u2019te ya\u015fananlara sorumluluk, vicdan ve adalet kavramlar\u0131 \u00e7er\u00e7evesinde verilen tepkileri ele alan tarih ve haf\u0131za \u00e7al\u0131\u015fmalar\u0131 Te\u015fvik Fonu\u2019nun kapsam\u0131ndad\u0131r.<\/p>\n<ul style=\"text-align: justify;\">\n<li>1915\u2019te ya\u015fananlara sorumluluk, vicdan ve adalet kavramlar\u0131ndan yola \u00e7\u0131karak verilen tepkiler neler olmu\u015ftur?<\/li>\n<li>Ermenilere ve Ermeni varl\u0131klar\u0131na y\u00f6nelik \u015fiddet, yok etme, gasp gibi eylemlere ve emirlere kimler, ne t\u00fcr gerek\u00e7elerle direnmi\u015f, kar\u015f\u0131 \u00e7\u0131km\u0131\u015flard\u0131r Bu kar\u015f\u0131 \u00e7\u0131k\u0131\u015flar\u0131n ne t\u00fcr sonu\u00e7lar\u0131 olmu\u015ftur?<\/li>\n<li>1915\u2019te ya\u015fananlar\u0131n insani, toplumsal, ekonomik ve siyasi boyutlar\u0131 sonraki nesillerde ne t\u00fcr izler b\u0131rakm\u0131\u015ft\u0131r? Bu izlerin g\u00fcn\u00fcm\u00fcze yans\u0131malar\u0131 nas\u0131ld\u0131r?<\/li>\n<li>1915\u2019in failleri, tan\u0131klar\u0131 ve muhalifleriyle g\u00fcn\u00fcm\u00fcz nesilleri nas\u0131l ili\u015fkilenmektedir?<\/li>\n<li>S\u0131n\u0131f, co\u011frafi konum, etnik\/dinsel\/mezhepsel aidiyet ve toplumsal cinsiyet gibi eksenlerin, 1915\u2019e dair haf\u0131zan\u0131n \u015fekillenmesine etkileri neler olmu\u015ftur\/olmaktad\u0131r?<\/li>\n<li>1915\u2019te ya\u015fananlar\u0131n edebiyat, g\u00f6rsel sanatlar, sinema ve tiyatroya yans\u0131malar\u0131 nas\u0131l olmu\u015ftur? Tarihsel olarak ve g\u00fcn\u00fcm\u00fczde edebiyat, g\u00f6rsel sanat, sinema ve tiyatro eserlerine yans\u0131yan 1915 temsilleri, egemen tarih yaz\u0131m\u0131 ve haf\u0131zayla nas\u0131l ili\u015fkilenmi\u015f veya onlardan nas\u0131l ayr\u0131\u015fm\u0131\u015ft\u0131r\/ayr\u0131\u015fmaktad\u0131r?<\/li>\n<li>Tarihte ya\u015fananlarla g\u00fcn\u00fcm\u00fcz d\u00fcnyas\u0131 aras\u0131ndaki ili\u015fki farkl\u0131 yerelliklerde nas\u0131l ifade bulmaktad\u0131r?<\/li>\n<li>1915\u2019te ya\u015fananlara ve Ermenilerin Anadolu\u2019dan silinen varl\u0131\u011f\u0131na dair sorumluluk, vicdan ve adalet odakl\u0131 ne t\u00fcr \u00e7al\u0131\u015fmalar yap\u0131lm\u0131\u015ft\u0131r\/yap\u0131lmaktad\u0131r? Bunlar\u0131n mikro ve makro \u00f6l\u00e7ekte etkileri neler olmaktad\u0131r?<\/li>\n<\/ul>\n<p style=\"text-align: justify;\">Hrant Dink Vakf\u0131, bu ama\u00e7 ve kapsamlar do\u011frultusunda j\u00fcriyi olu\u015ftururken, T\u00fcrkiye\u2019de ve yurt d\u0131\u015f\u0131nda bulunan \u00fcniversiteler ve ara\u015ft\u0131rma merkezleriyle i\u015fbirli\u011fi imk\u00e2nlar\u0131n\u0131 geli\u015ftirmeye devam edecektir.<\/p>\n<p style=\"text-align: justify;\"><b>YAZI\u015eMA ADRES\u0130<\/b><\/p>\n<p style=\"text-align: justify;\">Hrant Dink Vakf\u0131<br \/>\nHalaskargazi Cad., Sebat Apt., No: 74, Kat: 1<br \/>\nOsmanbey, 34371, \u015ei\u015fli, \u0130stanbul<br \/>\n<b>Telefon:<\/b> 90 (212) 240 33 61-62-65<br \/>\n<b>E-posta:<\/b> <a href=\"mailto:info@hrantdink.org?subject=Tarih%20ve%20Haf\u0131za%20Ara\u015ft\u0131rmalar\u0131%20Te\u015fvik%20Fonu\"><b>info@hrantdink.org<\/b><\/a>,\u00a0<a href=\"mailto:eminekolivar@hrantdink.org?subject=Tarih%20ve%20Haf\u0131za%20Ara\u015ft\u0131rmalar\u0131%20Te\u015fvik%20Fonu\"><b>eminekolivar@hrantdink.org<\/b><\/a><\/p>\n<p style=\"text-align: justify;\"><i>T\u00fcm yaz\u0131\u015fmalarda yukar\u0131daki bilgiler kullan\u0131lmal\u0131d\u0131r.<\/i><\/p>\n<p style=\"text-align: justify;\"><b>KATILIM KO\u015eULLARI<\/b><\/p>\n<ol style=\"text-align: justify;\">\n<li>Ba\u015fvuru, t\u00fcm ara\u015ft\u0131rmac\u0131lara ve \u00fcniversite \u00e7evrelerine a\u00e7\u0131kt\u0131r.\u00a0<\/li>\n<li>Adaylar, fona yaln\u0131zca bir \u00e7al\u0131\u015fma sunabilirler.\u00a0<\/li>\n<li>Birden fazla ki\u015fi ortak bir \u00e7al\u0131\u015fmayla kat\u0131labilir.\u00a0<\/li>\n<li>Yap\u0131tlar <b>\u0130ngilizce <\/b>veya <b>T\u00fcrk\u00e7e <\/b>dillerinden birinde sunulmal\u0131d\u0131r.\u00a0<\/li>\n<li>Hen\u00fcz ba\u015flamam\u0131\u015f veya devam eden ara\u015ft\u0131rma projeleri i\u00e7in ba\u015fvuru yap\u0131labilir. Tamamlanm\u0131\u015f ve yay\u0131nlanm\u0131\u015f projeler i\u00e7in fon ba\u015fvurusu yap\u0131lamaz.\u00a0<\/li>\n<li>Ba\u015fvurular en az <b>yedi <\/b>sayfa olmal\u0131d\u0131r.\u00a0<\/li>\n<li>Son ba\u015fvuru tarihi <b>27 Aral\u0131k 2013 Cuma\u00a0<\/b>g\u00fcn\u00fcd\u00fcr.<\/li>\n<li>2012 Fonu\u2019na ba\u015fvurmu\u015f olan ara\u015ft\u0131rmac\u0131lar tekrar ba\u015fvurabilir.\u00a0<\/li>\n<\/ol>\n<p style=\"text-align: justify;\"><b>BA\u015eVURU S\u00dcREC\u0130 VE \u0130STEN\u0130LEN BELGELER<\/b><\/p>\n<p style=\"text-align: justify;\">Ba\u015fvuru dosyas\u0131nda, a\u015fa\u011f\u0131da belirtilen belgelerden herhangi birinin eksik olmas\u0131 ve\/veya belgelerde verilen bilgilerin do\u011fru olmamas\u0131 durumunda, ba\u015fvuru ge\u00e7ersiz say\u0131l\u0131r. Ba\u015fvuru dosyas\u0131nda bulunmas\u0131 gerekenler \u015funlard\u0131r:<\/p>\n<ul style=\"text-align: justify;\">\n<li><b>Ayr\u0131nt\u0131l\u0131 \u00f6zge\u00e7mi\u015f:<\/b> Bilgisayarda yaz\u0131lmal\u0131, devam edilen ya da tamamlanan lisans, y\u00fcksek lisans veya doktora e\u011fitimleri, i\u015f deneyimleri, varsa yay\u0131mlanm\u0131\u015f eserlerle ilgili bilgiler mutlaka belirtilmelidir. Birden fazla ki\u015finin ortak \u00e7al\u0131\u015fmayla kat\u0131lmas\u0131 halinde, her kat\u0131l\u0131mc\u0131 \u00f6zge\u00e7mi\u015fini sunmal\u0131d\u0131r.<\/li>\n<li><b>Ara\u015ft\u0131rma \u00f6zeti:<\/b>\u00a0En az yedi sayfa olmak \u00fczere ara\u015ft\u0131rman\u0131n konusu, metodolojisi ve ara\u015ft\u0131r\u0131lan konuda var olan literat\u00fcre yapaca\u011f\u0131 d\u00fc\u015f\u00fcn\u00fclen katk\u0131 hakk\u0131nda kapsaml\u0131 bilgi i\u00e7ermelidir.<\/li>\n<\/ul>\n<ol style=\"text-align: justify;\">\n<li>Standart A4 boyutundaki sayfa, \u00fcst ve soldan \u00fc\u00e7 cm, alt ve sa\u011fdan iki cm bo\u015fluk b\u0131rak\u0131larak kullan\u0131lmal\u0131d\u0131r.<\/li>\n<li>Her sayfan\u0131n sa\u011f \u00fcst k\u00f6\u015fesine ad ve soyad\u0131 yaz\u0131lmal\u0131, sayfalar numaraland\u0131r\u0131lmal\u0131d\u0131r.<\/li>\n<li>G\u00f6nderilen ara\u015ft\u0131rma \u00f6zetleri, varsa g\u00f6rsel malzemeleriyle birlikte, e-posta yoluyla veya CD \u00fczerinde .doc veya .pdf yaz\u0131l\u0131m\u0131nda teslim edilebilirler. Ayr\u0131ca ara\u015ft\u0131rma \u00f6zetinin bas\u0131l\u0131 \u00fc\u00e7 kopyas\u0131 da posta adresine g\u00f6nderilmelidir.<\/li>\n<\/ol>\n<p style=\"text-align: justify;\">Ara\u015ft\u0131rma \u00f6zetleri, 27 Aral\u0131k 2013 Cuma g\u00fcn\u00fcne kadar postayla veya elden yaz\u0131\u015fma adresine ula\u015ft\u0131r\u0131lmas\u0131 gerekmektedir. Postada meydana gelebilecek kay\u0131p ve gecikmeler dikkate al\u0131nmayacakt\u0131r. Ayr\u0131ca, belgelerin e-posta ile veya CD i\u00e7inde de yollanmas\u0131 beklenir. Ba\u015fvuru sahipleri, ba\u015fvurular\u0131n\u0131n durumu konusunda, iki ay i\u00e7inde bilgilendirilecektir.<\/p>\n<p style=\"text-align: justify;\"><b>DE\u011eERLEND\u0130RME KR\u0130TERLER\u0130<\/b><\/p>\n<p style=\"text-align: justify;\">Her y\u0131l Mart ay\u0131nda, Y\u00f6netim Kurulu, o y\u0131l\u0131n de\u011ferlendirme j\u00fcrisini olu\u015fturur, j\u00fcri ba\u015fkan\u0131n\u0131 belirler. Y\u00f6netim Kurulu\u2019ndan bir ki\u015fiyi koordinasyon ile g\u00f6revlendirir. J\u00fcri de\u011ferlendirmesinde a\u015fa\u011f\u0131daki kriterleri g\u00f6z \u00f6n\u00fcnde bulunduracakt\u0131r:<\/p>\n<ol style=\"text-align: justify;\">\n<li>Ara\u015ft\u0131rma y\u00f6ntemi, sunu\u015f, kaynak g\u00f6sterme gibi a\u00e7\u0131lardan bilimsel \u00e7al\u0131\u015fma \u00f6l\u00e7\u00fctlerine uygunluk,<\/li>\n<li>Konunun ger\u00e7ekli\u011fi ve \u00f6zg\u00fcnl\u00fc\u011f\u00fc,<\/li>\n<li>Genel bilgilerin tekrarlanmamas\u0131, yaln\u0131zca bas\u0131lm\u0131\u015f kaynaklardan derlenmi\u015f olmamas\u0131,<\/li>\n<li>Yeni ara\u015ft\u0131rma ve yo\u011fun emek \u00fcr\u00fcn\u00fc olmas\u0131,<\/li>\n<li>G\u00f6zlem g\u00fcc\u00fc, ara\u015ft\u0131rma derinli\u011fi ve yorum d\u00fczeyi.<\/li>\n<\/ol>\n<p style=\"text-align: justify;\"><b>TE\u015eV\u0130K FONU<\/b><\/p>\n<p style=\"text-align: justify;\">Te\u015fvik Fonu 4.000 Avro\u2019dur. Herhangi bir y\u0131l, te\u015fvik fonu verilip verilmeyece\u011fi, j\u00fcrinin de\u011ferlendirme ve karar\u0131na ba\u011fl\u0131d\u0131r. J\u00fcri te\u015fvik fonu verilmeyece\u011fine karar verse bile, Dr. Alper \u00d6ktem, te\u015fvik fonu i\u00e7in taahh\u00fct etti\u011fi kayna\u011f\u0131 her y\u0131l aktaracak, verilmeyen miktar Vak\u0131f fonunda tutularak, daha sonraki y\u0131llarda yine te\u015fvik fonu i\u00e7in kullan\u0131lacakt\u0131r.<\/p>\n<p>De\u011ferlendirme sonucunda, birden fazla yap\u0131t te\u015fvik fonuna de\u011fer bulunursa, te\u015fvik fonu bu yap\u0131tlar aras\u0131nda payla\u015ft\u0131r\u0131labilir. Koordinat\u00f6r, j\u00fcri de\u011ferlendirmesini \u015eubat 2013\u2019Te Y\u00f6netim Kurulu\u2019na sunar. Nihai karar, j\u00fcri de\u011ferlendirmesi do\u011frultusunda, Y\u00f6netim Kurulu taraf\u0131ndan verilir.<\/p>\n<p style=\"text-align: justify;\"><b>HAKLAR ve Y\u00dcK\u00dcML\u00dcL\u00dcKLER<\/b><\/p>\n<ul style=\"text-align: justify;\">\n<li>Ara\u015ft\u0131rmaya ve sonu\u00e7lar\u0131na dair her t\u00fcrl\u00fc sorumluluk ve telif hakk\u0131 ara\u015ft\u0131rmac\u0131n\u0131nd\u0131r.<\/li>\n<li>Ara\u015ft\u0131rmac\u0131, ara\u015ft\u0131rma s\u00fcresi bitiminde ara\u015ft\u0131rmaya dair kapsaml\u0131 bir rapor sunmakla y\u00fck\u00fcml\u00fcd\u00fcr. Hrant Dink Vakf\u0131, bu raporu veya raporun bir \u00f6zetini internet sitesinde yay\u0131nlama hakk\u0131na sahiptir.<\/li>\n<li>Ara\u015ft\u0131rmac\u0131, te\u015fvik edilen ara\u015ft\u0131rmadan \u00fcretilen t\u00fcm yay\u0131nlarda &#8220;<i>Hrant Dink Vakf\u0131 Tarih ve Haf\u0131za Ara\u015ft\u0131rmalar\u0131 Te\u015fvik Fonu taraf\u0131ndan desteklenmi\u015ftir<\/i>&#8221; ibaresini kullanmakta y\u00fck\u00fcml\u00fcd\u00fcr.<\/li>\n<\/ul>\n<p style=\"text-align: justify;\"><b>SONU\u00c7LARIN A\u00c7IKLANMASI<\/b><\/p>\n<p style=\"text-align: justify;\">Te\u015fvik Fonlar\u0131, <b>Mart 2014<\/b>\u2019te yap\u0131lacak t\u00f6renle sahiplerine verilecektir. Sonu\u00e7lar, t\u00f6ren ve di\u011fer etkinlikler arac\u0131l\u0131\u011f\u0131yla bas\u0131na ve kamuoyuna duyurulacakt\u0131r.<\/p>\n<p style=\"text-align: justify;\"><b>Hrant Dink Vakf\u0131 Tarih ve Haf\u0131za Ara\u015ft\u0131rma Te\u015fvik Fonu 2013 J\u00fcrisi<\/b><\/p>\n<p style=\"text-align: justify;\">Prof. Dr. Taner Ak\u00e7am (Clark University)<br \/>\nProf. Dr. Bogos Zekiyan (Venedik Ca&#8217; Foscari University)<br \/>\nProf. Dr. Edhem Eldem (Bo\u011fazi\u00e7i \u00dcniversitesi)<br \/>\nProf. Dr. Raymond K\u00e9vorkian (Paris 8 University)<br \/>\nProf. Dr. Hans-Lukas Kieser (Z\u00fcrich University)<br \/>\nProf. Dr. Arus Yumul (Bilgi \u00dcniversitesi)<br \/>\nDo\u00e7. Dr. Ay\u015fe G\u00fcl Alt\u0131nay (Sabanc\u0131 \u00dcniversitesi)<\/p>\n<p style=\"text-align: justify;\"><b><i>Tarih Ara\u015ft\u0131rma Te\u015fvik Fonu Destek\u00e7isi Dr. Alper \u00d6ktem Hakk\u0131nda Bilgi<\/i><\/b><\/p>\n<p style=\"text-align: justify;\">11 mart 1954 Dikili do\u011fumlu. \u0130lkokulu Burdur\u2019da okudu. Maarif Koleji\u2019ne Eski\u015fehir\u2019de ba\u015flad\u0131, Konya\u2019da devam etti ve Kad\u0131k\u00f6y Maarif Koleji\u2019nde bitirdi. Hacettepe T\u0131p Fak\u00fcltesi\u2019nden 1978 y\u0131l\u0131nda mezun oldu. Almanya\u2019da radyoloji ihtisas\u0131 yapt\u0131. 1980\u2019li y\u0131llar\u0131n ba\u015flar\u0131ndan itibaren i\u015fkence nedeniyle hastalan\u0131p Almanya\u2019ya s\u0131\u011f\u0131nan insanlara yard\u0131m edenlerden birisi ve T\u00fcrkiye \u0130nsan Haklar\u0131 Vakf\u0131\u2019n\u0131n (T\u0130HV) 20 y\u0131l\u0131 a\u015fk\u0131n zamand\u0131r destek\u00e7isi. Almanya\u2019da bulunan Demokratik T\u00fcrkiye Forumu Derne\u011fi&#8217;nin y\u00f6netim kurulu \u00fcyesi. Birlik 90\/Ye\u015filler Partisi E\u015fba\u015fkan\u0131 Cem \u00d6zdemir\u2019e, milletvekili se\u00e7ildi\u011fi 1993 y\u0131l\u0131ndan beri, \u00f6zellikle T\u00fcrkiye\u2019de insan haklar\u0131, bar\u0131\u015f ve demokrasi m\u00fccadelesi konular\u0131nda destek olmaya \u00e7al\u0131\u015f\u0131yor. 2000-2001 y\u0131l\u0131nda Alman g\u00fcnl\u00fck gazetesi &#8216;Die Tageszeitung&#8217;un eki olarak da\u011f\u0131t\u0131lan haftal\u0131k Per\u015fembe gazetesini yay\u0131nlad\u0131. Per\u015fembe gazetesi, Alman toplumu ile g\u00f6\u00e7menlerin medyada ayn\u0131 platformlarda e\u015fit d\u00fczeylerde bulu\u015fmas\u0131n\u0131 sa\u011flamay\u0131, g\u00f6\u00e7menlerin toplumun e\u015fit \u00fcyeleri olmas\u0131 i\u00e7in \u00e7aba g\u00f6stermeyi, bunun i\u00e7in medyada diyalog yollar\u0131n\u0131 geli\u015ftirmeyi, di\u011fer yandan \u00f6zellikle T\u00fcrkiye\u2019deki insan haklar\u0131 ihlallerini duyurmay\u0131 hedefliyordu. Dr. Alper \u00d6ktem evli ve iki \u00e7ocu\u011fu var. Almanya\u2019n\u0131n Bielefeld kentinde ya\u015f\u0131yor ve radyoloji uzman\u0131 olarak \u00e7al\u0131\u015f\u0131yor.<\/p>\n<p style=\"text-align: justify;\"><b><i>http:\/\/www.hrantdink.org\/?Detail=7<\/i><\/b><\/p>\n","protected":false},"excerpt":{"rendered":"<p>Hrant Dink Vakf\u0131 destek\u00e7ilerinden Dr. Alper \u00d6ktem\u2019in giri\u015fimi ve katk\u0131lar\u0131yla 2010 y\u0131l\u0131nda hayata ge\u00e7irilen Tarih Ara\u015ft\u0131rma Te\u015fvik Fonu, 1915\u2019teki vicdanl\u0131 davran\u0131\u015flar\u0131n ara\u015ft\u0131r\u0131lmas\u0131n\u0131, o d\u00f6nemde davran\u0131\u015flar\u0131yla insanl\u0131\u011fa \u00f6rnek olan ki\u015filerin bulunmas\u0131n\u0131, yapt\u0131klar\u0131n\u0131n g\u00fcn\u00fcm\u00fcz\u00fcn toplumuyla payla\u015f\u0131lmas\u0131n\u0131, tarihin bir ba\u015fka y\u00fcz\u00fcn\u00fcn yans\u0131t\u0131lmas\u0131na y\u00f6nelik ara\u015ft\u0131rmalar\u0131 desteklemeyi, te\u015fvik etmeyi ama\u00e7lam\u0131\u015ft\u0131. 2013 itibariyle bu fonun kapsam\u0131 geni\u015fletilmi\u015f ve ismi &#8216;Tarih ve [&hellip;]<\/p>\n","protected":false},"author":7,"featured_media":0,"comment_status":"open","ping_status":"open","sticky":false,"template":"","format":"standard","meta":{"footnotes":""},"categories":[1],"tags":[],"class_list":["post-27554","post","type-post","status-publish","format-standard","hentry","category-haberler"],"yoast_head":"<!-- This site is optimized with the Yoast SEO plugin v27.4 - https:\/\/yoast.com\/product\/yoast-seo-wordpress\/ -->\n<title>Tarih ve Haf\u0131za Ara\u015ft\u0131rmalar\u0131 Te\u015fvik Fonu - Bati Ermenistan Ve Bati Ermenileri Sorunlari Ara\u015ftirmalar Merkezi<\/title>\n<meta name=\"robots\" content=\"index, follow, max-snippet:-1, max-image-preview:large, max-video-preview:-1\" \/>\n<link rel=\"canonical\" href=\"https:\/\/akunq.net\/tr\/?p=27554\" \/>\n<meta property=\"og:locale\" content=\"en_US\" \/>\n<meta property=\"og:type\" content=\"article\" \/>\n<meta property=\"og:title\" content=\"Tarih ve Haf\u0131za Ara\u015ft\u0131rmalar\u0131 Te\u015fvik Fonu - Bati Ermenistan Ve Bati Ermenileri Sorunlari Ara\u015ftirmalar Merkezi\" \/>\n<meta property=\"og:description\" content=\"Hrant Dink Vakf\u0131 destek\u00e7ilerinden Dr. Alper \u00d6ktem\u2019in giri\u015fimi ve katk\u0131lar\u0131yla 2010 y\u0131l\u0131nda hayata ge\u00e7irilen Tarih Ara\u015ft\u0131rma Te\u015fvik Fonu, 1915\u2019teki vicdanl\u0131 davran\u0131\u015flar\u0131n ara\u015ft\u0131r\u0131lmas\u0131n\u0131, o d\u00f6nemde davran\u0131\u015flar\u0131yla insanl\u0131\u011fa \u00f6rnek olan ki\u015filerin bulunmas\u0131n\u0131, yapt\u0131klar\u0131n\u0131n g\u00fcn\u00fcm\u00fcz\u00fcn toplumuyla payla\u015f\u0131lmas\u0131n\u0131, tarihin bir ba\u015fka y\u00fcz\u00fcn\u00fcn yans\u0131t\u0131lmas\u0131na y\u00f6nelik ara\u015ft\u0131rmalar\u0131 desteklemeyi, te\u015fvik etmeyi ama\u00e7lam\u0131\u015ft\u0131. 2013 itibariyle bu fonun kapsam\u0131 geni\u015fletilmi\u015f ve ismi &#8216;Tarih ve [&hellip;]\" \/>\n<meta property=\"og:url\" content=\"https:\/\/akunq.net\/tr\/?p=27554\" \/>\n<meta property=\"og:site_name\" content=\"Bati Ermenistan Ve Bati Ermenileri Sorunlari Ara\u015ftirmalar Merkezi\" \/>\n<meta property=\"article:published_time\" content=\"2013-12-20T08:21:10+00:00\" \/>\n<meta property=\"og:image\" content=\"http:\/\/akunq.net\/tr\/wp-content\/uploads\/2013\/12\/Hrant-Dink-Vakfi.png\" \/>\n<meta name=\"author\" content=\"admin\" \/>\n<meta name=\"twitter:card\" content=\"summary_large_image\" \/>\n<meta name=\"twitter:label1\" content=\"Written by\" \/>\n\t<meta name=\"twitter:data1\" content=\"admin\" \/>\n\t<meta name=\"twitter:label2\" content=\"Est. reading time\" \/>\n\t<meta name=\"twitter:data2\" content=\"8 minutes\" \/>\n<script type=\"application\/ld+json\" class=\"yoast-schema-graph\">{\"@context\":\"https:\\\/\\\/schema.org\",\"@graph\":[{\"@type\":\"Article\",\"@id\":\"https:\\\/\\\/akunq.net\\\/tr\\\/?p=27554#article\",\"isPartOf\":{\"@id\":\"https:\\\/\\\/akunq.net\\\/tr\\\/?p=27554\"},\"author\":{\"name\":\"admin\",\"@id\":\"https:\\\/\\\/akunq.net\\\/tr\\\/#\\\/schema\\\/person\\\/096f1d38a12cce57fb855b485ed24c9e\"},\"headline\":\"Tarih ve Haf\u0131za Ara\u015ft\u0131rmalar\u0131 Te\u015fvik Fonu\",\"datePublished\":\"2013-12-20T08:21:10+00:00\",\"mainEntityOfPage\":{\"@id\":\"https:\\\/\\\/akunq.net\\\/tr\\\/?p=27554\"},\"wordCount\":1697,\"commentCount\":0,\"image\":{\"@id\":\"https:\\\/\\\/akunq.net\\\/tr\\\/?p=27554#primaryimage\"},\"thumbnailUrl\":\"http:\\\/\\\/akunq.net\\\/tr\\\/wp-content\\\/uploads\\\/2013\\\/12\\\/Hrant-Dink-Vakfi.png\",\"articleSection\":[\"Haberler\"],\"inLanguage\":\"en-US\",\"potentialAction\":[{\"@type\":\"CommentAction\",\"name\":\"Comment\",\"target\":[\"https:\\\/\\\/akunq.net\\\/tr\\\/?p=27554#respond\"]}]},{\"@type\":\"WebPage\",\"@id\":\"https:\\\/\\\/akunq.net\\\/tr\\\/?p=27554\",\"url\":\"https:\\\/\\\/akunq.net\\\/tr\\\/?p=27554\",\"name\":\"Tarih ve Haf\u0131za Ara\u015ft\u0131rmalar\u0131 Te\u015fvik Fonu - Bati Ermenistan Ve Bati Ermenileri Sorunlari Ara\u015ftirmalar Merkezi\",\"isPartOf\":{\"@id\":\"https:\\\/\\\/akunq.net\\\/tr\\\/#website\"},\"primaryImageOfPage\":{\"@id\":\"https:\\\/\\\/akunq.net\\\/tr\\\/?p=27554#primaryimage\"},\"image\":{\"@id\":\"https:\\\/\\\/akunq.net\\\/tr\\\/?p=27554#primaryimage\"},\"thumbnailUrl\":\"http:\\\/\\\/akunq.net\\\/tr\\\/wp-content\\\/uploads\\\/2013\\\/12\\\/Hrant-Dink-Vakfi.png\",\"datePublished\":\"2013-12-20T08:21:10+00:00\",\"author\":{\"@id\":\"https:\\\/\\\/akunq.net\\\/tr\\\/#\\\/schema\\\/person\\\/096f1d38a12cce57fb855b485ed24c9e\"},\"breadcrumb\":{\"@id\":\"https:\\\/\\\/akunq.net\\\/tr\\\/?p=27554#breadcrumb\"},\"inLanguage\":\"en-US\",\"potentialAction\":[{\"@type\":\"ReadAction\",\"target\":[\"https:\\\/\\\/akunq.net\\\/tr\\\/?p=27554\"]}]},{\"@type\":\"ImageObject\",\"inLanguage\":\"en-US\",\"@id\":\"https:\\\/\\\/akunq.net\\\/tr\\\/?p=27554#primaryimage\",\"url\":\"http:\\\/\\\/akunq.net\\\/tr\\\/wp-content\\\/uploads\\\/2013\\\/12\\\/Hrant-Dink-Vakfi.png\",\"contentUrl\":\"http:\\\/\\\/akunq.net\\\/tr\\\/wp-content\\\/uploads\\\/2013\\\/12\\\/Hrant-Dink-Vakfi.png\"},{\"@type\":\"BreadcrumbList\",\"@id\":\"https:\\\/\\\/akunq.net\\\/tr\\\/?p=27554#breadcrumb\",\"itemListElement\":[{\"@type\":\"ListItem\",\"position\":1,\"name\":\"Home\",\"item\":\"https:\\\/\\\/akunq.net\\\/tr\"},{\"@type\":\"ListItem\",\"position\":2,\"name\":\"Tarih ve Haf\u0131za Ara\u015ft\u0131rmalar\u0131 Te\u015fvik Fonu\"}]},{\"@type\":\"WebSite\",\"@id\":\"https:\\\/\\\/akunq.net\\\/tr\\\/#website\",\"url\":\"https:\\\/\\\/akunq.net\\\/tr\\\/\",\"name\":\"Bati Ermenistan Ve Bati Ermenileri Sorunlari Ara\u015ftirmalar Merkezi\",\"description\":\"\",\"potentialAction\":[{\"@type\":\"SearchAction\",\"target\":{\"@type\":\"EntryPoint\",\"urlTemplate\":\"https:\\\/\\\/akunq.net\\\/tr\\\/?s={search_term_string}\"},\"query-input\":{\"@type\":\"PropertyValueSpecification\",\"valueRequired\":true,\"valueName\":\"search_term_string\"}}],\"inLanguage\":\"en-US\"},{\"@type\":\"Person\",\"@id\":\"https:\\\/\\\/akunq.net\\\/tr\\\/#\\\/schema\\\/person\\\/096f1d38a12cce57fb855b485ed24c9e\",\"name\":\"admin\",\"url\":\"https:\\\/\\\/akunq.net\\\/tr\\\/?author=7\"}]}<\/script>\n<!-- \/ Yoast SEO plugin. -->","yoast_head_json":{"title":"Tarih ve Haf\u0131za Ara\u015ft\u0131rmalar\u0131 Te\u015fvik Fonu - Bati Ermenistan Ve Bati Ermenileri Sorunlari Ara\u015ftirmalar Merkezi","robots":{"index":"index","follow":"follow","max-snippet":"max-snippet:-1","max-image-preview":"max-image-preview:large","max-video-preview":"max-video-preview:-1"},"canonical":"https:\/\/akunq.net\/tr\/?p=27554","og_locale":"en_US","og_type":"article","og_title":"Tarih ve Haf\u0131za Ara\u015ft\u0131rmalar\u0131 Te\u015fvik Fonu - Bati Ermenistan Ve Bati Ermenileri Sorunlari Ara\u015ftirmalar Merkezi","og_description":"Hrant Dink Vakf\u0131 destek\u00e7ilerinden Dr. Alper \u00d6ktem\u2019in giri\u015fimi ve katk\u0131lar\u0131yla 2010 y\u0131l\u0131nda hayata ge\u00e7irilen Tarih Ara\u015ft\u0131rma Te\u015fvik Fonu, 1915\u2019teki vicdanl\u0131 davran\u0131\u015flar\u0131n ara\u015ft\u0131r\u0131lmas\u0131n\u0131, o d\u00f6nemde davran\u0131\u015flar\u0131yla insanl\u0131\u011fa \u00f6rnek olan ki\u015filerin bulunmas\u0131n\u0131, yapt\u0131klar\u0131n\u0131n g\u00fcn\u00fcm\u00fcz\u00fcn toplumuyla payla\u015f\u0131lmas\u0131n\u0131, tarihin bir ba\u015fka y\u00fcz\u00fcn\u00fcn yans\u0131t\u0131lmas\u0131na y\u00f6nelik ara\u015ft\u0131rmalar\u0131 desteklemeyi, te\u015fvik etmeyi ama\u00e7lam\u0131\u015ft\u0131. 2013 itibariyle bu fonun kapsam\u0131 geni\u015fletilmi\u015f ve ismi &#8216;Tarih ve [&hellip;]","og_url":"https:\/\/akunq.net\/tr\/?p=27554","og_site_name":"Bati Ermenistan Ve Bati Ermenileri Sorunlari Ara\u015ftirmalar Merkezi","article_published_time":"2013-12-20T08:21:10+00:00","og_image":[{"url":"http:\/\/akunq.net\/tr\/wp-content\/uploads\/2013\/12\/Hrant-Dink-Vakfi.png","type":"","width":"","height":""}],"author":"admin","twitter_card":"summary_large_image","twitter_misc":{"Written by":"admin","Est. reading time":"8 minutes"},"schema":{"@context":"https:\/\/schema.org","@graph":[{"@type":"Article","@id":"https:\/\/akunq.net\/tr\/?p=27554#article","isPartOf":{"@id":"https:\/\/akunq.net\/tr\/?p=27554"},"author":{"name":"admin","@id":"https:\/\/akunq.net\/tr\/#\/schema\/person\/096f1d38a12cce57fb855b485ed24c9e"},"headline":"Tarih ve Haf\u0131za Ara\u015ft\u0131rmalar\u0131 Te\u015fvik Fonu","datePublished":"2013-12-20T08:21:10+00:00","mainEntityOfPage":{"@id":"https:\/\/akunq.net\/tr\/?p=27554"},"wordCount":1697,"commentCount":0,"image":{"@id":"https:\/\/akunq.net\/tr\/?p=27554#primaryimage"},"thumbnailUrl":"http:\/\/akunq.net\/tr\/wp-content\/uploads\/2013\/12\/Hrant-Dink-Vakfi.png","articleSection":["Haberler"],"inLanguage":"en-US","potentialAction":[{"@type":"CommentAction","name":"Comment","target":["https:\/\/akunq.net\/tr\/?p=27554#respond"]}]},{"@type":"WebPage","@id":"https:\/\/akunq.net\/tr\/?p=27554","url":"https:\/\/akunq.net\/tr\/?p=27554","name":"Tarih ve Haf\u0131za Ara\u015ft\u0131rmalar\u0131 Te\u015fvik Fonu - Bati Ermenistan Ve Bati Ermenileri Sorunlari Ara\u015ftirmalar Merkezi","isPartOf":{"@id":"https:\/\/akunq.net\/tr\/#website"},"primaryImageOfPage":{"@id":"https:\/\/akunq.net\/tr\/?p=27554#primaryimage"},"image":{"@id":"https:\/\/akunq.net\/tr\/?p=27554#primaryimage"},"thumbnailUrl":"http:\/\/akunq.net\/tr\/wp-content\/uploads\/2013\/12\/Hrant-Dink-Vakfi.png","datePublished":"2013-12-20T08:21:10+00:00","author":{"@id":"https:\/\/akunq.net\/tr\/#\/schema\/person\/096f1d38a12cce57fb855b485ed24c9e"},"breadcrumb":{"@id":"https:\/\/akunq.net\/tr\/?p=27554#breadcrumb"},"inLanguage":"en-US","potentialAction":[{"@type":"ReadAction","target":["https:\/\/akunq.net\/tr\/?p=27554"]}]},{"@type":"ImageObject","inLanguage":"en-US","@id":"https:\/\/akunq.net\/tr\/?p=27554#primaryimage","url":"http:\/\/akunq.net\/tr\/wp-content\/uploads\/2013\/12\/Hrant-Dink-Vakfi.png","contentUrl":"http:\/\/akunq.net\/tr\/wp-content\/uploads\/2013\/12\/Hrant-Dink-Vakfi.png"},{"@type":"BreadcrumbList","@id":"https:\/\/akunq.net\/tr\/?p=27554#breadcrumb","itemListElement":[{"@type":"ListItem","position":1,"name":"Home","item":"https:\/\/akunq.net\/tr"},{"@type":"ListItem","position":2,"name":"Tarih ve Haf\u0131za Ara\u015ft\u0131rmalar\u0131 Te\u015fvik Fonu"}]},{"@type":"WebSite","@id":"https:\/\/akunq.net\/tr\/#website","url":"https:\/\/akunq.net\/tr\/","name":"Bati Ermenistan Ve Bati Ermenileri Sorunlari Ara\u015ftirmalar Merkezi","description":"","potentialAction":[{"@type":"SearchAction","target":{"@type":"EntryPoint","urlTemplate":"https:\/\/akunq.net\/tr\/?s={search_term_string}"},"query-input":{"@type":"PropertyValueSpecification","valueRequired":true,"valueName":"search_term_string"}}],"inLanguage":"en-US"},{"@type":"Person","@id":"https:\/\/akunq.net\/tr\/#\/schema\/person\/096f1d38a12cce57fb855b485ed24c9e","name":"admin","url":"https:\/\/akunq.net\/tr\/?author=7"}]}},"_links":{"self":[{"href":"https:\/\/akunq.net\/tr\/index.php?rest_route=\/wp\/v2\/posts\/27554","targetHints":{"allow":["GET"]}}],"collection":[{"href":"https:\/\/akunq.net\/tr\/index.php?rest_route=\/wp\/v2\/posts"}],"about":[{"href":"https:\/\/akunq.net\/tr\/index.php?rest_route=\/wp\/v2\/types\/post"}],"author":[{"embeddable":true,"href":"https:\/\/akunq.net\/tr\/index.php?rest_route=\/wp\/v2\/users\/7"}],"replies":[{"embeddable":true,"href":"https:\/\/akunq.net\/tr\/index.php?rest_route=%2Fwp%2Fv2%2Fcomments&post=27554"}],"version-history":[{"count":1,"href":"https:\/\/akunq.net\/tr\/index.php?rest_route=\/wp\/v2\/posts\/27554\/revisions"}],"predecessor-version":[{"id":27556,"href":"https:\/\/akunq.net\/tr\/index.php?rest_route=\/wp\/v2\/posts\/27554\/revisions\/27556"}],"wp:attachment":[{"href":"https:\/\/akunq.net\/tr\/index.php?rest_route=%2Fwp%2Fv2%2Fmedia&parent=27554"}],"wp:term":[{"taxonomy":"category","embeddable":true,"href":"https:\/\/akunq.net\/tr\/index.php?rest_route=%2Fwp%2Fv2%2Fcategories&post=27554"},{"taxonomy":"post_tag","embeddable":true,"href":"https:\/\/akunq.net\/tr\/index.php?rest_route=%2Fwp%2Fv2%2Ftags&post=27554"}],"curies":[{"name":"wp","href":"https:\/\/api.w.org\/{rel}","templated":true}]}}