{"id":27548,"date":"2013-12-20T03:00:01","date_gmt":"2013-12-20T08:00:01","guid":{"rendered":"http:\/\/akunq.net\/tr\/?p=27548"},"modified":"2013-12-20T03:00:01","modified_gmt":"2013-12-20T08:00:01","slug":"disisleri-bakaninin-perincek-celiskisi","status":"publish","type":"post","link":"https:\/\/akunq.net\/tr\/?p=27548","title":{"rendered":"D\u0131\u015fi\u015fleri Bakan\u0131&#8217;n\u0131n Perin\u00e7ek \u00e7eli\u015fkisi"},"content":{"rendered":"<p style=\"text-align: justify;\"><em><strong><a href=\"http:\/\/akunq.net\/tr\/wp-content\/uploads\/2013\/12\/Perin\u00e7ek.jpg\"><img loading=\"lazy\" decoding=\"async\" class=\"alignright size-full wp-image-27549\" alt=\"Perin\u00e7ek\" src=\"http:\/\/akunq.net\/tr\/wp-content\/uploads\/2013\/12\/Perin\u00e7ek.jpg\" width=\"250\" height=\"175\" \/><\/a>\u0130\u015f\u00e7i Partisi lideri Do\u011fu Perin\u00e7ek&#8217;in \u0130svi\u00e7re&#8217;de soyk\u0131r\u0131m\u0131 inkar nedeniyle ceza ald\u0131\u011f\u0131 davada A\u0130HM&#8217;yi mahkum ettirince D\u0131\u015fi\u015fleri Bakanl\u0131\u011f\u0131 olay\u0131 zafer olarak yorumlad\u0131. Bakanl\u0131\u011f\u0131n resmi sitesinden &#8220;Demokratik toplumlar\u0131n yap\u0131ta\u015f\u0131 olan ifade \u00f6zg\u00fcrl\u00fc\u011f\u00fcn\u00fcn teminat alt\u0131nda oldu\u011funun Avrupa ba\u011flam\u0131nda teyidi, hukukun \u00fcst\u00fcnl\u00fc\u011f\u00fc a\u00e7\u0131s\u0131ndan bir zafer te\u015fkil etmektedir&#8221; yorumunun yap\u0131ld\u0131\u011f\u0131 karar Perin\u00e7ek&#8217;in Ergenekon davas\u0131nda siyasi faaliyeti nedeniyle m\u00fcebbet hapis cezas\u0131 almas\u0131yla \u00e7eli\u015fki olu\u015fturdu.<\/strong><\/em><br \/>\n<em><strong>\u0130\u015fte D\u0131\u015fi\u015fleri Bakanl\u0131\u011f\u0131&#8217;n\u0131n sitesinde yay\u0131nlanan o a\u00e7\u0131klama:<\/strong><\/em><br \/>\n<em>No: 336, 18 Aral\u0131k 2013, A\u0130HM\u2019in \u0130svi\u00e7re Aleyhine \u201c\u0130fade \u00d6zg\u00fcrl\u00fc\u011f\u00fc\u201dne \u0130li\u015fkin Vermi\u015f Oldu\u011fu 17 Aral\u0131k 2013 Tarihli Karar\u0131 Hk.<\/em><br \/>\nAvrupa \u0130nsan Haklar\u0131 Mahkemesi\u2019nce (A\u0130HM) d\u00fcn (17 Aral\u0131k) a\u00e7\u0131klanan \u201cPerin\u00e7ek-\u0130svi\u00e7re\u201d davas\u0131na ili\u015fkin kararla, \u0130svi\u00e7re Mahkemelerince ad\u0131ge\u00e7enin \u201c1915 olaylar\u0131n\u0131n soyk\u0131r\u0131m olarak yorumlanamayaca\u011f\u0131\u201d y\u00f6n\u00fcndeki beyanlar\u0131 y\u00fcz\u00fcnden mahk\u00fbm edilmesinin, Avrupa \u0130nsan Haklar\u0131 S\u00f6zle\u015fmesi\u2019nin \u201cifade \u00f6zg\u00fcrl\u00fc\u011f\u00fc\u201dn\u00fc d\u00fczenleyen 10. maddesinin ihlalini te\u015fkil etti\u011fi h\u00fckme ba\u011flanm\u0131\u015ft\u0131r.<br \/>\nHat\u0131rlanaca\u011f\u0131 \u00fczere, \u0130svi\u00e7re-Ermenistan Derne\u011fi\u2019nin \u015fik\u00e2yeti \u00fczerine a\u00e7\u0131lan davada \u0130svi\u00e7re Ceza Kanunu\u2019nun \u201c\u0131rk\u00e7\u0131l\u0131kla m\u00fccadele\u201dye ili\u015fkin maddesi \u00e7er\u00e7evesinde \u201csoyk\u0131r\u0131m\u0131 ink\u00e2r\u201d gerek\u00e7esiyle mahk\u00fbmiyet karar\u0131 verilmi\u015fti.<br \/>\nA\u0130HM\u2019nin bug\u00fcnk\u00fc karar\u0131; \u201c\u00f6zg\u00fcr, demokratik ve hukukun \u00fcst\u00fcnl\u00fc\u011f\u00fc ilkesine ba\u011fl\u0131 toplumlar\u0131n temel unsuru olan ifade \u00f6zg\u00fcrl\u00fc\u011f\u00fcn\u00fcn korunmas\u0131\u201d bak\u0131m\u0131ndan bir milat te\u015fkil etmektedir.<br \/>\nA\u0130HM karar\u0131n\u0131n, gerek tarihin ve hukukun siyasile\u015ftirilmesine gerek tarihe tek tarafl\u0131 bak\u0131\u015f\u0131n hukuk yoluyla tescil ettirilmeye \u00e7al\u0131\u015f\u0131lmas\u0131na y\u00f6nelik giri\u015fimlere kar\u015f\u0131 \u00f6nemli bir uyar\u0131 oldu\u011fu a\u015fik\u00e2rd\u0131r.<br \/>\n\u00dclkemizi her bak\u0131mdan yak\u0131ndan ilgilendiren bu davaya Devletimizce de m\u00fcdahil olunmu\u015f ve bu \u00e7er\u00e7evede A\u0130HM\u2019e g\u00f6r\u00fc\u015f verilmi\u015ftir.<br \/>\nA\u0130HM\u2019in, \u201csoyk\u0131r\u0131m\u0131n\u201d son derece kesin tan\u0131mlanm\u0131\u015f ve ispat \u015fartlar\u0131 tespit edilmi\u015f bir su\u00e7 oldu\u011funu uluslararas\u0131 mahkeme i\u00e7tihatlar\u0131na at\u0131fla ortaya koymas\u0131 ve bu ba\u011flamda me\u015fru bir tart\u0131\u015fma konusu olan \u201c1915 olaylar\u0131n\u0131n\u201d tarihsel ve hukuki olarak Holokost\u2019tan farkl\u0131 oldu\u011funun alt\u0131n\u0131 kal\u0131n \u00e7izgilerle \u00e7izmesi, \u00f6nemli bir tespittir.<br \/>\nA\u0130HM\u2019in \u201csoyk\u0131r\u0131m\u0131n\u201d hukuki nitelendirmesi konusunda beyanda bulunmad\u0131\u011f\u0131n\u0131 da kaydetti\u011fi karar, \u201csoyk\u0131r\u0131m\u201d ifadesinin ciddi bir hukuki boyutu oldu\u011funu g\u00f6rmezden gelen g\u00f6r\u00fc\u015flerin yanl\u0131\u015fl\u0131\u011f\u0131n\u0131 da vurgulamaktad\u0131r.<br \/>\nAvrupa\u2019n\u0131n insan haklar\u0131 konusunda en yetkin yarg\u0131 makam\u0131 taraf\u0131ndan verilen bu karar, T\u00fcrk tarihini tahrife ve Ermeni iddialar\u0131n\u0131 \u201cger\u00e7ek\u201d olarak kabul ederek sorgulanmas\u0131n\u0131 engellemeye y\u00f6nelik \u00f6zellikle Avrupa\u2019da s\u00fcregelen \u201cink\u00e2rc\u0131l\u0131k\u201d yasama faaliyetlerine gerekli cevab\u0131 da vermektedir. \u00dcmit ederiz ki bundan sonra insan haklar\u0131na ve hukukun \u00fcst\u00fcnl\u00fc\u011f\u00fcne ayk\u0131r\u0131 bu t\u00fcr giri\u015fimler son bulur.<br \/>\nB\u00f6ylelikle, demokratik toplumlar\u0131n yap\u0131ta\u015f\u0131 olan ifade \u00f6zg\u00fcrl\u00fc\u011f\u00fcn\u00fcn teminat alt\u0131nda oldu\u011funun Avrupa ba\u011flam\u0131nda teyidi, hukukun \u00fcst\u00fcnl\u00fc\u011f\u00fc a\u00e7\u0131s\u0131ndan bir zafer te\u015fkil etmektedir.<br \/>\nT\u00fcrklerle Ermenilerin ortak tarihlerine bak\u0131\u015flar\u0131 farkl\u0131 olsa da, taraflar\u0131n birbirleriyle diyalog i\u00e7inde; konuyu bilimsel bir zeminde, adil ve a\u00e7\u0131k g\u00f6r\u00fc\u015fl\u00fcl\u00fckle tart\u0131\u015fmalar\u0131 \u00f6nem ta\u015f\u0131maktad\u0131r. T\u00fcrkiye bu konuda \u00fcst\u00fcne d\u00fc\u015feni yapmaya haz\u0131rd\u0131r.<\/p>\n<p style=\"text-align: justify;\"><em><strong>http:\/\/www.odatv.com\/n.php?n=disisleri-bakaninin-perincek-celiskisi&#8211;1912131200<\/strong><\/em><\/p>\n","protected":false},"excerpt":{"rendered":"<p>\u0130\u015f\u00e7i Partisi lideri Do\u011fu Perin\u00e7ek&#8217;in \u0130svi\u00e7re&#8217;de soyk\u0131r\u0131m\u0131 inkar nedeniyle ceza ald\u0131\u011f\u0131 davada A\u0130HM&#8217;yi mahkum ettirince D\u0131\u015fi\u015fleri Bakanl\u0131\u011f\u0131 olay\u0131 zafer olarak yorumlad\u0131. Bakanl\u0131\u011f\u0131n resmi sitesinden &#8220;Demokratik toplumlar\u0131n yap\u0131ta\u015f\u0131 olan ifade \u00f6zg\u00fcrl\u00fc\u011f\u00fcn\u00fcn teminat alt\u0131nda oldu\u011funun Avrupa ba\u011flam\u0131nda teyidi, hukukun \u00fcst\u00fcnl\u00fc\u011f\u00fc a\u00e7\u0131s\u0131ndan bir zafer te\u015fkil etmektedir&#8221; yorumunun yap\u0131ld\u0131\u011f\u0131 karar Perin\u00e7ek&#8217;in Ergenekon davas\u0131nda siyasi faaliyeti nedeniyle m\u00fcebbet hapis cezas\u0131 [&hellip;]<\/p>\n","protected":false},"author":7,"featured_media":0,"comment_status":"open","ping_status":"open","sticky":false,"template":"","format":"standard","meta":{"footnotes":""},"categories":[1],"tags":[],"class_list":["post-27548","post","type-post","status-publish","format-standard","hentry","category-haberler"],"yoast_head":"<!-- This site is optimized with the Yoast SEO plugin v27.4 - https:\/\/yoast.com\/product\/yoast-seo-wordpress\/ -->\n<title>D\u0131\u015fi\u015fleri Bakan\u0131&#039;n\u0131n Perin\u00e7ek \u00e7eli\u015fkisi - Bati Ermenistan Ve Bati Ermenileri Sorunlari Ara\u015ftirmalar Merkezi<\/title>\n<meta name=\"robots\" content=\"index, follow, max-snippet:-1, max-image-preview:large, max-video-preview:-1\" \/>\n<link rel=\"canonical\" href=\"https:\/\/akunq.net\/tr\/?p=27548\" \/>\n<meta property=\"og:locale\" content=\"en_US\" \/>\n<meta property=\"og:type\" content=\"article\" \/>\n<meta property=\"og:title\" content=\"D\u0131\u015fi\u015fleri Bakan\u0131&#039;n\u0131n Perin\u00e7ek \u00e7eli\u015fkisi - Bati Ermenistan Ve Bati Ermenileri Sorunlari Ara\u015ftirmalar Merkezi\" \/>\n<meta property=\"og:description\" content=\"\u0130\u015f\u00e7i Partisi lideri Do\u011fu Perin\u00e7ek&#8217;in \u0130svi\u00e7re&#8217;de soyk\u0131r\u0131m\u0131 inkar nedeniyle ceza ald\u0131\u011f\u0131 davada A\u0130HM&#8217;yi mahkum ettirince D\u0131\u015fi\u015fleri Bakanl\u0131\u011f\u0131 olay\u0131 zafer olarak yorumlad\u0131. Bakanl\u0131\u011f\u0131n resmi sitesinden &#8220;Demokratik toplumlar\u0131n yap\u0131ta\u015f\u0131 olan ifade \u00f6zg\u00fcrl\u00fc\u011f\u00fcn\u00fcn teminat alt\u0131nda oldu\u011funun Avrupa ba\u011flam\u0131nda teyidi, hukukun \u00fcst\u00fcnl\u00fc\u011f\u00fc a\u00e7\u0131s\u0131ndan bir zafer te\u015fkil etmektedir&#8221; yorumunun yap\u0131ld\u0131\u011f\u0131 karar Perin\u00e7ek&#8217;in Ergenekon davas\u0131nda siyasi faaliyeti nedeniyle m\u00fcebbet hapis cezas\u0131 [&hellip;]\" \/>\n<meta property=\"og:url\" content=\"https:\/\/akunq.net\/tr\/?p=27548\" \/>\n<meta property=\"og:site_name\" content=\"Bati Ermenistan Ve Bati Ermenileri Sorunlari Ara\u015ftirmalar Merkezi\" \/>\n<meta property=\"article:published_time\" content=\"2013-12-20T08:00:01+00:00\" \/>\n<meta name=\"author\" content=\"admin\" \/>\n<meta name=\"twitter:card\" content=\"summary_large_image\" \/>\n<meta name=\"twitter:label1\" content=\"Written by\" \/>\n\t<meta name=\"twitter:data1\" content=\"admin\" \/>\n\t<meta name=\"twitter:label2\" content=\"Est. reading time\" \/>\n\t<meta name=\"twitter:data2\" content=\"3 minutes\" \/>\n<script type=\"application\/ld+json\" class=\"yoast-schema-graph\">{\"@context\":\"https:\\\/\\\/schema.org\",\"@graph\":[{\"@type\":\"Article\",\"@id\":\"https:\\\/\\\/akunq.net\\\/tr\\\/?p=27548#article\",\"isPartOf\":{\"@id\":\"https:\\\/\\\/akunq.net\\\/tr\\\/?p=27548\"},\"author\":{\"name\":\"admin\",\"@id\":\"https:\\\/\\\/akunq.net\\\/tr\\\/#\\\/schema\\\/person\\\/096f1d38a12cce57fb855b485ed24c9e\"},\"headline\":\"D\u0131\u015fi\u015fleri Bakan\u0131&#8217;n\u0131n Perin\u00e7ek \u00e7eli\u015fkisi\",\"datePublished\":\"2013-12-20T08:00:01+00:00\",\"mainEntityOfPage\":{\"@id\":\"https:\\\/\\\/akunq.net\\\/tr\\\/?p=27548\"},\"wordCount\":604,\"commentCount\":0,\"articleSection\":[\"Haberler\"],\"inLanguage\":\"en-US\",\"potentialAction\":[{\"@type\":\"CommentAction\",\"name\":\"Comment\",\"target\":[\"https:\\\/\\\/akunq.net\\\/tr\\\/?p=27548#respond\"]}]},{\"@type\":\"WebPage\",\"@id\":\"https:\\\/\\\/akunq.net\\\/tr\\\/?p=27548\",\"url\":\"https:\\\/\\\/akunq.net\\\/tr\\\/?p=27548\",\"name\":\"D\u0131\u015fi\u015fleri Bakan\u0131'n\u0131n Perin\u00e7ek \u00e7eli\u015fkisi - Bati Ermenistan Ve Bati Ermenileri Sorunlari Ara\u015ftirmalar Merkezi\",\"isPartOf\":{\"@id\":\"https:\\\/\\\/akunq.net\\\/tr\\\/#website\"},\"datePublished\":\"2013-12-20T08:00:01+00:00\",\"author\":{\"@id\":\"https:\\\/\\\/akunq.net\\\/tr\\\/#\\\/schema\\\/person\\\/096f1d38a12cce57fb855b485ed24c9e\"},\"breadcrumb\":{\"@id\":\"https:\\\/\\\/akunq.net\\\/tr\\\/?p=27548#breadcrumb\"},\"inLanguage\":\"en-US\",\"potentialAction\":[{\"@type\":\"ReadAction\",\"target\":[\"https:\\\/\\\/akunq.net\\\/tr\\\/?p=27548\"]}]},{\"@type\":\"BreadcrumbList\",\"@id\":\"https:\\\/\\\/akunq.net\\\/tr\\\/?p=27548#breadcrumb\",\"itemListElement\":[{\"@type\":\"ListItem\",\"position\":1,\"name\":\"Home\",\"item\":\"https:\\\/\\\/akunq.net\\\/tr\"},{\"@type\":\"ListItem\",\"position\":2,\"name\":\"D\u0131\u015fi\u015fleri Bakan\u0131&#8217;n\u0131n Perin\u00e7ek \u00e7eli\u015fkisi\"}]},{\"@type\":\"WebSite\",\"@id\":\"https:\\\/\\\/akunq.net\\\/tr\\\/#website\",\"url\":\"https:\\\/\\\/akunq.net\\\/tr\\\/\",\"name\":\"Bati Ermenistan Ve Bati Ermenileri Sorunlari Ara\u015ftirmalar Merkezi\",\"description\":\"\",\"potentialAction\":[{\"@type\":\"SearchAction\",\"target\":{\"@type\":\"EntryPoint\",\"urlTemplate\":\"https:\\\/\\\/akunq.net\\\/tr\\\/?s={search_term_string}\"},\"query-input\":{\"@type\":\"PropertyValueSpecification\",\"valueRequired\":true,\"valueName\":\"search_term_string\"}}],\"inLanguage\":\"en-US\"},{\"@type\":\"Person\",\"@id\":\"https:\\\/\\\/akunq.net\\\/tr\\\/#\\\/schema\\\/person\\\/096f1d38a12cce57fb855b485ed24c9e\",\"name\":\"admin\",\"url\":\"https:\\\/\\\/akunq.net\\\/tr\\\/?author=7\"}]}<\/script>\n<!-- \/ Yoast SEO plugin. -->","yoast_head_json":{"title":"D\u0131\u015fi\u015fleri Bakan\u0131'n\u0131n Perin\u00e7ek \u00e7eli\u015fkisi - Bati Ermenistan Ve Bati Ermenileri Sorunlari Ara\u015ftirmalar Merkezi","robots":{"index":"index","follow":"follow","max-snippet":"max-snippet:-1","max-image-preview":"max-image-preview:large","max-video-preview":"max-video-preview:-1"},"canonical":"https:\/\/akunq.net\/tr\/?p=27548","og_locale":"en_US","og_type":"article","og_title":"D\u0131\u015fi\u015fleri Bakan\u0131'n\u0131n Perin\u00e7ek \u00e7eli\u015fkisi - Bati Ermenistan Ve Bati Ermenileri Sorunlari Ara\u015ftirmalar Merkezi","og_description":"\u0130\u015f\u00e7i Partisi lideri Do\u011fu Perin\u00e7ek&#8217;in \u0130svi\u00e7re&#8217;de soyk\u0131r\u0131m\u0131 inkar nedeniyle ceza ald\u0131\u011f\u0131 davada A\u0130HM&#8217;yi mahkum ettirince D\u0131\u015fi\u015fleri Bakanl\u0131\u011f\u0131 olay\u0131 zafer olarak yorumlad\u0131. Bakanl\u0131\u011f\u0131n resmi sitesinden &#8220;Demokratik toplumlar\u0131n yap\u0131ta\u015f\u0131 olan ifade \u00f6zg\u00fcrl\u00fc\u011f\u00fcn\u00fcn teminat alt\u0131nda oldu\u011funun Avrupa ba\u011flam\u0131nda teyidi, hukukun \u00fcst\u00fcnl\u00fc\u011f\u00fc a\u00e7\u0131s\u0131ndan bir zafer te\u015fkil etmektedir&#8221; yorumunun yap\u0131ld\u0131\u011f\u0131 karar Perin\u00e7ek&#8217;in Ergenekon davas\u0131nda siyasi faaliyeti nedeniyle m\u00fcebbet hapis cezas\u0131 [&hellip;]","og_url":"https:\/\/akunq.net\/tr\/?p=27548","og_site_name":"Bati Ermenistan Ve Bati Ermenileri Sorunlari Ara\u015ftirmalar Merkezi","article_published_time":"2013-12-20T08:00:01+00:00","author":"admin","twitter_card":"summary_large_image","twitter_misc":{"Written by":"admin","Est. reading time":"3 minutes"},"schema":{"@context":"https:\/\/schema.org","@graph":[{"@type":"Article","@id":"https:\/\/akunq.net\/tr\/?p=27548#article","isPartOf":{"@id":"https:\/\/akunq.net\/tr\/?p=27548"},"author":{"name":"admin","@id":"https:\/\/akunq.net\/tr\/#\/schema\/person\/096f1d38a12cce57fb855b485ed24c9e"},"headline":"D\u0131\u015fi\u015fleri Bakan\u0131&#8217;n\u0131n Perin\u00e7ek \u00e7eli\u015fkisi","datePublished":"2013-12-20T08:00:01+00:00","mainEntityOfPage":{"@id":"https:\/\/akunq.net\/tr\/?p=27548"},"wordCount":604,"commentCount":0,"articleSection":["Haberler"],"inLanguage":"en-US","potentialAction":[{"@type":"CommentAction","name":"Comment","target":["https:\/\/akunq.net\/tr\/?p=27548#respond"]}]},{"@type":"WebPage","@id":"https:\/\/akunq.net\/tr\/?p=27548","url":"https:\/\/akunq.net\/tr\/?p=27548","name":"D\u0131\u015fi\u015fleri Bakan\u0131'n\u0131n Perin\u00e7ek \u00e7eli\u015fkisi - Bati Ermenistan Ve Bati Ermenileri Sorunlari Ara\u015ftirmalar Merkezi","isPartOf":{"@id":"https:\/\/akunq.net\/tr\/#website"},"datePublished":"2013-12-20T08:00:01+00:00","author":{"@id":"https:\/\/akunq.net\/tr\/#\/schema\/person\/096f1d38a12cce57fb855b485ed24c9e"},"breadcrumb":{"@id":"https:\/\/akunq.net\/tr\/?p=27548#breadcrumb"},"inLanguage":"en-US","potentialAction":[{"@type":"ReadAction","target":["https:\/\/akunq.net\/tr\/?p=27548"]}]},{"@type":"BreadcrumbList","@id":"https:\/\/akunq.net\/tr\/?p=27548#breadcrumb","itemListElement":[{"@type":"ListItem","position":1,"name":"Home","item":"https:\/\/akunq.net\/tr"},{"@type":"ListItem","position":2,"name":"D\u0131\u015fi\u015fleri Bakan\u0131&#8217;n\u0131n Perin\u00e7ek \u00e7eli\u015fkisi"}]},{"@type":"WebSite","@id":"https:\/\/akunq.net\/tr\/#website","url":"https:\/\/akunq.net\/tr\/","name":"Bati Ermenistan Ve Bati Ermenileri Sorunlari Ara\u015ftirmalar Merkezi","description":"","potentialAction":[{"@type":"SearchAction","target":{"@type":"EntryPoint","urlTemplate":"https:\/\/akunq.net\/tr\/?s={search_term_string}"},"query-input":{"@type":"PropertyValueSpecification","valueRequired":true,"valueName":"search_term_string"}}],"inLanguage":"en-US"},{"@type":"Person","@id":"https:\/\/akunq.net\/tr\/#\/schema\/person\/096f1d38a12cce57fb855b485ed24c9e","name":"admin","url":"https:\/\/akunq.net\/tr\/?author=7"}]}},"_links":{"self":[{"href":"https:\/\/akunq.net\/tr\/index.php?rest_route=\/wp\/v2\/posts\/27548","targetHints":{"allow":["GET"]}}],"collection":[{"href":"https:\/\/akunq.net\/tr\/index.php?rest_route=\/wp\/v2\/posts"}],"about":[{"href":"https:\/\/akunq.net\/tr\/index.php?rest_route=\/wp\/v2\/types\/post"}],"author":[{"embeddable":true,"href":"https:\/\/akunq.net\/tr\/index.php?rest_route=\/wp\/v2\/users\/7"}],"replies":[{"embeddable":true,"href":"https:\/\/akunq.net\/tr\/index.php?rest_route=%2Fwp%2Fv2%2Fcomments&post=27548"}],"version-history":[{"count":1,"href":"https:\/\/akunq.net\/tr\/index.php?rest_route=\/wp\/v2\/posts\/27548\/revisions"}],"predecessor-version":[{"id":27550,"href":"https:\/\/akunq.net\/tr\/index.php?rest_route=\/wp\/v2\/posts\/27548\/revisions\/27550"}],"wp:attachment":[{"href":"https:\/\/akunq.net\/tr\/index.php?rest_route=%2Fwp%2Fv2%2Fmedia&parent=27548"}],"wp:term":[{"taxonomy":"category","embeddable":true,"href":"https:\/\/akunq.net\/tr\/index.php?rest_route=%2Fwp%2Fv2%2Fcategories&post=27548"},{"taxonomy":"post_tag","embeddable":true,"href":"https:\/\/akunq.net\/tr\/index.php?rest_route=%2Fwp%2Fv2%2Ftags&post=27548"}],"curies":[{"name":"wp","href":"https:\/\/api.w.org\/{rel}","templated":true}]}}