{"id":27538,"date":"2013-12-20T02:09:42","date_gmt":"2013-12-20T07:09:42","guid":{"rendered":"http:\/\/akunq.net\/tr\/?p=27538"},"modified":"2013-12-20T02:10:09","modified_gmt":"2013-12-20T07:10:09","slug":"basbakan-erdogan-meydan-okudu","status":"publish","type":"post","link":"https:\/\/akunq.net\/tr\/?p=27538","title":{"rendered":"Ba\u015fbakan Erdo\u011fan meydan okudu"},"content":{"rendered":"<p style=\"text-align: justify;\"><b><i><a href=\"http:\/\/akunq.net\/tr\/wp-content\/uploads\/2013\/12\/Erdo\u011fan1.jpg\"><img loading=\"lazy\" decoding=\"async\" class=\"alignright size-full wp-image-27539\" alt=\"Erdo\u011fan\" src=\"http:\/\/akunq.net\/tr\/wp-content\/uploads\/2013\/12\/Erdo\u011fan1.jpg\" width=\"200\" height=\"200\" srcset=\"https:\/\/akunq.net\/tr\/wp-content\/uploads\/sites\/6\/2013\/12\/Erdo\u011fan1.jpg 200w, https:\/\/akunq.net\/tr\/wp-content\/uploads\/sites\/6\/2013\/12\/Erdo\u011fan1-150x150.jpg 150w\" sizes=\"auto, (max-width: 200px) 100vw, 200px\" \/><\/a>Ba\u015fbakan Erdo\u011fan, Konya d\u00fczenlenen toplu a\u00e7\u0131l\u0131\u015f t\u00f6reninde sand\u0131k vurgusu yaparak &#8220;Kimin ne hesab\u0131 varsa, kendilerine g\u00fcveniyorlarsa 30 Mart&#8217;ta se\u00e7im var, o se\u00e7ime girsinler hesab\u0131 orada milletle g\u00f6r\u00fc\u015fs\u00fcnler&#8221; dedi.<\/i><\/b><\/p>\n<p style=\"text-align: justify;\">Ba\u015fbakan Recep Tayyip Erdo\u011fan, &#8220;Kimin ne hesab\u0131 varsa, kendilerine g\u00fcveniyorlarsa 30 Mart&#8217;ta se\u00e7im var, o se\u00e7ime girsinler hesab\u0131 orada milletle g\u00f6r\u00fc\u015fs\u00fcnler. Hesab\u0131n\u0131 sand\u0131k d\u0131\u015f\u0131nda g\u00f6rmek isteyenlere ne millet ne de biz m\u00fcsaade etmeyiz, g\u00f6z yummay\u0131z. T\u00fcrkiye bir muz cumhuriyeti de\u011fildir. T\u00fcrkiye, milletin \u00e7i\u011fnenece\u011fi, milletin kararlar\u0131n\u0131n yok say\u0131laca\u011f\u0131 3. s\u0131n\u0131f bir kabile devleti de\u011fildir. \u0130\u00e7eriden ya da d\u0131\u015far\u0131dan hi\u00e7 kimse benim \u00fclkemi kar\u0131\u015ft\u0131ramaz, benim \u00fclkemde \u00e7irkin tuzaklar kuramaz&#8221; dedi.<\/p>\n<p style=\"text-align: justify;\">Ba\u015fbakan Erdo\u011fan, Konya B\u00fcy\u00fck\u015fehir Belediyesi Spor ve Kongre Merkezi&#8217;nde d\u00fczenlenen toplu a\u00e7\u0131l\u0131\u015f t\u00f6reninde konu\u015ftu.<\/p>\n<p style=\"text-align: justify;\">Konu\u015fmas\u0131na, vefat\u0131n\u0131n 740. y\u0131l\u0131nda Konyal\u0131 b\u00fcy\u00fck alim, g\u00f6n\u00fcl insan\u0131, b\u00fcy\u00fck m\u00fctefekkir Mevlana Celaleddini Rumi&#8217;yi rahmet ve minnetle anarak ba\u015flayan Erdo\u011fan, Ankara G\u00f6lba\u015f\u0131&#8217;nda meydana gelen helikopter kazas\u0131nda \u015fehit olan 4 askeri personele Allah&#8217;tan rahmet, yak\u0131nlar\u0131na, T\u00fcrk Silahl\u0131 Kuvvetlerine ve millete ba\u015fsa\u011fl\u0131\u011f\u0131 diledi.<\/p>\n<p style=\"text-align: justify;\">Bir kez daha Konya&#8217;da Hz. Mevlana&#8217;y\u0131 yadetmek i\u00e7in bir araya geldiklerini belirten Erdo\u011fan, ak\u015fam \u015eeb-i Arus t\u00f6reninde T\u00fcrkiye ve d\u00fcnyadan gelen Mevlana dostlar\u0131yla Hz. Mevlana&#8217;y\u0131 bir kez daha hat\u0131rlayacak, onun yollar\u0131na \u0131\u015f\u0131k tutan \u00f6\u011f\u00fctleriyle bir kez daha g\u00f6n\u00fcllerini tazeleyeceklerini s\u00f6yledi.<\/p>\n<p style=\"text-align: justify;\">Erdo\u011fan, &#8220;Rabbim Anadolu ve Trakya topraklar\u0131n\u0131 sevgi mayas\u0131yla yo\u011furmu\u015f Hz. Mevlana&#8217;dan raz\u0131 olsun. Her biri Konyal\u0131 olan, her biri Konya&#8217;n\u0131n havas\u0131n\u0131 teneff\u00fcs etmi\u015f olan \u015eemsi Tebrizi&#8217;den, Sadreddin Konevi&#8217;den, Muhyiddin \u0130bn Arabi&#8217;den, Sultan Veled&#8217;den Allah raz\u0131 olsun. B\u00fcy\u00fck Sel\u00e7uklu Sultanlar\u0131 Alaeddin Keykubat&#8217;a, K\u0131l\u0131\u00e7arslanlara, Celaleddin Karatay&#8217;a, Konya&#8217;n\u0131n nice kahraman\u0131na, \u015fehit ve gazilerine Rabbim&#8217;den rahmet niyaz ediyor, Allah onlardan da raz\u0131 olsun diyorum&#8221; ifadesini kulland\u0131.<\/p>\n<p style=\"text-align: justify;\">Tahir B\u00fcy\u00fckk\u00f6r\u00fck\u00e7\u00fc ve Necmettin Erbakan&#8217;a da Allah&#8217;tan rahmet dileyen Erdo\u011fan, &#8220;Allah onlardan raz\u0131 olsun, mekanlar\u0131 in\u015fallah cennet olsun&#8221; dedi.<\/p>\n<p style=\"text-align: justify;\"><b>&#8220;DESTE\u011e\u0130N\u0130 HER ZAMAN Y\u00dcRE\u011e\u0130M\u0130ZDE H\u0130SSETT\u0130K&#8221;<\/b><\/p>\n<p style=\"text-align: justify;\">Konya&#8217;n\u0131n kendisi, h\u00fck\u00fcmeti, partisi nezdinde \u00e7ok ayr\u0131, \u00f6zel bir yeri oldu\u011funu vurgulayan Erdo\u011fan, &#8220;Konya, bu yolculukta bize rehber oldu. Konya, bizim yolumuzu ayd\u0131nlatan fener oldu. Konya, en zor zamanlarda, en karanl\u0131k gecelerde, en s\u0131k\u0131nt\u0131l\u0131 d\u00f6nemlerde bize yol g\u00f6steren adeta bir kutup y\u0131ld\u0131z\u0131 oldu. P\u0131narhisar Cezaevi&#8217;nden bug\u00fcne kadar ne zaman ba\u015f\u0131m\u0131z dara d\u00fc\u015fse, ne zaman bir s\u0131k\u0131nt\u0131 olsa, sorun olsa Konya&#8217;n\u0131n hay\u0131r dualar\u0131n\u0131, Konya&#8217;n\u0131n deste\u011fini her zaman yan\u0131m\u0131zda, y\u00fcre\u011fimizde hissettik&#8221; ifadelerini kulland\u0131.<\/p>\n<p style=\"text-align: justify;\">&#8220;Sizin destekleriniz sayesinde, sizin hay\u0131r dualar\u0131n\u0131z sayesinde, karanl\u0131klar ayd\u0131nl\u0131\u011fa \u00e7evrildi, zorlar kolay oldu, engeller sizin dualar\u0131n\u0131zla a\u00e7\u0131ld\u0131&#8221; diyen Erdo\u011fan, &#8220;11 y\u0131l boyunca siz bize ne emrettiyseniz, hangi talimat\u0131 verdiyseniz biz onu yerine getirmenin m\u00fccadelesi i\u00e7inde olduk. Siz nereyi i\u015faret ettiyseniz, biz istikametimizi oraya \u00e7evirdik. Siz neden sak\u0131nd\u0131ysan\u0131z, neyi sak\u0131ncal\u0131 g\u00f6rd\u00fcyseniz biz de oradan uzak durduk. Allah&#8217;a hamdolsun 11 y\u0131l boyunca bu kadim Sel\u00e7uklu ba\u015fkentine, Hz Mevlana&#8217;n\u0131n \u015fehri Konya&#8217;ya mah\u00e7up olmad\u0131k, size mahcubiyet ya\u015fatmad\u0131k&#8221; diye konu\u015ftu.<\/p>\n<p style=\"text-align: justify;\">Ba\u015fbakan Erdo\u011fan, s\u00f6zlerini \u015f\u00f6yle s\u00fcrd\u00fcrd\u00fc:<\/p>\n<p style=\"text-align: justify;\">&#8220;Beraber y\u00fcr\u00fcyoruz, beraber y\u00fcr\u00fcyece\u011fiz in\u015fallah bu yollarda. Bug\u00fcn bu anlaml\u0131 g\u00fcnde Hz. Mevlana&#8217;n\u0131n 740. vuslat y\u0131l d\u00f6n\u00fcm\u00fcnde Konya&#8217;ya g\u00f6n\u00fclden te\u015fekk\u00fcr ediyorum. Ahde vefan\u0131z i\u00e7in te\u015fekk\u00fcr ediyorum. Her daim yan\u0131m\u0131zda yer ald\u0131\u011f\u0131n\u0131z bizi destekledi\u011finiz i\u00e7in sizlere te\u015fekk\u00fcr ediyorum. Hay\u0131r dualar\u0131n\u0131z\u0131 bizlerden eksik etmedi\u011finiz, bize inand\u0131\u011f\u0131n\u0131z, bize g\u00fcvendi\u011finiz i\u00e7in sizlere sonsuz te\u015fekk\u00fcr ediyorum. Konya bizim arkam\u0131zda oldu\u011fu m\u00fcddet\u00e7e Allah&#8217;\u0131n izniyle biz birlikte y\u00fcr\u00fcmeye devam edece\u011fiz. 81 vilayetimiz, aziz milletimiz arkam\u0131zda oldu\u011fu m\u00fcddet\u00e7e biz hak demeye, hakk\u0131 savunmaya, Hakk yolunda m\u00fccadele etmeye devam edece\u011fiz.&#8221;<\/p>\n<p style=\"text-align: justify;\"><b>&#8220;HAK M\u00dcCADELES\u0130NDEN ASLA AYRILMAYACA\u011eIZ&#8221;<\/b><\/p>\n<p style=\"text-align: justify;\">&#8220;Konya&#8217;da bir kez daha s\u00f6z veriyorum. Sizin itimad\u0131n\u0131za, g\u00fcveninize asla halel getirmeyece\u011fiz&#8221; diyen Erdo\u011fan, \u015f\u00f6yle devam etti:<\/p>\n<p style=\"text-align: justify;\">&#8220;Sizin a\u00e7t\u0131\u011f\u0131n\u0131z yoldan, sizin \u00e7izdi\u011finiz istikametten asla ayr\u0131lmayaca\u011f\u0131z. Hi\u00e7bir tehdide boyun e\u011fmeyece\u011fiz. Siz arkam\u0131zda oldu\u011funuz m\u00fcddet\u00e7e Allah&#8217;\u0131n izniyle geri ad\u0131m atmayaca\u011f\u0131z. Haktan ve hak m\u00fccadelesinden asla ayr\u0131lmayaca\u011f\u0131z. Karde\u015flerim, istedikleri kadar \u00e7irkin yollara tevess\u00fcl etsinler. \u0130stedikleri kadar kirli ittifaklar\u0131n i\u00e7ine girsinler buradan, Konya&#8217;dan bir kez daha tekrar ediyorum, T\u00fcrkiye&#8217;de art\u0131k s\u00f6z milletindir, karar milletindir, yetki milletindir, m\u00fch\u00fcr milletin elindedir. Arkas\u0131na karanl\u0131k odaklar\u0131 alanlar, \u00e7eteleri alanlar bu \u00fclkeye, bu millete istikamet \u00e7izemezler. Arkas\u0131na sermayenin, medyan\u0131n g\u00fcc\u00fcn\u00fc alanlar bu \u00fclkenin istikametini de\u011fi\u015ftiremezler. Arkas\u0131na T\u00fcrkiye i\u00e7inde ve d\u0131\u015f\u0131nda bir tak\u0131m karanl\u0131k \u00e7evreleri alanlar T\u00fcrkiye&#8217;nin istikametiyle oynayamazlar, T\u00fcrkiye&#8217;nin ayarlar\u0131n\u0131 de\u011fi\u015ftiremezler. T\u00fcrkiye \u00fczerinde operasyon yap\u0131lacak, \u00fczerinde ameliyat yap\u0131lacak bir \u00fclke de\u011fildir. Millet buna izin vermez. Bu milletin h\u00fck\u00fcmeti olarak AK Parti iktidar\u0131 buna izin vermez. Kimin ne hesab\u0131 varsa, kendilerine g\u00fcveniyorlarsa 30 Mart&#8217;ta se\u00e7im var, o se\u00e7ime girsinler hesab\u0131 orada milletle g\u00f6r\u00fc\u015fs\u00fcnler. Hesab\u0131n\u0131 sand\u0131k d\u0131\u015f\u0131nda g\u00f6rmek isteyenlere ne millet ne de biz m\u00fcsaade etmeyiz, g\u00f6z yummay\u0131z. T\u00fcrkiye bir muz cumhuriyeti de\u011fildir. T\u00fcrkiye, milletin \u00e7i\u011fnenec\u011fi, milletin kararlar\u0131n\u0131n yok say\u0131laca\u011f\u0131 3. s\u0131n\u0131f bir kabile devleti de\u011fildir. \u0130\u00e7eriden ya da d\u0131\u015far\u0131dan hi\u00e7 kimse benim \u00fclkemi kar\u0131\u015ft\u0131ramaz, benim \u00fclkemde \u00e7irkin tuzaklar kuramaz. Ter\u00f6r, bu millete diz \u00e7\u00f6kt\u00fcremedi, diz \u00e7\u00f6kt\u00fcremez ve diz \u00e7\u00f6kt\u00fcremeyecek.&#8221;<\/p>\n<p style=\"text-align: justify;\"><b>&#8220;B\u0130ZE DAHA NE GEREK&#8221;<\/b><\/p>\n<p style=\"text-align: justify;\">&#8220;Sald\u0131r\u0131lar, tuzaklar bu millete diz \u00e7\u00f6kt\u00fcremedi, bundan sonra da \u00e7\u00f6kt\u00fcremez&#8221; vurgusunu yapan Erdo\u011fan, \u015funlar\u0131 kaydetti:<\/p>\n<p style=\"text-align: justify;\">&#8220;Allah&#8217;a hamdolsun ben \u015funu biliyor ve hissediyorum, Bayburtlu neneler bizim i\u00e7in dua ediyorlar. Erzurumlu ya\u015fl\u0131 amcalar bizim i\u00e7in dua ediyorlar. Van&#8217;da, Diyarbak\u0131r&#8217;da, Mu\u015f&#8217;ta, Bing\u00f6l&#8217;de, Bitlis&#8217;te, \u015eanl\u0131urfa&#8217;da karde\u015flerimiz bize Allah raz\u0131 olsun diyorlar. Rize&#8217;de, Trabzon&#8217;da, Antalya&#8217;da, Hatay&#8217;da, Mu\u011fla&#8217;da, \u0130stanbul&#8217;da, Edirne&#8217;de, Ankara&#8217;da, \u00c7orum&#8217;da, Yozgat&#8217;ta karde\u015flerimiz seccadelerinin \u00fczerinde bizim i\u00e7in dualar ediyorlar. \u0130\u015fte Konya burada. Mevlana&#8217;n\u0131n \u015fehri bize dua ediyor. K\u0131l\u0131\u00e7arslan&#8217;\u0131n \u015fehri bize dua ediyor, Sadreddin Konevi&#8217;nin \u015fehri bize dua ediyor. Biz daha ne isteyelim, bize daha ne gerek. \u0130\u015fte onun i\u00e7in hakk\u0131 savunmaya devam edece\u011fiz. Karde\u015fli\u011fi savunmaya devam edece\u011fiz. Filistin&#8217;de hep hakk\u0131n yan\u0131nda olduk, hep hakk\u0131n yan\u0131nda olaca\u011f\u0131z. M\u0131s\u0131r&#8217;da hep hakk\u0131n, hakl\u0131n\u0131n yann\u0131da olduk. hakk\u0131n yan\u0131nda olmaya devam edece\u011fiz. Suriye&#8217;de hakk\u0131n, mazlumun, ma\u011fdurun yan\u0131nda olduk, dimdik durmaya devam edece\u011fiz.&#8221;<\/p>\n<p style=\"text-align: justify;\"><b>&#8220;BU B\u0130R M\u00dcJDED\u0130R; 21. Y\u00dcZYIL T\u00dcRK\u0130YE&#8217;N\u0130N Y\u00dcZYILI OLACAK&#8221;<\/b><\/p>\n<p style=\"text-align: justify;\">Ba\u015fbakan Recep Tayyip Erdo\u011fan, &#8220;Birilerinin topu, t\u00fcfe\u011fi varsa, birilerinin her t\u00fcrl\u00fc hilesi, hurdas\u0131 varsa, neyi olursa olsun bizim Allah\u0131m\u0131z var, bize o yeter. Bize millet yeter, millet, siz yetersiniz. G\u00fczel bir kelam\u0131 kibar; &#8216;Allah bes, baki heves&#8217;. Yani Allah yeter, geri kalan hevad\u0131r, heves&#8221; dedi.<\/p>\n<p style=\"text-align: justify;\">Ba\u015fbakan Erdo\u011fan, Konya B\u00fcy\u00fck\u015fehir Belediyesi Spor ve Kongre Merkezinde d\u00fczenlenen toplu a\u00e7\u0131l\u0131\u015f t\u00f6reninde yapt\u0131\u011f\u0131 konu\u015fmada, Konya&#8217;n\u0131n, 81 vilayetin sesini Somali&#8217;de, Myanmar&#8217;da, Afganistan&#8217;da, Kosova&#8217;da, Bosna&#8217;da ve d\u00fcnyan\u0131n b\u00fct\u00fcn ba\u015fkentlerinde duyurmaya devam edeceklerini, Mevlana&#8217;n\u0131n sevgi, dostluk, karde\u015flik mesajlar\u0131n\u0131 t\u00fcm d\u00fcnyaya ta\u015f\u0131may\u0131 s\u00fcrd\u00fcreceklerini s\u00f6yledi.<\/p>\n<p style=\"text-align: justify;\">Meksika Cumhurba\u015fkan\u0131 Enrique Pena Nieto ile d\u00fcn ak\u015fam yemekte bir araya geldiklerini ve g\u00f6r\u00fc\u015fmede g\u00fcndeme Hazreti Mevlana&#8217;n\u0131n geldi\u011fini an\u0131msatan Ba\u015fbakan Erdo\u011fan, bug\u00fcn Nieto&#8217;ya \u0130spanyolca bir Mesnevi hediye edilece\u011fini ve Hazreti Mevlana&#8217;n\u0131n mesajlar\u0131n\u0131n d\u00fcnyan\u0131n di\u011fer ucuna kadar iletilece\u011fini anlatt\u0131.<\/p>\n<p style=\"text-align: justify;\">&#8220;Allah&#8217;a hamdolsun bu ya\u015f\u0131ma kadar Konya&#8217;ya di\u011fer 80 vilayetin hepsine ba\u015f\u0131m\u0131z dik, aln\u0131m\u0131z dik ve ak geldik. Bunda sonra da Hazreti Mevlana, Alaaddin Keykubat&#8217;\u0131n, K\u0131l\u0131\u00e7arslan&#8217;\u0131n huzuruna in\u015fallah ba\u015f\u0131m\u0131z dik, aln\u0131m\u0131z ak \u00e7\u0131kaca\u011f\u0131z&#8221; diyen Ba\u015fbakan Erdo\u011fan, \u015f\u00f6yle devam etti:<\/p>\n<p style=\"text-align: justify;\">&#8220;Birilerinin topu, t\u00fcfe\u011fi varsa, birilerinin her t\u00fcrl\u00fc hilesi, hurdas\u0131 varsa, neyi olursa olsun bizim Allah\u0131m\u0131z var, bize o yeter. Bize millet yeter, millet, siz yetersiniz. G\u00fczel bir kelam\u0131 kibar; &#8216;Allah bes, baki heves&#8217;. Yani Allah yeter, geri kalan hevad\u0131r, heves. 11 y\u0131ld\u0131r \u00fclkemizin hizmetindeyiz, milletimizin hizmetindeyiz, sizin y\u00fckledi\u011finiz vazifeyi yerine getirmenin derdi, \u00e7abas\u0131, gayreti i\u00e7indeyiz. T\u00fcrkiye&#8217;yi b\u00fcy\u00fctmek i\u00e7in, T\u00fcrkiye ekonomisini b\u00fcy\u00fctmek, karde\u015fli\u011fimizi daha da y\u00fcceltmek i\u00e7in 11 y\u0131ld\u0131r mutlu bir m\u00fccadele i\u00e7indeyiz.<\/p>\n<p style=\"text-align: justify;\">Sizlerin deste\u011fiyle, T\u00fcrkiye&#8217;yi 11 y\u0131lda 3 kattan fazla b\u00fcy\u00fctt\u00fck. ihracat\u0131yla, yat\u0131r\u0131mlar\u0131yla, istihdam\u0131yla, \u00fcretimiyle T\u00fcrkiye&#8217;yi istikrarl\u0131, g\u00fcvenli bir zemine kavu\u015fturduk, her anlamda T\u00fcrkiye&#8217;yi normalle\u015ftiriyoruz. Anlams\u0131z yasaklar\u0131, anlams\u0131z bask\u0131lar\u0131, zul\u00fcmleri tek tek ortadan kald\u0131r\u0131yoruz. Milletimizin de\u011ferlerini yok sayan, insan\u0131m\u0131z\u0131n kimli\u011fini, inanc\u0131n\u0131, kutsallar\u0131n\u0131 tahkir eden, asli vazifesini unutup vatanda\u015f\u0131n\u0131n diliyle, t\u00fcrk\u00fcleriyle, kutsal de\u011ferleriyle, k\u0131l\u0131k-k\u0131yafeti, ya\u015fam tarz\u0131yla me\u015fgul olan bir devlet anlay\u0131\u015f\u0131n\u0131 art\u0131k tarihe havale ediyoruz. Ba\u015f\u00f6rt\u00fcs\u00fc zulm\u00fcn\u00fc ortadan kald\u0131rd\u0131k, \u00fcniversitelerde \u00e7ocuklar\u0131m\u0131z istedikleri gibi e\u011fitimlerini g\u00f6r\u00fcyorlar. Kamuda han\u0131m karde\u015flerimiz ba\u015f\u0131 a\u00e7\u0131k ya da \u00f6rt\u00fcl\u00fc \u00e7al\u0131\u015fabiliyorlar, TBMM&#8217;de vekiller t\u0131pk\u0131 asiller gibi ba\u015f\u0131 a\u00e7\u0131k ya da ba\u015f\u0131 \u00f6rt\u00fcl\u00fc vazife yapabiliyorlar. Biz yasaklar\u0131 kald\u0131r\u0131yor, milletimizin \u00f6n\u00fcne se\u00e7enekler koyuyoruz, se\u00e7enekler koyuyoruz, tercihler koyuyoruz. Hi\u00e7bir dayatma i\u00e7inde de\u011filiz hi\u00e7bir dayatmaya da m\u00fcsamaha g\u00f6stermiyoruz. Birinden al\u0131p, di\u011ferine vermiyoruz.&#8221;<\/p>\n<p style=\"text-align: justify;\"><b>&#8220;BU BARI\u015e, HUZUR HAVASI T\u00dcRK\u0130YE&#8217;Y\u0130 \u00c7OK DAHA Y\u00dcKSEK SEV\u0130YELERE TA\u015eIYACAK&#8221;<\/b><\/p>\n<p style=\"text-align: justify;\">Ba\u015fbakan Erdo\u011fan, herkese hakk\u0131n\u0131 teslim etmenin m\u00fccadelesini verdiklerini, ya\u015fanan normalle\u015fmenin T\u00fcrkiye&#8217;ye asla bir \u015fey kaybettirmeyece\u011fini ve T\u00fcrkiye&#8217;nin normalle\u015ferek b\u00fcy\u00fcyece\u011fini, demokrasinin standartlar\u0131n\u0131 daha ileri seviyelere ula\u015ft\u0131rarak b\u00fcy\u00fcyece\u011fini ifade etti.<\/p>\n<p style=\"text-align: justify;\">Son 1 y\u0131ld\u0131r ne Konya&#8217;ya ne de ba\u015fka \u015fehire ter\u00f6r nedeniyle bir tek \u015fehidin dahi gelmedi\u011fini vurgulayan Ba\u015fbakan Erdo\u011fan, &#8220;Art\u0131k farkl\u0131 bir atmosfer olu\u015ftu, farkl\u0131 bir karde\u015flik iklimi olu\u015ftu. \u015eu anda Do\u011fu ve G\u00fcneydo\u011fu illeri de bu fark\u0131 havay\u0131 teneff\u00fcs ediyor. Her alanda bir canlanma var, ekonomide sosyal hayatta \u00e7ok ciddi bir canlanma var. G\u00f6receksiniz bu bar\u0131\u015f, huzur havas\u0131 T\u00fcrkiye&#8217;yi \u00e7ok daha y\u00fcksek seviyelere ta\u015f\u0131yacak. T\u00fcrkiye a\u011f\u0131rl\u0131klar\u0131ndan kurtulmu\u015f, zincirlerinden kurtulmu\u015f \u015fekilde in\u015fallah 2023 hedeflerine do\u011fru kararl\u0131l\u0131kla ilerleyecek&#8221; diye konu\u015ftu.<\/p>\n<p style=\"text-align: justify;\">Ba\u015fbakan Erdo\u011fan, s\u00f6zlerini \u015f\u00f6yle s\u00fcrd\u00fcrd\u00fc:<\/p>\n<p style=\"text-align: justify;\">&#8220;Bu bir m\u00fcjdedir; 21. y\u00fczy\u0131l T\u00fcrkiye&#8217;nin y\u00fczy\u0131l\u0131 olacak. Bunu engellemeye \u00e7al\u0131\u015facaklar, bunu durdurmaya \u00e7al\u0131\u015facaklar, bunu yava\u015flatmaya \u00e7al\u0131\u015facaklar, ama bu aziz millet, \u00fclkesine bayra\u011f\u0131na, vatan\u0131na, devletine sahip \u00e7\u0131karak bu kutlu y\u00fcr\u00fcy\u00fc\u015f\u00fc in\u015fallah tamam\u0131na erdirecektir. Ayfonkarahisar&#8217;dan yola \u00e7\u0131kt\u0131\u011f\u0131m\u0131zda bir \u015fey s\u00f6yledik. O zaman dedik ki &#8216;biz, bu millete sevdal\u0131y\u0131z, biz T\u00fcrk\u00fcyle, K\u00fcrd\u00fcyle, Laz\u0131yla, \u00c7erkeziyle, G\u00fcrc\u00fcs\u00fcyle bu millete sevdal\u0131y\u0131z ve tek millet&#8217; dedik. \u00c7\u00fcnk\u00fc biz, yarad\u0131lan\u0131 yaratandan \u00f6t\u00fcr\u00fc seviyoruz.<\/p>\n<p style=\"text-align: justify;\">&#8216;Tek bayrak&#8217; dedik, bizim bu bayraktan ba\u015fka bayra\u011f\u0131m\u0131z yok, bayra\u011f\u0131m\u0131z\u0131n rengi \u015fehidimizin kan\u0131d\u0131r, hilalimiz ba\u011f\u0131ms\u0131zl\u0131\u011f\u0131m\u0131z\u0131n ifadesidir, y\u0131ld\u0131z\u0131m\u0131z \u015fehitlerimizin simgesidir, onun i\u00e7in bayra\u011f\u0131m\u0131za alternatif tan\u0131m\u0131yoruz. \u015eairin dedi\u011fi gibi; bayraklar\u0131 bayrak yapan \u00fcst\u00fcndeki kand\u0131r, toprak e\u011fer u\u011frunda \u00f6len varsa vatand\u0131r. \u00d6yleyse bizim i\u00e7in tek vatan&#8230; 780 bin kilometrekareyle tek vatan. Bu vatan bize yeter, hepimize yeter ve bu vatan \u00fczerinde kimse ameliyata kalk\u0131\u015fmas\u0131n, operasyona kalk\u0131\u015fmas\u0131n, kalk\u0131\u015ft\u0131\u011f\u0131 anda kar\u015f\u0131s\u0131nda bizi bulur. Tek devlet, o T\u00fcrkiye Cumhuriyeti devleti. Ba\u015fka bir \u015fey tan\u0131mam\u0131z m\u00fcmk\u00fcn de\u011fil, bu kararl\u0131l\u0131kla gelece\u011fe y\u00fcr\u00fcyoruz.&#8221;<\/p>\n<p style=\"text-align: justify;\">Ba\u015fbakan Erdo\u011fan, etnik, b\u00f6lgesel ve dinsel milliyet\u00e7ili\u011fi tan\u0131mad\u0131klar\u0131n\u0131, insanlar\u0131 sadece yaratandan \u00f6t\u00fcr\u00fc sevdiklerini yineleyerek, &#8220;Bu bak\u0131mdan T\u00fcrkiye&#8217;nin her bir yan\u0131na hizmetlerimizi ayn\u0131 \u015fekilde g\u00f6t\u00fcr\u00fcyoruz. Bat\u0131 da ne varsa, Do\u011fu&#8217;da da o var&#8221; diye konu\u015ftu.<\/p>\n<p style=\"text-align: justify;\">Erdo\u011fan, 10 y\u0131l \u00f6nce 11 y\u0131l \u00f6nce &#8216;\u015e\u0131rnak&#8217;a, I\u011fd\u0131r&#8217;a, Kars&#8217;a, A\u011fr\u0131&#8217;ya havaliman\u0131 yap\u0131lacak&#8217; dense kimsenin inanmayaca\u011f\u0131n\u0131, ama iktidarlar\u0131 d\u00f6neminde bu yat\u0131r\u0131mlar\u0131n hepsinin yap\u0131larak, hizmete girdi\u011fini ifade ederek, &#8220;\u015eimdi biz, b\u00f6l\u00fcc\u00fc ter\u00f6r \u00f6rg\u00fct\u00fcne ra\u011fmen Hakkari &#8211; Y\u00fcksekova&#8217;ya da havaliman\u0131 yap\u0131yoruz, engellemelere ra\u011fmen, onlara ra\u011fmen onu yapaca\u011f\u0131z. Bize oy verip vermemeleri \u00f6nemli de\u011fil, orada bizim insan\u0131m\u0131z ya\u015f\u0131yor. \u015eu anda bizim milletvekilimiz yok, olmas\u0131n \u00e7\u00fcnk\u00fc oras\u0131 T\u00fcrkiye, oraya da biz bu yat\u0131r\u0131mlar\u0131 yapaca\u011f\u0131z&#8221; diye konu\u015ftu.<\/p>\n<p style=\"text-align: justify;\"><b>&#8221;11 YILDA KONYA&#8217;YA YAPTI\u011eIMIZ YATIRIMLARIN TOPLAM BEDEL\u0130 18,5 M\u0130LYAR L\u0130RA&#8221;<\/b><\/p>\n<p style=\"text-align: justify;\">Ba\u015fbakan Recep Tayyip Erdo\u011fan, yeni B\u00fcy\u00fck\u015fehir Belediye Yasas\u0131yla ilgili &#8221;Ana muhalefet her zamanki gibi bu kanunu da ald\u0131, bu tasar\u0131y\u0131 kanunla\u015ft\u0131ktan sonra Anayasa Mahkemesi&#8217;ne g\u00f6t\u00fcrd\u00fc, &#8216;b\u00f6yle bir B\u00fcy\u00fck\u015fehir Yasas\u0131 olmaz&#8217; dedi. Fakat Anayasa Mahkemesi tabi reddetti, hak yerini buldu. \u015eimdi \u015funu merak ediyorum hangi y\u00fczle gelip de biz bu b\u00fcy\u00fck\u015fehiri daha iyi y\u00f6netiriz diyecekler&#8221; dedi.<\/p>\n<p style=\"text-align: justify;\">Ba\u015fbakan Erdo\u011fan, Konya B\u00fcy\u00fck\u015fehir Belediyesi Spor ve Kongre Merkezi&#8217;nde d\u00fczenlenen toplu a\u00e7\u0131l\u0131\u015f t\u00f6reninde konu\u015ftu.<\/p>\n<p style=\"text-align: justify;\">Erdo\u011fan, \u015eeb&#8217;i Arus t\u00f6renine gelirken yine elleri bo\u015f gelmediklerini, bug\u00fcn Konya&#8217;da son birka\u00e7 y\u0131l i\u00e7inde tamamlanan eser, hizmet ve yat\u0131r\u0131mlar\u0131n toplu resmi a\u00e7\u0131l\u0131\u015flar\u0131n\u0131n ger\u00e7ekle\u015ftirilece\u011fini s\u00f6yledi.<\/p>\n<p style=\"text-align: justify;\">Bug\u00fcn t\u00f6renin yap\u0131ld\u0131\u011f\u0131 Konya B\u00fcy\u00fck\u015fehir Belediyesi Spor ve Kongre Merkezi&#8217;nin de a\u00e7\u0131l\u0131\u015f\u0131n\u0131 yapacaklar\u0131n\u0131 belirten Erdo\u011fan, salonun \u00e7ok muhte\u015fem oldu\u011funu ve yap\u0131m\u0131nda eme\u011fi ge\u00e7en ba\u015fta B\u00fcy\u00fck\u015fehir Belediye Ba\u015fkan\u0131 Tahir Aky\u00fcrek olmak \u00fczere herkese \u015f\u00fckranlar\u0131n\u0131 illetti. Konya&#8217;da b\u00f6yle bir salonun gecikmeli de olsa yap\u0131lmas\u0131ndan dolay\u0131 hamd etti\u011fini vurgulayan Ba\u015fbakan Erdo\u011fan, zaman zaman \u015eeb&#8217;i Arus t\u00f6renlerinin burada da yap\u0131labilece\u011fini, \u00e7\u00fcnk\u00fc di\u011fer t\u00f6ren salonunun k\u00fc\u00e7\u00fck ve yetersiz kald\u0131\u011f\u0131n\u0131 belirtti.<\/p>\n<p style=\"text-align: justify;\">B\u00fcy\u00fck\u015fehir Belediyesinin 151 milyon liral\u0131k yat\u0131r\u0131m\u0131 Konya&#8217;ya kazand\u0131rd\u0131\u011f\u0131n\u0131 bildiren Erdo\u011fan, TOK\u0130&#8217;nin Yenice&#8217;de bin 340 konutu, Sel\u00e7uklu&#8217;da 500 konut, 3 ilkokul ve sa\u011fl\u0131k oca\u011f\u0131n\u0131, \u0130mranl\u0131&#8217;da 200 tar\u0131m k\u00f6y konutunu, Bozk\u0131r&#8217;da 50 yatakl\u0131 bir hastaneyi tamamlad\u0131\u011f\u0131n\u0131 bildirdi.<\/p>\n<p style=\"text-align: justify;\">Konya&#8217;da Adalet Bakanl\u0131\u011f\u0131&#8217;n\u0131n Ilg\u0131n&#8217;a bir adalet saray\u0131 kazand\u0131rd\u0131\u011f\u0131n\u0131, Orman ve Su \u0130\u015fleri Bakanl\u0131\u011f\u0131&#8217;n\u0131n 18 milyon liral\u0131k sulama ve ta\u015fk\u0131n koruma yat\u0131r\u0131m\u0131n\u0131 tamamlad\u0131\u011f\u0131n\u0131, Ula\u015ft\u0131rma Denizcilik ve Haberle\u015fme Bakanl\u0131\u011f\u0131&#8217;n\u0131n 89 milyon liral\u0131k yol yat\u0131r\u0131mlar\u0131n\u0131 bitirdi\u011fini anlatan Erdo\u011fan, Enerji ve Tabii Kaynaklar Bakanl\u0131\u011f\u0131, \u0130\u00e7i\u015fleri Bakanl\u0131\u011f\u0131, \u00c7evre ve \u015eehircilik Bakanl\u0131\u011f\u0131, Aile ve Sosyal Politikalar Bakanl\u0131\u011f\u0131, Gen\u00e7lik ve Spor Bakanl\u0131\u011f\u0131, Sa\u011fl\u0131k Bakanl\u0131\u011f\u0131&#8217;n\u0131n Konya ve il\u00e7elerinde \u00e7ok say\u0131da yat\u0131r\u0131m\u0131 tamamlad\u0131\u011f\u0131n\u0131 ve Konya&#8217;n\u0131n hizmetine sundu\u011funu s\u00f6yledi.<\/p>\n<p style=\"text-align: justify;\">Milli E\u011fitim Bakanl\u0131\u011f\u0131&#8217;n\u0131n hay\u0131rseverlerin de katk\u0131s\u0131yla anaokulu, ilkokul ve liseleri tamamlad\u0131\u011f\u0131n\u0131, Sel\u00e7uk \u00dcniversitesi&#8217;nin Beden E\u011fitimi Spor ve Y\u00fcksek Okulu&#8217;nun in\u015fa edildi\u011fini ayr\u0131ca 360 ki\u015filik bir yurdun tamamland\u0131\u011f\u0131n\u0131 aktaran Erdo\u011fan, Necmettin Erbakan \u00dcniversitesi&#8217;nde T\u0131p Fak\u00fcltesine bir yeni do\u011fan yo\u011fun bak\u0131m \u00fcnitesi, \u00e7ocuk hastal\u0131klar\u0131 tedavi \u00fcnitesi kazand\u0131rd\u0131klar\u0131n\u0131 ifade etti.<\/p>\n<p style=\"text-align: justify;\">Meram Belediyesinin, Karatay, Sel\u00e7uklu, Cihanbeyli, Ilg\u0131n, Ak\u015fehir, Mutlu, Gencek belediyelerinin, il \u00f6zel idaresinin ayn\u0131 \u015fekilde \u00f6nemli yat\u0131r\u0131mlar\u0131n ger\u00e7ekle\u015ftirdi\u011fini anlatan Erdo\u011fan, &#8221;Konya&#8217;da toplamda eski rakamla 628 trilyon liral\u0131k eser hizmet ve yat\u0131r\u0131m\u0131 i\u015fte bug\u00fcn bu resmi t\u00f6renle hizmete al\u0131yoruz. 105 kalemden olu\u015fan t\u00fcm bu yat\u0131r\u0131mlar\u0131n Konya&#8217;ya hay\u0131rl\u0131 olmas\u0131n\u0131 diliyorum&#8221; dedi.<\/p>\n<p style=\"text-align: justify;\">Erdo\u011fan, 11 y\u0131lda Konya&#8217;ya yapt\u0131klar\u0131 yat\u0131r\u0131mlar\u0131n toplam bedelinin 18,5 milyar lira oldu\u011funu dile getirerek, &#8221;3 ayr\u0131 hastaneden olu\u015fan ama bir b\u00fct\u00fcnl\u00fc\u011f\u00fc de arz eden 840 yatakl\u0131 \u015fehir hastanesine de in\u015fallah yak\u0131n bir zamanda ba\u015fl\u0131yoruz ve o zaten Konya&#8217;n\u0131n b\u00fct\u00fcn sa\u011fl\u0131k noktas\u0131ndaki hizmetleri g\u00f6recek ve Konyal\u0131 art\u0131k Konya d\u0131\u015f\u0131na gitmeye mahkum olmayacak. \u0130n\u015fallah, G\u0131da Tar\u0131m ve Hayvanc\u0131l\u0131k Bakanl\u0131\u011f\u0131n\u0131n \u015fehir merkezindeki alan\u0131nda bunu ger\u00e7ekle\u015ftirece\u011fiz&#8221; de\u011ferlendirmesinde bulundu.<\/p>\n<p style=\"text-align: justify;\"><b>ULA\u015eTIRMA PROJELER\u0130<\/b><\/p>\n<p style=\"text-align: justify;\">Kendisinin en \u00e7ok mutlu oldu\u011fu eserlerden bir tanesinin Ankara-Konya y\u00fcksek H\u0131zl\u0131 tren, bir di\u011ferinin de Konya-Eski\u015fehir h\u0131zl\u0131 tren oldu\u011funu belirten Erdo\u011fan, Konya&#8217;n\u0131n rayl\u0131 sistemde her ge\u00e7en g\u00fcn daha ileri giti\u011fini, \u00e7evre yoluyla ilgili \u00e7al\u0131\u015fmalar\u0131n da y\u00fcr\u00fct\u00fcld\u00fc\u011f\u00fcn\u00fc s\u00f6yledi. Erdo\u011fan, konu\u015fmas\u0131n\u0131 \u015f\u00f6yle devam etti:<\/p>\n<p style=\"text-align: justify;\">&#8221;Tabi bu arada Konya&#8217;y\u0131 bir yerde de \u0130stanbul&#8217;a ba\u011flayaca\u011f\u0131z. \u015eimdi Eski\u015fehir-\u0130stanbul rayl\u0131 sistem bu y\u0131l sonu itibariyle veya Ocak ay\u0131 itibariyle bitecek. Bitti\u011fi anda bir defa Konya&#8217;dan ta \u0130stanbula kadar y\u00fcksek h\u0131zl\u0131 trenle gitmek ger\u00e7ekle\u015fecek. Bursa, \u0130zmir, Edirne, Sivas hatlar\u0131 da bitti\u011finde Konya kadim ba\u015fkentlerimize b\u00fcy\u00fck \u015fehirlerle h\u0131zl\u0131 tren arac\u0131l\u0131\u011f\u0131yla kucakla\u015fm\u0131\u015f olacak. \u015eu anda biliyorsunuz Konya Ovas\u0131 projesi de planlad\u0131\u011f\u0131m\u0131z takvim \u00e7er\u00e7evesinde ilerliyor.&#8221;<\/p>\n<p style=\"text-align: justify;\"><b>YEN\u0130 B\u00dcY\u00dcK\u015eEH\u0130R BELED\u0130YE YASASI<\/b><\/p>\n<p style=\"text-align: justify;\">Konu\u015fmas\u0131nda yeni B\u00fcy\u00fck\u015fehir Yasas\u0131&#8217;na da de\u011finen Erdo\u011fan, 30 Mart&#8217;tan itibaren Konya&#8217;da en \u00fccra yerle\u015fim birimlerine kadar art\u0131k hizmetin b\u00fcy\u00fck\u015fehirden gelece\u011fini, yani b\u00fcy\u00fck\u015fehirin en \u00fccra k\u00f6\u015fedeki k\u00f6ye bile hizmet g\u00f6t\u00fcrece\u011fini bildirdi.<\/p>\n<p style=\"text-align: justify;\">\u015eu anda il\u00e7e belediyelerinin bile ula\u015fmad\u0131\u011f\u0131, ula\u015famad\u0131\u011f\u0131 yerlere b\u00fcy\u00fck\u015fehirin ula\u015faca\u011f\u0131na dikkati \u00e7eken Erdo\u011fan, &#8221;Sadece merkez il\u00e7elerden bug\u00fcne kadar Konya B\u00fcy\u00fck\u015fehir olu\u015fuyordu ama \u015fimdi m\u00fclki s\u0131n\u0131rlar neyse hepsinden Konya B\u00fcy\u00fck\u015fehir sorumlu. \u0130mar b\u00fct\u00fcnl\u00fc\u011f\u00fc noktas\u0131nda b\u00fct\u00fcn naz\u0131m imar planlar\u0131 b\u00fcy\u00fck\u015fehirden \u00e7\u0131kacak. \u0130l\u00e7e belediyeleri sadece g\u00fcnl\u00fck uygulama planlar\u0131n\u0131 yapacak. Mesela Konya Su ve Kanalizasyon \u0130daresi en \u00fccra k\u00f6\u015fede benim k\u00f6yl\u00fc vatanda\u015f\u0131m\u0131 art\u0131k foseptik \u00e7ukurlar\u0131ndan kurtaracak modern \u015fehirlere kavu\u015fturacak&#8221; \u015feklinde konu\u015ftu.<\/p>\n<p style=\"text-align: justify;\">Bunun bir hizmet b\u00fct\u00fcnle\u015fmesi oldu\u011funu vurgulayan Erdo\u011fan, bununla hizmetlerin h\u0131z\u0131, kalitesinin yayg\u0131nl\u0131\u011f\u0131n\u0131n \u00e7ok daha fazlas\u0131yla artm\u0131\u015f olaca\u011f\u0131n\u0131 s\u00f6yledi. Konya B\u00fcy\u00fck\u015fehir&#8217;in \u00f6dene\u011finin de bu vesileyle artaca\u011f\u0131na i\u015faret eden Erdo\u011fan, &#8221;Konya&#8217;daki b\u00fcy\u00fck\u015fehir belediye ba\u015fkan\u0131m\u0131z in\u015fallah tecr\u00fcbesiyle, becerisiyle, hizmet anlay\u0131\u015f\u0131yla konyam\u0131z\u0131 \u00e7ok daha ileri ta\u015f\u0131yacak&#8221; dedi.<\/p>\n<p style=\"text-align: justify;\"><b>HANG\u0130 Y\u00dcZLE B\u0130Z BU B\u00dcY\u00dcK\u015eEH\u0130R\u0130 DAHA \u0130Y\u0130 Y\u00d6NET\u0130R\u0130Z D\u0130YECEKLER?<\/b><\/p>\n<p style=\"text-align: justify;\">Bu yeni d\u00fczenlemenin hay\u0131rl\u0131 olmas\u0131n\u0131 dileyen Erdo\u011fan, \u015funlar\u0131 kaydetti:<\/p>\n<p style=\"text-align: justify;\">&#8221;Tabi bu vesileyle bir\u015fey de s\u00f6ylemem laz\u0131m biliyorsunuz ana muhalefet her zamanki gibi bu Kanunu da ald\u0131 bu tasar\u0131y\u0131 kanunla\u015ft\u0131ktan sonra Anayasa Mahkemesi&#8217;ne g\u00f6t\u00fcrd\u00fc &#8216;olmaz&#8217; dedi, &#8216;b\u00f6yle bir B\u00fcy\u00fck\u015fehir Yasas\u0131 olmaz&#8217; dedi. &#8216;Zaten ta Konya&#8217;n\u0131n en \u00fccra il\u00e7esine b\u00fcy\u00fck\u015fehir nas\u0131l hizmet verecek olur mu b\u00f6yle \u015fey&#8217; dedi. &#8216;Antalya B\u00fcy\u00fck\u015fehir Ka\u015f&#8217;a, Gazipa\u015fa&#8217;ya nas\u0131l hizmet verecek&#8217; dedi, bunlar\u0131 s\u00f6ylediler. Fakat Anayasa Mahkemesi tabi reddeti, hak yerini buldu. \u015eimdi bunlar\u0131n \u015funu merak ediyorum hangi y\u00fczle gelip de &#8216;biz bu b\u00fcy\u00fck\u015fehiri daha iyi y\u00f6netiriz&#8217; diyecekler. Hani olmazd\u0131 b\u00fcy\u00fck\u015fehir belediyesi anlay\u0131\u015f\u0131 yanl\u0131\u015ft\u0131? \u015eimdi hangi y\u00fczle geleceksin buraya?<\/p>\n<p style=\"text-align: justify;\">Ben inan\u0131yorum ki benim halk\u0131m, benim Konyal\u0131 karde\u015fim, bunlara 30 Mart&#8217;ta gereken dersi, gereken cevab\u0131 verecektir. 30 Mart T\u00fcrkiye&#8217;miz i\u00e7in t\u00fcm insan\u0131m\u0131z i\u00e7in bir milat olacakt\u0131r, 30 b\u00fcy\u00fck\u015fehir ne demek biliyor musunuz, T\u00fcrkiye&#8217;nin y\u00fczde 75&#8217;i demek yani n\u00fcfusumuzun y\u00fczde 75&#8217;i bu 30 b\u00fcy\u00fck\u015fehirde ya\u015f\u0131yor. O bak\u0131mdan \u00e7ok b\u00fcy\u00fck \u00f6nem ta\u015f\u0131yor. Onun i\u00e7in \u00e7ok \u00e7al\u0131\u015faca\u011f\u0131z ve nas\u0131l olsa Konya y\u00fczde 70&#8217;lere kadar ula\u015ft\u0131 bu bize yeter&#8230; Yetmez. Bu oran\u0131 daha da \u00f6ne alaca\u011f\u0131z, niye Konya, T\u00fcrkiye genelinde AK Parti oylar\u0131nda bir numara olmas\u0131n, en y\u00fcksek oy oran\u0131na \u00e7\u0131kmas\u0131n. Bunu do\u011frusu Konya&#8217;dan ve Konyal\u0131 karde\u015flerimden bekleriz&#8221;<\/p>\n<p style=\"text-align: justify;\">Bug\u00fcn\u00fcn, a\u00e7\u0131l\u0131\u015f\u0131n\u0131 yap\u0131lan eser ve hizmetlerin Konya&#8217;ya hay\u0131rl\u0131 olmas\u0131n\u0131 dileyen Ba\u015fbakan &#8221;kap\u0131 kap\u0131 dola\u015faca\u011f\u0131z, durmak yok yola devam diyoruz&#8221; dedi. Erdo\u011fan, konu\u015fmas\u0131n\u0131n sonunda salondaki izleyenlerle &#8216;beraber y\u00fcr\u00fcd\u00fck biz bu yollarda&#8217; \u015fark\u0131s\u0131n\u0131n s\u00f6zlerini tekrarlad\u0131.<\/p>\n<p style=\"text-align: justify;\"><b>T\u00d6RENDEN NOTLAR<\/b><\/p>\n<p style=\"text-align: justify;\">Ba\u015fbakan Recep Tayyip Erdo\u011fan ve e\u015fi Emine Erdo\u011fan, Konya Havaalan\u0131&#8217;ndan toplu a\u00e7\u0131l\u0131\u015f t\u00f6reninin ger\u00e7ekle\u015ftirilece\u011fi Konya B\u00fcy\u00fck\u015fehir Belediyesi Spor ve Kongre Merkezi&#8217;ne otob\u00fcsle geldi.<\/p>\n<p style=\"text-align: justify;\">T\u00f6renin ger\u00e7ekle\u015ftirilece\u011fi salon i\u00e7erisinde &#8220;1071&#8217;e minnettar\u0131z, 2071&#8217;e hizmetkar\u0131z&#8221;, &#8220;Haydi b\u00fcy\u00fck usta, Ecdad&#8217;\u0131n b\u0131rakt\u0131\u011f\u0131 yerden\u2026&#8221; \u015feklindeki pankartlar dikkat \u00e7ekti.<\/p>\n<p style=\"text-align: justify;\">Konu\u015fmas\u0131 s\u0131k s\u0131k &#8220;Recep Tayyip Erdo\u011fan&#8221; tezah\u00fcratlar\u0131yla kesilen Ba\u015fbakan Erdo\u011fan, konu\u015fmas\u0131n\u0131n ard\u0131ndan e\u015fi Emine Erdo\u011fan ve kendisine e\u015flik eden bakan ve milletvekilleri ile yat\u0131r\u0131m ve hizmetlerinin toplu a\u00e7\u0131l\u0131\u015f\u0131n\u0131 ger\u00e7ekle\u015ftirdi.<\/p>\n<p style=\"text-align: justify;\">Erdo\u011fan dana sonra e\u015fi Emine Erdo\u011fan ile trib\u00fcnlere y\u00f6nelerek vatanda\u015flar\u0131 selamlad\u0131 ve satran\u00e7 tak\u0131m\u0131 da\u011f\u0131tt\u0131.<\/p>\n<p style=\"text-align: justify;\">T\u00f6rene, Ba\u015fbakan Yard\u0131mc\u0131s\u0131 Bekir Bozda\u011f, D\u0131\u015fi\u015fleri Bakan\u0131 Ahmet Davuto\u011flu, AK Parti Genel Ba\u015fkan Yard\u0131mc\u0131s\u0131 Salih Kapusuz, Ba\u015fbakan Erdo\u011fan&#8217;\u0131n Siyasi Ba\u015fdan\u0131\u015fman\u0131 ve AK Parti Ankara Milletvekili Yal\u00e7\u0131n Akdo\u011fan, AK Parti Genel Merkez Kad\u0131n Kollar\u0131 Ba\u015fkan\u0131 G\u00fcldal Ak\u015fit, Konya Valisi Muammer Erol, Konya B\u00fcy\u00fck\u015fehir Belediye Ba\u015fkan\u0131 Tahir Aky\u00fcrek, TOK\u0130 Ba\u015fkan\u0131 Ahmet Haluk Karabel ve milletvekilleri kat\u0131ld\u0131.<\/p>\n<p style=\"text-align: justify;\"><b><i>http:\/\/www.sabah.com.tr\/Gundem\/2013\/12\/17\/basbakan-erdogan-konyada-konusuyor<\/i><\/b><\/p>\n","protected":false},"excerpt":{"rendered":"<p>Ba\u015fbakan Erdo\u011fan, Konya d\u00fczenlenen toplu a\u00e7\u0131l\u0131\u015f t\u00f6reninde sand\u0131k vurgusu yaparak &#8220;Kimin ne hesab\u0131 varsa, kendilerine g\u00fcveniyorlarsa 30 Mart&#8217;ta se\u00e7im var, o se\u00e7ime girsinler hesab\u0131 orada milletle g\u00f6r\u00fc\u015fs\u00fcnler&#8221; dedi. Ba\u015fbakan Recep Tayyip Erdo\u011fan, &#8220;Kimin ne hesab\u0131 varsa, kendilerine g\u00fcveniyorlarsa 30 Mart&#8217;ta se\u00e7im var, o se\u00e7ime girsinler hesab\u0131 orada milletle g\u00f6r\u00fc\u015fs\u00fcnler. Hesab\u0131n\u0131 sand\u0131k d\u0131\u015f\u0131nda g\u00f6rmek isteyenlere ne [&hellip;]<\/p>\n","protected":false},"author":7,"featured_media":0,"comment_status":"open","ping_status":"open","sticky":false,"template":"","format":"standard","meta":{"footnotes":""},"categories":[1],"tags":[],"class_list":["post-27538","post","type-post","status-publish","format-standard","hentry","category-haberler"],"yoast_head":"<!-- This site is optimized with the Yoast SEO plugin v27.4 - https:\/\/yoast.com\/product\/yoast-seo-wordpress\/ -->\n<title>Ba\u015fbakan Erdo\u011fan meydan okudu - Bati Ermenistan Ve Bati Ermenileri Sorunlari Ara\u015ftirmalar Merkezi<\/title>\n<meta name=\"robots\" content=\"index, follow, max-snippet:-1, max-image-preview:large, max-video-preview:-1\" \/>\n<link rel=\"canonical\" href=\"https:\/\/akunq.net\/tr\/?p=27538\" \/>\n<meta property=\"og:locale\" content=\"en_US\" \/>\n<meta property=\"og:type\" content=\"article\" \/>\n<meta property=\"og:title\" content=\"Ba\u015fbakan Erdo\u011fan meydan okudu - Bati Ermenistan Ve Bati Ermenileri Sorunlari Ara\u015ftirmalar Merkezi\" \/>\n<meta property=\"og:description\" content=\"Ba\u015fbakan Erdo\u011fan, Konya d\u00fczenlenen toplu a\u00e7\u0131l\u0131\u015f t\u00f6reninde sand\u0131k vurgusu yaparak &#8220;Kimin ne hesab\u0131 varsa, kendilerine g\u00fcveniyorlarsa 30 Mart&#8217;ta se\u00e7im var, o se\u00e7ime girsinler hesab\u0131 orada milletle g\u00f6r\u00fc\u015fs\u00fcnler&#8221; dedi. Ba\u015fbakan Recep Tayyip Erdo\u011fan, &#8220;Kimin ne hesab\u0131 varsa, kendilerine g\u00fcveniyorlarsa 30 Mart&#8217;ta se\u00e7im var, o se\u00e7ime girsinler hesab\u0131 orada milletle g\u00f6r\u00fc\u015fs\u00fcnler. Hesab\u0131n\u0131 sand\u0131k d\u0131\u015f\u0131nda g\u00f6rmek isteyenlere ne [&hellip;]\" \/>\n<meta property=\"og:url\" content=\"https:\/\/akunq.net\/tr\/?p=27538\" \/>\n<meta property=\"og:site_name\" content=\"Bati Ermenistan Ve Bati Ermenileri Sorunlari Ara\u015ftirmalar Merkezi\" \/>\n<meta property=\"article:published_time\" content=\"2013-12-20T07:09:42+00:00\" \/>\n<meta property=\"article:modified_time\" content=\"2013-12-20T07:10:09+00:00\" \/>\n<meta name=\"author\" content=\"admin\" \/>\n<meta name=\"twitter:card\" content=\"summary_large_image\" \/>\n<meta name=\"twitter:label1\" content=\"Written by\" \/>\n\t<meta name=\"twitter:data1\" content=\"admin\" \/>\n\t<meta name=\"twitter:label2\" content=\"Est. reading time\" \/>\n\t<meta name=\"twitter:data2\" content=\"20 minutes\" \/>\n<script type=\"application\/ld+json\" class=\"yoast-schema-graph\">{\"@context\":\"https:\\\/\\\/schema.org\",\"@graph\":[{\"@type\":\"Article\",\"@id\":\"https:\\\/\\\/akunq.net\\\/tr\\\/?p=27538#article\",\"isPartOf\":{\"@id\":\"https:\\\/\\\/akunq.net\\\/tr\\\/?p=27538\"},\"author\":{\"name\":\"admin\",\"@id\":\"https:\\\/\\\/akunq.net\\\/tr\\\/#\\\/schema\\\/person\\\/096f1d38a12cce57fb855b485ed24c9e\"},\"headline\":\"Ba\u015fbakan Erdo\u011fan meydan okudu\",\"datePublished\":\"2013-12-20T07:09:42+00:00\",\"dateModified\":\"2013-12-20T07:10:09+00:00\",\"mainEntityOfPage\":{\"@id\":\"https:\\\/\\\/akunq.net\\\/tr\\\/?p=27538\"},\"wordCount\":3930,\"commentCount\":0,\"articleSection\":[\"Haberler\"],\"inLanguage\":\"en-US\",\"potentialAction\":[{\"@type\":\"CommentAction\",\"name\":\"Comment\",\"target\":[\"https:\\\/\\\/akunq.net\\\/tr\\\/?p=27538#respond\"]}]},{\"@type\":\"WebPage\",\"@id\":\"https:\\\/\\\/akunq.net\\\/tr\\\/?p=27538\",\"url\":\"https:\\\/\\\/akunq.net\\\/tr\\\/?p=27538\",\"name\":\"Ba\u015fbakan Erdo\u011fan meydan okudu - Bati Ermenistan Ve Bati Ermenileri Sorunlari Ara\u015ftirmalar Merkezi\",\"isPartOf\":{\"@id\":\"https:\\\/\\\/akunq.net\\\/tr\\\/#website\"},\"datePublished\":\"2013-12-20T07:09:42+00:00\",\"dateModified\":\"2013-12-20T07:10:09+00:00\",\"author\":{\"@id\":\"https:\\\/\\\/akunq.net\\\/tr\\\/#\\\/schema\\\/person\\\/096f1d38a12cce57fb855b485ed24c9e\"},\"breadcrumb\":{\"@id\":\"https:\\\/\\\/akunq.net\\\/tr\\\/?p=27538#breadcrumb\"},\"inLanguage\":\"en-US\",\"potentialAction\":[{\"@type\":\"ReadAction\",\"target\":[\"https:\\\/\\\/akunq.net\\\/tr\\\/?p=27538\"]}]},{\"@type\":\"BreadcrumbList\",\"@id\":\"https:\\\/\\\/akunq.net\\\/tr\\\/?p=27538#breadcrumb\",\"itemListElement\":[{\"@type\":\"ListItem\",\"position\":1,\"name\":\"Home\",\"item\":\"https:\\\/\\\/akunq.net\\\/tr\"},{\"@type\":\"ListItem\",\"position\":2,\"name\":\"Ba\u015fbakan Erdo\u011fan meydan okudu\"}]},{\"@type\":\"WebSite\",\"@id\":\"https:\\\/\\\/akunq.net\\\/tr\\\/#website\",\"url\":\"https:\\\/\\\/akunq.net\\\/tr\\\/\",\"name\":\"Bati Ermenistan Ve Bati Ermenileri Sorunlari Ara\u015ftirmalar Merkezi\",\"description\":\"\",\"potentialAction\":[{\"@type\":\"SearchAction\",\"target\":{\"@type\":\"EntryPoint\",\"urlTemplate\":\"https:\\\/\\\/akunq.net\\\/tr\\\/?s={search_term_string}\"},\"query-input\":{\"@type\":\"PropertyValueSpecification\",\"valueRequired\":true,\"valueName\":\"search_term_string\"}}],\"inLanguage\":\"en-US\"},{\"@type\":\"Person\",\"@id\":\"https:\\\/\\\/akunq.net\\\/tr\\\/#\\\/schema\\\/person\\\/096f1d38a12cce57fb855b485ed24c9e\",\"name\":\"admin\",\"url\":\"https:\\\/\\\/akunq.net\\\/tr\\\/?author=7\"}]}<\/script>\n<!-- \/ Yoast SEO plugin. -->","yoast_head_json":{"title":"Ba\u015fbakan Erdo\u011fan meydan okudu - Bati Ermenistan Ve Bati Ermenileri Sorunlari Ara\u015ftirmalar Merkezi","robots":{"index":"index","follow":"follow","max-snippet":"max-snippet:-1","max-image-preview":"max-image-preview:large","max-video-preview":"max-video-preview:-1"},"canonical":"https:\/\/akunq.net\/tr\/?p=27538","og_locale":"en_US","og_type":"article","og_title":"Ba\u015fbakan Erdo\u011fan meydan okudu - Bati Ermenistan Ve Bati Ermenileri Sorunlari Ara\u015ftirmalar Merkezi","og_description":"Ba\u015fbakan Erdo\u011fan, Konya d\u00fczenlenen toplu a\u00e7\u0131l\u0131\u015f t\u00f6reninde sand\u0131k vurgusu yaparak &#8220;Kimin ne hesab\u0131 varsa, kendilerine g\u00fcveniyorlarsa 30 Mart&#8217;ta se\u00e7im var, o se\u00e7ime girsinler hesab\u0131 orada milletle g\u00f6r\u00fc\u015fs\u00fcnler&#8221; dedi. Ba\u015fbakan Recep Tayyip Erdo\u011fan, &#8220;Kimin ne hesab\u0131 varsa, kendilerine g\u00fcveniyorlarsa 30 Mart&#8217;ta se\u00e7im var, o se\u00e7ime girsinler hesab\u0131 orada milletle g\u00f6r\u00fc\u015fs\u00fcnler. Hesab\u0131n\u0131 sand\u0131k d\u0131\u015f\u0131nda g\u00f6rmek isteyenlere ne [&hellip;]","og_url":"https:\/\/akunq.net\/tr\/?p=27538","og_site_name":"Bati Ermenistan Ve Bati Ermenileri Sorunlari Ara\u015ftirmalar Merkezi","article_published_time":"2013-12-20T07:09:42+00:00","article_modified_time":"2013-12-20T07:10:09+00:00","author":"admin","twitter_card":"summary_large_image","twitter_misc":{"Written by":"admin","Est. reading time":"20 minutes"},"schema":{"@context":"https:\/\/schema.org","@graph":[{"@type":"Article","@id":"https:\/\/akunq.net\/tr\/?p=27538#article","isPartOf":{"@id":"https:\/\/akunq.net\/tr\/?p=27538"},"author":{"name":"admin","@id":"https:\/\/akunq.net\/tr\/#\/schema\/person\/096f1d38a12cce57fb855b485ed24c9e"},"headline":"Ba\u015fbakan Erdo\u011fan meydan okudu","datePublished":"2013-12-20T07:09:42+00:00","dateModified":"2013-12-20T07:10:09+00:00","mainEntityOfPage":{"@id":"https:\/\/akunq.net\/tr\/?p=27538"},"wordCount":3930,"commentCount":0,"articleSection":["Haberler"],"inLanguage":"en-US","potentialAction":[{"@type":"CommentAction","name":"Comment","target":["https:\/\/akunq.net\/tr\/?p=27538#respond"]}]},{"@type":"WebPage","@id":"https:\/\/akunq.net\/tr\/?p=27538","url":"https:\/\/akunq.net\/tr\/?p=27538","name":"Ba\u015fbakan Erdo\u011fan meydan okudu - Bati Ermenistan Ve Bati Ermenileri Sorunlari Ara\u015ftirmalar Merkezi","isPartOf":{"@id":"https:\/\/akunq.net\/tr\/#website"},"datePublished":"2013-12-20T07:09:42+00:00","dateModified":"2013-12-20T07:10:09+00:00","author":{"@id":"https:\/\/akunq.net\/tr\/#\/schema\/person\/096f1d38a12cce57fb855b485ed24c9e"},"breadcrumb":{"@id":"https:\/\/akunq.net\/tr\/?p=27538#breadcrumb"},"inLanguage":"en-US","potentialAction":[{"@type":"ReadAction","target":["https:\/\/akunq.net\/tr\/?p=27538"]}]},{"@type":"BreadcrumbList","@id":"https:\/\/akunq.net\/tr\/?p=27538#breadcrumb","itemListElement":[{"@type":"ListItem","position":1,"name":"Home","item":"https:\/\/akunq.net\/tr"},{"@type":"ListItem","position":2,"name":"Ba\u015fbakan Erdo\u011fan meydan okudu"}]},{"@type":"WebSite","@id":"https:\/\/akunq.net\/tr\/#website","url":"https:\/\/akunq.net\/tr\/","name":"Bati Ermenistan Ve Bati Ermenileri Sorunlari Ara\u015ftirmalar Merkezi","description":"","potentialAction":[{"@type":"SearchAction","target":{"@type":"EntryPoint","urlTemplate":"https:\/\/akunq.net\/tr\/?s={search_term_string}"},"query-input":{"@type":"PropertyValueSpecification","valueRequired":true,"valueName":"search_term_string"}}],"inLanguage":"en-US"},{"@type":"Person","@id":"https:\/\/akunq.net\/tr\/#\/schema\/person\/096f1d38a12cce57fb855b485ed24c9e","name":"admin","url":"https:\/\/akunq.net\/tr\/?author=7"}]}},"_links":{"self":[{"href":"https:\/\/akunq.net\/tr\/index.php?rest_route=\/wp\/v2\/posts\/27538","targetHints":{"allow":["GET"]}}],"collection":[{"href":"https:\/\/akunq.net\/tr\/index.php?rest_route=\/wp\/v2\/posts"}],"about":[{"href":"https:\/\/akunq.net\/tr\/index.php?rest_route=\/wp\/v2\/types\/post"}],"author":[{"embeddable":true,"href":"https:\/\/akunq.net\/tr\/index.php?rest_route=\/wp\/v2\/users\/7"}],"replies":[{"embeddable":true,"href":"https:\/\/akunq.net\/tr\/index.php?rest_route=%2Fwp%2Fv2%2Fcomments&post=27538"}],"version-history":[{"count":2,"href":"https:\/\/akunq.net\/tr\/index.php?rest_route=\/wp\/v2\/posts\/27538\/revisions"}],"predecessor-version":[{"id":27541,"href":"https:\/\/akunq.net\/tr\/index.php?rest_route=\/wp\/v2\/posts\/27538\/revisions\/27541"}],"wp:attachment":[{"href":"https:\/\/akunq.net\/tr\/index.php?rest_route=%2Fwp%2Fv2%2Fmedia&parent=27538"}],"wp:term":[{"taxonomy":"category","embeddable":true,"href":"https:\/\/akunq.net\/tr\/index.php?rest_route=%2Fwp%2Fv2%2Fcategories&post=27538"},{"taxonomy":"post_tag","embeddable":true,"href":"https:\/\/akunq.net\/tr\/index.php?rest_route=%2Fwp%2Fv2%2Ftags&post=27538"}],"curies":[{"name":"wp","href":"https:\/\/api.w.org\/{rel}","templated":true}]}}