{"id":27527,"date":"2013-12-19T04:10:27","date_gmt":"2013-12-19T09:10:27","guid":{"rendered":"http:\/\/akunq.net\/tr\/?p=27527"},"modified":"2013-12-19T04:10:50","modified_gmt":"2013-12-19T09:10:50","slug":"economist-erdogan-gulen-iliskisini-yazdi-kim-galip-gelecek","status":"publish","type":"post","link":"https:\/\/akunq.net\/tr\/?p=27527","title":{"rendered":"Economist Erdo\u011fan-G\u00fclen ili\u015fkisini yazd\u0131: &#8220;Kim galip gelecek?&#8221;"},"content":{"rendered":"<p style=\"text-align: justify;\"><b><i><a href=\"http:\/\/akunq.net\/tr\/wp-content\/uploads\/2013\/12\/\u0533\u056b\u0582\u056c\u0567\u0576.jpg\"><img loading=\"lazy\" decoding=\"async\" class=\"alignright size-medium wp-image-27528\" alt=\"\u0533\u056b\u0582\u056c\u0567\u0576\" src=\"http:\/\/akunq.net\/tr\/wp-content\/uploads\/2013\/12\/\u0533\u056b\u0582\u056c\u0567\u0576-300x182.jpg\" width=\"300\" height=\"182\" srcset=\"https:\/\/akunq.net\/tr\/wp-content\/uploads\/sites\/6\/2013\/12\/\u0533\u056b\u0582\u056c\u0567\u0576-300x182.jpg 300w, https:\/\/akunq.net\/tr\/wp-content\/uploads\/sites\/6\/2013\/12\/\u0533\u056b\u0582\u056c\u0567\u0576-600x365.jpg 600w, https:\/\/akunq.net\/tr\/wp-content\/uploads\/sites\/6\/2013\/12\/\u0533\u056b\u0582\u056c\u0567\u0576.jpg 628w\" sizes=\"auto, (max-width: 300px) 100vw, 300px\" \/><\/a>\u0130ngiliz The Economist dergisi bu haftaki say\u0131s\u0131nda Ba\u015fbakan Erdo\u011fan ile Fethullah G\u00fclen aras\u0131ndaki ili\u015fkiyi yorumlad\u0131.<\/i><\/b><\/p>\n<p style=\"text-align: justify;\"><b><i>Dergi, &#8220;Kim galip gelecek?&#8221; ba\u015fl\u0131kl\u0131 yaz\u0131s\u0131nda Erdo\u011fan ve G\u00fclen aras\u0131ndaki son zamanlarda gerginle\u015fen ili\u015fkilerin sonunda kimin kazanaca\u011f\u0131 sorusunu irdeledi.<br \/>\n<\/i><\/b><br \/>\n&#8220;Ba\u015fbakan Recep Tayyip Erdo\u011fan&#8217;\u0131n\u00a0 son 10 y\u0131ll\u0131k iktidar\u0131 s\u00fcresince en b\u00fcy\u00fck ba\u015far\u0131s\u0131n\u0131n orduyu siyasetten uzakla\u015ft\u0131rmak oldu\u011fu bunu da Cemaat&#8217;in deste\u011fiyle yapt\u0131\u011f\u0131 ifade edilen yaz\u0131da \u015fimdilerde Erdo\u011fan&#8217;\u0131n eski m\u00fcttefikine kar\u015f\u0131 bu ili\u015fkiyi g\u00fc\u00e7 g\u00f6stergesine d\u00f6nd\u00fcrd\u00fc\u011f\u00fc ve Erdo\u011fan&#8217;\u0131n otoriterizme do\u011fru sapan y\u00f6netimini\u00a0 durdurabilecek tek g\u00fcc\u00fcn de Fethullah G\u00fclen olabilece\u011fi aktar\u0131ld\u0131.<\/p>\n<p style=\"text-align: justify;\">Dergi, \u00f6n\u00fcm\u00fczdeki y\u0131l mart ay\u0131nda yap\u0131lacak belediye se\u00e7imlerinde G\u00fclen&#8217;in\u00a0 Erdo\u011fan&#8217;a destek verip vermeyece\u011fi konusunda &#8220;G\u00fclen Cemaatini Erdo\u011fan&#8217;a kar\u015f\u0131 harekete ge\u00e7irecek mi? E\u011fer b\u00f6yle olursa Cemaatin deste\u011fi\u00a0 AK Parti&#8217;den \u0130stanbul&#8217;u almaya yetecek mi ? ve Erdo\u011fan&#8217;\u0131n T\u00fcrkiye&#8217;nin ilk se\u00e7imle i\u015f ba\u015f\u0131na gelen ba\u015fkanl\u0131k hayaline ne olacak?&#8221; sorular\u0131n\u0131 sordu.<\/p>\n<p style=\"text-align: justify;\">Taraf Gazetesi muhabiri Mehmet Baransu&#8217;nun 25 A\u011fustos 2004 y\u0131l\u0131ndaki MGK toplant\u0131s\u0131nda &#8220;Fethullah G\u00fclen grubuna ait kurumlar\u0131n faaliyetlerinin engellenmesi i\u00e7in, A\u011f\u0131r yapt\u0131r\u0131mlar getiren yasal d\u00fczenlemeler yap\u0131lmal\u0131d\u0131r&#8221; karar\u0131n\u0131n alt\u0131nda Ba\u015fbakan Erdo\u011fan&#8217;\u0131n imzas\u0131 oldu\u011funu ortaya \u00e7\u0131karmas\u0131n\u0131n medyaya yans\u0131yan gizli belgelerden biri oldu\u011fu belirtilen yaz\u0131da &#8220;Baran ve Taraf gazetesini hedef almak Ba\u015fbakan&#8217;\u0131n\u00a0 muhalif sesleri t\u0131kamas\u0131n\u0131n ba\u015fka bir \u00f6rne\u011fi&#8221; ifadesi kullan\u0131ld\u0131.<\/p>\n<p style=\"text-align: justify;\">Dergi, Erdo\u011fan&#8217;\u0131n G\u00fclen Cemaati&#8217;ni neden bu zamanda hedef ald\u0131\u011f\u0131 konusunda \u015fu de\u011ferlendirmeyi yapt\u0131:<\/p>\n<p style=\"text-align: justify;\">&#8220;En olas\u0131 yan\u0131t Erdo\u011fan ba\u015fkanl\u0131k se\u00e7imlerinden \u00f6nce onlara elini g\u00f6stermek istiyor. Giderek paranoya g\u00f6steren Ba\u015fbakan, G\u00fclen- \u0130srail\u00a0 itilaf\u0131n\u0131n onu koltu\u011fundan etme pe\u015finde oldu\u011funa inan\u0131yor. Erdo\u011fan&#8217;\u0131n \u015f\u00fcpheleri G\u00fclen&#8217;in 2010 y\u0131l\u0131nda T\u00fcrkiye&#8217;nin \u0130srail ile kopan ili\u015fkileri konusundaki ele\u015ftirileriyle daha da artt\u0131.&#8221;<\/p>\n<p style=\"text-align: justify;\"><strong>Yaz\u0131 \u015f\u00f6yle sonlan\u0131yor:<\/strong><\/p>\n<p style=\"text-align: justify;\">&#8220;Kimin galip gelece\u011fini s\u00f6ylemek i\u00e7in \u00e7ok erken. G\u00fclen, son vaaz\u0131nda baz\u0131 uzla\u015ft\u0131r\u0131c\u0131 s\u00f6ylemlerde bulundu. Son anketler AK Parti&#8217;nin hala y\u00fczde 50&#8217;nin deste\u011fini ald\u0131\u011f\u0131n\u0131 g\u00f6steriyor. G\u00fclen&#8217;e yak\u0131n insanlar cemaatin imaj\u0131n\u0131n ac\u0131 \u00e7ekti\u011fini ve kendi i\u00e7 hesapla\u015fmalar\u0131n\u0131 yapt\u0131\u011f\u0131n\u0131 onayl\u0131yor. Kabahatini \u00e7ok nadir kabul eden Erdo\u011fan, daha \u0131l\u0131ml\u0131 davranmal\u0131. B\u00f6yleceT\u00fcrkiye daha mutlu ve daha demokratik bir yer olur&#8221;<\/p>\n<p style=\"text-align: justify;\"><b><i><a href=\"http:\/\/www.cnnturk.com\/turkiye\/economist-erdogan-gulen-iliskisini-yazdi-kim-galip-gelecek\">http:\/\/www.cnnturk.com\/turkiye\/economist-erdogan-gulen-iliskisini-yazdi-kim-galip-gelecek<\/a><\/i><\/b><\/p>\n","protected":false},"excerpt":{"rendered":"<p>\u0130ngiliz The Economist dergisi bu haftaki say\u0131s\u0131nda Ba\u015fbakan Erdo\u011fan ile Fethullah G\u00fclen aras\u0131ndaki ili\u015fkiyi yorumlad\u0131. Dergi, &#8220;Kim galip gelecek?&#8221; ba\u015fl\u0131kl\u0131 yaz\u0131s\u0131nda Erdo\u011fan ve G\u00fclen aras\u0131ndaki son zamanlarda gerginle\u015fen ili\u015fkilerin sonunda kimin kazanaca\u011f\u0131 sorusunu irdeledi. &#8220;Ba\u015fbakan Recep Tayyip Erdo\u011fan&#8217;\u0131n\u00a0 son 10 y\u0131ll\u0131k iktidar\u0131 s\u00fcresince en b\u00fcy\u00fck ba\u015far\u0131s\u0131n\u0131n orduyu siyasetten uzakla\u015ft\u0131rmak oldu\u011fu bunu da Cemaat&#8217;in deste\u011fiyle yapt\u0131\u011f\u0131 [&hellip;]<\/p>\n","protected":false},"author":7,"featured_media":0,"comment_status":"open","ping_status":"open","sticky":false,"template":"","format":"standard","meta":{"footnotes":""},"categories":[1],"tags":[],"class_list":["post-27527","post","type-post","status-publish","format-standard","hentry","category-haberler"],"yoast_head":"<!-- This site is optimized with the Yoast SEO plugin v27.4 - https:\/\/yoast.com\/product\/yoast-seo-wordpress\/ -->\n<title>Economist Erdo\u011fan-G\u00fclen ili\u015fkisini yazd\u0131: &quot;Kim galip gelecek?&quot; - Bati Ermenistan Ve Bati Ermenileri Sorunlari Ara\u015ftirmalar Merkezi<\/title>\n<meta name=\"robots\" content=\"index, follow, max-snippet:-1, max-image-preview:large, max-video-preview:-1\" \/>\n<link rel=\"canonical\" href=\"https:\/\/akunq.net\/tr\/?p=27527\" \/>\n<meta property=\"og:locale\" content=\"en_US\" \/>\n<meta property=\"og:type\" content=\"article\" \/>\n<meta property=\"og:title\" content=\"Economist Erdo\u011fan-G\u00fclen ili\u015fkisini yazd\u0131: &quot;Kim galip gelecek?&quot; - Bati Ermenistan Ve Bati Ermenileri Sorunlari Ara\u015ftirmalar Merkezi\" \/>\n<meta property=\"og:description\" content=\"\u0130ngiliz The Economist dergisi bu haftaki say\u0131s\u0131nda Ba\u015fbakan Erdo\u011fan ile Fethullah G\u00fclen aras\u0131ndaki ili\u015fkiyi yorumlad\u0131. Dergi, &#8220;Kim galip gelecek?&#8221; ba\u015fl\u0131kl\u0131 yaz\u0131s\u0131nda Erdo\u011fan ve G\u00fclen aras\u0131ndaki son zamanlarda gerginle\u015fen ili\u015fkilerin sonunda kimin kazanaca\u011f\u0131 sorusunu irdeledi. &#8220;Ba\u015fbakan Recep Tayyip Erdo\u011fan&#8217;\u0131n\u00a0 son 10 y\u0131ll\u0131k iktidar\u0131 s\u00fcresince en b\u00fcy\u00fck ba\u015far\u0131s\u0131n\u0131n orduyu siyasetten uzakla\u015ft\u0131rmak oldu\u011fu bunu da Cemaat&#8217;in deste\u011fiyle yapt\u0131\u011f\u0131 [&hellip;]\" \/>\n<meta property=\"og:url\" content=\"https:\/\/akunq.net\/tr\/?p=27527\" \/>\n<meta property=\"og:site_name\" content=\"Bati Ermenistan Ve Bati Ermenileri Sorunlari Ara\u015ftirmalar Merkezi\" \/>\n<meta property=\"article:published_time\" content=\"2013-12-19T09:10:27+00:00\" \/>\n<meta property=\"article:modified_time\" content=\"2013-12-19T09:10:50+00:00\" \/>\n<meta name=\"author\" content=\"admin\" \/>\n<meta name=\"twitter:card\" content=\"summary_large_image\" \/>\n<meta name=\"twitter:label1\" content=\"Written by\" \/>\n\t<meta name=\"twitter:data1\" content=\"admin\" \/>\n\t<meta name=\"twitter:label2\" content=\"Est. reading time\" \/>\n\t<meta name=\"twitter:data2\" content=\"2 minutes\" \/>\n<script type=\"application\/ld+json\" class=\"yoast-schema-graph\">{\"@context\":\"https:\\\/\\\/schema.org\",\"@graph\":[{\"@type\":\"Article\",\"@id\":\"https:\\\/\\\/akunq.net\\\/tr\\\/?p=27527#article\",\"isPartOf\":{\"@id\":\"https:\\\/\\\/akunq.net\\\/tr\\\/?p=27527\"},\"author\":{\"name\":\"admin\",\"@id\":\"https:\\\/\\\/akunq.net\\\/tr\\\/#\\\/schema\\\/person\\\/096f1d38a12cce57fb855b485ed24c9e\"},\"headline\":\"Economist Erdo\u011fan-G\u00fclen ili\u015fkisini yazd\u0131: &#8220;Kim galip gelecek?&#8221;\",\"datePublished\":\"2013-12-19T09:10:27+00:00\",\"dateModified\":\"2013-12-19T09:10:50+00:00\",\"mainEntityOfPage\":{\"@id\":\"https:\\\/\\\/akunq.net\\\/tr\\\/?p=27527\"},\"wordCount\":467,\"commentCount\":0,\"articleSection\":[\"Haberler\"],\"inLanguage\":\"en-US\",\"potentialAction\":[{\"@type\":\"CommentAction\",\"name\":\"Comment\",\"target\":[\"https:\\\/\\\/akunq.net\\\/tr\\\/?p=27527#respond\"]}]},{\"@type\":\"WebPage\",\"@id\":\"https:\\\/\\\/akunq.net\\\/tr\\\/?p=27527\",\"url\":\"https:\\\/\\\/akunq.net\\\/tr\\\/?p=27527\",\"name\":\"Economist Erdo\u011fan-G\u00fclen ili\u015fkisini yazd\u0131: \\\"Kim galip gelecek?\\\" - Bati Ermenistan Ve Bati Ermenileri Sorunlari Ara\u015ftirmalar Merkezi\",\"isPartOf\":{\"@id\":\"https:\\\/\\\/akunq.net\\\/tr\\\/#website\"},\"datePublished\":\"2013-12-19T09:10:27+00:00\",\"dateModified\":\"2013-12-19T09:10:50+00:00\",\"author\":{\"@id\":\"https:\\\/\\\/akunq.net\\\/tr\\\/#\\\/schema\\\/person\\\/096f1d38a12cce57fb855b485ed24c9e\"},\"breadcrumb\":{\"@id\":\"https:\\\/\\\/akunq.net\\\/tr\\\/?p=27527#breadcrumb\"},\"inLanguage\":\"en-US\",\"potentialAction\":[{\"@type\":\"ReadAction\",\"target\":[\"https:\\\/\\\/akunq.net\\\/tr\\\/?p=27527\"]}]},{\"@type\":\"BreadcrumbList\",\"@id\":\"https:\\\/\\\/akunq.net\\\/tr\\\/?p=27527#breadcrumb\",\"itemListElement\":[{\"@type\":\"ListItem\",\"position\":1,\"name\":\"Home\",\"item\":\"https:\\\/\\\/akunq.net\\\/tr\"},{\"@type\":\"ListItem\",\"position\":2,\"name\":\"Economist Erdo\u011fan-G\u00fclen ili\u015fkisini yazd\u0131: &#8220;Kim galip gelecek?&#8221;\"}]},{\"@type\":\"WebSite\",\"@id\":\"https:\\\/\\\/akunq.net\\\/tr\\\/#website\",\"url\":\"https:\\\/\\\/akunq.net\\\/tr\\\/\",\"name\":\"Bati Ermenistan Ve Bati Ermenileri Sorunlari Ara\u015ftirmalar Merkezi\",\"description\":\"\",\"potentialAction\":[{\"@type\":\"SearchAction\",\"target\":{\"@type\":\"EntryPoint\",\"urlTemplate\":\"https:\\\/\\\/akunq.net\\\/tr\\\/?s={search_term_string}\"},\"query-input\":{\"@type\":\"PropertyValueSpecification\",\"valueRequired\":true,\"valueName\":\"search_term_string\"}}],\"inLanguage\":\"en-US\"},{\"@type\":\"Person\",\"@id\":\"https:\\\/\\\/akunq.net\\\/tr\\\/#\\\/schema\\\/person\\\/096f1d38a12cce57fb855b485ed24c9e\",\"name\":\"admin\",\"url\":\"https:\\\/\\\/akunq.net\\\/tr\\\/?author=7\"}]}<\/script>\n<!-- \/ Yoast SEO plugin. -->","yoast_head_json":{"title":"Economist Erdo\u011fan-G\u00fclen ili\u015fkisini yazd\u0131: \"Kim galip gelecek?\" - Bati Ermenistan Ve Bati Ermenileri Sorunlari Ara\u015ftirmalar Merkezi","robots":{"index":"index","follow":"follow","max-snippet":"max-snippet:-1","max-image-preview":"max-image-preview:large","max-video-preview":"max-video-preview:-1"},"canonical":"https:\/\/akunq.net\/tr\/?p=27527","og_locale":"en_US","og_type":"article","og_title":"Economist Erdo\u011fan-G\u00fclen ili\u015fkisini yazd\u0131: \"Kim galip gelecek?\" - Bati Ermenistan Ve Bati Ermenileri Sorunlari Ara\u015ftirmalar Merkezi","og_description":"\u0130ngiliz The Economist dergisi bu haftaki say\u0131s\u0131nda Ba\u015fbakan Erdo\u011fan ile Fethullah G\u00fclen aras\u0131ndaki ili\u015fkiyi yorumlad\u0131. Dergi, &#8220;Kim galip gelecek?&#8221; ba\u015fl\u0131kl\u0131 yaz\u0131s\u0131nda Erdo\u011fan ve G\u00fclen aras\u0131ndaki son zamanlarda gerginle\u015fen ili\u015fkilerin sonunda kimin kazanaca\u011f\u0131 sorusunu irdeledi. &#8220;Ba\u015fbakan Recep Tayyip Erdo\u011fan&#8217;\u0131n\u00a0 son 10 y\u0131ll\u0131k iktidar\u0131 s\u00fcresince en b\u00fcy\u00fck ba\u015far\u0131s\u0131n\u0131n orduyu siyasetten uzakla\u015ft\u0131rmak oldu\u011fu bunu da Cemaat&#8217;in deste\u011fiyle yapt\u0131\u011f\u0131 [&hellip;]","og_url":"https:\/\/akunq.net\/tr\/?p=27527","og_site_name":"Bati Ermenistan Ve Bati Ermenileri Sorunlari Ara\u015ftirmalar Merkezi","article_published_time":"2013-12-19T09:10:27+00:00","article_modified_time":"2013-12-19T09:10:50+00:00","author":"admin","twitter_card":"summary_large_image","twitter_misc":{"Written by":"admin","Est. reading time":"2 minutes"},"schema":{"@context":"https:\/\/schema.org","@graph":[{"@type":"Article","@id":"https:\/\/akunq.net\/tr\/?p=27527#article","isPartOf":{"@id":"https:\/\/akunq.net\/tr\/?p=27527"},"author":{"name":"admin","@id":"https:\/\/akunq.net\/tr\/#\/schema\/person\/096f1d38a12cce57fb855b485ed24c9e"},"headline":"Economist Erdo\u011fan-G\u00fclen ili\u015fkisini yazd\u0131: &#8220;Kim galip gelecek?&#8221;","datePublished":"2013-12-19T09:10:27+00:00","dateModified":"2013-12-19T09:10:50+00:00","mainEntityOfPage":{"@id":"https:\/\/akunq.net\/tr\/?p=27527"},"wordCount":467,"commentCount":0,"articleSection":["Haberler"],"inLanguage":"en-US","potentialAction":[{"@type":"CommentAction","name":"Comment","target":["https:\/\/akunq.net\/tr\/?p=27527#respond"]}]},{"@type":"WebPage","@id":"https:\/\/akunq.net\/tr\/?p=27527","url":"https:\/\/akunq.net\/tr\/?p=27527","name":"Economist Erdo\u011fan-G\u00fclen ili\u015fkisini yazd\u0131: \"Kim galip gelecek?\" - Bati Ermenistan Ve Bati Ermenileri Sorunlari Ara\u015ftirmalar Merkezi","isPartOf":{"@id":"https:\/\/akunq.net\/tr\/#website"},"datePublished":"2013-12-19T09:10:27+00:00","dateModified":"2013-12-19T09:10:50+00:00","author":{"@id":"https:\/\/akunq.net\/tr\/#\/schema\/person\/096f1d38a12cce57fb855b485ed24c9e"},"breadcrumb":{"@id":"https:\/\/akunq.net\/tr\/?p=27527#breadcrumb"},"inLanguage":"en-US","potentialAction":[{"@type":"ReadAction","target":["https:\/\/akunq.net\/tr\/?p=27527"]}]},{"@type":"BreadcrumbList","@id":"https:\/\/akunq.net\/tr\/?p=27527#breadcrumb","itemListElement":[{"@type":"ListItem","position":1,"name":"Home","item":"https:\/\/akunq.net\/tr"},{"@type":"ListItem","position":2,"name":"Economist Erdo\u011fan-G\u00fclen ili\u015fkisini yazd\u0131: &#8220;Kim galip gelecek?&#8221;"}]},{"@type":"WebSite","@id":"https:\/\/akunq.net\/tr\/#website","url":"https:\/\/akunq.net\/tr\/","name":"Bati Ermenistan Ve Bati Ermenileri Sorunlari Ara\u015ftirmalar Merkezi","description":"","potentialAction":[{"@type":"SearchAction","target":{"@type":"EntryPoint","urlTemplate":"https:\/\/akunq.net\/tr\/?s={search_term_string}"},"query-input":{"@type":"PropertyValueSpecification","valueRequired":true,"valueName":"search_term_string"}}],"inLanguage":"en-US"},{"@type":"Person","@id":"https:\/\/akunq.net\/tr\/#\/schema\/person\/096f1d38a12cce57fb855b485ed24c9e","name":"admin","url":"https:\/\/akunq.net\/tr\/?author=7"}]}},"_links":{"self":[{"href":"https:\/\/akunq.net\/tr\/index.php?rest_route=\/wp\/v2\/posts\/27527","targetHints":{"allow":["GET"]}}],"collection":[{"href":"https:\/\/akunq.net\/tr\/index.php?rest_route=\/wp\/v2\/posts"}],"about":[{"href":"https:\/\/akunq.net\/tr\/index.php?rest_route=\/wp\/v2\/types\/post"}],"author":[{"embeddable":true,"href":"https:\/\/akunq.net\/tr\/index.php?rest_route=\/wp\/v2\/users\/7"}],"replies":[{"embeddable":true,"href":"https:\/\/akunq.net\/tr\/index.php?rest_route=%2Fwp%2Fv2%2Fcomments&post=27527"}],"version-history":[{"count":2,"href":"https:\/\/akunq.net\/tr\/index.php?rest_route=\/wp\/v2\/posts\/27527\/revisions"}],"predecessor-version":[{"id":27530,"href":"https:\/\/akunq.net\/tr\/index.php?rest_route=\/wp\/v2\/posts\/27527\/revisions\/27530"}],"wp:attachment":[{"href":"https:\/\/akunq.net\/tr\/index.php?rest_route=%2Fwp%2Fv2%2Fmedia&parent=27527"}],"wp:term":[{"taxonomy":"category","embeddable":true,"href":"https:\/\/akunq.net\/tr\/index.php?rest_route=%2Fwp%2Fv2%2Fcategories&post=27527"},{"taxonomy":"post_tag","embeddable":true,"href":"https:\/\/akunq.net\/tr\/index.php?rest_route=%2Fwp%2Fv2%2Ftags&post=27527"}],"curies":[{"name":"wp","href":"https:\/\/api.w.org\/{rel}","templated":true}]}}