{"id":27524,"date":"2013-12-19T03:58:26","date_gmt":"2013-12-19T08:58:26","guid":{"rendered":"http:\/\/akunq.net\/tr\/?p=27524"},"modified":"2013-12-19T03:58:26","modified_gmt":"2013-12-19T08:58:26","slug":"resmi-tarihle-yuzlesme-atolyeleri-basliyor","status":"publish","type":"post","link":"https:\/\/akunq.net\/tr\/?p=27524","title":{"rendered":"Resmi Tarihle Y\u00fczle\u015fme At\u00f6lyeleri Ba\u015fl\u0131yor"},"content":{"rendered":"<p style=\"text-align: justify;\"><b><i><a href=\"http:\/\/akunq.net\/tr\/wp-content\/uploads\/2013\/12\/Resmi-Tarihle-Y\u00fczle\u015fme.jpg\"><img loading=\"lazy\" decoding=\"async\" class=\"alignright size-medium wp-image-27525\" alt=\"Resmi Tarihle Y\u00fczle\u015fme\" src=\"http:\/\/akunq.net\/tr\/wp-content\/uploads\/2013\/12\/Resmi-Tarihle-Y\u00fczle\u015fme-300x156.jpg\" width=\"300\" height=\"156\" srcset=\"https:\/\/akunq.net\/tr\/wp-content\/uploads\/sites\/6\/2013\/12\/Resmi-Tarihle-Y\u00fczle\u015fme-300x156.jpg 300w, https:\/\/akunq.net\/tr\/wp-content\/uploads\/sites\/6\/2013\/12\/Resmi-Tarihle-Y\u00fczle\u015fme.jpg 490w\" sizes=\"auto, (max-width: 300px) 100vw, 300px\" \/><\/a>Resmi Tarihle Y\u00fczle\u015fme At\u00f6lyeleri&#8217;nin lk toplant\u0131s\u0131nda Nevzat Onaran &#8220;Emval-i Metruke: Ermeni ve Rum Mallar\u0131n\u0131n T\u00fcrkle\u015ftirilmesi&#8221; konusunu konu\u015facak. <\/i><\/b><\/p>\n<p style=\"text-align: justify;\">DS\u0130P&#8217;in d\u00fczenledi\u011fi\u00a0<strong>Resmi Tarihle Y\u00fczle\u015fme At\u00f6lyeleri<\/strong>&#8216;nin yeni d\u00f6nemi ba\u015fl\u0131yor.<\/p>\n<p style=\"text-align: justify;\">Aral\u0131k-\u015eubat program\u0131 at\u00f6lyelerinin ilk toplant\u0131s\u0131 20 Aral\u0131k Cuma g\u00fcn\u00fc<strong>\u00a0Nevzat Onaran <\/strong>&#8220;Emval-i Metruke: Ermeni ve Rum Mallar\u0131n\u0131n T\u00fcrkle\u015ftirilmesi&#8221;\u00a0olacak.\u00a0<\/p>\n<p style=\"text-align: justify;\">2013&#8217;te ba\u015flayan Resmi Tarihle Y\u00fczle\u015fme At\u00f6lyeleri&#8217;nde ge\u00e7mi\u015f ile y\u00fczle\u015fmenin demokratik bir gelece\u011fin in\u015fas\u0131 i\u00e7in elzem oldu\u011fu belirtilerek resmi anlat\u0131lar\u0131n \u00f6tesinde ger\u00e7ekte neler ya\u015fand\u0131\u011f\u0131n\u0131 konu\u015fmak ve tart\u0131\u015fmak hedefleniyor.<\/p>\n<p style=\"text-align: justify;\">\u0130ki haftada bir d\u00fczenlenecek olan at\u00f6lyeler\u00a0herkesin kat\u0131l\u0131m\u0131na a\u00e7\u0131k.<\/p>\n<p style=\"text-align: justify;\">20 Aral\u0131k Cuma 19.00<\/p>\n<p style=\"text-align: justify;\"><strong>Nevzat Onaran<\/strong>:\u00a0<em>Emval-i Metruke: Ermeni ve Rum Mallar\u0131n\u0131n T\u00fcrkle\u015ftirilmesi<\/em><\/p>\n<p style=\"text-align: justify;\">3 Ocak Cuma 19.00<\/p>\n<p style=\"text-align: justify;\"><strong>Eli Haligua, \u015eule Tokta\u015f<\/strong>:\u00a0<em>T\u00fcrkiye\u2019li Yahudilerin Kimlik \u0130n\u015fas\u0131 ve Antisemitizm<\/em><\/p>\n<p style=\"text-align: justify;\">17 Ocak Cuma\u00a0 19.00<\/p>\n<p style=\"text-align: justify;\"><strong>Fethiye \u00c7etin<\/strong>:\u00a0<em>Hrant Dink Cinayetinin Yarg\u0131s\u0131<\/em><\/p>\n<p style=\"text-align: justify;\">31 Ocak Cuma 19.00<\/p>\n<p style=\"text-align: justify;\"><strong>Garabet Orun\u00f6z:<\/strong>\u00a0<em>Tuzla Yetimhanesi Belgeseli: \u201cKaybolmay\u0131n \u00c7ocuklar\u201d<\/em><\/p>\n<p style=\"text-align: justify;\">14 \u015eubat Cuma 19.00<\/p>\n<p style=\"text-align: justify;\"><strong>Erhan Ar\u0131k:<\/strong>\u00a0<em>Horovel Hikayeleri<\/em><\/p>\n<p style=\"text-align: justify;\">28 \u015eubat Cuma 19.00<\/p>\n<p style=\"text-align: justify;\"><strong>\u00d6zg\u00fcr Sevgi G\u00f6ral:<\/strong>\u00a0<em>D\u00fcnyadan Y\u00fczle\u015fme \u00d6rnekleri ve Ermeni Soyk\u0131r\u0131m\u0131n\u0131n tan\u0131nmas\u0131<\/em> (NV)<\/p>\n<p>Adres:\u00a0Rumeli cad. Nakiye Elg\u00fcn sok. \u0130kbal apt. N.32 Kat.1 Osmanbey \/ \u015ei\u015fli<\/p>\n<p style=\"text-align: justify;\">\u0130leti\u015fim:\u00a00535 771 80 87\u00a0<\/p>\n<p style=\"text-align: justify;\"><b><i>http:\/\/www.bianet.org\/bianet\/toplum\/152153-resmi-tarihle-yuzlesme-atolyeleri-basliyor?bia_source=rss<\/i><\/b><\/p>\n","protected":false},"excerpt":{"rendered":"<p>Resmi Tarihle Y\u00fczle\u015fme At\u00f6lyeleri&#8217;nin lk toplant\u0131s\u0131nda Nevzat Onaran &#8220;Emval-i Metruke: Ermeni ve Rum Mallar\u0131n\u0131n T\u00fcrkle\u015ftirilmesi&#8221; konusunu konu\u015facak. DS\u0130P&#8217;in d\u00fczenledi\u011fi\u00a0Resmi Tarihle Y\u00fczle\u015fme At\u00f6lyeleri&#8216;nin yeni d\u00f6nemi ba\u015fl\u0131yor. Aral\u0131k-\u015eubat program\u0131 at\u00f6lyelerinin ilk toplant\u0131s\u0131 20 Aral\u0131k Cuma g\u00fcn\u00fc\u00a0Nevzat Onaran &#8220;Emval-i Metruke: Ermeni ve Rum Mallar\u0131n\u0131n T\u00fcrkle\u015ftirilmesi&#8221;\u00a0olacak.\u00a0 2013&#8217;te ba\u015flayan Resmi Tarihle Y\u00fczle\u015fme At\u00f6lyeleri&#8217;nde ge\u00e7mi\u015f ile y\u00fczle\u015fmenin demokratik bir gelece\u011fin in\u015fas\u0131 [&hellip;]<\/p>\n","protected":false},"author":7,"featured_media":0,"comment_status":"open","ping_status":"open","sticky":false,"template":"","format":"standard","meta":{"footnotes":""},"categories":[1,56],"tags":[],"class_list":["post-27524","post","type-post","status-publish","format-standard","hentry","category-haberler","category-tartismalar"],"yoast_head":"<!-- This site is optimized with the Yoast SEO plugin v27.4 - https:\/\/yoast.com\/product\/yoast-seo-wordpress\/ -->\n<title>Resmi Tarihle Y\u00fczle\u015fme At\u00f6lyeleri Ba\u015fl\u0131yor - Bati Ermenistan Ve Bati Ermenileri Sorunlari Ara\u015ftirmalar Merkezi<\/title>\n<meta name=\"robots\" content=\"index, follow, max-snippet:-1, max-image-preview:large, max-video-preview:-1\" \/>\n<link rel=\"canonical\" href=\"https:\/\/akunq.net\/tr\/?p=27524\" \/>\n<meta property=\"og:locale\" content=\"en_US\" \/>\n<meta property=\"og:type\" content=\"article\" \/>\n<meta property=\"og:title\" content=\"Resmi Tarihle Y\u00fczle\u015fme At\u00f6lyeleri Ba\u015fl\u0131yor - Bati Ermenistan Ve Bati Ermenileri Sorunlari Ara\u015ftirmalar Merkezi\" \/>\n<meta property=\"og:description\" content=\"Resmi Tarihle Y\u00fczle\u015fme At\u00f6lyeleri&#8217;nin lk toplant\u0131s\u0131nda Nevzat Onaran &#8220;Emval-i Metruke: Ermeni ve Rum Mallar\u0131n\u0131n T\u00fcrkle\u015ftirilmesi&#8221; konusunu konu\u015facak. DS\u0130P&#8217;in d\u00fczenledi\u011fi\u00a0Resmi Tarihle Y\u00fczle\u015fme At\u00f6lyeleri&#8216;nin yeni d\u00f6nemi ba\u015fl\u0131yor. Aral\u0131k-\u015eubat program\u0131 at\u00f6lyelerinin ilk toplant\u0131s\u0131 20 Aral\u0131k Cuma g\u00fcn\u00fc\u00a0Nevzat Onaran &#8220;Emval-i Metruke: Ermeni ve Rum Mallar\u0131n\u0131n T\u00fcrkle\u015ftirilmesi&#8221;\u00a0olacak.\u00a0 2013&#8217;te ba\u015flayan Resmi Tarihle Y\u00fczle\u015fme At\u00f6lyeleri&#8217;nde ge\u00e7mi\u015f ile y\u00fczle\u015fmenin demokratik bir gelece\u011fin in\u015fas\u0131 [&hellip;]\" \/>\n<meta property=\"og:url\" content=\"https:\/\/akunq.net\/tr\/?p=27524\" \/>\n<meta property=\"og:site_name\" content=\"Bati Ermenistan Ve Bati Ermenileri Sorunlari Ara\u015ftirmalar Merkezi\" \/>\n<meta property=\"article:published_time\" content=\"2013-12-19T08:58:26+00:00\" \/>\n<meta name=\"author\" content=\"admin\" \/>\n<meta name=\"twitter:card\" content=\"summary_large_image\" \/>\n<meta name=\"twitter:label1\" content=\"Written by\" \/>\n\t<meta name=\"twitter:data1\" content=\"admin\" \/>\n\t<meta name=\"twitter:label2\" content=\"Est. reading time\" \/>\n\t<meta name=\"twitter:data2\" content=\"1 minute\" \/>\n<script type=\"application\/ld+json\" class=\"yoast-schema-graph\">{\"@context\":\"https:\\\/\\\/schema.org\",\"@graph\":[{\"@type\":\"Article\",\"@id\":\"https:\\\/\\\/akunq.net\\\/tr\\\/?p=27524#article\",\"isPartOf\":{\"@id\":\"https:\\\/\\\/akunq.net\\\/tr\\\/?p=27524\"},\"author\":{\"name\":\"admin\",\"@id\":\"https:\\\/\\\/akunq.net\\\/tr\\\/#\\\/schema\\\/person\\\/096f1d38a12cce57fb855b485ed24c9e\"},\"headline\":\"Resmi Tarihle Y\u00fczle\u015fme At\u00f6lyeleri Ba\u015fl\u0131yor\",\"datePublished\":\"2013-12-19T08:58:26+00:00\",\"mainEntityOfPage\":{\"@id\":\"https:\\\/\\\/akunq.net\\\/tr\\\/?p=27524\"},\"wordCount\":250,\"commentCount\":0,\"articleSection\":[\"Haberler\",\"Tart\u0131\u015fmalar\"],\"inLanguage\":\"en-US\",\"potentialAction\":[{\"@type\":\"CommentAction\",\"name\":\"Comment\",\"target\":[\"https:\\\/\\\/akunq.net\\\/tr\\\/?p=27524#respond\"]}]},{\"@type\":\"WebPage\",\"@id\":\"https:\\\/\\\/akunq.net\\\/tr\\\/?p=27524\",\"url\":\"https:\\\/\\\/akunq.net\\\/tr\\\/?p=27524\",\"name\":\"Resmi Tarihle Y\u00fczle\u015fme At\u00f6lyeleri Ba\u015fl\u0131yor - Bati Ermenistan Ve Bati Ermenileri Sorunlari Ara\u015ftirmalar Merkezi\",\"isPartOf\":{\"@id\":\"https:\\\/\\\/akunq.net\\\/tr\\\/#website\"},\"datePublished\":\"2013-12-19T08:58:26+00:00\",\"author\":{\"@id\":\"https:\\\/\\\/akunq.net\\\/tr\\\/#\\\/schema\\\/person\\\/096f1d38a12cce57fb855b485ed24c9e\"},\"breadcrumb\":{\"@id\":\"https:\\\/\\\/akunq.net\\\/tr\\\/?p=27524#breadcrumb\"},\"inLanguage\":\"en-US\",\"potentialAction\":[{\"@type\":\"ReadAction\",\"target\":[\"https:\\\/\\\/akunq.net\\\/tr\\\/?p=27524\"]}]},{\"@type\":\"BreadcrumbList\",\"@id\":\"https:\\\/\\\/akunq.net\\\/tr\\\/?p=27524#breadcrumb\",\"itemListElement\":[{\"@type\":\"ListItem\",\"position\":1,\"name\":\"Home\",\"item\":\"https:\\\/\\\/akunq.net\\\/tr\"},{\"@type\":\"ListItem\",\"position\":2,\"name\":\"Resmi Tarihle Y\u00fczle\u015fme At\u00f6lyeleri Ba\u015fl\u0131yor\"}]},{\"@type\":\"WebSite\",\"@id\":\"https:\\\/\\\/akunq.net\\\/tr\\\/#website\",\"url\":\"https:\\\/\\\/akunq.net\\\/tr\\\/\",\"name\":\"Bati Ermenistan Ve Bati Ermenileri Sorunlari Ara\u015ftirmalar Merkezi\",\"description\":\"\",\"potentialAction\":[{\"@type\":\"SearchAction\",\"target\":{\"@type\":\"EntryPoint\",\"urlTemplate\":\"https:\\\/\\\/akunq.net\\\/tr\\\/?s={search_term_string}\"},\"query-input\":{\"@type\":\"PropertyValueSpecification\",\"valueRequired\":true,\"valueName\":\"search_term_string\"}}],\"inLanguage\":\"en-US\"},{\"@type\":\"Person\",\"@id\":\"https:\\\/\\\/akunq.net\\\/tr\\\/#\\\/schema\\\/person\\\/096f1d38a12cce57fb855b485ed24c9e\",\"name\":\"admin\",\"url\":\"https:\\\/\\\/akunq.net\\\/tr\\\/?author=7\"}]}<\/script>\n<!-- \/ Yoast SEO plugin. -->","yoast_head_json":{"title":"Resmi Tarihle Y\u00fczle\u015fme At\u00f6lyeleri Ba\u015fl\u0131yor - Bati Ermenistan Ve Bati Ermenileri Sorunlari Ara\u015ftirmalar Merkezi","robots":{"index":"index","follow":"follow","max-snippet":"max-snippet:-1","max-image-preview":"max-image-preview:large","max-video-preview":"max-video-preview:-1"},"canonical":"https:\/\/akunq.net\/tr\/?p=27524","og_locale":"en_US","og_type":"article","og_title":"Resmi Tarihle Y\u00fczle\u015fme At\u00f6lyeleri Ba\u015fl\u0131yor - Bati Ermenistan Ve Bati Ermenileri Sorunlari Ara\u015ftirmalar Merkezi","og_description":"Resmi Tarihle Y\u00fczle\u015fme At\u00f6lyeleri&#8217;nin lk toplant\u0131s\u0131nda Nevzat Onaran &#8220;Emval-i Metruke: Ermeni ve Rum Mallar\u0131n\u0131n T\u00fcrkle\u015ftirilmesi&#8221; konusunu konu\u015facak. DS\u0130P&#8217;in d\u00fczenledi\u011fi\u00a0Resmi Tarihle Y\u00fczle\u015fme At\u00f6lyeleri&#8216;nin yeni d\u00f6nemi ba\u015fl\u0131yor. Aral\u0131k-\u015eubat program\u0131 at\u00f6lyelerinin ilk toplant\u0131s\u0131 20 Aral\u0131k Cuma g\u00fcn\u00fc\u00a0Nevzat Onaran &#8220;Emval-i Metruke: Ermeni ve Rum Mallar\u0131n\u0131n T\u00fcrkle\u015ftirilmesi&#8221;\u00a0olacak.\u00a0 2013&#8217;te ba\u015flayan Resmi Tarihle Y\u00fczle\u015fme At\u00f6lyeleri&#8217;nde ge\u00e7mi\u015f ile y\u00fczle\u015fmenin demokratik bir gelece\u011fin in\u015fas\u0131 [&hellip;]","og_url":"https:\/\/akunq.net\/tr\/?p=27524","og_site_name":"Bati Ermenistan Ve Bati Ermenileri Sorunlari Ara\u015ftirmalar Merkezi","article_published_time":"2013-12-19T08:58:26+00:00","author":"admin","twitter_card":"summary_large_image","twitter_misc":{"Written by":"admin","Est. reading time":"1 minute"},"schema":{"@context":"https:\/\/schema.org","@graph":[{"@type":"Article","@id":"https:\/\/akunq.net\/tr\/?p=27524#article","isPartOf":{"@id":"https:\/\/akunq.net\/tr\/?p=27524"},"author":{"name":"admin","@id":"https:\/\/akunq.net\/tr\/#\/schema\/person\/096f1d38a12cce57fb855b485ed24c9e"},"headline":"Resmi Tarihle Y\u00fczle\u015fme At\u00f6lyeleri Ba\u015fl\u0131yor","datePublished":"2013-12-19T08:58:26+00:00","mainEntityOfPage":{"@id":"https:\/\/akunq.net\/tr\/?p=27524"},"wordCount":250,"commentCount":0,"articleSection":["Haberler","Tart\u0131\u015fmalar"],"inLanguage":"en-US","potentialAction":[{"@type":"CommentAction","name":"Comment","target":["https:\/\/akunq.net\/tr\/?p=27524#respond"]}]},{"@type":"WebPage","@id":"https:\/\/akunq.net\/tr\/?p=27524","url":"https:\/\/akunq.net\/tr\/?p=27524","name":"Resmi Tarihle Y\u00fczle\u015fme At\u00f6lyeleri Ba\u015fl\u0131yor - Bati Ermenistan Ve Bati Ermenileri Sorunlari Ara\u015ftirmalar Merkezi","isPartOf":{"@id":"https:\/\/akunq.net\/tr\/#website"},"datePublished":"2013-12-19T08:58:26+00:00","author":{"@id":"https:\/\/akunq.net\/tr\/#\/schema\/person\/096f1d38a12cce57fb855b485ed24c9e"},"breadcrumb":{"@id":"https:\/\/akunq.net\/tr\/?p=27524#breadcrumb"},"inLanguage":"en-US","potentialAction":[{"@type":"ReadAction","target":["https:\/\/akunq.net\/tr\/?p=27524"]}]},{"@type":"BreadcrumbList","@id":"https:\/\/akunq.net\/tr\/?p=27524#breadcrumb","itemListElement":[{"@type":"ListItem","position":1,"name":"Home","item":"https:\/\/akunq.net\/tr"},{"@type":"ListItem","position":2,"name":"Resmi Tarihle Y\u00fczle\u015fme At\u00f6lyeleri Ba\u015fl\u0131yor"}]},{"@type":"WebSite","@id":"https:\/\/akunq.net\/tr\/#website","url":"https:\/\/akunq.net\/tr\/","name":"Bati Ermenistan Ve Bati Ermenileri Sorunlari Ara\u015ftirmalar Merkezi","description":"","potentialAction":[{"@type":"SearchAction","target":{"@type":"EntryPoint","urlTemplate":"https:\/\/akunq.net\/tr\/?s={search_term_string}"},"query-input":{"@type":"PropertyValueSpecification","valueRequired":true,"valueName":"search_term_string"}}],"inLanguage":"en-US"},{"@type":"Person","@id":"https:\/\/akunq.net\/tr\/#\/schema\/person\/096f1d38a12cce57fb855b485ed24c9e","name":"admin","url":"https:\/\/akunq.net\/tr\/?author=7"}]}},"_links":{"self":[{"href":"https:\/\/akunq.net\/tr\/index.php?rest_route=\/wp\/v2\/posts\/27524","targetHints":{"allow":["GET"]}}],"collection":[{"href":"https:\/\/akunq.net\/tr\/index.php?rest_route=\/wp\/v2\/posts"}],"about":[{"href":"https:\/\/akunq.net\/tr\/index.php?rest_route=\/wp\/v2\/types\/post"}],"author":[{"embeddable":true,"href":"https:\/\/akunq.net\/tr\/index.php?rest_route=\/wp\/v2\/users\/7"}],"replies":[{"embeddable":true,"href":"https:\/\/akunq.net\/tr\/index.php?rest_route=%2Fwp%2Fv2%2Fcomments&post=27524"}],"version-history":[{"count":1,"href":"https:\/\/akunq.net\/tr\/index.php?rest_route=\/wp\/v2\/posts\/27524\/revisions"}],"predecessor-version":[{"id":27526,"href":"https:\/\/akunq.net\/tr\/index.php?rest_route=\/wp\/v2\/posts\/27524\/revisions\/27526"}],"wp:attachment":[{"href":"https:\/\/akunq.net\/tr\/index.php?rest_route=%2Fwp%2Fv2%2Fmedia&parent=27524"}],"wp:term":[{"taxonomy":"category","embeddable":true,"href":"https:\/\/akunq.net\/tr\/index.php?rest_route=%2Fwp%2Fv2%2Fcategories&post=27524"},{"taxonomy":"post_tag","embeddable":true,"href":"https:\/\/akunq.net\/tr\/index.php?rest_route=%2Fwp%2Fv2%2Ftags&post=27524"}],"curies":[{"name":"wp","href":"https:\/\/api.w.org\/{rel}","templated":true}]}}