{"id":27521,"date":"2013-12-19T03:42:19","date_gmt":"2013-12-19T08:42:19","guid":{"rendered":"http:\/\/akunq.net\/tr\/?p=27521"},"modified":"2013-12-19T03:42:19","modified_gmt":"2013-12-19T08:42:19","slug":"gozler-kabine-revizyonunda-10-bakan-degisecek-mi","status":"publish","type":"post","link":"https:\/\/akunq.net\/tr\/?p=27521","title":{"rendered":"G\u00f6zler kabine revizyonunda: 10 bakan de\u011fi\u015fecek mi?"},"content":{"rendered":"<p style=\"text-align: justify;\"><em><strong><a href=\"http:\/\/akunq.net\/tr\/wp-content\/uploads\/2013\/12\/\u0539\u0578\u0582\u0580\u0584\u056b\u0561-\u0576\u0561\u056d\u0561\u0580\u0561\u0580\u0561\u056f\u0561\u0576-\u056f\u0561\u0562\u056b\u0576\u0565\u057f.jpg\"><img loading=\"lazy\" decoding=\"async\" class=\"alignright size-medium wp-image-27522\" alt=\"\u0539\u0578\u0582\u0580\u0584\u056b\u0561 \u0576\u0561\u056d\u0561\u0580\u0561\u0580\u0561\u056f\u0561\u0576 \u056f\u0561\u0562\u056b\u0576\u0565\u057f\" src=\"http:\/\/akunq.net\/tr\/wp-content\/uploads\/2013\/12\/\u0539\u0578\u0582\u0580\u0584\u056b\u0561-\u0576\u0561\u056d\u0561\u0580\u0561\u0580\u0561\u056f\u0561\u0576-\u056f\u0561\u0562\u056b\u0576\u0565\u057f-300x180.jpg\" width=\"300\" height=\"180\" srcset=\"https:\/\/akunq.net\/tr\/wp-content\/uploads\/sites\/6\/2013\/12\/\u0539\u0578\u0582\u0580\u0584\u056b\u0561-\u0576\u0561\u056d\u0561\u0580\u0561\u0580\u0561\u056f\u0561\u0576-\u056f\u0561\u0562\u056b\u0576\u0565\u057f-300x180.jpg 300w, https:\/\/akunq.net\/tr\/wp-content\/uploads\/sites\/6\/2013\/12\/\u0539\u0578\u0582\u0580\u0584\u056b\u0561-\u0576\u0561\u056d\u0561\u0580\u0561\u0580\u0561\u056f\u0561\u0576-\u056f\u0561\u0562\u056b\u0576\u0565\u057f.jpg 350w\" sizes=\"auto, (max-width: 300px) 100vw, 300px\" \/><\/a>Operasyonlarda ad\u0131 ge\u00e7en bakanlar\u0131n da revizyon kapsam\u0131na al\u0131nd\u0131\u011f\u0131 belirtiliyor. \u0130\u015fte ayr\u0131nt\u0131lar:<\/strong><\/em><br \/>\nBa\u015fbakan Erdo\u011fan&#8217;\u0131n cuma g\u00fcn\u00fc 2014 B\u00fct\u00e7e g\u00f6r\u00fc\u015fmelerinin sona ermesinin ard\u0131ndan yapmas\u0131 beklenen revizyonun kapsam\u0131n\u0131n geni\u015fledi\u011fi, operasyonlarda ad\u0131 ge\u00e7en bakanlar\u0131n da revizyon kapsam\u0131na al\u0131nd\u0131\u011f\u0131 belirtiliyor.<br \/>\nAK Parti \u2019ye bomba gibi d\u00fc\u015fen, bakan \u00e7ocuklar\u0131n\u0131 da kapsayan \u201cr\u00fc\u015fvet operasyonu\u201d, yerel se\u00e7imlerde aday g\u00f6sterilen bakanlar i\u00e7in yap\u0131lacak kabine revizyonunun \u00f6nemini artt\u0131rd\u0131. Kabine revizyonunun geni\u015fledi\u011fi ve \u00fc\u00e7 bakan\u0131n da \u201cgidecekler\u201d listesine al\u0131nd\u0131\u011f\u0131 iddia ediliyor. Kulislerdeki iddialara g\u00f6re, g\u00f6revden alma ve kabine i\u00e7i kayd\u0131rmalarla birlikte 10 bakan de\u011fi\u015fecek.<\/p>\n<p style=\"text-align: justify;\"><strong>AY SONUNU BEKLEMEYECEK<\/strong><br \/>\nSiyasi kulislerde, Ba\u015fbakan Tayyip Erdo\u011fan \u2019\u0131n cuma g\u00fcn\u00fc TBMM Genel Kurulu\u2019nda sona erecek 2014 B\u00fct\u00e7e Yasa Tasar\u0131s\u0131 g\u00f6r\u00fc\u015fmelerin ard\u0131ndan yapaca\u011f\u0131 revizyonun kapsam\u0131n\u0131n geni\u015fledi\u011fi konu\u015fuluyor. H\u00fcrriyet gazetesinden Nuray Babacan ve Turan Y\u0131lmaz\u2019\u0131n haberine g\u00f6re, Erdo\u011fan\u2019\u0131n 26 Aral\u0131k Per\u015fembe g\u00fcn\u00fc \u00c7ankaya K\u00f6\u015fk\u00fc\u2019ndeki ola\u011fan haftal\u0131k g\u00f6r\u00fc\u015fmesinin ard\u0131ndan 27 Aral\u0131k\u2019ta \u201cm\u00fcbarek cuma\u201d g\u00fcn\u00fc yapaca\u011f\u0131 iddia edilen kabine revizyonunun bir hafta \u00f6ne \u00e7ekildi\u011fi iddia ediliyor.<\/p>\n<p style=\"text-align: justify;\"><strong>\u2018REV\u0130ZYON ERKENE ALINDI\u2019 \u0130DD\u0130ASI<\/strong><br \/>\n\u0130ddialara g\u00f6re, Erdo\u011fan, yar\u0131n \u00c7ankaya K\u00f6\u015fk\u00fc\u2019nde Cumhurba\u015fkan\u0131 Abdullah G\u00fcl ile yapaca\u011f\u0131 g\u00f6r\u00fc\u015fmede, kabine revizyonu ve yolsuzluk operasyonuyla ilgili g\u00f6r\u00fc\u015fme yapacak. Kabine revizyonuna ili\u015fkin taslak listeyi sunacak. A\u00e7\u0131klamay\u0131 da cuma g\u00fcn\u00fc b\u00fct\u00e7e g\u00f6r\u00fc\u015fmeleri tamamland\u0131ktan sonra haftasonu yapabilece\u011fi konu\u015fuluyor.<\/p>\n<p style=\"text-align: justify;\"><strong>MUHALEFET ISRARCI<\/strong><br \/>\nTBMM kulislerinde ilk olarak CHP Genel Ba\u015fkan Yard\u0131mc\u0131s\u0131 G\u00fcrsel Tekin\u2019in \u201cO\u011fullar\u0131 ve kendisiyle ilgili yolsuzluk iddialar\u0131 ortaya at\u0131lan bakanlar\u0131n istifa etmesi gerekiyor\u201d a\u00e7\u0131klamas\u0131n\u0131n ard\u0131ndan, b\u00fct\u00e7e g\u00f6r\u00fc\u015fmeleri boyunca, \u201cyolsuzluk operasyonu ve r\u00fc\u015fvet iddialar\u0131\u201d g\u00fcndeme geldi. Muhalefet s\u00f6zc\u00fcleri, h\u00fck\u00fcmeti ele\u015ftirirken, ad\u0131 ge\u00e7en bakanlar Zafer \u00c7a\u011flayan, Erdo\u011fan Bayraktar ve Muammer G\u00fcler\u2019in soru\u015fturman\u0131n selameti a\u00e7\u0131s\u0131ndan istifa etmesi gerekti\u011fini dile getirdiler.<\/p>\n<p style=\"text-align: justify;\"><strong>AK PART\u0130\u2019DE \u0130K\u0130 YORUM<\/strong><br \/>\nAK Partililer iki g\u00fcnden bu yana olaylar ilgili yorum yapmakta zorlan\u0131rken, olay\u0131 iki a\u00e7\u0131dan de\u011ferlendiriyorlar. Operasyonu yapan polis ve savc\u0131lar\u0131n \u201ccemaatin ekibi\u201d oldu\u011fu yorumlar\u0131n\u0131n yan\u0131 s\u0131ra \u00fc\u00e7 bakan\u0131n g\u00f6revden al\u0131nmas\u0131 gerekti\u011fini dile getirenler de bulunuyor. Kulislerde iki g\u00f6r\u00fc\u015f \u00e7arp\u0131\u015f\u0131yor; Bir grup, \u00f6n\u00fcm\u00fczdeki g\u00fcnlerde yap\u0131lacak kabine revizyonunun bu \u00fc\u00e7 bakan\u0131 da kapsamas\u0131 gerekti\u011fi, Ba\u015fbakan Tayyip Erdo\u011fan\u2019\u0131n bu yapmas\u0131 durumunda se\u00e7imlerde daha rahat hareket edece\u011fini dile getiriyorlar. Bir grup ise \u201cBu k\u00fcresel aya\u011f\u0131 olan bir itibars\u0131zla\u015ft\u0131rma, Ba\u015fbakan\u0131 da hedef alabilir. Bu nedenle koruma refleksiyle hareket ederek, derhal g\u00f6revden alma yoluna gitmez\u201d de\u011ferlendirmesi yap\u0131yor.<\/p>\n<p style=\"text-align: justify;\"><strong>KAB\u0130NE REV\u0130ZYONU<\/strong><br \/>\nKabine revizyonunda yerel se\u00e7imlerde Hatay\u2019da aday g\u00f6sterilen Adalet Bakan\u0131 Sadullah Ergin\u2019in yerine Ba\u015fbakan Yard\u0131mc\u0131s\u0131 Bekir Bozda\u011f veya Genel Ba\u015fkan Yard\u0131mc\u0131s\u0131 Mustafa \u015eentop\u2019un, Ula\u015ft\u0131rma Denizcilik ve Haberle\u015fme Bakan\u0131 Binali Y\u0131ld\u0131r\u0131m\u2019\u0131n yerine Milli Savunma Bakan\u0131 \u0130smet Y\u0131lmaz\u2019\u0131n, Gaziantep i\u00e7in aday g\u00f6sterilen Aile ve Sosyal Politikalar Bakan\u0131 Fatma \u015eahin\u2019in yerine Fazilet Da\u011f\u00e7\u0131 \u00c7\u0131\u011fl\u0131k veya Halide \u0130ncekara\u2019n\u0131n ad\u0131 ge\u00e7iyor. \u0130smet Y\u0131lmaz\u2019dan bo\u015falan Milli Savunma Bakanl\u0131\u011f\u0131\u2019n\u0131n yan\u0131 s\u0131ra son operasyonlarda o\u011fullar\u0131 g\u00f6zalt\u0131na al\u0131nan Zafer \u00c7a\u011flayan, Erdo\u011fan Bayraktar, Muammer G\u00fcler\u2019in yerine ise Mahir \u00dcnal, Nurettin Canikli, Haluk \u0130pek ve Ahmet Aslan\u2019\u0131n ismi g\u00fcndeme geliyor.<\/p>\n<p style=\"text-align: justify;\"><em><strong>(RAD\u0130KAL)<\/strong><\/em><br \/>\n<em><strong>http:\/\/www.ekoayrinti.com\/news_detail.php?id=138925<\/strong><\/em><\/p>\n","protected":false},"excerpt":{"rendered":"<p>Operasyonlarda ad\u0131 ge\u00e7en bakanlar\u0131n da revizyon kapsam\u0131na al\u0131nd\u0131\u011f\u0131 belirtiliyor. \u0130\u015fte ayr\u0131nt\u0131lar: Ba\u015fbakan Erdo\u011fan&#8217;\u0131n cuma g\u00fcn\u00fc 2014 B\u00fct\u00e7e g\u00f6r\u00fc\u015fmelerinin sona ermesinin ard\u0131ndan yapmas\u0131 beklenen revizyonun kapsam\u0131n\u0131n geni\u015fledi\u011fi, operasyonlarda ad\u0131 ge\u00e7en bakanlar\u0131n da revizyon kapsam\u0131na al\u0131nd\u0131\u011f\u0131 belirtiliyor. AK Parti \u2019ye bomba gibi d\u00fc\u015fen, bakan \u00e7ocuklar\u0131n\u0131 da kapsayan \u201cr\u00fc\u015fvet operasyonu\u201d, yerel se\u00e7imlerde aday g\u00f6sterilen bakanlar i\u00e7in yap\u0131lacak kabine [&hellip;]<\/p>\n","protected":false},"author":7,"featured_media":0,"comment_status":"open","ping_status":"open","sticky":false,"template":"","format":"standard","meta":{"footnotes":""},"categories":[1],"tags":[],"class_list":["post-27521","post","type-post","status-publish","format-standard","hentry","category-haberler"],"yoast_head":"<!-- This site is optimized with the Yoast SEO plugin v27.4 - https:\/\/yoast.com\/product\/yoast-seo-wordpress\/ -->\n<title>G\u00f6zler kabine revizyonunda: 10 bakan de\u011fi\u015fecek mi? - Bati Ermenistan Ve Bati Ermenileri Sorunlari Ara\u015ftirmalar Merkezi<\/title>\n<meta name=\"robots\" content=\"index, follow, max-snippet:-1, max-image-preview:large, max-video-preview:-1\" \/>\n<link rel=\"canonical\" href=\"https:\/\/akunq.net\/tr\/?p=27521\" \/>\n<meta property=\"og:locale\" content=\"en_US\" \/>\n<meta property=\"og:type\" content=\"article\" \/>\n<meta property=\"og:title\" content=\"G\u00f6zler kabine revizyonunda: 10 bakan de\u011fi\u015fecek mi? - Bati Ermenistan Ve Bati Ermenileri Sorunlari Ara\u015ftirmalar Merkezi\" \/>\n<meta property=\"og:description\" content=\"Operasyonlarda ad\u0131 ge\u00e7en bakanlar\u0131n da revizyon kapsam\u0131na al\u0131nd\u0131\u011f\u0131 belirtiliyor. \u0130\u015fte ayr\u0131nt\u0131lar: Ba\u015fbakan Erdo\u011fan&#8217;\u0131n cuma g\u00fcn\u00fc 2014 B\u00fct\u00e7e g\u00f6r\u00fc\u015fmelerinin sona ermesinin ard\u0131ndan yapmas\u0131 beklenen revizyonun kapsam\u0131n\u0131n geni\u015fledi\u011fi, operasyonlarda ad\u0131 ge\u00e7en bakanlar\u0131n da revizyon kapsam\u0131na al\u0131nd\u0131\u011f\u0131 belirtiliyor. AK Parti \u2019ye bomba gibi d\u00fc\u015fen, bakan \u00e7ocuklar\u0131n\u0131 da kapsayan \u201cr\u00fc\u015fvet operasyonu\u201d, yerel se\u00e7imlerde aday g\u00f6sterilen bakanlar i\u00e7in yap\u0131lacak kabine [&hellip;]\" \/>\n<meta property=\"og:url\" content=\"https:\/\/akunq.net\/tr\/?p=27521\" \/>\n<meta property=\"og:site_name\" content=\"Bati Ermenistan Ve Bati Ermenileri Sorunlari Ara\u015ftirmalar Merkezi\" \/>\n<meta property=\"article:published_time\" content=\"2013-12-19T08:42:19+00:00\" \/>\n<meta name=\"author\" content=\"admin\" \/>\n<meta name=\"twitter:card\" content=\"summary_large_image\" \/>\n<meta name=\"twitter:label1\" content=\"Written by\" \/>\n\t<meta name=\"twitter:data1\" content=\"admin\" \/>\n\t<meta name=\"twitter:label2\" content=\"Est. reading time\" \/>\n\t<meta name=\"twitter:data2\" content=\"3 minutes\" \/>\n<script type=\"application\/ld+json\" class=\"yoast-schema-graph\">{\"@context\":\"https:\\\/\\\/schema.org\",\"@graph\":[{\"@type\":\"Article\",\"@id\":\"https:\\\/\\\/akunq.net\\\/tr\\\/?p=27521#article\",\"isPartOf\":{\"@id\":\"https:\\\/\\\/akunq.net\\\/tr\\\/?p=27521\"},\"author\":{\"name\":\"admin\",\"@id\":\"https:\\\/\\\/akunq.net\\\/tr\\\/#\\\/schema\\\/person\\\/096f1d38a12cce57fb855b485ed24c9e\"},\"headline\":\"G\u00f6zler kabine revizyonunda: 10 bakan de\u011fi\u015fecek mi?\",\"datePublished\":\"2013-12-19T08:42:19+00:00\",\"mainEntityOfPage\":{\"@id\":\"https:\\\/\\\/akunq.net\\\/tr\\\/?p=27521\"},\"wordCount\":654,\"commentCount\":0,\"articleSection\":[\"Haberler\"],\"inLanguage\":\"en-US\",\"potentialAction\":[{\"@type\":\"CommentAction\",\"name\":\"Comment\",\"target\":[\"https:\\\/\\\/akunq.net\\\/tr\\\/?p=27521#respond\"]}]},{\"@type\":\"WebPage\",\"@id\":\"https:\\\/\\\/akunq.net\\\/tr\\\/?p=27521\",\"url\":\"https:\\\/\\\/akunq.net\\\/tr\\\/?p=27521\",\"name\":\"G\u00f6zler kabine revizyonunda: 10 bakan de\u011fi\u015fecek mi? - Bati Ermenistan Ve Bati Ermenileri Sorunlari Ara\u015ftirmalar Merkezi\",\"isPartOf\":{\"@id\":\"https:\\\/\\\/akunq.net\\\/tr\\\/#website\"},\"datePublished\":\"2013-12-19T08:42:19+00:00\",\"author\":{\"@id\":\"https:\\\/\\\/akunq.net\\\/tr\\\/#\\\/schema\\\/person\\\/096f1d38a12cce57fb855b485ed24c9e\"},\"breadcrumb\":{\"@id\":\"https:\\\/\\\/akunq.net\\\/tr\\\/?p=27521#breadcrumb\"},\"inLanguage\":\"en-US\",\"potentialAction\":[{\"@type\":\"ReadAction\",\"target\":[\"https:\\\/\\\/akunq.net\\\/tr\\\/?p=27521\"]}]},{\"@type\":\"BreadcrumbList\",\"@id\":\"https:\\\/\\\/akunq.net\\\/tr\\\/?p=27521#breadcrumb\",\"itemListElement\":[{\"@type\":\"ListItem\",\"position\":1,\"name\":\"Home\",\"item\":\"https:\\\/\\\/akunq.net\\\/tr\"},{\"@type\":\"ListItem\",\"position\":2,\"name\":\"G\u00f6zler kabine revizyonunda: 10 bakan de\u011fi\u015fecek mi?\"}]},{\"@type\":\"WebSite\",\"@id\":\"https:\\\/\\\/akunq.net\\\/tr\\\/#website\",\"url\":\"https:\\\/\\\/akunq.net\\\/tr\\\/\",\"name\":\"Bati Ermenistan Ve Bati Ermenileri Sorunlari Ara\u015ftirmalar Merkezi\",\"description\":\"\",\"potentialAction\":[{\"@type\":\"SearchAction\",\"target\":{\"@type\":\"EntryPoint\",\"urlTemplate\":\"https:\\\/\\\/akunq.net\\\/tr\\\/?s={search_term_string}\"},\"query-input\":{\"@type\":\"PropertyValueSpecification\",\"valueRequired\":true,\"valueName\":\"search_term_string\"}}],\"inLanguage\":\"en-US\"},{\"@type\":\"Person\",\"@id\":\"https:\\\/\\\/akunq.net\\\/tr\\\/#\\\/schema\\\/person\\\/096f1d38a12cce57fb855b485ed24c9e\",\"name\":\"admin\",\"url\":\"https:\\\/\\\/akunq.net\\\/tr\\\/?author=7\"}]}<\/script>\n<!-- \/ Yoast SEO plugin. -->","yoast_head_json":{"title":"G\u00f6zler kabine revizyonunda: 10 bakan de\u011fi\u015fecek mi? - Bati Ermenistan Ve Bati Ermenileri Sorunlari Ara\u015ftirmalar Merkezi","robots":{"index":"index","follow":"follow","max-snippet":"max-snippet:-1","max-image-preview":"max-image-preview:large","max-video-preview":"max-video-preview:-1"},"canonical":"https:\/\/akunq.net\/tr\/?p=27521","og_locale":"en_US","og_type":"article","og_title":"G\u00f6zler kabine revizyonunda: 10 bakan de\u011fi\u015fecek mi? - Bati Ermenistan Ve Bati Ermenileri Sorunlari Ara\u015ftirmalar Merkezi","og_description":"Operasyonlarda ad\u0131 ge\u00e7en bakanlar\u0131n da revizyon kapsam\u0131na al\u0131nd\u0131\u011f\u0131 belirtiliyor. \u0130\u015fte ayr\u0131nt\u0131lar: Ba\u015fbakan Erdo\u011fan&#8217;\u0131n cuma g\u00fcn\u00fc 2014 B\u00fct\u00e7e g\u00f6r\u00fc\u015fmelerinin sona ermesinin ard\u0131ndan yapmas\u0131 beklenen revizyonun kapsam\u0131n\u0131n geni\u015fledi\u011fi, operasyonlarda ad\u0131 ge\u00e7en bakanlar\u0131n da revizyon kapsam\u0131na al\u0131nd\u0131\u011f\u0131 belirtiliyor. AK Parti \u2019ye bomba gibi d\u00fc\u015fen, bakan \u00e7ocuklar\u0131n\u0131 da kapsayan \u201cr\u00fc\u015fvet operasyonu\u201d, yerel se\u00e7imlerde aday g\u00f6sterilen bakanlar i\u00e7in yap\u0131lacak kabine [&hellip;]","og_url":"https:\/\/akunq.net\/tr\/?p=27521","og_site_name":"Bati Ermenistan Ve Bati Ermenileri Sorunlari Ara\u015ftirmalar Merkezi","article_published_time":"2013-12-19T08:42:19+00:00","author":"admin","twitter_card":"summary_large_image","twitter_misc":{"Written by":"admin","Est. reading time":"3 minutes"},"schema":{"@context":"https:\/\/schema.org","@graph":[{"@type":"Article","@id":"https:\/\/akunq.net\/tr\/?p=27521#article","isPartOf":{"@id":"https:\/\/akunq.net\/tr\/?p=27521"},"author":{"name":"admin","@id":"https:\/\/akunq.net\/tr\/#\/schema\/person\/096f1d38a12cce57fb855b485ed24c9e"},"headline":"G\u00f6zler kabine revizyonunda: 10 bakan de\u011fi\u015fecek mi?","datePublished":"2013-12-19T08:42:19+00:00","mainEntityOfPage":{"@id":"https:\/\/akunq.net\/tr\/?p=27521"},"wordCount":654,"commentCount":0,"articleSection":["Haberler"],"inLanguage":"en-US","potentialAction":[{"@type":"CommentAction","name":"Comment","target":["https:\/\/akunq.net\/tr\/?p=27521#respond"]}]},{"@type":"WebPage","@id":"https:\/\/akunq.net\/tr\/?p=27521","url":"https:\/\/akunq.net\/tr\/?p=27521","name":"G\u00f6zler kabine revizyonunda: 10 bakan de\u011fi\u015fecek mi? - Bati Ermenistan Ve Bati Ermenileri Sorunlari Ara\u015ftirmalar Merkezi","isPartOf":{"@id":"https:\/\/akunq.net\/tr\/#website"},"datePublished":"2013-12-19T08:42:19+00:00","author":{"@id":"https:\/\/akunq.net\/tr\/#\/schema\/person\/096f1d38a12cce57fb855b485ed24c9e"},"breadcrumb":{"@id":"https:\/\/akunq.net\/tr\/?p=27521#breadcrumb"},"inLanguage":"en-US","potentialAction":[{"@type":"ReadAction","target":["https:\/\/akunq.net\/tr\/?p=27521"]}]},{"@type":"BreadcrumbList","@id":"https:\/\/akunq.net\/tr\/?p=27521#breadcrumb","itemListElement":[{"@type":"ListItem","position":1,"name":"Home","item":"https:\/\/akunq.net\/tr"},{"@type":"ListItem","position":2,"name":"G\u00f6zler kabine revizyonunda: 10 bakan de\u011fi\u015fecek mi?"}]},{"@type":"WebSite","@id":"https:\/\/akunq.net\/tr\/#website","url":"https:\/\/akunq.net\/tr\/","name":"Bati Ermenistan Ve Bati Ermenileri Sorunlari Ara\u015ftirmalar Merkezi","description":"","potentialAction":[{"@type":"SearchAction","target":{"@type":"EntryPoint","urlTemplate":"https:\/\/akunq.net\/tr\/?s={search_term_string}"},"query-input":{"@type":"PropertyValueSpecification","valueRequired":true,"valueName":"search_term_string"}}],"inLanguage":"en-US"},{"@type":"Person","@id":"https:\/\/akunq.net\/tr\/#\/schema\/person\/096f1d38a12cce57fb855b485ed24c9e","name":"admin","url":"https:\/\/akunq.net\/tr\/?author=7"}]}},"_links":{"self":[{"href":"https:\/\/akunq.net\/tr\/index.php?rest_route=\/wp\/v2\/posts\/27521","targetHints":{"allow":["GET"]}}],"collection":[{"href":"https:\/\/akunq.net\/tr\/index.php?rest_route=\/wp\/v2\/posts"}],"about":[{"href":"https:\/\/akunq.net\/tr\/index.php?rest_route=\/wp\/v2\/types\/post"}],"author":[{"embeddable":true,"href":"https:\/\/akunq.net\/tr\/index.php?rest_route=\/wp\/v2\/users\/7"}],"replies":[{"embeddable":true,"href":"https:\/\/akunq.net\/tr\/index.php?rest_route=%2Fwp%2Fv2%2Fcomments&post=27521"}],"version-history":[{"count":1,"href":"https:\/\/akunq.net\/tr\/index.php?rest_route=\/wp\/v2\/posts\/27521\/revisions"}],"predecessor-version":[{"id":27523,"href":"https:\/\/akunq.net\/tr\/index.php?rest_route=\/wp\/v2\/posts\/27521\/revisions\/27523"}],"wp:attachment":[{"href":"https:\/\/akunq.net\/tr\/index.php?rest_route=%2Fwp%2Fv2%2Fmedia&parent=27521"}],"wp:term":[{"taxonomy":"category","embeddable":true,"href":"https:\/\/akunq.net\/tr\/index.php?rest_route=%2Fwp%2Fv2%2Fcategories&post=27521"},{"taxonomy":"post_tag","embeddable":true,"href":"https:\/\/akunq.net\/tr\/index.php?rest_route=%2Fwp%2Fv2%2Ftags&post=27521"}],"curies":[{"name":"wp","href":"https:\/\/api.w.org\/{rel}","templated":true}]}}