{"id":27505,"date":"2013-12-19T02:05:26","date_gmt":"2013-12-19T07:05:26","guid":{"rendered":"http:\/\/akunq.net\/tr\/?p=27505"},"modified":"2013-12-19T02:05:26","modified_gmt":"2013-12-19T07:05:26","slug":"hay-dat-ermeni-davasi-akunq-web-sayfasi-yoneticileri-avrupa-ofisi-aihmnin-perinceke-iliskin-kararini-kinadi","status":"publish","type":"post","link":"https:\/\/akunq.net\/tr\/?p=27505","title":{"rendered":"Hay Dat (Ermeni Davas\u0131-\u2018Akunq\u2019 web sayfas\u0131 y\u00f6neticileri) Avrupa Ofisi, A\u0130HM\u2019nin Perin\u00e7ek\u2019e ili\u015fkin karar\u0131n\u0131 k\u0131nad\u0131"},"content":{"rendered":"<p style=\"text-align: justify;\"><b><i><a href=\"http:\/\/akunq.net\/tr\/wp-content\/uploads\/2013\/12\/Hay-Dat.jpg\"><img loading=\"lazy\" decoding=\"async\" class=\"alignright size-medium wp-image-27506\" alt=\"Hay Dat\" src=\"http:\/\/akunq.net\/tr\/wp-content\/uploads\/2013\/12\/Hay-Dat-300x224.jpg\" width=\"300\" height=\"224\" srcset=\"https:\/\/akunq.net\/tr\/wp-content\/uploads\/sites\/6\/2013\/12\/Hay-Dat-300x224.jpg 300w, https:\/\/akunq.net\/tr\/wp-content\/uploads\/sites\/6\/2013\/12\/Hay-Dat.jpg 314w\" sizes=\"auto, (max-width: 300px) 100vw, 300px\" \/><\/a>Avrupa \u0130nsan Haklar\u0131 Mahkemesi (A\u0130HM) 17 Aral\u0131k\u2019ta verdi\u011fi kararla Ermeni Soyk\u0131r\u0131m\u0131n\u0131n inkar\u0131n\u0131n su\u00e7 olmad\u0131\u011f\u0131na karar k\u0131ld\u0131. Mahkemeye g\u00f6re, Lozan Mahkemesinin 2007\u2019de T\u00fcrkiye \u0130\u015f\u00e7i Partisi lideri Do\u011fu Perin\u00e7ek\u2019e kar\u015f\u0131 ald\u0131\u011f\u0131 karar, ifade \u00f6zg\u00fcrl\u00fc\u011f\u00fcne darbe vurmakta.\u00a0 Do\u011fu Perin\u00e7ek, \u0130svi\u00e7re Mahkemesi taraf\u0131ndan Soyk\u0131r\u0131m inkarc\u0131s\u0131 olarak yarg\u0131lanm\u0131\u015ft\u0131.<\/i><\/b><\/p>\n<p style=\"text-align: justify;\">Ta\u015fnaksutyun Partisi Fransa Hay Dat Ofisi ve Ta\u015fnaksutyun Avrupa Hay Dat Komisyonunun konuya ili\u015fkin yapt\u0131\u011f\u0131 duyuruda \u015funlar kaydedilmekte:<\/p>\n<p style=\"text-align: justify;\">\u00abFransa Hay Dat Ofisi bu karar\u0131 sert bir \u015fekilde k\u0131namakta, bu \u00e7ok tehlikeli olup, Avrupa sath\u0131nda Ankara ve Bak\u00fc taraf\u0131ndan y\u00f6neltilen inkarc\u0131 ak\u0131nt\u0131yla do\u011frudan dayan\u0131\u015fma olup, ek bir mecra a\u00e7maktad\u0131r. Hatta\u00a0 s\u00f6z \u00f6zg\u00fcrl\u00fc\u011f\u00fc aras\u0131na saklanarak, Fransa Anaysa Konseyi\u2019nin yakla\u015f\u0131m\u0131n\u0131 \u00f6rnek alarak Avrupa Mahkemesi bu me\u015fum karar\u0131yla Ermeni Soyk\u0131r\u0131m\u0131 kurbanlar\u0131 ve ard\u0131l\u0131 nesillerinin onur hakk\u0131n\u0131 ayaklar alt\u0131na almaktad\u0131r.<\/p>\n<p style=\"text-align: justify;\">Fransa Hay Dat Ofisi, Hay Dat Avrupa Komisyonu Br\u00fcksel Ofisiyle i\u015fbirli\u011fi i\u00e7inde Avrupa Mahkemesi\u2019nin bu kabul edilemez karar\u0131na kar\u015f\u0131 t\u00fcm olanaklar\u0131yla m\u00fccade edecektir. \u0130svi\u00e7re protesto etme ve tekrar duru\u015fma talep etmek\u00a0 y\u00f6n\u00fcnde Avrupa Mahkemesine ba\u015fvuru i\u00e7in 3 aya sahiptir. Bu ba\u011flamda, \u0130svi\u00e7re y\u00f6netiminden beklentilerimizi sunmak \u00fczere ilk elde \u0130svi\u00e7re\u2019nin Paris B\u00fcy\u00fckel\u00e7i\u2019siyle g\u00f6r\u00fc\u015fme talep edilmi\u015ftir. Bu kampanyaya kar\u015f\u0131 ortak cephe olu\u015fturulmas\u0131 y\u00f6n\u00fcnde koordineli di\u011fer inisyatifler farkl\u0131 \u00fclkelerdeki Hay Dat ofisleri ve komisyonlar\u0131 yan\u0131s\u0131ra Yerevan resmi \u00e7evrelerince ger\u00e7ekle\u015ftirilecektir.\u00bb<\/p>\n<p style=\"text-align: justify;\"><b><i>http:\/\/news.am\/tur\/news\/185954.html<\/i><\/b><\/p>\n","protected":false},"excerpt":{"rendered":"<p>Avrupa \u0130nsan Haklar\u0131 Mahkemesi (A\u0130HM) 17 Aral\u0131k\u2019ta verdi\u011fi kararla Ermeni Soyk\u0131r\u0131m\u0131n\u0131n inkar\u0131n\u0131n su\u00e7 olmad\u0131\u011f\u0131na karar k\u0131ld\u0131. Mahkemeye g\u00f6re, Lozan Mahkemesinin 2007\u2019de T\u00fcrkiye \u0130\u015f\u00e7i Partisi lideri Do\u011fu Perin\u00e7ek\u2019e kar\u015f\u0131 ald\u0131\u011f\u0131 karar, ifade \u00f6zg\u00fcrl\u00fc\u011f\u00fcne darbe vurmakta.\u00a0 Do\u011fu Perin\u00e7ek, \u0130svi\u00e7re Mahkemesi taraf\u0131ndan Soyk\u0131r\u0131m inkarc\u0131s\u0131 olarak yarg\u0131lanm\u0131\u015ft\u0131. Ta\u015fnaksutyun Partisi Fransa Hay Dat Ofisi ve Ta\u015fnaksutyun Avrupa Hay Dat Komisyonunun [&hellip;]<\/p>\n","protected":false},"author":7,"featured_media":0,"comment_status":"open","ping_status":"open","sticky":false,"template":"","format":"standard","meta":{"footnotes":""},"categories":[1],"tags":[],"class_list":["post-27505","post","type-post","status-publish","format-standard","hentry","category-haberler"],"yoast_head":"<!-- This site is optimized with the Yoast SEO plugin v27.4 - https:\/\/yoast.com\/product\/yoast-seo-wordpress\/ -->\n<title>Hay Dat (Ermeni Davas\u0131-\u2018Akunq\u2019 web sayfas\u0131 y\u00f6neticileri) Avrupa Ofisi, A\u0130HM\u2019nin Perin\u00e7ek\u2019e ili\u015fkin karar\u0131n\u0131 k\u0131nad\u0131 - Bati Ermenistan Ve Bati Ermenileri Sorunlari Ara\u015ftirmalar Merkezi<\/title>\n<meta name=\"robots\" content=\"index, follow, max-snippet:-1, max-image-preview:large, max-video-preview:-1\" \/>\n<link rel=\"canonical\" href=\"https:\/\/akunq.net\/tr\/?p=27505\" \/>\n<meta property=\"og:locale\" content=\"en_US\" \/>\n<meta property=\"og:type\" content=\"article\" \/>\n<meta property=\"og:title\" content=\"Hay Dat (Ermeni Davas\u0131-\u2018Akunq\u2019 web sayfas\u0131 y\u00f6neticileri) Avrupa Ofisi, A\u0130HM\u2019nin Perin\u00e7ek\u2019e ili\u015fkin karar\u0131n\u0131 k\u0131nad\u0131 - Bati Ermenistan Ve Bati Ermenileri Sorunlari Ara\u015ftirmalar Merkezi\" \/>\n<meta property=\"og:description\" content=\"Avrupa \u0130nsan Haklar\u0131 Mahkemesi (A\u0130HM) 17 Aral\u0131k\u2019ta verdi\u011fi kararla Ermeni Soyk\u0131r\u0131m\u0131n\u0131n inkar\u0131n\u0131n su\u00e7 olmad\u0131\u011f\u0131na karar k\u0131ld\u0131. Mahkemeye g\u00f6re, Lozan Mahkemesinin 2007\u2019de T\u00fcrkiye \u0130\u015f\u00e7i Partisi lideri Do\u011fu Perin\u00e7ek\u2019e kar\u015f\u0131 ald\u0131\u011f\u0131 karar, ifade \u00f6zg\u00fcrl\u00fc\u011f\u00fcne darbe vurmakta.\u00a0 Do\u011fu Perin\u00e7ek, \u0130svi\u00e7re Mahkemesi taraf\u0131ndan Soyk\u0131r\u0131m inkarc\u0131s\u0131 olarak yarg\u0131lanm\u0131\u015ft\u0131. Ta\u015fnaksutyun Partisi Fransa Hay Dat Ofisi ve Ta\u015fnaksutyun Avrupa Hay Dat Komisyonunun [&hellip;]\" \/>\n<meta property=\"og:url\" content=\"https:\/\/akunq.net\/tr\/?p=27505\" \/>\n<meta property=\"og:site_name\" content=\"Bati Ermenistan Ve Bati Ermenileri Sorunlari Ara\u015ftirmalar Merkezi\" \/>\n<meta property=\"article:published_time\" content=\"2013-12-19T07:05:26+00:00\" \/>\n<meta property=\"og:image\" content=\"http:\/\/akunq.net\/tr\/wp-content\/uploads\/2013\/12\/Hay-Dat-300x224.jpg\" \/>\n<meta name=\"author\" content=\"admin\" \/>\n<meta name=\"twitter:card\" content=\"summary_large_image\" \/>\n<meta name=\"twitter:label1\" content=\"Written by\" \/>\n\t<meta name=\"twitter:data1\" content=\"admin\" \/>\n\t<meta name=\"twitter:label2\" content=\"Est. reading time\" \/>\n\t<meta name=\"twitter:data2\" content=\"1 minute\" \/>\n<script type=\"application\/ld+json\" class=\"yoast-schema-graph\">{\"@context\":\"https:\\\/\\\/schema.org\",\"@graph\":[{\"@type\":\"Article\",\"@id\":\"https:\\\/\\\/akunq.net\\\/tr\\\/?p=27505#article\",\"isPartOf\":{\"@id\":\"https:\\\/\\\/akunq.net\\\/tr\\\/?p=27505\"},\"author\":{\"name\":\"admin\",\"@id\":\"https:\\\/\\\/akunq.net\\\/tr\\\/#\\\/schema\\\/person\\\/096f1d38a12cce57fb855b485ed24c9e\"},\"headline\":\"Hay Dat (Ermeni Davas\u0131-\u2018Akunq\u2019 web sayfas\u0131 y\u00f6neticileri) Avrupa Ofisi, A\u0130HM\u2019nin Perin\u00e7ek\u2019e ili\u015fkin karar\u0131n\u0131 k\u0131nad\u0131\",\"datePublished\":\"2013-12-19T07:05:26+00:00\",\"mainEntityOfPage\":{\"@id\":\"https:\\\/\\\/akunq.net\\\/tr\\\/?p=27505\"},\"wordCount\":312,\"commentCount\":0,\"image\":{\"@id\":\"https:\\\/\\\/akunq.net\\\/tr\\\/?p=27505#primaryimage\"},\"thumbnailUrl\":\"http:\\\/\\\/akunq.net\\\/tr\\\/wp-content\\\/uploads\\\/2013\\\/12\\\/Hay-Dat-300x224.jpg\",\"articleSection\":[\"Haberler\"],\"inLanguage\":\"en-US\",\"potentialAction\":[{\"@type\":\"CommentAction\",\"name\":\"Comment\",\"target\":[\"https:\\\/\\\/akunq.net\\\/tr\\\/?p=27505#respond\"]}]},{\"@type\":\"WebPage\",\"@id\":\"https:\\\/\\\/akunq.net\\\/tr\\\/?p=27505\",\"url\":\"https:\\\/\\\/akunq.net\\\/tr\\\/?p=27505\",\"name\":\"Hay Dat (Ermeni Davas\u0131-\u2018Akunq\u2019 web sayfas\u0131 y\u00f6neticileri) Avrupa Ofisi, A\u0130HM\u2019nin Perin\u00e7ek\u2019e ili\u015fkin karar\u0131n\u0131 k\u0131nad\u0131 - Bati Ermenistan Ve Bati Ermenileri Sorunlari Ara\u015ftirmalar Merkezi\",\"isPartOf\":{\"@id\":\"https:\\\/\\\/akunq.net\\\/tr\\\/#website\"},\"primaryImageOfPage\":{\"@id\":\"https:\\\/\\\/akunq.net\\\/tr\\\/?p=27505#primaryimage\"},\"image\":{\"@id\":\"https:\\\/\\\/akunq.net\\\/tr\\\/?p=27505#primaryimage\"},\"thumbnailUrl\":\"http:\\\/\\\/akunq.net\\\/tr\\\/wp-content\\\/uploads\\\/2013\\\/12\\\/Hay-Dat-300x224.jpg\",\"datePublished\":\"2013-12-19T07:05:26+00:00\",\"author\":{\"@id\":\"https:\\\/\\\/akunq.net\\\/tr\\\/#\\\/schema\\\/person\\\/096f1d38a12cce57fb855b485ed24c9e\"},\"breadcrumb\":{\"@id\":\"https:\\\/\\\/akunq.net\\\/tr\\\/?p=27505#breadcrumb\"},\"inLanguage\":\"en-US\",\"potentialAction\":[{\"@type\":\"ReadAction\",\"target\":[\"https:\\\/\\\/akunq.net\\\/tr\\\/?p=27505\"]}]},{\"@type\":\"ImageObject\",\"inLanguage\":\"en-US\",\"@id\":\"https:\\\/\\\/akunq.net\\\/tr\\\/?p=27505#primaryimage\",\"url\":\"https:\\\/\\\/akunq.net\\\/tr\\\/wp-content\\\/uploads\\\/sites\\\/6\\\/2013\\\/12\\\/Hay-Dat.jpg\",\"contentUrl\":\"https:\\\/\\\/akunq.net\\\/tr\\\/wp-content\\\/uploads\\\/sites\\\/6\\\/2013\\\/12\\\/Hay-Dat.jpg\",\"width\":314,\"height\":235},{\"@type\":\"BreadcrumbList\",\"@id\":\"https:\\\/\\\/akunq.net\\\/tr\\\/?p=27505#breadcrumb\",\"itemListElement\":[{\"@type\":\"ListItem\",\"position\":1,\"name\":\"Home\",\"item\":\"https:\\\/\\\/akunq.net\\\/tr\"},{\"@type\":\"ListItem\",\"position\":2,\"name\":\"Hay Dat (Ermeni Davas\u0131-\u2018Akunq\u2019 web sayfas\u0131 y\u00f6neticileri) Avrupa Ofisi, A\u0130HM\u2019nin Perin\u00e7ek\u2019e ili\u015fkin karar\u0131n\u0131 k\u0131nad\u0131\"}]},{\"@type\":\"WebSite\",\"@id\":\"https:\\\/\\\/akunq.net\\\/tr\\\/#website\",\"url\":\"https:\\\/\\\/akunq.net\\\/tr\\\/\",\"name\":\"Bati Ermenistan Ve Bati Ermenileri Sorunlari Ara\u015ftirmalar Merkezi\",\"description\":\"\",\"potentialAction\":[{\"@type\":\"SearchAction\",\"target\":{\"@type\":\"EntryPoint\",\"urlTemplate\":\"https:\\\/\\\/akunq.net\\\/tr\\\/?s={search_term_string}\"},\"query-input\":{\"@type\":\"PropertyValueSpecification\",\"valueRequired\":true,\"valueName\":\"search_term_string\"}}],\"inLanguage\":\"en-US\"},{\"@type\":\"Person\",\"@id\":\"https:\\\/\\\/akunq.net\\\/tr\\\/#\\\/schema\\\/person\\\/096f1d38a12cce57fb855b485ed24c9e\",\"name\":\"admin\",\"url\":\"https:\\\/\\\/akunq.net\\\/tr\\\/?author=7\"}]}<\/script>\n<!-- \/ Yoast SEO plugin. -->","yoast_head_json":{"title":"Hay Dat (Ermeni Davas\u0131-\u2018Akunq\u2019 web sayfas\u0131 y\u00f6neticileri) Avrupa Ofisi, A\u0130HM\u2019nin Perin\u00e7ek\u2019e ili\u015fkin karar\u0131n\u0131 k\u0131nad\u0131 - Bati Ermenistan Ve Bati Ermenileri Sorunlari Ara\u015ftirmalar Merkezi","robots":{"index":"index","follow":"follow","max-snippet":"max-snippet:-1","max-image-preview":"max-image-preview:large","max-video-preview":"max-video-preview:-1"},"canonical":"https:\/\/akunq.net\/tr\/?p=27505","og_locale":"en_US","og_type":"article","og_title":"Hay Dat (Ermeni Davas\u0131-\u2018Akunq\u2019 web sayfas\u0131 y\u00f6neticileri) Avrupa Ofisi, A\u0130HM\u2019nin Perin\u00e7ek\u2019e ili\u015fkin karar\u0131n\u0131 k\u0131nad\u0131 - Bati Ermenistan Ve Bati Ermenileri Sorunlari Ara\u015ftirmalar Merkezi","og_description":"Avrupa \u0130nsan Haklar\u0131 Mahkemesi (A\u0130HM) 17 Aral\u0131k\u2019ta verdi\u011fi kararla Ermeni Soyk\u0131r\u0131m\u0131n\u0131n inkar\u0131n\u0131n su\u00e7 olmad\u0131\u011f\u0131na karar k\u0131ld\u0131. Mahkemeye g\u00f6re, Lozan Mahkemesinin 2007\u2019de T\u00fcrkiye \u0130\u015f\u00e7i Partisi lideri Do\u011fu Perin\u00e7ek\u2019e kar\u015f\u0131 ald\u0131\u011f\u0131 karar, ifade \u00f6zg\u00fcrl\u00fc\u011f\u00fcne darbe vurmakta.\u00a0 Do\u011fu Perin\u00e7ek, \u0130svi\u00e7re Mahkemesi taraf\u0131ndan Soyk\u0131r\u0131m inkarc\u0131s\u0131 olarak yarg\u0131lanm\u0131\u015ft\u0131. Ta\u015fnaksutyun Partisi Fransa Hay Dat Ofisi ve Ta\u015fnaksutyun Avrupa Hay Dat Komisyonunun [&hellip;]","og_url":"https:\/\/akunq.net\/tr\/?p=27505","og_site_name":"Bati Ermenistan Ve Bati Ermenileri Sorunlari Ara\u015ftirmalar Merkezi","article_published_time":"2013-12-19T07:05:26+00:00","og_image":[{"url":"http:\/\/akunq.net\/tr\/wp-content\/uploads\/2013\/12\/Hay-Dat-300x224.jpg","type":"","width":"","height":""}],"author":"admin","twitter_card":"summary_large_image","twitter_misc":{"Written by":"admin","Est. reading time":"1 minute"},"schema":{"@context":"https:\/\/schema.org","@graph":[{"@type":"Article","@id":"https:\/\/akunq.net\/tr\/?p=27505#article","isPartOf":{"@id":"https:\/\/akunq.net\/tr\/?p=27505"},"author":{"name":"admin","@id":"https:\/\/akunq.net\/tr\/#\/schema\/person\/096f1d38a12cce57fb855b485ed24c9e"},"headline":"Hay Dat (Ermeni Davas\u0131-\u2018Akunq\u2019 web sayfas\u0131 y\u00f6neticileri) Avrupa Ofisi, A\u0130HM\u2019nin Perin\u00e7ek\u2019e ili\u015fkin karar\u0131n\u0131 k\u0131nad\u0131","datePublished":"2013-12-19T07:05:26+00:00","mainEntityOfPage":{"@id":"https:\/\/akunq.net\/tr\/?p=27505"},"wordCount":312,"commentCount":0,"image":{"@id":"https:\/\/akunq.net\/tr\/?p=27505#primaryimage"},"thumbnailUrl":"http:\/\/akunq.net\/tr\/wp-content\/uploads\/2013\/12\/Hay-Dat-300x224.jpg","articleSection":["Haberler"],"inLanguage":"en-US","potentialAction":[{"@type":"CommentAction","name":"Comment","target":["https:\/\/akunq.net\/tr\/?p=27505#respond"]}]},{"@type":"WebPage","@id":"https:\/\/akunq.net\/tr\/?p=27505","url":"https:\/\/akunq.net\/tr\/?p=27505","name":"Hay Dat (Ermeni Davas\u0131-\u2018Akunq\u2019 web sayfas\u0131 y\u00f6neticileri) Avrupa Ofisi, A\u0130HM\u2019nin Perin\u00e7ek\u2019e ili\u015fkin karar\u0131n\u0131 k\u0131nad\u0131 - Bati Ermenistan Ve Bati Ermenileri Sorunlari Ara\u015ftirmalar Merkezi","isPartOf":{"@id":"https:\/\/akunq.net\/tr\/#website"},"primaryImageOfPage":{"@id":"https:\/\/akunq.net\/tr\/?p=27505#primaryimage"},"image":{"@id":"https:\/\/akunq.net\/tr\/?p=27505#primaryimage"},"thumbnailUrl":"http:\/\/akunq.net\/tr\/wp-content\/uploads\/2013\/12\/Hay-Dat-300x224.jpg","datePublished":"2013-12-19T07:05:26+00:00","author":{"@id":"https:\/\/akunq.net\/tr\/#\/schema\/person\/096f1d38a12cce57fb855b485ed24c9e"},"breadcrumb":{"@id":"https:\/\/akunq.net\/tr\/?p=27505#breadcrumb"},"inLanguage":"en-US","potentialAction":[{"@type":"ReadAction","target":["https:\/\/akunq.net\/tr\/?p=27505"]}]},{"@type":"ImageObject","inLanguage":"en-US","@id":"https:\/\/akunq.net\/tr\/?p=27505#primaryimage","url":"https:\/\/akunq.net\/tr\/wp-content\/uploads\/sites\/6\/2013\/12\/Hay-Dat.jpg","contentUrl":"https:\/\/akunq.net\/tr\/wp-content\/uploads\/sites\/6\/2013\/12\/Hay-Dat.jpg","width":314,"height":235},{"@type":"BreadcrumbList","@id":"https:\/\/akunq.net\/tr\/?p=27505#breadcrumb","itemListElement":[{"@type":"ListItem","position":1,"name":"Home","item":"https:\/\/akunq.net\/tr"},{"@type":"ListItem","position":2,"name":"Hay Dat (Ermeni Davas\u0131-\u2018Akunq\u2019 web sayfas\u0131 y\u00f6neticileri) Avrupa Ofisi, A\u0130HM\u2019nin Perin\u00e7ek\u2019e ili\u015fkin karar\u0131n\u0131 k\u0131nad\u0131"}]},{"@type":"WebSite","@id":"https:\/\/akunq.net\/tr\/#website","url":"https:\/\/akunq.net\/tr\/","name":"Bati Ermenistan Ve Bati Ermenileri Sorunlari Ara\u015ftirmalar Merkezi","description":"","potentialAction":[{"@type":"SearchAction","target":{"@type":"EntryPoint","urlTemplate":"https:\/\/akunq.net\/tr\/?s={search_term_string}"},"query-input":{"@type":"PropertyValueSpecification","valueRequired":true,"valueName":"search_term_string"}}],"inLanguage":"en-US"},{"@type":"Person","@id":"https:\/\/akunq.net\/tr\/#\/schema\/person\/096f1d38a12cce57fb855b485ed24c9e","name":"admin","url":"https:\/\/akunq.net\/tr\/?author=7"}]}},"_links":{"self":[{"href":"https:\/\/akunq.net\/tr\/index.php?rest_route=\/wp\/v2\/posts\/27505","targetHints":{"allow":["GET"]}}],"collection":[{"href":"https:\/\/akunq.net\/tr\/index.php?rest_route=\/wp\/v2\/posts"}],"about":[{"href":"https:\/\/akunq.net\/tr\/index.php?rest_route=\/wp\/v2\/types\/post"}],"author":[{"embeddable":true,"href":"https:\/\/akunq.net\/tr\/index.php?rest_route=\/wp\/v2\/users\/7"}],"replies":[{"embeddable":true,"href":"https:\/\/akunq.net\/tr\/index.php?rest_route=%2Fwp%2Fv2%2Fcomments&post=27505"}],"version-history":[{"count":1,"href":"https:\/\/akunq.net\/tr\/index.php?rest_route=\/wp\/v2\/posts\/27505\/revisions"}],"predecessor-version":[{"id":27507,"href":"https:\/\/akunq.net\/tr\/index.php?rest_route=\/wp\/v2\/posts\/27505\/revisions\/27507"}],"wp:attachment":[{"href":"https:\/\/akunq.net\/tr\/index.php?rest_route=%2Fwp%2Fv2%2Fmedia&parent=27505"}],"wp:term":[{"taxonomy":"category","embeddable":true,"href":"https:\/\/akunq.net\/tr\/index.php?rest_route=%2Fwp%2Fv2%2Fcategories&post=27505"},{"taxonomy":"post_tag","embeddable":true,"href":"https:\/\/akunq.net\/tr\/index.php?rest_route=%2Fwp%2Fv2%2Ftags&post=27505"}],"curies":[{"name":"wp","href":"https:\/\/api.w.org\/{rel}","templated":true}]}}