{"id":27502,"date":"2013-12-18T03:27:43","date_gmt":"2013-12-18T08:27:43","guid":{"rendered":"http:\/\/akunq.net\/tr\/?p=27502"},"modified":"2013-12-18T03:27:43","modified_gmt":"2013-12-18T08:27:43","slug":"sevan-nisanyan-giderayak-yazdi","status":"publish","type":"post","link":"https:\/\/akunq.net\/tr\/?p=27502","title":{"rendered":"Sevan Ni\u015fanyan giderayak yazd\u0131"},"content":{"rendered":"<h5 style=\"text-align: justify;\"><b><a href=\"http:\/\/akunq.net\/tr\/wp-content\/uploads\/2013\/12\/\u054d\u0587\u0561\u0576-\u0546\u0577\u0561\u0576\u0575\u0561\u0576.jpg\"><img loading=\"lazy\" decoding=\"async\" class=\"alignright size-medium wp-image-27503\" alt=\"\u054d\u0587\u0561\u0576 \u0546\u0577\u0561\u0576\u0575\u0561\u0576\" src=\"http:\/\/akunq.net\/tr\/wp-content\/uploads\/2013\/12\/\u054d\u0587\u0561\u0576-\u0546\u0577\u0561\u0576\u0575\u0561\u0576-300x247.jpg\" width=\"300\" height=\"247\" srcset=\"https:\/\/akunq.net\/tr\/wp-content\/uploads\/sites\/6\/2013\/12\/\u054d\u0587\u0561\u0576-\u0546\u0577\u0561\u0576\u0575\u0561\u0576-300x247.jpg 300w, https:\/\/akunq.net\/tr\/wp-content\/uploads\/sites\/6\/2013\/12\/\u054d\u0587\u0561\u0576-\u0546\u0577\u0561\u0576\u0575\u0561\u0576.jpg 450w\" sizes=\"auto, (max-width: 300px) 100vw, 300px\" \/><\/a>Hayko BA\u011eDAT<\/b><\/h5>\n<p style=\"text-align: justify;\">\u00a0Sevan bu hafta hapse girecek. Bakt\u0131m ne yazsam olmayacak, rica ettim o yazd\u0131. Hepimize yazd\u0131.<\/p>\n<p style=\"text-align: justify;\">Fazla abartmamak laz\u0131m. Sonu\u00e7ta yasalara g\u00f6re bir su\u00e7 i\u015flemi\u015fsin, usul\u00fcne az \u00e7ok uygun olarak kovu\u015fturulmu\u015f, ceza verilmi\u015f. \u015eimdi cezay\u0131 alan Sevan\u2019d\u0131r diye bunun uygulanmas\u0131na kar\u015f\u0131 \u00e7\u0131kmak hakkaniyete s\u0131\u011fmaz. Adam\u0131na g\u00f6re muamele edilirse esas o zaman itiraz etmek gerekir.<\/p>\n<p style=\"text-align: justify;\">\u00a0Ne yaps\u0131n yani h\u00e2kim? \u201cBu adam\u0131 be\u011fenenler var, g\u00f6rmezlikten gelelim\u201d mi desin? \u201cHerkes ka\u00e7ak in\u015faat yap\u0131yor, bir tek Sevan ceza al\u0131yor\u201d tezi do\u011fru de\u011fil.<\/p>\n<p style=\"text-align: justify;\">\u00a0Yakalad\u0131klar\u0131 herkesi \u00e7at\u0131r \u00e7at\u0131r yarg\u0131l\u0131yorlar, memleketin her ilinde in\u015faat su\u00e7lar\u0131ndan hapis cezas\u0131 al\u0131p yatan \u00e7ok insan var.<\/p>\n<p style=\"text-align: justify;\">\u00a0Unutma ki gazetede okudu\u011fun her \u201cka\u00e7ak in\u015faat\u201d haberi g\u00f6r\u00fcnd\u00fc\u011f\u00fc gibi de\u011fildir; her dosyan\u0131n bir s\u00fcr\u00fc inceli\u011fi vard\u0131r. Ayr\u0131ca bu su\u00e7lar\u0131 i\u015fleyenlerin b\u00fcy\u00fck \u00e7o\u011funlu\u011fu bir kere i\u015fler, mevzuat\u0131n bo\u015fluklar\u0131n\u0131 g\u00f6zetir, dolay\u0131s\u0131yla al\u0131rsa ufak bir ceza al\u0131r, o da e\u011fer m\u00fckerrer sab\u0131kal\u0131 de\u011filse bir \u015fekilde ertelenir ya da iptal edilir. Benim gibi otuza yak\u0131n sab\u0131kas\u0131 olan kimse yok bildi\u011fim kadar\u0131yla.<\/p>\n<p style=\"text-align: justify;\">\u00a0\u0130\u015fledi\u011fi su\u00e7u alenen ve kan\u0131rta kan\u0131rta i\u015flemi\u015f olanlar da enderdir.<\/p>\n<p style=\"text-align: justify;\">\u00a0Verdikleri ceza orant\u0131s\u0131z veya ak\u0131ld\u0131\u015f\u0131 bir ceza de\u011fil.<\/p>\n<p style=\"text-align: justify;\">\u00a0Toplam 21 ya da 24 y\u0131l hapis cezam vard\u0131, tam hesab\u0131n\u0131 \u00e7\u0131kartam\u0131yorum. \u201cBu kadar\u0131 olmaz\u201d dediler, bir \u00e7\u00f6z\u00fcm yolu bulmak i\u00e7in epey u\u011fra\u015ft\u0131lar. Sonu\u00e7ta ge\u00e7en ekim ay\u0131nda S\u0130T Alan\u0131nda \u0130zinsiz \u0130n\u015faat su\u00e7una yeni bir d\u00fczenleme getirildi, benim hapis cezalar\u0131m\u0131n da yakla\u015f\u0131k 13,5 y\u0131ll\u0131k b\u00f6l\u00fcm\u00fc silinmi\u015f oldu. Bunu g\u00f6rmezden gelmek do\u011fru olmaz. \u015eimdi mesele bir y\u0131l m\u0131, \u00fc\u00e7 y\u0131l m\u0131, be\u015f y\u0131l m\u0131 meselesi. Ve hangi ko\u015fullarda yat\u0131lacak meselesi. Benim ya\u015f\u0131mdaki biri i\u00e7in bunlar \u00f6nemsiz detaylar de\u011fil, ama kald\u0131ramayaca\u011f\u0131m \u015feyler de de\u011fil.<\/p>\n<p style=\"text-align: justify;\">\u00a0Cezan\u0131n tamam\u0131n\u0131 silemezler miydi?<\/p>\n<p style=\"text-align: justify;\">\u00a0Silebilirlerdi bence, tam i\u00e7y\u00fcz\u00fcn\u00fc inan bilmiyorum. Bir nedenle silmediler. Belki \u201cE can\u0131m hepsini affetsek olmaz, biraz yats\u0131n kerata\u201d dediler. Belki de baz\u0131 yaz\u0131lar\u0131m birilerinin sinirine dokundu. Bilhassa sizin gazetede 6 Haziran\u2019da \u00e7\u0131kan \u201cHer Ba\u015fbakan \u0130stifay\u0131 Tadacakt\u0131r\u201d ba\u015fl\u0131kl\u0131 yaz\u0131m tepki toplam\u0131\u015f deniyor, belki nihai kararda etkisi olmu\u015ftur.<\/p>\n<p style=\"text-align: justify;\">\u00a0Olmu\u015fsa olmu\u015ftur, hatta iyi olmu\u015ftur.<\/p>\n<p style=\"text-align: justify;\">\u00a0Kimseye minnet borcu olmamak, bir sene fazla ya da eksik yatmaktan daha \u00f6nemli bir \u015fey bence.<\/p>\n<p style=\"text-align: justify;\">\u00a0\u0130nsan\u0131n zaman zaman kendisiyle ba\u015f ba\u015fa kalmas\u0131 laz\u0131m.<\/p>\n<p style=\"text-align: justify;\">\u00a0Sosyalli\u011fin fazlas\u0131 i\u00e7 disiplinini sars\u0131yor, d\u00fc\u015f\u00fcnceni derinle\u015ftirmeni \u00f6nl\u00fcyor.<\/p>\n<p style=\"text-align: justify;\">\u00a0Ka\u00e7 senedir kafamda olmayacak cinsten bir hayal vard\u0131, Venedik\u2019teki Surp \u011eazar Manast\u0131r\u0131\u2019na gidip \u201cbeni buraya al\u0131n birka\u00e7 seneli\u011fine\u201d desem acaba kabul ederler mi diye akl\u0131mdan ge\u00e7iyordu. Ge\u00e7en ekimde tam da bu nedenle Venedik\u2019e gitmeye niyetlendim, hem oradaki de\u011ferli birtak\u0131m insanlarla sohbet etmek, hem de bunu biraz soru\u015fturmak istedim. Olmad\u0131, denk gelmedi.<\/p>\n<p style=\"text-align: justify;\">\u00a0Belki de iyi oldu. Manast\u0131r\u0131n vicdani bir bedeli var.<\/p>\n<p style=\"text-align: justify;\">\u0130nanmad\u0131\u011f\u0131n \u015feylere inan\u0131rm\u0131\u015f g\u00f6r\u00fcnmen, ya da en az\u0131ndan suskun kalman laz\u0131m. Hapishane o a\u00e7\u0131dan daha iyi. Manevi borcun olmuyor. Sadece bedenini ba\u011fl\u0131yorlar, i\u00e7ine dokunam\u0131yorlar. Alelade sosyal hayattan bile daha \u00f6zg\u00fcrs\u00fcn bir bak\u0131ma.<\/p>\n<p style=\"text-align: justify;\">\u00a0Bilgisayar\u0131ma, kitaplar\u0131ma, bir de yaln\u0131zl\u0131\u011f\u0131ma dokunmas\u0131nlar, gerisi \u00e7ok m\u00fchim de\u011fil.<\/p>\n<p style=\"text-align: justify;\">\u00a0\u201cElimden bir \u015fey gelir mi\u201d diye soruyorsan, bunu d\u00fc\u015f\u00fcn derim.<\/p>\n<p style=\"text-align: justify;\">\u00a0Tabii ki konu bunlardan ibaret de\u011fil. Bunlar i\u015fin bana ve bu somut olaya m\u00fcteallik olan k\u0131sm\u0131. Bir de hadisenin arka plan\u0131 var. Bu \u00fclkenin y\u00f6netim bi\u00e7imine, hukuk sistemine, \u00f6nyarg\u0131lar\u0131na, nank\u00f6rl\u00fc\u011f\u00fcne, ufuk yoksunlu\u011funa ili\u015fkin boyutlar\u0131 var. Su\u00e7u elbette durduk yerde i\u015flemedim. Zevk i\u00e7in, ya da kazan\u00e7 i\u00e7in de i\u015flemedim.<\/p>\n<p style=\"text-align: justify;\">\u00a0Sen bakma Ey\u00fcp Can\u2019\u0131n dediklerine, deli filan de\u011filim. Daha ciddi bir \u015feyin m\u00fccadelesini veriyorum.<\/p>\n<p style=\"text-align: justify;\">\u00a0Ama o mevzua girsem bu mektup bitmez. En iyisi burada keseyim, devam\u0131n\u0131 Blogumda getiririm bir ara.<\/p>\n<p style=\"text-align: justify;\">\u00a0G\u00f6zlerinden \u00f6perim. Gezi\u2019deki tavr\u0131n\u0131 \u00e7ok takdir ettim. Bedeli ne olursa olsun, o duru\u015ftan geri ad\u0131m atmayaca\u011f\u0131ndan eminim.<\/p>\n<p style=\"text-align: justify;\">\u00a0<b><i>Sevan Ni\u015fanyan<\/i><\/b><\/p>\n<p style=\"text-align: justify;\"><a href=\"http:\/\/www.taraf.com.tr\/hayko-bagdat\/makale-sevan-nisanyan-giderayak-yazdi.htm\"><b><i>http:\/\/www.taraf.com.tr\/hayko-bagdat\/makale-sevan-nisanyan-giderayak-yazdi.htm<\/i><\/b><\/a><\/p>\n","protected":false},"excerpt":{"rendered":"<p>Hayko BA\u011eDAT \u00a0Sevan bu hafta hapse girecek. Bakt\u0131m ne yazsam olmayacak, rica ettim o yazd\u0131. Hepimize yazd\u0131. Fazla abartmamak laz\u0131m. Sonu\u00e7ta yasalara g\u00f6re bir su\u00e7 i\u015flemi\u015fsin, usul\u00fcne az \u00e7ok uygun olarak kovu\u015fturulmu\u015f, ceza verilmi\u015f. \u015eimdi cezay\u0131 alan Sevan\u2019d\u0131r diye bunun uygulanmas\u0131na kar\u015f\u0131 \u00e7\u0131kmak hakkaniyete s\u0131\u011fmaz. Adam\u0131na g\u00f6re muamele edilirse esas o zaman itiraz etmek gerekir. [&hellip;]<\/p>\n","protected":false},"author":7,"featured_media":0,"comment_status":"open","ping_status":"open","sticky":false,"template":"","format":"standard","meta":{"footnotes":""},"categories":[1],"tags":[],"class_list":["post-27502","post","type-post","status-publish","format-standard","hentry","category-haberler"],"yoast_head":"<!-- This site is optimized with the Yoast SEO plugin v27.4 - https:\/\/yoast.com\/product\/yoast-seo-wordpress\/ -->\n<title>Sevan Ni\u015fanyan giderayak yazd\u0131 - Bati Ermenistan Ve Bati Ermenileri Sorunlari Ara\u015ftirmalar Merkezi<\/title>\n<meta name=\"robots\" content=\"index, follow, max-snippet:-1, max-image-preview:large, max-video-preview:-1\" \/>\n<link rel=\"canonical\" href=\"https:\/\/akunq.net\/tr\/?p=27502\" \/>\n<meta property=\"og:locale\" content=\"en_US\" \/>\n<meta property=\"og:type\" content=\"article\" \/>\n<meta property=\"og:title\" content=\"Sevan Ni\u015fanyan giderayak yazd\u0131 - Bati Ermenistan Ve Bati Ermenileri Sorunlari Ara\u015ftirmalar Merkezi\" \/>\n<meta property=\"og:description\" content=\"Hayko BA\u011eDAT \u00a0Sevan bu hafta hapse girecek. Bakt\u0131m ne yazsam olmayacak, rica ettim o yazd\u0131. Hepimize yazd\u0131. Fazla abartmamak laz\u0131m. Sonu\u00e7ta yasalara g\u00f6re bir su\u00e7 i\u015flemi\u015fsin, usul\u00fcne az \u00e7ok uygun olarak kovu\u015fturulmu\u015f, ceza verilmi\u015f. \u015eimdi cezay\u0131 alan Sevan\u2019d\u0131r diye bunun uygulanmas\u0131na kar\u015f\u0131 \u00e7\u0131kmak hakkaniyete s\u0131\u011fmaz. Adam\u0131na g\u00f6re muamele edilirse esas o zaman itiraz etmek gerekir. [&hellip;]\" \/>\n<meta property=\"og:url\" content=\"https:\/\/akunq.net\/tr\/?p=27502\" \/>\n<meta property=\"og:site_name\" content=\"Bati Ermenistan Ve Bati Ermenileri Sorunlari Ara\u015ftirmalar Merkezi\" \/>\n<meta property=\"article:published_time\" content=\"2013-12-18T08:27:43+00:00\" \/>\n<meta name=\"author\" content=\"admin\" \/>\n<meta name=\"twitter:card\" content=\"summary_large_image\" \/>\n<meta name=\"twitter:label1\" content=\"Written by\" \/>\n\t<meta name=\"twitter:data1\" content=\"admin\" \/>\n\t<meta name=\"twitter:label2\" content=\"Est. reading time\" \/>\n\t<meta name=\"twitter:data2\" content=\"4 minutes\" \/>\n<script type=\"application\/ld+json\" class=\"yoast-schema-graph\">{\"@context\":\"https:\\\/\\\/schema.org\",\"@graph\":[{\"@type\":\"Article\",\"@id\":\"https:\\\/\\\/akunq.net\\\/tr\\\/?p=27502#article\",\"isPartOf\":{\"@id\":\"https:\\\/\\\/akunq.net\\\/tr\\\/?p=27502\"},\"author\":{\"name\":\"admin\",\"@id\":\"https:\\\/\\\/akunq.net\\\/tr\\\/#\\\/schema\\\/person\\\/096f1d38a12cce57fb855b485ed24c9e\"},\"headline\":\"Sevan Ni\u015fanyan giderayak yazd\u0131\",\"datePublished\":\"2013-12-18T08:27:43+00:00\",\"mainEntityOfPage\":{\"@id\":\"https:\\\/\\\/akunq.net\\\/tr\\\/?p=27502\"},\"wordCount\":762,\"commentCount\":0,\"articleSection\":[\"Haberler\"],\"inLanguage\":\"en-US\",\"potentialAction\":[{\"@type\":\"CommentAction\",\"name\":\"Comment\",\"target\":[\"https:\\\/\\\/akunq.net\\\/tr\\\/?p=27502#respond\"]}]},{\"@type\":\"WebPage\",\"@id\":\"https:\\\/\\\/akunq.net\\\/tr\\\/?p=27502\",\"url\":\"https:\\\/\\\/akunq.net\\\/tr\\\/?p=27502\",\"name\":\"Sevan Ni\u015fanyan giderayak yazd\u0131 - Bati Ermenistan Ve Bati Ermenileri Sorunlari Ara\u015ftirmalar Merkezi\",\"isPartOf\":{\"@id\":\"https:\\\/\\\/akunq.net\\\/tr\\\/#website\"},\"datePublished\":\"2013-12-18T08:27:43+00:00\",\"author\":{\"@id\":\"https:\\\/\\\/akunq.net\\\/tr\\\/#\\\/schema\\\/person\\\/096f1d38a12cce57fb855b485ed24c9e\"},\"breadcrumb\":{\"@id\":\"https:\\\/\\\/akunq.net\\\/tr\\\/?p=27502#breadcrumb\"},\"inLanguage\":\"en-US\",\"potentialAction\":[{\"@type\":\"ReadAction\",\"target\":[\"https:\\\/\\\/akunq.net\\\/tr\\\/?p=27502\"]}]},{\"@type\":\"BreadcrumbList\",\"@id\":\"https:\\\/\\\/akunq.net\\\/tr\\\/?p=27502#breadcrumb\",\"itemListElement\":[{\"@type\":\"ListItem\",\"position\":1,\"name\":\"Home\",\"item\":\"https:\\\/\\\/akunq.net\\\/tr\"},{\"@type\":\"ListItem\",\"position\":2,\"name\":\"Sevan Ni\u015fanyan giderayak yazd\u0131\"}]},{\"@type\":\"WebSite\",\"@id\":\"https:\\\/\\\/akunq.net\\\/tr\\\/#website\",\"url\":\"https:\\\/\\\/akunq.net\\\/tr\\\/\",\"name\":\"Bati Ermenistan Ve Bati Ermenileri Sorunlari Ara\u015ftirmalar Merkezi\",\"description\":\"\",\"potentialAction\":[{\"@type\":\"SearchAction\",\"target\":{\"@type\":\"EntryPoint\",\"urlTemplate\":\"https:\\\/\\\/akunq.net\\\/tr\\\/?s={search_term_string}\"},\"query-input\":{\"@type\":\"PropertyValueSpecification\",\"valueRequired\":true,\"valueName\":\"search_term_string\"}}],\"inLanguage\":\"en-US\"},{\"@type\":\"Person\",\"@id\":\"https:\\\/\\\/akunq.net\\\/tr\\\/#\\\/schema\\\/person\\\/096f1d38a12cce57fb855b485ed24c9e\",\"name\":\"admin\",\"url\":\"https:\\\/\\\/akunq.net\\\/tr\\\/?author=7\"}]}<\/script>\n<!-- \/ Yoast SEO plugin. -->","yoast_head_json":{"title":"Sevan Ni\u015fanyan giderayak yazd\u0131 - Bati Ermenistan Ve Bati Ermenileri Sorunlari Ara\u015ftirmalar Merkezi","robots":{"index":"index","follow":"follow","max-snippet":"max-snippet:-1","max-image-preview":"max-image-preview:large","max-video-preview":"max-video-preview:-1"},"canonical":"https:\/\/akunq.net\/tr\/?p=27502","og_locale":"en_US","og_type":"article","og_title":"Sevan Ni\u015fanyan giderayak yazd\u0131 - Bati Ermenistan Ve Bati Ermenileri Sorunlari Ara\u015ftirmalar Merkezi","og_description":"Hayko BA\u011eDAT \u00a0Sevan bu hafta hapse girecek. Bakt\u0131m ne yazsam olmayacak, rica ettim o yazd\u0131. Hepimize yazd\u0131. Fazla abartmamak laz\u0131m. Sonu\u00e7ta yasalara g\u00f6re bir su\u00e7 i\u015flemi\u015fsin, usul\u00fcne az \u00e7ok uygun olarak kovu\u015fturulmu\u015f, ceza verilmi\u015f. \u015eimdi cezay\u0131 alan Sevan\u2019d\u0131r diye bunun uygulanmas\u0131na kar\u015f\u0131 \u00e7\u0131kmak hakkaniyete s\u0131\u011fmaz. Adam\u0131na g\u00f6re muamele edilirse esas o zaman itiraz etmek gerekir. [&hellip;]","og_url":"https:\/\/akunq.net\/tr\/?p=27502","og_site_name":"Bati Ermenistan Ve Bati Ermenileri Sorunlari Ara\u015ftirmalar Merkezi","article_published_time":"2013-12-18T08:27:43+00:00","author":"admin","twitter_card":"summary_large_image","twitter_misc":{"Written by":"admin","Est. reading time":"4 minutes"},"schema":{"@context":"https:\/\/schema.org","@graph":[{"@type":"Article","@id":"https:\/\/akunq.net\/tr\/?p=27502#article","isPartOf":{"@id":"https:\/\/akunq.net\/tr\/?p=27502"},"author":{"name":"admin","@id":"https:\/\/akunq.net\/tr\/#\/schema\/person\/096f1d38a12cce57fb855b485ed24c9e"},"headline":"Sevan Ni\u015fanyan giderayak yazd\u0131","datePublished":"2013-12-18T08:27:43+00:00","mainEntityOfPage":{"@id":"https:\/\/akunq.net\/tr\/?p=27502"},"wordCount":762,"commentCount":0,"articleSection":["Haberler"],"inLanguage":"en-US","potentialAction":[{"@type":"CommentAction","name":"Comment","target":["https:\/\/akunq.net\/tr\/?p=27502#respond"]}]},{"@type":"WebPage","@id":"https:\/\/akunq.net\/tr\/?p=27502","url":"https:\/\/akunq.net\/tr\/?p=27502","name":"Sevan Ni\u015fanyan giderayak yazd\u0131 - Bati Ermenistan Ve Bati Ermenileri Sorunlari Ara\u015ftirmalar Merkezi","isPartOf":{"@id":"https:\/\/akunq.net\/tr\/#website"},"datePublished":"2013-12-18T08:27:43+00:00","author":{"@id":"https:\/\/akunq.net\/tr\/#\/schema\/person\/096f1d38a12cce57fb855b485ed24c9e"},"breadcrumb":{"@id":"https:\/\/akunq.net\/tr\/?p=27502#breadcrumb"},"inLanguage":"en-US","potentialAction":[{"@type":"ReadAction","target":["https:\/\/akunq.net\/tr\/?p=27502"]}]},{"@type":"BreadcrumbList","@id":"https:\/\/akunq.net\/tr\/?p=27502#breadcrumb","itemListElement":[{"@type":"ListItem","position":1,"name":"Home","item":"https:\/\/akunq.net\/tr"},{"@type":"ListItem","position":2,"name":"Sevan Ni\u015fanyan giderayak yazd\u0131"}]},{"@type":"WebSite","@id":"https:\/\/akunq.net\/tr\/#website","url":"https:\/\/akunq.net\/tr\/","name":"Bati Ermenistan Ve Bati Ermenileri Sorunlari Ara\u015ftirmalar Merkezi","description":"","potentialAction":[{"@type":"SearchAction","target":{"@type":"EntryPoint","urlTemplate":"https:\/\/akunq.net\/tr\/?s={search_term_string}"},"query-input":{"@type":"PropertyValueSpecification","valueRequired":true,"valueName":"search_term_string"}}],"inLanguage":"en-US"},{"@type":"Person","@id":"https:\/\/akunq.net\/tr\/#\/schema\/person\/096f1d38a12cce57fb855b485ed24c9e","name":"admin","url":"https:\/\/akunq.net\/tr\/?author=7"}]}},"_links":{"self":[{"href":"https:\/\/akunq.net\/tr\/index.php?rest_route=\/wp\/v2\/posts\/27502","targetHints":{"allow":["GET"]}}],"collection":[{"href":"https:\/\/akunq.net\/tr\/index.php?rest_route=\/wp\/v2\/posts"}],"about":[{"href":"https:\/\/akunq.net\/tr\/index.php?rest_route=\/wp\/v2\/types\/post"}],"author":[{"embeddable":true,"href":"https:\/\/akunq.net\/tr\/index.php?rest_route=\/wp\/v2\/users\/7"}],"replies":[{"embeddable":true,"href":"https:\/\/akunq.net\/tr\/index.php?rest_route=%2Fwp%2Fv2%2Fcomments&post=27502"}],"version-history":[{"count":1,"href":"https:\/\/akunq.net\/tr\/index.php?rest_route=\/wp\/v2\/posts\/27502\/revisions"}],"predecessor-version":[{"id":27504,"href":"https:\/\/akunq.net\/tr\/index.php?rest_route=\/wp\/v2\/posts\/27502\/revisions\/27504"}],"wp:attachment":[{"href":"https:\/\/akunq.net\/tr\/index.php?rest_route=%2Fwp%2Fv2%2Fmedia&parent=27502"}],"wp:term":[{"taxonomy":"category","embeddable":true,"href":"https:\/\/akunq.net\/tr\/index.php?rest_route=%2Fwp%2Fv2%2Fcategories&post=27502"},{"taxonomy":"post_tag","embeddable":true,"href":"https:\/\/akunq.net\/tr\/index.php?rest_route=%2Fwp%2Fv2%2Ftags&post=27502"}],"curies":[{"name":"wp","href":"https:\/\/api.w.org\/{rel}","templated":true}]}}