{"id":27496,"date":"2013-12-18T02:19:30","date_gmt":"2013-12-18T07:19:30","guid":{"rendered":"http:\/\/akunq.net\/tr\/?p=27496"},"modified":"2013-12-18T02:19:30","modified_gmt":"2013-12-18T07:19:30","slug":"aihm-ermeni-soykirimini-inkar-ifade-ozgurlugudur","status":"publish","type":"post","link":"https:\/\/akunq.net\/tr\/?p=27496","title":{"rendered":"A\u0130HM: Ermeni soyk\u0131r\u0131m\u0131n\u0131 inkar ifade \u00f6zg\u00fcrl\u00fc\u011f\u00fcd\u00fcr"},"content":{"rendered":"<p style=\"text-align: justify;\"><b><i><a href=\"http:\/\/akunq.net\/tr\/wp-content\/uploads\/2013\/12\/Do\u011fu-Perin\u00e7ek.jpg\"><img loading=\"lazy\" decoding=\"async\" class=\"alignright size-full wp-image-27497\" alt=\"Do\u011fu Perin\u00e7ek\" src=\"http:\/\/akunq.net\/tr\/wp-content\/uploads\/2013\/12\/Do\u011fu-Perin\u00e7ek.jpg\" width=\"250\" height=\"188\" \/><\/a>Avrupa \u0130nsan Haklar\u0131 Mahkemesi tart\u0131\u015f\u0131lacak bir karara imza atarak \u0130svi\u00e7re\u2019yi Ermeni soyk\u0131r\u0131m\u0131n\u0131 inkar\u0131 yasaklamakta haks\u0131z buldu. \u0130\u015f\u00e7i Partisi Genel Ba\u015fkan\u0131 Do\u011fu Perin\u00e7ek\u2019in 2005\u2019te mahkum edilmesinin ard\u0131ndan yapt\u0131\u011f\u0131 ba\u015fvuruyu de\u011ferlendiren A\u0130HM, soyk\u0131r\u0131m\u0131 inkar\u0131n ifade \u00f6zg\u00fcrl\u00fc\u011f\u00fc \u00e7er\u00e7evesinde de\u011ferlendirilmesi gerekti\u011fini ifade etti.<\/i><\/b><\/p>\n<p style=\"text-align: justify;\">A\u0130HM, Ermeni Soyk\u0131r\u0131m\u0131na ili\u015fkin \u2018ilk kez\u2019 bir karar\u0131 h\u00fckme ba\u011flam\u0131\u015f olurken mahkeme \u0130svi\u00e7re\u2019nin Avrupa \u0130nsan Haklar\u0131 S\u00f6zle\u015fmesi\u2019nin \u2018d\u00fc\u015f\u00fcnce ve ifade \u00f6zg\u00fcrl\u00fc\u011f\u00fc\u2019n\u00fc g\u00fcvence alt\u0131na alan 10\u2019uncu maddesini ihl\u00e2l etti\u011fine h\u00fckmetti.<\/p>\n<p style=\"text-align: justify;\">Perin\u00e7ek, 2005 y\u0131l\u0131nda \u0130svi\u00e7re\u2019nin Winterthur kentinde d\u00fczenlenen bir konferans s\u0131ras\u0131nda \u201cErmeni soyk\u0131r\u0131m\u0131 emperyalist bir yaland\u0131r\u201d dedi\u011fi i\u00e7in Lozan Mahkemesi taraf\u0131ndan \u2018\u0131rk\u00e7\u0131 ayr\u0131mc\u0131l\u0131k\u2019 yapt\u0131\u011f\u0131 gerek\u00e7esiyle 90 g\u00fcn hapis cezas\u0131 kar\u015f\u0131l\u0131\u011f\u0131nda, her g\u00fcn\u00fc 100 \u0130svi\u00e7re Frang\u0131 olmak \u00fczere 9 bin \u0130svi\u00e7re Frang\u0131 para cezas\u0131na \u00e7arpt\u0131r\u0131lm\u0131\u015ft\u0131. Mahkeme bu\u00a0cezay\u0131 iki y\u0131l tecil etmi\u015fti. \u0130svi\u00e7re mahkemesi gerek\u00e7eli karar\u0131nda, \u2018Ermeni Soyk\u0131r\u0131m\u0131\u2019 iddialar\u0131 i\u00e7in \u2018tarihi olgu\u2019 tan\u0131m\u0131 yap\u0131lm\u0131\u015ft\u0131. Perin\u00e7ek ise davay\u0131 2008\u00a0<br \/>\ny\u0131l\u0131nda A\u0130HM\u2019e ta\u015f\u0131d\u0131.<\/p>\n<p style=\"text-align: justify;\">A\u0130HM d\u00fcn a\u00e7\u0131klad\u0131\u011f\u0131 karar\u0131nda, \u2018Hassas ve tart\u0131\u015fmal\u0131 konularda fikir beyan etmek, ifade \u00f6zg\u00fcrl\u00fc\u011f\u00fcn\u00fcn temel unsurlar\u0131ndand\u0131r. Ho\u015fg\u00f6r\u00fcl\u00fc, \u00e7o\u011fulcu ve demokratik toplumu, totaliter y\u00f6netimler veya diktat\u00f6rl\u00fck rejimlerinden ay\u0131ran da budur\u2019 ifadesi kullan\u0131ld\u0131. Mahkeme, ifade \u00f6zg\u00fcrl\u00fc\u011f\u00fcn\u00fcn s\u0131n\u0131rland\u0131r\u0131ld\u0131\u011f\u0131 y\u00f6n\u00fcnde ald\u0131\u011f\u0131 karar\u0131n Do\u011fu Perin\u00e7ek i\u00e7in ba\u015fl\u0131 ba\u015fl\u0131na bir tazminat niteli\u011fi ta\u015f\u0131d\u0131\u011f\u0131n\u0131 belirterek, \u0130svi\u00e7re devletine para cezas\u0131 vermedi.<\/p>\n<p style=\"text-align: justify;\"><b><i>http:\/\/www.firatajans.com\/news\/guncel\/aihm-ermeni-soykirimini-inkar-ifade-ozgurlugudur.htm<\/i><\/b><\/p>\n","protected":false},"excerpt":{"rendered":"<p>Avrupa \u0130nsan Haklar\u0131 Mahkemesi tart\u0131\u015f\u0131lacak bir karara imza atarak \u0130svi\u00e7re\u2019yi Ermeni soyk\u0131r\u0131m\u0131n\u0131 inkar\u0131 yasaklamakta haks\u0131z buldu. \u0130\u015f\u00e7i Partisi Genel Ba\u015fkan\u0131 Do\u011fu Perin\u00e7ek\u2019in 2005\u2019te mahkum edilmesinin ard\u0131ndan yapt\u0131\u011f\u0131 ba\u015fvuruyu de\u011ferlendiren A\u0130HM, soyk\u0131r\u0131m\u0131 inkar\u0131n ifade \u00f6zg\u00fcrl\u00fc\u011f\u00fc \u00e7er\u00e7evesinde de\u011ferlendirilmesi gerekti\u011fini ifade etti. A\u0130HM, Ermeni Soyk\u0131r\u0131m\u0131na ili\u015fkin \u2018ilk kez\u2019 bir karar\u0131 h\u00fckme ba\u011flam\u0131\u015f olurken mahkeme \u0130svi\u00e7re\u2019nin Avrupa \u0130nsan Haklar\u0131 [&hellip;]<\/p>\n","protected":false},"author":7,"featured_media":0,"comment_status":"open","ping_status":"open","sticky":false,"template":"","format":"standard","meta":{"footnotes":""},"categories":[1],"tags":[],"class_list":["post-27496","post","type-post","status-publish","format-standard","hentry","category-haberler"],"yoast_head":"<!-- This site is optimized with the Yoast SEO plugin v27.4 - https:\/\/yoast.com\/product\/yoast-seo-wordpress\/ -->\n<title>A\u0130HM: Ermeni soyk\u0131r\u0131m\u0131n\u0131 inkar ifade \u00f6zg\u00fcrl\u00fc\u011f\u00fcd\u00fcr - Bati Ermenistan Ve Bati Ermenileri Sorunlari Ara\u015ftirmalar Merkezi<\/title>\n<meta name=\"robots\" content=\"index, follow, max-snippet:-1, max-image-preview:large, max-video-preview:-1\" \/>\n<link rel=\"canonical\" href=\"https:\/\/akunq.net\/tr\/?p=27496\" \/>\n<meta property=\"og:locale\" content=\"en_US\" \/>\n<meta property=\"og:type\" content=\"article\" \/>\n<meta property=\"og:title\" content=\"A\u0130HM: Ermeni soyk\u0131r\u0131m\u0131n\u0131 inkar ifade \u00f6zg\u00fcrl\u00fc\u011f\u00fcd\u00fcr - Bati Ermenistan Ve Bati Ermenileri Sorunlari Ara\u015ftirmalar Merkezi\" \/>\n<meta property=\"og:description\" content=\"Avrupa \u0130nsan Haklar\u0131 Mahkemesi tart\u0131\u015f\u0131lacak bir karara imza atarak \u0130svi\u00e7re\u2019yi Ermeni soyk\u0131r\u0131m\u0131n\u0131 inkar\u0131 yasaklamakta haks\u0131z buldu. \u0130\u015f\u00e7i Partisi Genel Ba\u015fkan\u0131 Do\u011fu Perin\u00e7ek\u2019in 2005\u2019te mahkum edilmesinin ard\u0131ndan yapt\u0131\u011f\u0131 ba\u015fvuruyu de\u011ferlendiren A\u0130HM, soyk\u0131r\u0131m\u0131 inkar\u0131n ifade \u00f6zg\u00fcrl\u00fc\u011f\u00fc \u00e7er\u00e7evesinde de\u011ferlendirilmesi gerekti\u011fini ifade etti. A\u0130HM, Ermeni Soyk\u0131r\u0131m\u0131na ili\u015fkin \u2018ilk kez\u2019 bir karar\u0131 h\u00fckme ba\u011flam\u0131\u015f olurken mahkeme \u0130svi\u00e7re\u2019nin Avrupa \u0130nsan Haklar\u0131 [&hellip;]\" \/>\n<meta property=\"og:url\" content=\"https:\/\/akunq.net\/tr\/?p=27496\" \/>\n<meta property=\"og:site_name\" content=\"Bati Ermenistan Ve Bati Ermenileri Sorunlari Ara\u015ftirmalar Merkezi\" \/>\n<meta property=\"article:published_time\" content=\"2013-12-18T07:19:30+00:00\" \/>\n<meta name=\"author\" content=\"admin\" \/>\n<meta name=\"twitter:card\" content=\"summary_large_image\" \/>\n<meta name=\"twitter:label1\" content=\"Written by\" \/>\n\t<meta name=\"twitter:data1\" content=\"admin\" \/>\n\t<meta name=\"twitter:label2\" content=\"Est. reading time\" \/>\n\t<meta name=\"twitter:data2\" content=\"2 minutes\" \/>\n<script type=\"application\/ld+json\" class=\"yoast-schema-graph\">{\"@context\":\"https:\\\/\\\/schema.org\",\"@graph\":[{\"@type\":\"Article\",\"@id\":\"https:\\\/\\\/akunq.net\\\/tr\\\/?p=27496#article\",\"isPartOf\":{\"@id\":\"https:\\\/\\\/akunq.net\\\/tr\\\/?p=27496\"},\"author\":{\"name\":\"admin\",\"@id\":\"https:\\\/\\\/akunq.net\\\/tr\\\/#\\\/schema\\\/person\\\/096f1d38a12cce57fb855b485ed24c9e\"},\"headline\":\"A\u0130HM: Ermeni soyk\u0131r\u0131m\u0131n\u0131 inkar ifade \u00f6zg\u00fcrl\u00fc\u011f\u00fcd\u00fcr\",\"datePublished\":\"2013-12-18T07:19:30+00:00\",\"mainEntityOfPage\":{\"@id\":\"https:\\\/\\\/akunq.net\\\/tr\\\/?p=27496\"},\"wordCount\":331,\"commentCount\":0,\"articleSection\":[\"Haberler\"],\"inLanguage\":\"en-US\",\"potentialAction\":[{\"@type\":\"CommentAction\",\"name\":\"Comment\",\"target\":[\"https:\\\/\\\/akunq.net\\\/tr\\\/?p=27496#respond\"]}]},{\"@type\":\"WebPage\",\"@id\":\"https:\\\/\\\/akunq.net\\\/tr\\\/?p=27496\",\"url\":\"https:\\\/\\\/akunq.net\\\/tr\\\/?p=27496\",\"name\":\"A\u0130HM: Ermeni soyk\u0131r\u0131m\u0131n\u0131 inkar ifade \u00f6zg\u00fcrl\u00fc\u011f\u00fcd\u00fcr - Bati Ermenistan Ve Bati Ermenileri Sorunlari Ara\u015ftirmalar Merkezi\",\"isPartOf\":{\"@id\":\"https:\\\/\\\/akunq.net\\\/tr\\\/#website\"},\"datePublished\":\"2013-12-18T07:19:30+00:00\",\"author\":{\"@id\":\"https:\\\/\\\/akunq.net\\\/tr\\\/#\\\/schema\\\/person\\\/096f1d38a12cce57fb855b485ed24c9e\"},\"breadcrumb\":{\"@id\":\"https:\\\/\\\/akunq.net\\\/tr\\\/?p=27496#breadcrumb\"},\"inLanguage\":\"en-US\",\"potentialAction\":[{\"@type\":\"ReadAction\",\"target\":[\"https:\\\/\\\/akunq.net\\\/tr\\\/?p=27496\"]}]},{\"@type\":\"BreadcrumbList\",\"@id\":\"https:\\\/\\\/akunq.net\\\/tr\\\/?p=27496#breadcrumb\",\"itemListElement\":[{\"@type\":\"ListItem\",\"position\":1,\"name\":\"Home\",\"item\":\"https:\\\/\\\/akunq.net\\\/tr\"},{\"@type\":\"ListItem\",\"position\":2,\"name\":\"A\u0130HM: Ermeni soyk\u0131r\u0131m\u0131n\u0131 inkar ifade \u00f6zg\u00fcrl\u00fc\u011f\u00fcd\u00fcr\"}]},{\"@type\":\"WebSite\",\"@id\":\"https:\\\/\\\/akunq.net\\\/tr\\\/#website\",\"url\":\"https:\\\/\\\/akunq.net\\\/tr\\\/\",\"name\":\"Bati Ermenistan Ve Bati Ermenileri Sorunlari Ara\u015ftirmalar Merkezi\",\"description\":\"\",\"potentialAction\":[{\"@type\":\"SearchAction\",\"target\":{\"@type\":\"EntryPoint\",\"urlTemplate\":\"https:\\\/\\\/akunq.net\\\/tr\\\/?s={search_term_string}\"},\"query-input\":{\"@type\":\"PropertyValueSpecification\",\"valueRequired\":true,\"valueName\":\"search_term_string\"}}],\"inLanguage\":\"en-US\"},{\"@type\":\"Person\",\"@id\":\"https:\\\/\\\/akunq.net\\\/tr\\\/#\\\/schema\\\/person\\\/096f1d38a12cce57fb855b485ed24c9e\",\"name\":\"admin\",\"url\":\"https:\\\/\\\/akunq.net\\\/tr\\\/?author=7\"}]}<\/script>\n<!-- \/ Yoast SEO plugin. -->","yoast_head_json":{"title":"A\u0130HM: Ermeni soyk\u0131r\u0131m\u0131n\u0131 inkar ifade \u00f6zg\u00fcrl\u00fc\u011f\u00fcd\u00fcr - Bati Ermenistan Ve Bati Ermenileri Sorunlari Ara\u015ftirmalar Merkezi","robots":{"index":"index","follow":"follow","max-snippet":"max-snippet:-1","max-image-preview":"max-image-preview:large","max-video-preview":"max-video-preview:-1"},"canonical":"https:\/\/akunq.net\/tr\/?p=27496","og_locale":"en_US","og_type":"article","og_title":"A\u0130HM: Ermeni soyk\u0131r\u0131m\u0131n\u0131 inkar ifade \u00f6zg\u00fcrl\u00fc\u011f\u00fcd\u00fcr - Bati Ermenistan Ve Bati Ermenileri Sorunlari Ara\u015ftirmalar Merkezi","og_description":"Avrupa \u0130nsan Haklar\u0131 Mahkemesi tart\u0131\u015f\u0131lacak bir karara imza atarak \u0130svi\u00e7re\u2019yi Ermeni soyk\u0131r\u0131m\u0131n\u0131 inkar\u0131 yasaklamakta haks\u0131z buldu. \u0130\u015f\u00e7i Partisi Genel Ba\u015fkan\u0131 Do\u011fu Perin\u00e7ek\u2019in 2005\u2019te mahkum edilmesinin ard\u0131ndan yapt\u0131\u011f\u0131 ba\u015fvuruyu de\u011ferlendiren A\u0130HM, soyk\u0131r\u0131m\u0131 inkar\u0131n ifade \u00f6zg\u00fcrl\u00fc\u011f\u00fc \u00e7er\u00e7evesinde de\u011ferlendirilmesi gerekti\u011fini ifade etti. A\u0130HM, Ermeni Soyk\u0131r\u0131m\u0131na ili\u015fkin \u2018ilk kez\u2019 bir karar\u0131 h\u00fckme ba\u011flam\u0131\u015f olurken mahkeme \u0130svi\u00e7re\u2019nin Avrupa \u0130nsan Haklar\u0131 [&hellip;]","og_url":"https:\/\/akunq.net\/tr\/?p=27496","og_site_name":"Bati Ermenistan Ve Bati Ermenileri Sorunlari Ara\u015ftirmalar Merkezi","article_published_time":"2013-12-18T07:19:30+00:00","author":"admin","twitter_card":"summary_large_image","twitter_misc":{"Written by":"admin","Est. reading time":"2 minutes"},"schema":{"@context":"https:\/\/schema.org","@graph":[{"@type":"Article","@id":"https:\/\/akunq.net\/tr\/?p=27496#article","isPartOf":{"@id":"https:\/\/akunq.net\/tr\/?p=27496"},"author":{"name":"admin","@id":"https:\/\/akunq.net\/tr\/#\/schema\/person\/096f1d38a12cce57fb855b485ed24c9e"},"headline":"A\u0130HM: Ermeni soyk\u0131r\u0131m\u0131n\u0131 inkar ifade \u00f6zg\u00fcrl\u00fc\u011f\u00fcd\u00fcr","datePublished":"2013-12-18T07:19:30+00:00","mainEntityOfPage":{"@id":"https:\/\/akunq.net\/tr\/?p=27496"},"wordCount":331,"commentCount":0,"articleSection":["Haberler"],"inLanguage":"en-US","potentialAction":[{"@type":"CommentAction","name":"Comment","target":["https:\/\/akunq.net\/tr\/?p=27496#respond"]}]},{"@type":"WebPage","@id":"https:\/\/akunq.net\/tr\/?p=27496","url":"https:\/\/akunq.net\/tr\/?p=27496","name":"A\u0130HM: Ermeni soyk\u0131r\u0131m\u0131n\u0131 inkar ifade \u00f6zg\u00fcrl\u00fc\u011f\u00fcd\u00fcr - Bati Ermenistan Ve Bati Ermenileri Sorunlari Ara\u015ftirmalar Merkezi","isPartOf":{"@id":"https:\/\/akunq.net\/tr\/#website"},"datePublished":"2013-12-18T07:19:30+00:00","author":{"@id":"https:\/\/akunq.net\/tr\/#\/schema\/person\/096f1d38a12cce57fb855b485ed24c9e"},"breadcrumb":{"@id":"https:\/\/akunq.net\/tr\/?p=27496#breadcrumb"},"inLanguage":"en-US","potentialAction":[{"@type":"ReadAction","target":["https:\/\/akunq.net\/tr\/?p=27496"]}]},{"@type":"BreadcrumbList","@id":"https:\/\/akunq.net\/tr\/?p=27496#breadcrumb","itemListElement":[{"@type":"ListItem","position":1,"name":"Home","item":"https:\/\/akunq.net\/tr"},{"@type":"ListItem","position":2,"name":"A\u0130HM: Ermeni soyk\u0131r\u0131m\u0131n\u0131 inkar ifade \u00f6zg\u00fcrl\u00fc\u011f\u00fcd\u00fcr"}]},{"@type":"WebSite","@id":"https:\/\/akunq.net\/tr\/#website","url":"https:\/\/akunq.net\/tr\/","name":"Bati Ermenistan Ve Bati Ermenileri Sorunlari Ara\u015ftirmalar Merkezi","description":"","potentialAction":[{"@type":"SearchAction","target":{"@type":"EntryPoint","urlTemplate":"https:\/\/akunq.net\/tr\/?s={search_term_string}"},"query-input":{"@type":"PropertyValueSpecification","valueRequired":true,"valueName":"search_term_string"}}],"inLanguage":"en-US"},{"@type":"Person","@id":"https:\/\/akunq.net\/tr\/#\/schema\/person\/096f1d38a12cce57fb855b485ed24c9e","name":"admin","url":"https:\/\/akunq.net\/tr\/?author=7"}]}},"_links":{"self":[{"href":"https:\/\/akunq.net\/tr\/index.php?rest_route=\/wp\/v2\/posts\/27496","targetHints":{"allow":["GET"]}}],"collection":[{"href":"https:\/\/akunq.net\/tr\/index.php?rest_route=\/wp\/v2\/posts"}],"about":[{"href":"https:\/\/akunq.net\/tr\/index.php?rest_route=\/wp\/v2\/types\/post"}],"author":[{"embeddable":true,"href":"https:\/\/akunq.net\/tr\/index.php?rest_route=\/wp\/v2\/users\/7"}],"replies":[{"embeddable":true,"href":"https:\/\/akunq.net\/tr\/index.php?rest_route=%2Fwp%2Fv2%2Fcomments&post=27496"}],"version-history":[{"count":1,"href":"https:\/\/akunq.net\/tr\/index.php?rest_route=\/wp\/v2\/posts\/27496\/revisions"}],"predecessor-version":[{"id":27498,"href":"https:\/\/akunq.net\/tr\/index.php?rest_route=\/wp\/v2\/posts\/27496\/revisions\/27498"}],"wp:attachment":[{"href":"https:\/\/akunq.net\/tr\/index.php?rest_route=%2Fwp%2Fv2%2Fmedia&parent=27496"}],"wp:term":[{"taxonomy":"category","embeddable":true,"href":"https:\/\/akunq.net\/tr\/index.php?rest_route=%2Fwp%2Fv2%2Fcategories&post=27496"},{"taxonomy":"post_tag","embeddable":true,"href":"https:\/\/akunq.net\/tr\/index.php?rest_route=%2Fwp%2Fv2%2Ftags&post=27496"}],"curies":[{"name":"wp","href":"https:\/\/api.w.org\/{rel}","templated":true}]}}