{"id":27490,"date":"2013-12-18T01:49:22","date_gmt":"2013-12-18T06:49:22","guid":{"rendered":"http:\/\/akunq.net\/tr\/?p=27490"},"modified":"2013-12-18T01:49:22","modified_gmt":"2013-12-18T06:49:22","slug":"hayali-osmanli-otoritesinin-bitmeyen-ayasofya-inadi","status":"publish","type":"post","link":"https:\/\/akunq.net\/tr\/?p=27490","title":{"rendered":"Hayali Osmanl\u0131 otoritesinin bitmeyen Ayasofya inad\u0131"},"content":{"rendered":"<p style=\"text-align: justify;\"><b><i><a href=\"http:\/\/akunq.net\/tr\/wp-content\/uploads\/2013\/12\/Ayasofya.jpg\"><img loading=\"lazy\" decoding=\"async\" class=\"alignright size-medium wp-image-27491\" alt=\"Ayasofya\" src=\"http:\/\/akunq.net\/tr\/wp-content\/uploads\/2013\/12\/Ayasofya-300x218.jpg\" width=\"300\" height=\"218\" srcset=\"https:\/\/akunq.net\/tr\/wp-content\/uploads\/sites\/6\/2013\/12\/Ayasofya-300x218.jpg 300w, https:\/\/akunq.net\/tr\/wp-content\/uploads\/sites\/6\/2013\/12\/Ayasofya.jpg 550w\" sizes=\"auto, (max-width: 300px) 100vw, 300px\" \/><\/a>Bo\u011fazi\u00e7i \u00dcniversitesi Tarih B\u00f6l\u00fcm\u00fc \u00f6\u011fretim \u00fcyesi Vangelis Kechriotis yazd\u0131: Son haftalarda tekrar g\u00fcndeme gelen Ayasofya\u2019n\u0131n yeniden camiye \u00e7evrilmesiyle ilgili nutuklar, m\u00fcnferit bir olay de\u011fil, daha genel havan\u0131n bir par\u00e7as\u0131. Bir\u00e7ok akademisyenin g\u00f6sterdi\u011fi gibi son y\u0131llarda AKP\u2019nin kentsel d\u00f6n\u00fc\u015f\u00fcm\u00fc ile e\u015f zamanl\u0131 olarak \u00f6zelikle \u0130stanbul\u2019da bu s\u00fcre\u00e7 temelden bir yap\u0131land\u0131rmaya evrildi. <\/i><\/b><\/p>\n<p style=\"text-align: justify;\"><b>VANGEL\u0130S KECHR\u0130OT\u0130S<\/b><\/p>\n<p style=\"text-align: justify;\">G\u00f6z\u00fcn\u00fczden ka\u00e7m\u0131\u015f olabilir. Bir ay \u00f6nce en sevilen Yunan tak\u0131mlar\u0131ndan biri, \u0130stanbul k\u00f6kenli AEK\u2019in yeni stad\u0131n\u0131n maketi sunuldu. \u0130smi \u0130stanbul Spor Kul\u00fcb\u00fc anlam\u0131na gelen AEK ekonomik krizden en a\u011f\u0131r darbe alan tak\u0131m oldu. Bor\u00e7lar\u0131n\u0131 \u00f6deyemedi\u011fi i\u00e7in de \u00fc\u00e7\u00fcnc\u00fc lige d\u00fc\u015ft\u00fc. Fakat eski ba\u015fkanlar\u0131ndan Pontus k\u00f6kenli i\u015fadam\u0131 Yanis Melisanidis tak\u0131m\u0131 sat\u0131n ald\u0131 ve hemen harekete ge\u00e7ti. Yeni stat yeni bir d\u00f6neme i\u015faret ediyor. \u00c7ok etkileyici, simgesel bir isim gerekiyordu. Olympiakos\u2019un stad\u0131n\u0131n ismi Yunan devriminin efsanevi kahramanlar\u0131ndan Georgios Karaiskakis\u2019e aittir; Panathinaikos ise, eski Fenerbah\u00e7eli futbolcu ve tak\u0131m\u0131n kurucusu Apostolos Nikolaidis\u2019in ismini kulland\u0131. AEK\u2019\u00e7iler daha g\u00fc\u00e7l\u00fc bir sembol arad\u0131lar ve Ayasofya ismini verdiler. Hatta stad\u0131n trib\u00fcnleri Bizans surlar\u0131na benzeyecekmi\u015f ve \u2018art\u0131k bu defa d\u00fc\u015fmeyecek\u2019 slogan\u0131yla in\u015fa edilecekmi\u015f.<\/p>\n<p style=\"text-align: justify;\"><b>Krizle ortaya \u00e7\u0131kan dini ve milli semboller<\/b><\/p>\n<p style=\"text-align: justify;\">Yunan pop\u00fcler k\u00fclt\u00fcr\u00fcnde Ayasofya\u2019n\u0131n ne kadar \u00f6nemli bir yer i\u015fgal etti\u011fini anlatmam gerekmiyor. Her \u00f6\u011frencinin \u00f6\u011frendi\u011fi baz\u0131 temel efsaneler var. Mesela, Konstantinopolis\u2019in fethi s\u0131ras\u0131nda imparator \u015fehit olmam\u0131\u015f, Ayasofya\u2019n\u0131n i\u00e7inde hi\u00e7 kimsenin bilmedi\u011fi bir yere saklanm\u0131\u015f, mermer olmu\u015f. G\u00fcn gelecek, g\u00f6zleri kama\u015ft\u0131ran bir melek onu ortaya \u00e7\u0131karacak ve yine Ayasofya ve Konstantinopolis H\u0131ristiyan olacak. Rahmetli Stefan Yerasimos, \u2018Kostantiniye ve Ayasofya Efsaneleri\u2019 adl\u0131 me\u015fhur \u00e7al\u0131\u015fmas\u0131nda bu t\u00fcr efsaneleri ele al\u0131yor. Tabii, kilisenin etkisinin \u00e7ok kuvvetli oldu\u011fu Yunan halk k\u00fclt\u00fcr\u00fcnde, aradan as\u0131rlar ge\u00e7mi\u015f olsa bile, bu efsanelerin h\u00e2l\u00e2 g\u00fcn\u00fcm\u00fczde baz\u0131 ortamlarda canl\u0131 olmas\u0131n\u0131n bizi \u015fa\u015f\u0131rtmamas\u0131 laz\u0131m. Modernle\u015fme, \u015fehirle\u015fme, e\u011fitimin yayg\u0131nla\u015fmas\u0131 dini ve milli sembollerin suland\u0131r\u0131lmas\u0131 anlam\u0131na gelmez. \u00d6yle g\u00f6z\u00fckse de, bir kriz gelir, t\u0131pk\u0131 Yunanistan\u2019da oldu\u011fu gibi, b\u00fct\u00fcn tarihi referanslar ortaya \u00e7\u0131kar, birbiriyle kar\u0131\u015f\u0131r, 300 yolda\u015f\u0131yla beraber Leonidas Byzans\u2019\u0131 T\u00fcrklerden savunur hale gelir.<\/p>\n<p style=\"text-align: justify;\"><b>Yeni bir fetih<\/b><\/p>\n<p style=\"text-align: justify;\">Peki, refah ve servet i\u00e7inde bulunan T\u00fcrkiye\u2019de ne oluyor da herkes tarihle u\u011fra\u015f\u0131yor? Niye bir projenin d\u00fczg\u00fcn be\u015f senelik, on senelik bir s\u00fcre\u00e7 \u00fczerine de\u011fil, Cumhuriyetin kurulu\u015fu (2023), \u0130stanbul\u2019un Fethi (2053), ya da Malazgirt zaferinin (2071) y\u00fcz\u00fcnc\u00fc y\u0131ld\u00f6n\u00fcmleri \u00fczerine kotar\u0131lmas\u0131 gerekiyor? Tabii zaman kavram\u0131 bir yana, mek\u00e2n ve alan son derece \u00f6nemlidir. Son haftalarda tekrar g\u00fcndeme gelen Ayasofya\u2019n\u0131n yeniden camiye \u00e7evrilmesiyle ilgili nutuklar, m\u00fcnferit bir olay de\u011fil, daha genel havan\u0131n bir par\u00e7as\u0131. Bir\u00e7ok akademisyenin g\u00f6sterdi\u011fi gibi son y\u0131llarda AKP\u2019nin kentsel d\u00f6n\u00fc\u015f\u00fcm\u00fc ile e\u015f zamanl\u0131 olarak \u00f6zelikle \u0130stanbul\u2019da bu s\u00fcre\u00e7 temelden bir yap\u0131land\u0131rmaya evrildi. O kadar ki yeni bir fetihten bahsetmek m\u00fcmk\u00fcn. Ta\u015fradan gelen yepyeni bir orta s\u0131n\u0131f \u0130stanbul\u2019a yerle\u015fiyor, kendi \u2018muhafazak\u00e2r, demokrat\u2019 kimli\u011fiyle \u015fehrin b\u00fcy\u00fck k\u0131s\u0131mlar\u0131n\u0131 d\u00f6n\u00fc\u015ft\u00fcr\u00fcyor. Dini bir terminoloji kullansak ve var olan \u015fehirli orta s\u0131n\u0131f\u0131n dini de\u011ferlere bu kadar ba\u011fl\u0131 olmad\u0131\u011f\u0131na inansak, o zaman \u015fehir ihtida ediliyor diyebiliriz. Bu s\u00fcrecin son noktas\u0131 olarak Ayasofya\u2019n\u0131n tekrardan \u0130slamla\u015ft\u0131r\u0131lmas\u0131 m\u00fcthi\u015f bir zirve noktas\u0131 olur.<\/p>\n<p style=\"text-align: justify;\">Zaten b\u00f6yle bir Osmanl\u0131 nostaljisi i\u00e7inde hareket eden kamu yoklamas\u0131 haline gelen imza toplamalar, a\u00e7\u0131k havada namaz k\u0131lmalar, pop\u00fcler \u2018s\u0131\u011f\u2019 tarih dergilerindeki yaz\u0131lar halk\u0131n duygular\u0131n\u0131 pompal\u0131yor. Ben de olsayd\u0131m, bu kadar \u2018mant\u0131kl\u0131\u2019 bir talebe sahip \u00e7\u0131kard\u0131m. Sadece, her g\u00fcn ya\u015fad\u0131\u011f\u0131m\u0131z toplum i\u00e7inde i\u00e7selle\u015ftirdi\u011fimiz \u2018hakikatler\u2019den bahsetmiyorum. Elbette, Yunanistan\u2019da da benzer bir kampanya olsayd\u0131, \u2018Ayasofya kilise olsun\u2019 talebini y\u00fcz binlerce ki\u015fi imzalard\u0131. Hat\u0131rlatay\u0131m, 1997\u2019de Yunanistan\u2019da o zamanki Ba\u015fepiskopos Hristodulos n\u00fcfus c\u00fczdan\u0131nda din hanesinin yaz\u0131lmas\u0131na devam edilmesi i\u00e7in 3 milyon imza toplad\u0131\u011f\u0131n\u0131 iddia ediyordu. Niye olmas\u0131n? Ayasofya cami yap\u0131ls\u0131n diye birka\u00e7 milyon imza rahatl\u0131kla toplan\u0131r. Sonra \u2018halk\u0131n yo\u011fun talebi \u00fczerine, yeni caminiz a\u00e7\u0131lm\u0131\u015ft\u0131r\u2019 \u015feklinde sunulacak kahramanca bir kararla, Ayasofya bir zaferin daha simgesi olur.<\/p>\n<p style=\"text-align: justify;\"><b>\u015eu Ayasofya tak\u0131nt\u0131s\u0131<\/b><\/p>\n<p style=\"text-align: justify;\">Zaten ilk b\u00fcy\u00fck binay\u0131 yapt\u0131ran Justinyanus\u2019un a\u00e7\u0131l\u0131\u015f\u0131nda \u2018Seni yendim S\u00fcleyman\u2019 dedi\u011fi aktar\u0131l\u0131yor. Sonra Fatih, zaferini kutlamak i\u00e7in kiliseyi camiye d\u00f6n\u00fc\u015ft\u00fcrd\u00fc, akabinde Cumhuriyetin kurucusu benzer bir hamle ile laikli\u011fin bir zaferi olarak \u0130stanbul\u2019a bir m\u00fcze kazand\u0131rd\u0131, \u015fimdi de Osmanl\u0131 miras\u0131na sahip \u00e7\u0131kan elitler \u0130stanbul halk\u0131n\u0131 en m\u00fckemmel camiyle kavu\u015fturacak. Hukuki s\u00fcrecin ne olaca\u011f\u0131n\u0131 anlatacak bu konuda benden daha bilgili uzmanlar var. Ayasofya&#8217;n\u0131n UNESCO himayesinde bulunan d\u00fcnya k\u00fclt\u00fcr miras\u0131n\u0131n \u00f6nemli bir par\u00e7as\u0131 oldu\u011funu hat\u0131rlatmama da gerek yok. \u00d6nemli oldu\u011funu d\u00fc\u015f\u00fcnd\u00fc\u011f\u00fcm bir noktaya de\u011finmek istiyorum. Belli ki bir Ayasofya tak\u0131nt\u0131s\u0131 var. \u0130ki sene \u00f6nce \u0130znik, ge\u00e7en yaz Trabzon ve \u015fimdi \u0130stanbul&#8230;<\/p>\n<p style=\"text-align: justify;\">Ne yaz\u0131k ki, ba\u015fka Ayasofya\u2019lar da var T\u00fcrkiye de. Bu s\u00fcrecin sonuna kadar devam edebilece\u011fini tahmin etmek zor de\u011fil. \u0130lgin\u00e7 olan, b\u00fct\u00fcn bunlar az\u0131nl\u0131klar i\u00e7in olumlu bir havan\u0131n esti\u011fi bir d\u00f6nemde ger\u00e7ekle\u015fiyor. Vak\u0131flar\u0131n mallar\u0131 geri veriliyor, S\u00fcmela Manast\u0131r\u0131, Ahtamar Kilisesi gibi \u00f6nemli ibadethaneler senede bir de olsa ibadete a\u00e7\u0131l\u0131yor. Bunu \u015fizofrenik bir durum olarak de\u011ferlendirmeye gerek yok. Hayali bir Osmanl\u0131 M\u00fcsl\u00fcman egemenli\u011fine dayanan bir otorite her ikisini de yapar, hem kendi \u0130slami profilini g\u00fc\u00e7lendirir hem de gayrim\u00fcslim tebaas\u0131n\u0131 memnun eder. As\u0131l \u015fizofreni kullan\u0131lan ilkelerden kaynaklan\u0131yor.<\/p>\n<p style=\"text-align: justify;\">\u0130ki hafta \u00f6nce Trabzon Vak\u0131flar B\u00f6lge M\u00fcd\u00fcr\u00fc Mazhar Y\u0131ld\u0131r\u0131mhan, S\u00fcmela ile ilgili baz\u0131 duyumlara cevap verirken \u015f\u00f6yle demi\u015f: \u201cE\u011fer S\u00fcmela (H\u0131ristiyanlara) devredilirse, Ayasofya dahil H\u0131ristiyanlar\u0131n yapt\u0131\u011f\u0131 her yerin devredilmesi laz\u0131m. O zaman da bu T\u00fcrkiye&#8217;nin egemenlik haklar\u0131n\u0131n devredilmesi anlam\u0131na gelir. Bu asla m\u00fcmk\u00fcn de\u011fildir.&#8221; Bir tarafta \u0130stanbul\u2019un fethi canlan\u0131yor, di\u011fer tarafta Kurtulu\u015f Sava\u015f\u0131 devam ediyor. B\u00fcrokratlar\u0131n ve siyaset\u00e7ilerin bu iki kuvvetli \u2018metaforu\u2019 kullan\u0131rken bazen ka\u00e7\u0131rd\u0131klar\u0131 nokta \u2018kimin neyi fethetti\u011fi\u2019 ve \u2018kimin kimden neyi kurtard\u0131\u011f\u0131\u2019 noktas\u0131. D\u00fc\u015f\u00fcnd\u00fckleri a\u015f\u0131r\u0131 milliyet\u00e7i Yunan taifesi aras\u0131nda yayg\u0131n olan bir slogan\u0131 hat\u0131rlat\u0131yor : \u201cG\u00fcn gelecek, devran d\u00f6necek, Ayasofya bizim olacak!\u201d<\/p>\n<p style=\"text-align: justify;\"><b><i>http:\/\/www.agos.com.tr\/haber.php?seo=hayali-osmanli-otoritesinin-bitmeyen-ayasofya-inadi&amp;haberid=6288<\/i><\/b><\/p>\n","protected":false},"excerpt":{"rendered":"<p>Bo\u011fazi\u00e7i \u00dcniversitesi Tarih B\u00f6l\u00fcm\u00fc \u00f6\u011fretim \u00fcyesi Vangelis Kechriotis yazd\u0131: Son haftalarda tekrar g\u00fcndeme gelen Ayasofya\u2019n\u0131n yeniden camiye \u00e7evrilmesiyle ilgili nutuklar, m\u00fcnferit bir olay de\u011fil, daha genel havan\u0131n bir par\u00e7as\u0131. Bir\u00e7ok akademisyenin g\u00f6sterdi\u011fi gibi son y\u0131llarda AKP\u2019nin kentsel d\u00f6n\u00fc\u015f\u00fcm\u00fc ile e\u015f zamanl\u0131 olarak \u00f6zelikle \u0130stanbul\u2019da bu s\u00fcre\u00e7 temelden bir yap\u0131land\u0131rmaya evrildi. VANGEL\u0130S KECHR\u0130OT\u0130S G\u00f6z\u00fcn\u00fczden ka\u00e7m\u0131\u015f olabilir. [&hellip;]<\/p>\n","protected":false},"author":7,"featured_media":0,"comment_status":"open","ping_status":"open","sticky":false,"template":"","format":"standard","meta":{"footnotes":""},"categories":[1],"tags":[],"class_list":["post-27490","post","type-post","status-publish","format-standard","hentry","category-haberler"],"yoast_head":"<!-- This site is optimized with the Yoast SEO plugin v27.4 - https:\/\/yoast.com\/product\/yoast-seo-wordpress\/ -->\n<title>Hayali Osmanl\u0131 otoritesinin bitmeyen Ayasofya inad\u0131 - Bati Ermenistan Ve Bati Ermenileri Sorunlari Ara\u015ftirmalar Merkezi<\/title>\n<meta name=\"robots\" content=\"index, follow, max-snippet:-1, max-image-preview:large, max-video-preview:-1\" \/>\n<link rel=\"canonical\" href=\"https:\/\/akunq.net\/tr\/?p=27490\" \/>\n<meta property=\"og:locale\" content=\"en_US\" \/>\n<meta property=\"og:type\" content=\"article\" \/>\n<meta property=\"og:title\" content=\"Hayali Osmanl\u0131 otoritesinin bitmeyen Ayasofya inad\u0131 - Bati Ermenistan Ve Bati Ermenileri Sorunlari Ara\u015ftirmalar Merkezi\" \/>\n<meta property=\"og:description\" content=\"Bo\u011fazi\u00e7i \u00dcniversitesi Tarih B\u00f6l\u00fcm\u00fc \u00f6\u011fretim \u00fcyesi Vangelis Kechriotis yazd\u0131: Son haftalarda tekrar g\u00fcndeme gelen Ayasofya\u2019n\u0131n yeniden camiye \u00e7evrilmesiyle ilgili nutuklar, m\u00fcnferit bir olay de\u011fil, daha genel havan\u0131n bir par\u00e7as\u0131. Bir\u00e7ok akademisyenin g\u00f6sterdi\u011fi gibi son y\u0131llarda AKP\u2019nin kentsel d\u00f6n\u00fc\u015f\u00fcm\u00fc ile e\u015f zamanl\u0131 olarak \u00f6zelikle \u0130stanbul\u2019da bu s\u00fcre\u00e7 temelden bir yap\u0131land\u0131rmaya evrildi. VANGEL\u0130S KECHR\u0130OT\u0130S G\u00f6z\u00fcn\u00fczden ka\u00e7m\u0131\u015f olabilir. [&hellip;]\" \/>\n<meta property=\"og:url\" content=\"https:\/\/akunq.net\/tr\/?p=27490\" \/>\n<meta property=\"og:site_name\" content=\"Bati Ermenistan Ve Bati Ermenileri Sorunlari Ara\u015ftirmalar Merkezi\" \/>\n<meta property=\"article:published_time\" content=\"2013-12-18T06:49:22+00:00\" \/>\n<meta property=\"og:image\" content=\"http:\/\/akunq.net\/tr\/wp-content\/uploads\/2013\/12\/Ayasofya-300x218.jpg\" \/>\n<meta name=\"author\" content=\"admin\" \/>\n<meta name=\"twitter:card\" content=\"summary_large_image\" \/>\n<meta name=\"twitter:label1\" content=\"Written by\" \/>\n\t<meta name=\"twitter:data1\" content=\"admin\" \/>\n\t<meta name=\"twitter:label2\" content=\"Est. reading time\" \/>\n\t<meta name=\"twitter:data2\" content=\"6 minutes\" \/>\n<script type=\"application\/ld+json\" class=\"yoast-schema-graph\">{\"@context\":\"https:\\\/\\\/schema.org\",\"@graph\":[{\"@type\":\"Article\",\"@id\":\"https:\\\/\\\/akunq.net\\\/tr\\\/?p=27490#article\",\"isPartOf\":{\"@id\":\"https:\\\/\\\/akunq.net\\\/tr\\\/?p=27490\"},\"author\":{\"name\":\"admin\",\"@id\":\"https:\\\/\\\/akunq.net\\\/tr\\\/#\\\/schema\\\/person\\\/096f1d38a12cce57fb855b485ed24c9e\"},\"headline\":\"Hayali Osmanl\u0131 otoritesinin bitmeyen Ayasofya inad\u0131\",\"datePublished\":\"2013-12-18T06:49:22+00:00\",\"mainEntityOfPage\":{\"@id\":\"https:\\\/\\\/akunq.net\\\/tr\\\/?p=27490\"},\"wordCount\":1219,\"commentCount\":0,\"image\":{\"@id\":\"https:\\\/\\\/akunq.net\\\/tr\\\/?p=27490#primaryimage\"},\"thumbnailUrl\":\"http:\\\/\\\/akunq.net\\\/tr\\\/wp-content\\\/uploads\\\/2013\\\/12\\\/Ayasofya-300x218.jpg\",\"articleSection\":[\"Haberler\"],\"inLanguage\":\"en-US\",\"potentialAction\":[{\"@type\":\"CommentAction\",\"name\":\"Comment\",\"target\":[\"https:\\\/\\\/akunq.net\\\/tr\\\/?p=27490#respond\"]}]},{\"@type\":\"WebPage\",\"@id\":\"https:\\\/\\\/akunq.net\\\/tr\\\/?p=27490\",\"url\":\"https:\\\/\\\/akunq.net\\\/tr\\\/?p=27490\",\"name\":\"Hayali Osmanl\u0131 otoritesinin bitmeyen Ayasofya inad\u0131 - Bati Ermenistan Ve Bati Ermenileri Sorunlari Ara\u015ftirmalar Merkezi\",\"isPartOf\":{\"@id\":\"https:\\\/\\\/akunq.net\\\/tr\\\/#website\"},\"primaryImageOfPage\":{\"@id\":\"https:\\\/\\\/akunq.net\\\/tr\\\/?p=27490#primaryimage\"},\"image\":{\"@id\":\"https:\\\/\\\/akunq.net\\\/tr\\\/?p=27490#primaryimage\"},\"thumbnailUrl\":\"http:\\\/\\\/akunq.net\\\/tr\\\/wp-content\\\/uploads\\\/2013\\\/12\\\/Ayasofya-300x218.jpg\",\"datePublished\":\"2013-12-18T06:49:22+00:00\",\"author\":{\"@id\":\"https:\\\/\\\/akunq.net\\\/tr\\\/#\\\/schema\\\/person\\\/096f1d38a12cce57fb855b485ed24c9e\"},\"breadcrumb\":{\"@id\":\"https:\\\/\\\/akunq.net\\\/tr\\\/?p=27490#breadcrumb\"},\"inLanguage\":\"en-US\",\"potentialAction\":[{\"@type\":\"ReadAction\",\"target\":[\"https:\\\/\\\/akunq.net\\\/tr\\\/?p=27490\"]}]},{\"@type\":\"ImageObject\",\"inLanguage\":\"en-US\",\"@id\":\"https:\\\/\\\/akunq.net\\\/tr\\\/?p=27490#primaryimage\",\"url\":\"https:\\\/\\\/akunq.net\\\/tr\\\/wp-content\\\/uploads\\\/sites\\\/6\\\/2013\\\/12\\\/Ayasofya.jpg\",\"contentUrl\":\"https:\\\/\\\/akunq.net\\\/tr\\\/wp-content\\\/uploads\\\/sites\\\/6\\\/2013\\\/12\\\/Ayasofya.jpg\",\"width\":550,\"height\":400},{\"@type\":\"BreadcrumbList\",\"@id\":\"https:\\\/\\\/akunq.net\\\/tr\\\/?p=27490#breadcrumb\",\"itemListElement\":[{\"@type\":\"ListItem\",\"position\":1,\"name\":\"Home\",\"item\":\"https:\\\/\\\/akunq.net\\\/tr\"},{\"@type\":\"ListItem\",\"position\":2,\"name\":\"Hayali Osmanl\u0131 otoritesinin bitmeyen Ayasofya inad\u0131\"}]},{\"@type\":\"WebSite\",\"@id\":\"https:\\\/\\\/akunq.net\\\/tr\\\/#website\",\"url\":\"https:\\\/\\\/akunq.net\\\/tr\\\/\",\"name\":\"Bati Ermenistan Ve Bati Ermenileri Sorunlari Ara\u015ftirmalar Merkezi\",\"description\":\"\",\"potentialAction\":[{\"@type\":\"SearchAction\",\"target\":{\"@type\":\"EntryPoint\",\"urlTemplate\":\"https:\\\/\\\/akunq.net\\\/tr\\\/?s={search_term_string}\"},\"query-input\":{\"@type\":\"PropertyValueSpecification\",\"valueRequired\":true,\"valueName\":\"search_term_string\"}}],\"inLanguage\":\"en-US\"},{\"@type\":\"Person\",\"@id\":\"https:\\\/\\\/akunq.net\\\/tr\\\/#\\\/schema\\\/person\\\/096f1d38a12cce57fb855b485ed24c9e\",\"name\":\"admin\",\"url\":\"https:\\\/\\\/akunq.net\\\/tr\\\/?author=7\"}]}<\/script>\n<!-- \/ Yoast SEO plugin. -->","yoast_head_json":{"title":"Hayali Osmanl\u0131 otoritesinin bitmeyen Ayasofya inad\u0131 - Bati Ermenistan Ve Bati Ermenileri Sorunlari Ara\u015ftirmalar Merkezi","robots":{"index":"index","follow":"follow","max-snippet":"max-snippet:-1","max-image-preview":"max-image-preview:large","max-video-preview":"max-video-preview:-1"},"canonical":"https:\/\/akunq.net\/tr\/?p=27490","og_locale":"en_US","og_type":"article","og_title":"Hayali Osmanl\u0131 otoritesinin bitmeyen Ayasofya inad\u0131 - Bati Ermenistan Ve Bati Ermenileri Sorunlari Ara\u015ftirmalar Merkezi","og_description":"Bo\u011fazi\u00e7i \u00dcniversitesi Tarih B\u00f6l\u00fcm\u00fc \u00f6\u011fretim \u00fcyesi Vangelis Kechriotis yazd\u0131: Son haftalarda tekrar g\u00fcndeme gelen Ayasofya\u2019n\u0131n yeniden camiye \u00e7evrilmesiyle ilgili nutuklar, m\u00fcnferit bir olay de\u011fil, daha genel havan\u0131n bir par\u00e7as\u0131. Bir\u00e7ok akademisyenin g\u00f6sterdi\u011fi gibi son y\u0131llarda AKP\u2019nin kentsel d\u00f6n\u00fc\u015f\u00fcm\u00fc ile e\u015f zamanl\u0131 olarak \u00f6zelikle \u0130stanbul\u2019da bu s\u00fcre\u00e7 temelden bir yap\u0131land\u0131rmaya evrildi. VANGEL\u0130S KECHR\u0130OT\u0130S G\u00f6z\u00fcn\u00fczden ka\u00e7m\u0131\u015f olabilir. [&hellip;]","og_url":"https:\/\/akunq.net\/tr\/?p=27490","og_site_name":"Bati Ermenistan Ve Bati Ermenileri Sorunlari Ara\u015ftirmalar Merkezi","article_published_time":"2013-12-18T06:49:22+00:00","og_image":[{"url":"http:\/\/akunq.net\/tr\/wp-content\/uploads\/2013\/12\/Ayasofya-300x218.jpg","type":"","width":"","height":""}],"author":"admin","twitter_card":"summary_large_image","twitter_misc":{"Written by":"admin","Est. reading time":"6 minutes"},"schema":{"@context":"https:\/\/schema.org","@graph":[{"@type":"Article","@id":"https:\/\/akunq.net\/tr\/?p=27490#article","isPartOf":{"@id":"https:\/\/akunq.net\/tr\/?p=27490"},"author":{"name":"admin","@id":"https:\/\/akunq.net\/tr\/#\/schema\/person\/096f1d38a12cce57fb855b485ed24c9e"},"headline":"Hayali Osmanl\u0131 otoritesinin bitmeyen Ayasofya inad\u0131","datePublished":"2013-12-18T06:49:22+00:00","mainEntityOfPage":{"@id":"https:\/\/akunq.net\/tr\/?p=27490"},"wordCount":1219,"commentCount":0,"image":{"@id":"https:\/\/akunq.net\/tr\/?p=27490#primaryimage"},"thumbnailUrl":"http:\/\/akunq.net\/tr\/wp-content\/uploads\/2013\/12\/Ayasofya-300x218.jpg","articleSection":["Haberler"],"inLanguage":"en-US","potentialAction":[{"@type":"CommentAction","name":"Comment","target":["https:\/\/akunq.net\/tr\/?p=27490#respond"]}]},{"@type":"WebPage","@id":"https:\/\/akunq.net\/tr\/?p=27490","url":"https:\/\/akunq.net\/tr\/?p=27490","name":"Hayali Osmanl\u0131 otoritesinin bitmeyen Ayasofya inad\u0131 - Bati Ermenistan Ve Bati Ermenileri Sorunlari Ara\u015ftirmalar Merkezi","isPartOf":{"@id":"https:\/\/akunq.net\/tr\/#website"},"primaryImageOfPage":{"@id":"https:\/\/akunq.net\/tr\/?p=27490#primaryimage"},"image":{"@id":"https:\/\/akunq.net\/tr\/?p=27490#primaryimage"},"thumbnailUrl":"http:\/\/akunq.net\/tr\/wp-content\/uploads\/2013\/12\/Ayasofya-300x218.jpg","datePublished":"2013-12-18T06:49:22+00:00","author":{"@id":"https:\/\/akunq.net\/tr\/#\/schema\/person\/096f1d38a12cce57fb855b485ed24c9e"},"breadcrumb":{"@id":"https:\/\/akunq.net\/tr\/?p=27490#breadcrumb"},"inLanguage":"en-US","potentialAction":[{"@type":"ReadAction","target":["https:\/\/akunq.net\/tr\/?p=27490"]}]},{"@type":"ImageObject","inLanguage":"en-US","@id":"https:\/\/akunq.net\/tr\/?p=27490#primaryimage","url":"https:\/\/akunq.net\/tr\/wp-content\/uploads\/sites\/6\/2013\/12\/Ayasofya.jpg","contentUrl":"https:\/\/akunq.net\/tr\/wp-content\/uploads\/sites\/6\/2013\/12\/Ayasofya.jpg","width":550,"height":400},{"@type":"BreadcrumbList","@id":"https:\/\/akunq.net\/tr\/?p=27490#breadcrumb","itemListElement":[{"@type":"ListItem","position":1,"name":"Home","item":"https:\/\/akunq.net\/tr"},{"@type":"ListItem","position":2,"name":"Hayali Osmanl\u0131 otoritesinin bitmeyen Ayasofya inad\u0131"}]},{"@type":"WebSite","@id":"https:\/\/akunq.net\/tr\/#website","url":"https:\/\/akunq.net\/tr\/","name":"Bati Ermenistan Ve Bati Ermenileri Sorunlari Ara\u015ftirmalar Merkezi","description":"","potentialAction":[{"@type":"SearchAction","target":{"@type":"EntryPoint","urlTemplate":"https:\/\/akunq.net\/tr\/?s={search_term_string}"},"query-input":{"@type":"PropertyValueSpecification","valueRequired":true,"valueName":"search_term_string"}}],"inLanguage":"en-US"},{"@type":"Person","@id":"https:\/\/akunq.net\/tr\/#\/schema\/person\/096f1d38a12cce57fb855b485ed24c9e","name":"admin","url":"https:\/\/akunq.net\/tr\/?author=7"}]}},"_links":{"self":[{"href":"https:\/\/akunq.net\/tr\/index.php?rest_route=\/wp\/v2\/posts\/27490","targetHints":{"allow":["GET"]}}],"collection":[{"href":"https:\/\/akunq.net\/tr\/index.php?rest_route=\/wp\/v2\/posts"}],"about":[{"href":"https:\/\/akunq.net\/tr\/index.php?rest_route=\/wp\/v2\/types\/post"}],"author":[{"embeddable":true,"href":"https:\/\/akunq.net\/tr\/index.php?rest_route=\/wp\/v2\/users\/7"}],"replies":[{"embeddable":true,"href":"https:\/\/akunq.net\/tr\/index.php?rest_route=%2Fwp%2Fv2%2Fcomments&post=27490"}],"version-history":[{"count":1,"href":"https:\/\/akunq.net\/tr\/index.php?rest_route=\/wp\/v2\/posts\/27490\/revisions"}],"predecessor-version":[{"id":27492,"href":"https:\/\/akunq.net\/tr\/index.php?rest_route=\/wp\/v2\/posts\/27490\/revisions\/27492"}],"wp:attachment":[{"href":"https:\/\/akunq.net\/tr\/index.php?rest_route=%2Fwp%2Fv2%2Fmedia&parent=27490"}],"wp:term":[{"taxonomy":"category","embeddable":true,"href":"https:\/\/akunq.net\/tr\/index.php?rest_route=%2Fwp%2Fv2%2Fcategories&post=27490"},{"taxonomy":"post_tag","embeddable":true,"href":"https:\/\/akunq.net\/tr\/index.php?rest_route=%2Fwp%2Fv2%2Ftags&post=27490"}],"curies":[{"name":"wp","href":"https:\/\/api.w.org\/{rel}","templated":true}]}}