{"id":27486,"date":"2013-12-18T01:38:53","date_gmt":"2013-12-18T06:38:53","guid":{"rendered":"http:\/\/akunq.net\/tr\/?p=27486"},"modified":"2013-12-18T01:39:08","modified_gmt":"2013-12-18T06:39:08","slug":"hollande-ermenilere-verdigi-sozleri-tutacak","status":"publish","type":"post","link":"https:\/\/akunq.net\/tr\/?p=27486","title":{"rendered":"\u2018Hollande Ermenilere verdi\u011fi s\u00f6zleri tutacak\u2019"},"content":{"rendered":"<p style=\"text-align: justify;\"><b><i><a href=\"http:\/\/akunq.net\/tr\/wp-content\/uploads\/2013\/12\/Hollande.jpg\"><img loading=\"lazy\" decoding=\"async\" class=\"alignright size-medium wp-image-27487\" alt=\"Hollande\" src=\"http:\/\/akunq.net\/tr\/wp-content\/uploads\/2013\/12\/Hollande-300x169.jpg\" width=\"300\" height=\"169\" srcset=\"https:\/\/akunq.net\/tr\/wp-content\/uploads\/sites\/6\/2013\/12\/Hollande-300x169.jpg 300w, https:\/\/akunq.net\/tr\/wp-content\/uploads\/sites\/6\/2013\/12\/Hollande-600x338.jpg 600w, https:\/\/akunq.net\/tr\/wp-content\/uploads\/sites\/6\/2013\/12\/Hollande.jpg 620w\" sizes=\"auto, (max-width: 300px) 100vw, 300px\" \/><\/a>GELECEK ay 20 y\u0131l aradan sonra T\u00fcrkiye\u2019ye ilk devlet ziyaretini yapacak Fransa Cumhurba\u015fkan\u0131 olmaya haz\u0131rlanan Fran\u00e7ois Hollande\u2019\u0131n May\u0131s 2014\u2019te de Ermenistan\u2019a gidece\u011fi \u00f6\u011frenildi.<\/i><\/b><\/p>\n<p style=\"text-align: justify;\">Hollande, T\u00fcrkiye\u2019ye 27-28 Ocak\u2019ta yapaca\u011f\u0131 devlet ziyareti \u00f6ncesi Ermeni diyasporas\u0131n\u0131n 3 \u00f6nemli ismi Frans\u0131z Ermeni Dernekleri Koordinasyon Kurulu (CCAF) y\u00f6neticileri Murat Papazyan, Ara Toranyan ve Alexis Govciyan\u2019\u0131 Elysee Saray\u0131\u2019nda kabul etti. Yakla\u015f\u0131k bir saat s\u00fcren g\u00f6r\u00fc\u015fmenin ard\u0131ndan H\u00fcrriyet\u2019in sorular\u0131n\u0131 yan\u0131tlayan Papazyan \u015funlar\u0131 s\u00f6yledi: \u201cCCAF olarak Hollande\u2019\u0131 ziyaret ettik. 15 y\u0131ld\u0131r tan\u0131yorum kendisini. Bir\u00e7ok kez Ermeni davas\u0131na deste\u011fini yineledi. 2015\u2019te Ermeni soyk\u0131r\u0131m\u0131n\u0131n 100\u2019\u00fcnc\u00fc y\u0131ld\u00f6n\u00fcm\u00fc i\u00e7in yap\u0131lacaklar\u0131 konu\u015ftuk. Bu \u00e7er\u00e7evede Paris\u2019te kurulacak Ulusal Haf\u0131za M\u00fczesi\u2019nin kurulu\u015funu ele ald\u0131k. Ayr\u0131ca Hollande\u2019\u0131n May\u0131s 2014\u2019te Ermenistan\u2019a yapaca\u011f\u0131 ziyareti ele ald\u0131k.\u201d<\/p>\n<p style=\"text-align: justify;\"><b>\u201cFRANSA-T\u00dcRK\u0130YE \u0130L\u0130\u015eK\u0130S\u0130 \u00d6NEML\u0130\u201d<\/b><br \/>\nH\u00fcrriyet\u2019in, \u201cHollande\u2019\u0131n T\u00fcrkiye gezisi de g\u00fcndeme geldi mi?\u201d sorusuna Papazyan, \u201cElbette Frans\u0131z devleti ile T\u00fcrk devletinin ili\u015fkisinin geli\u015fmesi \u00f6nemlidir. Cumhurba\u015fkan\u0131 da Ermeni toplumuna verdi\u011fi t\u00fcm s\u00f6zlerin tutulaca\u011f\u0131n\u0131 yinelemi\u015ftir. Elbette biz bu diplomatik ve ekonomik yak\u0131nla\u015fmay\u0131 t\u00fcm\u00fcyle anl\u0131yoruz. Bu bizim a\u00e7\u0131m\u0131zdan hi\u00e7bir problem olu\u015fturmamaktad\u0131r\u201d dedi.<\/p>\n<p style=\"text-align: justify;\"><b><i>Arzu \u00c7AKIR MORIN \/ PAR\u0130S <\/i><\/b><\/p>\n<p style=\"text-align: justify;\"><b><i>http:\/\/www.hurriyet.com.tr\/dunya\/25377971.asp<\/i><\/b><\/p>\n","protected":false},"excerpt":{"rendered":"<p>GELECEK ay 20 y\u0131l aradan sonra T\u00fcrkiye\u2019ye ilk devlet ziyaretini yapacak Fransa Cumhurba\u015fkan\u0131 olmaya haz\u0131rlanan Fran\u00e7ois Hollande\u2019\u0131n May\u0131s 2014\u2019te de Ermenistan\u2019a gidece\u011fi \u00f6\u011frenildi. Hollande, T\u00fcrkiye\u2019ye 27-28 Ocak\u2019ta yapaca\u011f\u0131 devlet ziyareti \u00f6ncesi Ermeni diyasporas\u0131n\u0131n 3 \u00f6nemli ismi Frans\u0131z Ermeni Dernekleri Koordinasyon Kurulu (CCAF) y\u00f6neticileri Murat Papazyan, Ara Toranyan ve Alexis Govciyan\u2019\u0131 Elysee Saray\u0131\u2019nda kabul etti. Yakla\u015f\u0131k [&hellip;]<\/p>\n","protected":false},"author":7,"featured_media":0,"comment_status":"open","ping_status":"open","sticky":false,"template":"","format":"standard","meta":{"footnotes":""},"categories":[1],"tags":[],"class_list":["post-27486","post","type-post","status-publish","format-standard","hentry","category-haberler"],"yoast_head":"<!-- This site is optimized with the Yoast SEO plugin v27.4 - https:\/\/yoast.com\/product\/yoast-seo-wordpress\/ -->\n<title>\u2018Hollande Ermenilere verdi\u011fi s\u00f6zleri tutacak\u2019 - Bati Ermenistan Ve Bati Ermenileri Sorunlari Ara\u015ftirmalar Merkezi<\/title>\n<meta name=\"robots\" content=\"index, follow, max-snippet:-1, max-image-preview:large, max-video-preview:-1\" \/>\n<link rel=\"canonical\" href=\"https:\/\/akunq.net\/tr\/?p=27486\" \/>\n<meta property=\"og:locale\" content=\"en_US\" \/>\n<meta property=\"og:type\" content=\"article\" \/>\n<meta property=\"og:title\" content=\"\u2018Hollande Ermenilere verdi\u011fi s\u00f6zleri tutacak\u2019 - Bati Ermenistan Ve Bati Ermenileri Sorunlari Ara\u015ftirmalar Merkezi\" \/>\n<meta property=\"og:description\" content=\"GELECEK ay 20 y\u0131l aradan sonra T\u00fcrkiye\u2019ye ilk devlet ziyaretini yapacak Fransa Cumhurba\u015fkan\u0131 olmaya haz\u0131rlanan Fran\u00e7ois Hollande\u2019\u0131n May\u0131s 2014\u2019te de Ermenistan\u2019a gidece\u011fi \u00f6\u011frenildi. Hollande, T\u00fcrkiye\u2019ye 27-28 Ocak\u2019ta yapaca\u011f\u0131 devlet ziyareti \u00f6ncesi Ermeni diyasporas\u0131n\u0131n 3 \u00f6nemli ismi Frans\u0131z Ermeni Dernekleri Koordinasyon Kurulu (CCAF) y\u00f6neticileri Murat Papazyan, Ara Toranyan ve Alexis Govciyan\u2019\u0131 Elysee Saray\u0131\u2019nda kabul etti. Yakla\u015f\u0131k [&hellip;]\" \/>\n<meta property=\"og:url\" content=\"https:\/\/akunq.net\/tr\/?p=27486\" \/>\n<meta property=\"og:site_name\" content=\"Bati Ermenistan Ve Bati Ermenileri Sorunlari Ara\u015ftirmalar Merkezi\" \/>\n<meta property=\"article:published_time\" content=\"2013-12-18T06:38:53+00:00\" \/>\n<meta property=\"article:modified_time\" content=\"2013-12-18T06:39:08+00:00\" \/>\n<meta property=\"og:image\" content=\"http:\/\/akunq.net\/tr\/wp-content\/uploads\/2013\/12\/Hollande-300x169.jpg\" \/>\n<meta name=\"author\" content=\"admin\" \/>\n<meta name=\"twitter:card\" content=\"summary_large_image\" \/>\n<meta name=\"twitter:label1\" content=\"Written by\" \/>\n\t<meta name=\"twitter:data1\" content=\"admin\" \/>\n\t<meta name=\"twitter:label2\" content=\"Est. reading time\" \/>\n\t<meta name=\"twitter:data2\" content=\"1 minute\" \/>\n<script type=\"application\/ld+json\" class=\"yoast-schema-graph\">{\"@context\":\"https:\\\/\\\/schema.org\",\"@graph\":[{\"@type\":\"Article\",\"@id\":\"https:\\\/\\\/akunq.net\\\/tr\\\/?p=27486#article\",\"isPartOf\":{\"@id\":\"https:\\\/\\\/akunq.net\\\/tr\\\/?p=27486\"},\"author\":{\"name\":\"admin\",\"@id\":\"https:\\\/\\\/akunq.net\\\/tr\\\/#\\\/schema\\\/person\\\/096f1d38a12cce57fb855b485ed24c9e\"},\"headline\":\"\u2018Hollande Ermenilere verdi\u011fi s\u00f6zleri tutacak\u2019\",\"datePublished\":\"2013-12-18T06:38:53+00:00\",\"dateModified\":\"2013-12-18T06:39:08+00:00\",\"mainEntityOfPage\":{\"@id\":\"https:\\\/\\\/akunq.net\\\/tr\\\/?p=27486\"},\"wordCount\":256,\"commentCount\":0,\"image\":{\"@id\":\"https:\\\/\\\/akunq.net\\\/tr\\\/?p=27486#primaryimage\"},\"thumbnailUrl\":\"http:\\\/\\\/akunq.net\\\/tr\\\/wp-content\\\/uploads\\\/2013\\\/12\\\/Hollande-300x169.jpg\",\"articleSection\":[\"Haberler\"],\"inLanguage\":\"en-US\",\"potentialAction\":[{\"@type\":\"CommentAction\",\"name\":\"Comment\",\"target\":[\"https:\\\/\\\/akunq.net\\\/tr\\\/?p=27486#respond\"]}]},{\"@type\":\"WebPage\",\"@id\":\"https:\\\/\\\/akunq.net\\\/tr\\\/?p=27486\",\"url\":\"https:\\\/\\\/akunq.net\\\/tr\\\/?p=27486\",\"name\":\"\u2018Hollande Ermenilere verdi\u011fi s\u00f6zleri tutacak\u2019 - Bati Ermenistan Ve Bati Ermenileri Sorunlari Ara\u015ftirmalar Merkezi\",\"isPartOf\":{\"@id\":\"https:\\\/\\\/akunq.net\\\/tr\\\/#website\"},\"primaryImageOfPage\":{\"@id\":\"https:\\\/\\\/akunq.net\\\/tr\\\/?p=27486#primaryimage\"},\"image\":{\"@id\":\"https:\\\/\\\/akunq.net\\\/tr\\\/?p=27486#primaryimage\"},\"thumbnailUrl\":\"http:\\\/\\\/akunq.net\\\/tr\\\/wp-content\\\/uploads\\\/2013\\\/12\\\/Hollande-300x169.jpg\",\"datePublished\":\"2013-12-18T06:38:53+00:00\",\"dateModified\":\"2013-12-18T06:39:08+00:00\",\"author\":{\"@id\":\"https:\\\/\\\/akunq.net\\\/tr\\\/#\\\/schema\\\/person\\\/096f1d38a12cce57fb855b485ed24c9e\"},\"breadcrumb\":{\"@id\":\"https:\\\/\\\/akunq.net\\\/tr\\\/?p=27486#breadcrumb\"},\"inLanguage\":\"en-US\",\"potentialAction\":[{\"@type\":\"ReadAction\",\"target\":[\"https:\\\/\\\/akunq.net\\\/tr\\\/?p=27486\"]}]},{\"@type\":\"ImageObject\",\"inLanguage\":\"en-US\",\"@id\":\"https:\\\/\\\/akunq.net\\\/tr\\\/?p=27486#primaryimage\",\"url\":\"https:\\\/\\\/akunq.net\\\/tr\\\/wp-content\\\/uploads\\\/sites\\\/6\\\/2013\\\/12\\\/Hollande.jpg\",\"contentUrl\":\"https:\\\/\\\/akunq.net\\\/tr\\\/wp-content\\\/uploads\\\/sites\\\/6\\\/2013\\\/12\\\/Hollande.jpg\",\"width\":620,\"height\":350},{\"@type\":\"BreadcrumbList\",\"@id\":\"https:\\\/\\\/akunq.net\\\/tr\\\/?p=27486#breadcrumb\",\"itemListElement\":[{\"@type\":\"ListItem\",\"position\":1,\"name\":\"Home\",\"item\":\"https:\\\/\\\/akunq.net\\\/tr\"},{\"@type\":\"ListItem\",\"position\":2,\"name\":\"\u2018Hollande Ermenilere verdi\u011fi s\u00f6zleri tutacak\u2019\"}]},{\"@type\":\"WebSite\",\"@id\":\"https:\\\/\\\/akunq.net\\\/tr\\\/#website\",\"url\":\"https:\\\/\\\/akunq.net\\\/tr\\\/\",\"name\":\"Bati Ermenistan Ve Bati Ermenileri Sorunlari Ara\u015ftirmalar Merkezi\",\"description\":\"\",\"potentialAction\":[{\"@type\":\"SearchAction\",\"target\":{\"@type\":\"EntryPoint\",\"urlTemplate\":\"https:\\\/\\\/akunq.net\\\/tr\\\/?s={search_term_string}\"},\"query-input\":{\"@type\":\"PropertyValueSpecification\",\"valueRequired\":true,\"valueName\":\"search_term_string\"}}],\"inLanguage\":\"en-US\"},{\"@type\":\"Person\",\"@id\":\"https:\\\/\\\/akunq.net\\\/tr\\\/#\\\/schema\\\/person\\\/096f1d38a12cce57fb855b485ed24c9e\",\"name\":\"admin\",\"url\":\"https:\\\/\\\/akunq.net\\\/tr\\\/?author=7\"}]}<\/script>\n<!-- \/ Yoast SEO plugin. -->","yoast_head_json":{"title":"\u2018Hollande Ermenilere verdi\u011fi s\u00f6zleri tutacak\u2019 - Bati Ermenistan Ve Bati Ermenileri Sorunlari Ara\u015ftirmalar Merkezi","robots":{"index":"index","follow":"follow","max-snippet":"max-snippet:-1","max-image-preview":"max-image-preview:large","max-video-preview":"max-video-preview:-1"},"canonical":"https:\/\/akunq.net\/tr\/?p=27486","og_locale":"en_US","og_type":"article","og_title":"\u2018Hollande Ermenilere verdi\u011fi s\u00f6zleri tutacak\u2019 - Bati Ermenistan Ve Bati Ermenileri Sorunlari Ara\u015ftirmalar Merkezi","og_description":"GELECEK ay 20 y\u0131l aradan sonra T\u00fcrkiye\u2019ye ilk devlet ziyaretini yapacak Fransa Cumhurba\u015fkan\u0131 olmaya haz\u0131rlanan Fran\u00e7ois Hollande\u2019\u0131n May\u0131s 2014\u2019te de Ermenistan\u2019a gidece\u011fi \u00f6\u011frenildi. Hollande, T\u00fcrkiye\u2019ye 27-28 Ocak\u2019ta yapaca\u011f\u0131 devlet ziyareti \u00f6ncesi Ermeni diyasporas\u0131n\u0131n 3 \u00f6nemli ismi Frans\u0131z Ermeni Dernekleri Koordinasyon Kurulu (CCAF) y\u00f6neticileri Murat Papazyan, Ara Toranyan ve Alexis Govciyan\u2019\u0131 Elysee Saray\u0131\u2019nda kabul etti. Yakla\u015f\u0131k [&hellip;]","og_url":"https:\/\/akunq.net\/tr\/?p=27486","og_site_name":"Bati Ermenistan Ve Bati Ermenileri Sorunlari Ara\u015ftirmalar Merkezi","article_published_time":"2013-12-18T06:38:53+00:00","article_modified_time":"2013-12-18T06:39:08+00:00","og_image":[{"url":"http:\/\/akunq.net\/tr\/wp-content\/uploads\/2013\/12\/Hollande-300x169.jpg","type":"","width":"","height":""}],"author":"admin","twitter_card":"summary_large_image","twitter_misc":{"Written by":"admin","Est. reading time":"1 minute"},"schema":{"@context":"https:\/\/schema.org","@graph":[{"@type":"Article","@id":"https:\/\/akunq.net\/tr\/?p=27486#article","isPartOf":{"@id":"https:\/\/akunq.net\/tr\/?p=27486"},"author":{"name":"admin","@id":"https:\/\/akunq.net\/tr\/#\/schema\/person\/096f1d38a12cce57fb855b485ed24c9e"},"headline":"\u2018Hollande Ermenilere verdi\u011fi s\u00f6zleri tutacak\u2019","datePublished":"2013-12-18T06:38:53+00:00","dateModified":"2013-12-18T06:39:08+00:00","mainEntityOfPage":{"@id":"https:\/\/akunq.net\/tr\/?p=27486"},"wordCount":256,"commentCount":0,"image":{"@id":"https:\/\/akunq.net\/tr\/?p=27486#primaryimage"},"thumbnailUrl":"http:\/\/akunq.net\/tr\/wp-content\/uploads\/2013\/12\/Hollande-300x169.jpg","articleSection":["Haberler"],"inLanguage":"en-US","potentialAction":[{"@type":"CommentAction","name":"Comment","target":["https:\/\/akunq.net\/tr\/?p=27486#respond"]}]},{"@type":"WebPage","@id":"https:\/\/akunq.net\/tr\/?p=27486","url":"https:\/\/akunq.net\/tr\/?p=27486","name":"\u2018Hollande Ermenilere verdi\u011fi s\u00f6zleri tutacak\u2019 - Bati Ermenistan Ve Bati Ermenileri Sorunlari Ara\u015ftirmalar Merkezi","isPartOf":{"@id":"https:\/\/akunq.net\/tr\/#website"},"primaryImageOfPage":{"@id":"https:\/\/akunq.net\/tr\/?p=27486#primaryimage"},"image":{"@id":"https:\/\/akunq.net\/tr\/?p=27486#primaryimage"},"thumbnailUrl":"http:\/\/akunq.net\/tr\/wp-content\/uploads\/2013\/12\/Hollande-300x169.jpg","datePublished":"2013-12-18T06:38:53+00:00","dateModified":"2013-12-18T06:39:08+00:00","author":{"@id":"https:\/\/akunq.net\/tr\/#\/schema\/person\/096f1d38a12cce57fb855b485ed24c9e"},"breadcrumb":{"@id":"https:\/\/akunq.net\/tr\/?p=27486#breadcrumb"},"inLanguage":"en-US","potentialAction":[{"@type":"ReadAction","target":["https:\/\/akunq.net\/tr\/?p=27486"]}]},{"@type":"ImageObject","inLanguage":"en-US","@id":"https:\/\/akunq.net\/tr\/?p=27486#primaryimage","url":"https:\/\/akunq.net\/tr\/wp-content\/uploads\/sites\/6\/2013\/12\/Hollande.jpg","contentUrl":"https:\/\/akunq.net\/tr\/wp-content\/uploads\/sites\/6\/2013\/12\/Hollande.jpg","width":620,"height":350},{"@type":"BreadcrumbList","@id":"https:\/\/akunq.net\/tr\/?p=27486#breadcrumb","itemListElement":[{"@type":"ListItem","position":1,"name":"Home","item":"https:\/\/akunq.net\/tr"},{"@type":"ListItem","position":2,"name":"\u2018Hollande Ermenilere verdi\u011fi s\u00f6zleri tutacak\u2019"}]},{"@type":"WebSite","@id":"https:\/\/akunq.net\/tr\/#website","url":"https:\/\/akunq.net\/tr\/","name":"Bati Ermenistan Ve Bati Ermenileri Sorunlari Ara\u015ftirmalar Merkezi","description":"","potentialAction":[{"@type":"SearchAction","target":{"@type":"EntryPoint","urlTemplate":"https:\/\/akunq.net\/tr\/?s={search_term_string}"},"query-input":{"@type":"PropertyValueSpecification","valueRequired":true,"valueName":"search_term_string"}}],"inLanguage":"en-US"},{"@type":"Person","@id":"https:\/\/akunq.net\/tr\/#\/schema\/person\/096f1d38a12cce57fb855b485ed24c9e","name":"admin","url":"https:\/\/akunq.net\/tr\/?author=7"}]}},"_links":{"self":[{"href":"https:\/\/akunq.net\/tr\/index.php?rest_route=\/wp\/v2\/posts\/27486","targetHints":{"allow":["GET"]}}],"collection":[{"href":"https:\/\/akunq.net\/tr\/index.php?rest_route=\/wp\/v2\/posts"}],"about":[{"href":"https:\/\/akunq.net\/tr\/index.php?rest_route=\/wp\/v2\/types\/post"}],"author":[{"embeddable":true,"href":"https:\/\/akunq.net\/tr\/index.php?rest_route=\/wp\/v2\/users\/7"}],"replies":[{"embeddable":true,"href":"https:\/\/akunq.net\/tr\/index.php?rest_route=%2Fwp%2Fv2%2Fcomments&post=27486"}],"version-history":[{"count":2,"href":"https:\/\/akunq.net\/tr\/index.php?rest_route=\/wp\/v2\/posts\/27486\/revisions"}],"predecessor-version":[{"id":27489,"href":"https:\/\/akunq.net\/tr\/index.php?rest_route=\/wp\/v2\/posts\/27486\/revisions\/27489"}],"wp:attachment":[{"href":"https:\/\/akunq.net\/tr\/index.php?rest_route=%2Fwp%2Fv2%2Fmedia&parent=27486"}],"wp:term":[{"taxonomy":"category","embeddable":true,"href":"https:\/\/akunq.net\/tr\/index.php?rest_route=%2Fwp%2Fv2%2Fcategories&post=27486"},{"taxonomy":"post_tag","embeddable":true,"href":"https:\/\/akunq.net\/tr\/index.php?rest_route=%2Fwp%2Fv2%2Ftags&post=27486"}],"curies":[{"name":"wp","href":"https:\/\/api.w.org\/{rel}","templated":true}]}}