{"id":27483,"date":"2013-12-17T04:20:57","date_gmt":"2013-12-17T09:20:57","guid":{"rendered":"http:\/\/akunq.net\/tr\/?p=27483"},"modified":"2013-12-17T04:20:57","modified_gmt":"2013-12-17T09:20:57","slug":"sevag-balikci-davasinin-seyri-degisebilir","status":"publish","type":"post","link":"https:\/\/akunq.net\/tr\/?p=27483","title":{"rendered":"Sevag Bal\u0131k\u00e7\u0131 davas\u0131n\u0131n seyri de\u011fi\u015febilir"},"content":{"rendered":"<h2 style=\"text-align: justify;\"><i><a href=\"http:\/\/akunq.net\/tr\/wp-content\/uploads\/2013\/12\/\u054d\u0587\u0561\u056f-\u0547\u0561\u0570\u056b\u0576-\u0532\u0561\u056c\u0568\u0584\u0579\u0568.jpg\"><img loading=\"lazy\" decoding=\"async\" class=\"alignright size-full wp-image-27484\" alt=\"\u054d\u0587\u0561\u056f \u0547\u0561\u0570\u056b\u0576 \u0532\u0561\u056c\u0568\u0584\u0579\u0568\" src=\"http:\/\/akunq.net\/tr\/wp-content\/uploads\/2013\/12\/\u054d\u0587\u0561\u056f-\u0547\u0561\u0570\u056b\u0576-\u0532\u0561\u056c\u0568\u0584\u0579\u0568.jpg\" width=\"300\" height=\"200\" \/><\/a>Tan\u0131k Halil Ek\u015fi yeniden ifade verecek\u2026<\/i><\/h2>\n<p style=\"text-align: justify;\">Batman\u2019\u0131n Kozluk \u0130l\u00e7esi G\u00fcm\u00fc\u015f\u00f6rg\u00fc Jandarma Karakolu\u2019nda askerlik yapan Ermeni Er Sevag \u015eahin Bal\u0131k\u00e7\u0131 Paskalya Bayram\u0131\u2019n\u0131n kutland\u0131\u011f\u0131 bir d\u00f6nemde ve ayn\u0131 zamanda Ermeni Soyk\u0131r\u0131m\u0131\u2019n\u0131 anma g\u00fcn\u00fcne denk gelen 24 Nisan 2011 g\u00fcn\u00fc K\u0131van\u00e7 A\u011fao\u011flu\u2019nun t\u00fcfe\u011finden \u00e7\u0131kan kur\u015fun ile \u00f6lm\u00fc\u015ft\u00fc. A\u011fao\u011flu\u2019nun milliyet\u00e7i g\u00f6r\u00fc\u015fte oldu\u011fu, Facebook profilinde bu y\u00f6nde payla\u015f\u0131mlar bulundu\u011fu ortaya \u00e7\u0131km\u0131\u015ft\u0131.<\/p>\n<p style=\"text-align: justify;\">YT\u00dc G\u00fczel Sanatlar Fak\u00fcltesi Seramik B\u00f6l\u00fcm\u00fc mezunu olan ve terhisine 23 g\u00fcn kala hayat\u0131n\u0131 kaybeden Bal\u0131k\u00e7\u0131\u2019n\u0131n \u00f6l\u00fcm\u00fcne ili\u015fkin davada san\u0131k K\u0131van\u00e7 A\u011fao\u011flu, birlikte g\u00f6rev yapt\u0131\u011f\u0131 Er Sevag \u015eahin Bal\u0131k\u00e7\u0131&#8217;y\u0131 &#8220;taksirle \u00f6ld\u00fcrmek suretiyle, silah\u0131nda dikkatsizlik sonucu bir ki\u015finin \u00f6l\u00fcm\u00fcne sebebiyet vermek&#8221; su\u00e7unu i\u015fledi\u011fi gerek\u00e7esiyle 4 y\u0131l 5 ay 10 g\u00fcn hapis cezas\u0131na \u00e7arpt\u0131r\u0131lm\u0131\u015ft\u0131.<\/p>\n<p style=\"text-align: justify;\">Ancak davada yeni bir geli\u015fme ya\u015fand\u0131. Sevag \u015eahin Bal\u0131k\u00e7\u0131&#8217;n\u0131n annesi Ani Bal\u0131k\u00e7\u0131 Facebook hesab\u0131ndan d\u00fcn \u015f\u00f6yle yazd\u0131:<\/p>\n<p style=\"text-align: justify;\"><strong>\u201cSevag i\u00e7in yar\u0131n \u00f6nemli bir duru\u015fma ayd\u0131nda olacak. ilk ifadesi bask\u0131 ile de\u011fi\u015ftirtilen Halil Ek\u015fi vicdana gelerek ilk ifadesinin do\u011fru olu\u011funu s\u00f6ylemi\u015f. Can\u0131m bebe\u011fim in\u015fallah rahat uyur, tabii bu delil kabul edilirse.\u201d<\/strong><\/p>\n<p style=\"text-align: justify;\">Jandarma Er Halil Ek\u015fi iik ifadesinde, \u201cK\u0131van\u00e7 A\u011fao\u011flu ve Sevag \u015eahin Bal\u0131k\u00e7\u0131 1-2 metre mesafede \u00e7al\u0131\u015f\u0131yorlard\u0131. Yakla\u015f\u0131k yar\u0131m saat ne\u015feli bir ortamda \u00e7al\u0131\u015ft\u0131ktan ve \u015fakala\u015fmalardan sonra K\u0131van\u00e7 bir anda silah\u0131 omzundan indirerek tam dolduru\u015fa ald\u0131. Emniyeti a\u00e7\u0131p a\u00e7mad\u0131\u011f\u0131n\u0131 g\u00f6rmedim. K\u0131van\u00e7 silah\u0131 Sevag\u2019a do\u011frulttu ve do\u011frultmas\u0131yla silah\u0131n ate\u015f almas\u0131 neredeyse ayn\u0131 anda oldu. Bir tart\u0131\u015fma ya da kavga olmad\u0131. Hatta onlar karde\u015f gibilerdi\u201d demi\u015fti.<\/p>\n<p style=\"text-align: justify;\">Halil Ek\u015fi\u2019nin silah\u0131 \u201comzundan indirerek tam dolduru\u015fa ald\u0131\u201d s\u00f6zleri olayda kas\u0131t oldu\u011fu iddias\u0131n\u0131 g\u00fc\u00e7lendiriyordu. Ancak Halil Ek\u015fi ifadesini de\u011fi\u015ftirerek silah\u0131n nas\u0131l ate\u015f ald\u0131\u011f\u0131n\u0131 g\u00f6rmedi\u011fini s\u00f6ylemi\u015fti.<\/p>\n<p style=\"text-align: justify;\">Halil Ek\u015fi&#8217;nin, Bal\u0131k\u00e7\u0131 ailesinin kendisinden \u015fikayet\u00e7i olmas\u0131 \u00fczerine Ayd\u0131n\u2019daki ifadesini bask\u0131 ile de\u011fi\u015ftirdi\u011fini, ger\u00e7ek olmad\u0131\u011f\u0131n\u0131 s\u00f6yledi\u011fi iddia ediliyor. Bug\u00fcn Ayd\u0131n\u2019da yeniden duru\u015fma g\u00f6r\u00fclecek ve Halil Ek\u015fi ifadesini de\u011fi\u015ftirirse dava yeni bir seyre girecek.<\/p>\n<p style=\"text-align: justify;\"><b><i>Murad M\u0131h\u00e7\u0131 \/ Demokrat Haber<\/i><\/b><\/p>\n<p style=\"text-align: justify;\"><b><i>http:\/\/www.demokrathaber.net\/guncel\/sevag-balikci-davasinin-seyri-degisebilir-h25985.html<\/i><\/b><\/p>\n","protected":false},"excerpt":{"rendered":"<p>Tan\u0131k Halil Ek\u015fi yeniden ifade verecek\u2026 Batman\u2019\u0131n Kozluk \u0130l\u00e7esi G\u00fcm\u00fc\u015f\u00f6rg\u00fc Jandarma Karakolu\u2019nda askerlik yapan Ermeni Er Sevag \u015eahin Bal\u0131k\u00e7\u0131 Paskalya Bayram\u0131\u2019n\u0131n kutland\u0131\u011f\u0131 bir d\u00f6nemde ve ayn\u0131 zamanda Ermeni Soyk\u0131r\u0131m\u0131\u2019n\u0131 anma g\u00fcn\u00fcne denk gelen 24 Nisan 2011 g\u00fcn\u00fc K\u0131van\u00e7 A\u011fao\u011flu\u2019nun t\u00fcfe\u011finden \u00e7\u0131kan kur\u015fun ile \u00f6lm\u00fc\u015ft\u00fc. A\u011fao\u011flu\u2019nun milliyet\u00e7i g\u00f6r\u00fc\u015fte oldu\u011fu, Facebook profilinde bu y\u00f6nde payla\u015f\u0131mlar bulundu\u011fu ortaya [&hellip;]<\/p>\n","protected":false},"author":7,"featured_media":0,"comment_status":"open","ping_status":"open","sticky":false,"template":"","format":"standard","meta":{"footnotes":""},"categories":[1],"tags":[],"class_list":["post-27483","post","type-post","status-publish","format-standard","hentry","category-haberler"],"yoast_head":"<!-- This site is optimized with the Yoast SEO plugin v27.4 - https:\/\/yoast.com\/product\/yoast-seo-wordpress\/ -->\n<title>Sevag Bal\u0131k\u00e7\u0131 davas\u0131n\u0131n seyri de\u011fi\u015febilir - Bati Ermenistan Ve Bati Ermenileri Sorunlari Ara\u015ftirmalar Merkezi<\/title>\n<meta name=\"robots\" content=\"index, follow, max-snippet:-1, max-image-preview:large, max-video-preview:-1\" \/>\n<link rel=\"canonical\" href=\"https:\/\/akunq.net\/tr\/?p=27483\" \/>\n<meta property=\"og:locale\" content=\"en_US\" \/>\n<meta property=\"og:type\" content=\"article\" \/>\n<meta property=\"og:title\" content=\"Sevag Bal\u0131k\u00e7\u0131 davas\u0131n\u0131n seyri de\u011fi\u015febilir - Bati Ermenistan Ve Bati Ermenileri Sorunlari Ara\u015ftirmalar Merkezi\" \/>\n<meta property=\"og:description\" content=\"Tan\u0131k Halil Ek\u015fi yeniden ifade verecek\u2026 Batman\u2019\u0131n Kozluk \u0130l\u00e7esi G\u00fcm\u00fc\u015f\u00f6rg\u00fc Jandarma Karakolu\u2019nda askerlik yapan Ermeni Er Sevag \u015eahin Bal\u0131k\u00e7\u0131 Paskalya Bayram\u0131\u2019n\u0131n kutland\u0131\u011f\u0131 bir d\u00f6nemde ve ayn\u0131 zamanda Ermeni Soyk\u0131r\u0131m\u0131\u2019n\u0131 anma g\u00fcn\u00fcne denk gelen 24 Nisan 2011 g\u00fcn\u00fc K\u0131van\u00e7 A\u011fao\u011flu\u2019nun t\u00fcfe\u011finden \u00e7\u0131kan kur\u015fun ile \u00f6lm\u00fc\u015ft\u00fc. A\u011fao\u011flu\u2019nun milliyet\u00e7i g\u00f6r\u00fc\u015fte oldu\u011fu, Facebook profilinde bu y\u00f6nde payla\u015f\u0131mlar bulundu\u011fu ortaya [&hellip;]\" \/>\n<meta property=\"og:url\" content=\"https:\/\/akunq.net\/tr\/?p=27483\" \/>\n<meta property=\"og:site_name\" content=\"Bati Ermenistan Ve Bati Ermenileri Sorunlari Ara\u015ftirmalar Merkezi\" \/>\n<meta property=\"article:published_time\" content=\"2013-12-17T09:20:57+00:00\" \/>\n<meta name=\"author\" content=\"admin\" \/>\n<meta name=\"twitter:card\" content=\"summary_large_image\" \/>\n<meta name=\"twitter:label1\" content=\"Written by\" \/>\n\t<meta name=\"twitter:data1\" content=\"admin\" \/>\n\t<meta name=\"twitter:label2\" content=\"Est. reading time\" \/>\n\t<meta name=\"twitter:data2\" content=\"2 minutes\" \/>\n<script type=\"application\/ld+json\" class=\"yoast-schema-graph\">{\"@context\":\"https:\\\/\\\/schema.org\",\"@graph\":[{\"@type\":\"Article\",\"@id\":\"https:\\\/\\\/akunq.net\\\/tr\\\/?p=27483#article\",\"isPartOf\":{\"@id\":\"https:\\\/\\\/akunq.net\\\/tr\\\/?p=27483\"},\"author\":{\"name\":\"admin\",\"@id\":\"https:\\\/\\\/akunq.net\\\/tr\\\/#\\\/schema\\\/person\\\/096f1d38a12cce57fb855b485ed24c9e\"},\"headline\":\"Sevag Bal\u0131k\u00e7\u0131 davas\u0131n\u0131n seyri de\u011fi\u015febilir\",\"datePublished\":\"2013-12-17T09:20:57+00:00\",\"mainEntityOfPage\":{\"@id\":\"https:\\\/\\\/akunq.net\\\/tr\\\/?p=27483\"},\"wordCount\":450,\"commentCount\":0,\"articleSection\":[\"Haberler\"],\"inLanguage\":\"en-US\",\"potentialAction\":[{\"@type\":\"CommentAction\",\"name\":\"Comment\",\"target\":[\"https:\\\/\\\/akunq.net\\\/tr\\\/?p=27483#respond\"]}]},{\"@type\":\"WebPage\",\"@id\":\"https:\\\/\\\/akunq.net\\\/tr\\\/?p=27483\",\"url\":\"https:\\\/\\\/akunq.net\\\/tr\\\/?p=27483\",\"name\":\"Sevag Bal\u0131k\u00e7\u0131 davas\u0131n\u0131n seyri de\u011fi\u015febilir - Bati Ermenistan Ve Bati Ermenileri Sorunlari Ara\u015ftirmalar Merkezi\",\"isPartOf\":{\"@id\":\"https:\\\/\\\/akunq.net\\\/tr\\\/#website\"},\"datePublished\":\"2013-12-17T09:20:57+00:00\",\"author\":{\"@id\":\"https:\\\/\\\/akunq.net\\\/tr\\\/#\\\/schema\\\/person\\\/096f1d38a12cce57fb855b485ed24c9e\"},\"breadcrumb\":{\"@id\":\"https:\\\/\\\/akunq.net\\\/tr\\\/?p=27483#breadcrumb\"},\"inLanguage\":\"en-US\",\"potentialAction\":[{\"@type\":\"ReadAction\",\"target\":[\"https:\\\/\\\/akunq.net\\\/tr\\\/?p=27483\"]}]},{\"@type\":\"BreadcrumbList\",\"@id\":\"https:\\\/\\\/akunq.net\\\/tr\\\/?p=27483#breadcrumb\",\"itemListElement\":[{\"@type\":\"ListItem\",\"position\":1,\"name\":\"Home\",\"item\":\"https:\\\/\\\/akunq.net\\\/tr\"},{\"@type\":\"ListItem\",\"position\":2,\"name\":\"Sevag Bal\u0131k\u00e7\u0131 davas\u0131n\u0131n seyri de\u011fi\u015febilir\"}]},{\"@type\":\"WebSite\",\"@id\":\"https:\\\/\\\/akunq.net\\\/tr\\\/#website\",\"url\":\"https:\\\/\\\/akunq.net\\\/tr\\\/\",\"name\":\"Bati Ermenistan Ve Bati Ermenileri Sorunlari Ara\u015ftirmalar Merkezi\",\"description\":\"\",\"potentialAction\":[{\"@type\":\"SearchAction\",\"target\":{\"@type\":\"EntryPoint\",\"urlTemplate\":\"https:\\\/\\\/akunq.net\\\/tr\\\/?s={search_term_string}\"},\"query-input\":{\"@type\":\"PropertyValueSpecification\",\"valueRequired\":true,\"valueName\":\"search_term_string\"}}],\"inLanguage\":\"en-US\"},{\"@type\":\"Person\",\"@id\":\"https:\\\/\\\/akunq.net\\\/tr\\\/#\\\/schema\\\/person\\\/096f1d38a12cce57fb855b485ed24c9e\",\"name\":\"admin\",\"url\":\"https:\\\/\\\/akunq.net\\\/tr\\\/?author=7\"}]}<\/script>\n<!-- \/ Yoast SEO plugin. -->","yoast_head_json":{"title":"Sevag Bal\u0131k\u00e7\u0131 davas\u0131n\u0131n seyri de\u011fi\u015febilir - Bati Ermenistan Ve Bati Ermenileri Sorunlari Ara\u015ftirmalar Merkezi","robots":{"index":"index","follow":"follow","max-snippet":"max-snippet:-1","max-image-preview":"max-image-preview:large","max-video-preview":"max-video-preview:-1"},"canonical":"https:\/\/akunq.net\/tr\/?p=27483","og_locale":"en_US","og_type":"article","og_title":"Sevag Bal\u0131k\u00e7\u0131 davas\u0131n\u0131n seyri de\u011fi\u015febilir - Bati Ermenistan Ve Bati Ermenileri Sorunlari Ara\u015ftirmalar Merkezi","og_description":"Tan\u0131k Halil Ek\u015fi yeniden ifade verecek\u2026 Batman\u2019\u0131n Kozluk \u0130l\u00e7esi G\u00fcm\u00fc\u015f\u00f6rg\u00fc Jandarma Karakolu\u2019nda askerlik yapan Ermeni Er Sevag \u015eahin Bal\u0131k\u00e7\u0131 Paskalya Bayram\u0131\u2019n\u0131n kutland\u0131\u011f\u0131 bir d\u00f6nemde ve ayn\u0131 zamanda Ermeni Soyk\u0131r\u0131m\u0131\u2019n\u0131 anma g\u00fcn\u00fcne denk gelen 24 Nisan 2011 g\u00fcn\u00fc K\u0131van\u00e7 A\u011fao\u011flu\u2019nun t\u00fcfe\u011finden \u00e7\u0131kan kur\u015fun ile \u00f6lm\u00fc\u015ft\u00fc. A\u011fao\u011flu\u2019nun milliyet\u00e7i g\u00f6r\u00fc\u015fte oldu\u011fu, Facebook profilinde bu y\u00f6nde payla\u015f\u0131mlar bulundu\u011fu ortaya [&hellip;]","og_url":"https:\/\/akunq.net\/tr\/?p=27483","og_site_name":"Bati Ermenistan Ve Bati Ermenileri Sorunlari Ara\u015ftirmalar Merkezi","article_published_time":"2013-12-17T09:20:57+00:00","author":"admin","twitter_card":"summary_large_image","twitter_misc":{"Written by":"admin","Est. reading time":"2 minutes"},"schema":{"@context":"https:\/\/schema.org","@graph":[{"@type":"Article","@id":"https:\/\/akunq.net\/tr\/?p=27483#article","isPartOf":{"@id":"https:\/\/akunq.net\/tr\/?p=27483"},"author":{"name":"admin","@id":"https:\/\/akunq.net\/tr\/#\/schema\/person\/096f1d38a12cce57fb855b485ed24c9e"},"headline":"Sevag Bal\u0131k\u00e7\u0131 davas\u0131n\u0131n seyri de\u011fi\u015febilir","datePublished":"2013-12-17T09:20:57+00:00","mainEntityOfPage":{"@id":"https:\/\/akunq.net\/tr\/?p=27483"},"wordCount":450,"commentCount":0,"articleSection":["Haberler"],"inLanguage":"en-US","potentialAction":[{"@type":"CommentAction","name":"Comment","target":["https:\/\/akunq.net\/tr\/?p=27483#respond"]}]},{"@type":"WebPage","@id":"https:\/\/akunq.net\/tr\/?p=27483","url":"https:\/\/akunq.net\/tr\/?p=27483","name":"Sevag Bal\u0131k\u00e7\u0131 davas\u0131n\u0131n seyri de\u011fi\u015febilir - Bati Ermenistan Ve Bati Ermenileri Sorunlari Ara\u015ftirmalar Merkezi","isPartOf":{"@id":"https:\/\/akunq.net\/tr\/#website"},"datePublished":"2013-12-17T09:20:57+00:00","author":{"@id":"https:\/\/akunq.net\/tr\/#\/schema\/person\/096f1d38a12cce57fb855b485ed24c9e"},"breadcrumb":{"@id":"https:\/\/akunq.net\/tr\/?p=27483#breadcrumb"},"inLanguage":"en-US","potentialAction":[{"@type":"ReadAction","target":["https:\/\/akunq.net\/tr\/?p=27483"]}]},{"@type":"BreadcrumbList","@id":"https:\/\/akunq.net\/tr\/?p=27483#breadcrumb","itemListElement":[{"@type":"ListItem","position":1,"name":"Home","item":"https:\/\/akunq.net\/tr"},{"@type":"ListItem","position":2,"name":"Sevag Bal\u0131k\u00e7\u0131 davas\u0131n\u0131n seyri de\u011fi\u015febilir"}]},{"@type":"WebSite","@id":"https:\/\/akunq.net\/tr\/#website","url":"https:\/\/akunq.net\/tr\/","name":"Bati Ermenistan Ve Bati Ermenileri Sorunlari Ara\u015ftirmalar Merkezi","description":"","potentialAction":[{"@type":"SearchAction","target":{"@type":"EntryPoint","urlTemplate":"https:\/\/akunq.net\/tr\/?s={search_term_string}"},"query-input":{"@type":"PropertyValueSpecification","valueRequired":true,"valueName":"search_term_string"}}],"inLanguage":"en-US"},{"@type":"Person","@id":"https:\/\/akunq.net\/tr\/#\/schema\/person\/096f1d38a12cce57fb855b485ed24c9e","name":"admin","url":"https:\/\/akunq.net\/tr\/?author=7"}]}},"_links":{"self":[{"href":"https:\/\/akunq.net\/tr\/index.php?rest_route=\/wp\/v2\/posts\/27483","targetHints":{"allow":["GET"]}}],"collection":[{"href":"https:\/\/akunq.net\/tr\/index.php?rest_route=\/wp\/v2\/posts"}],"about":[{"href":"https:\/\/akunq.net\/tr\/index.php?rest_route=\/wp\/v2\/types\/post"}],"author":[{"embeddable":true,"href":"https:\/\/akunq.net\/tr\/index.php?rest_route=\/wp\/v2\/users\/7"}],"replies":[{"embeddable":true,"href":"https:\/\/akunq.net\/tr\/index.php?rest_route=%2Fwp%2Fv2%2Fcomments&post=27483"}],"version-history":[{"count":1,"href":"https:\/\/akunq.net\/tr\/index.php?rest_route=\/wp\/v2\/posts\/27483\/revisions"}],"predecessor-version":[{"id":27485,"href":"https:\/\/akunq.net\/tr\/index.php?rest_route=\/wp\/v2\/posts\/27483\/revisions\/27485"}],"wp:attachment":[{"href":"https:\/\/akunq.net\/tr\/index.php?rest_route=%2Fwp%2Fv2%2Fmedia&parent=27483"}],"wp:term":[{"taxonomy":"category","embeddable":true,"href":"https:\/\/akunq.net\/tr\/index.php?rest_route=%2Fwp%2Fv2%2Fcategories&post=27483"},{"taxonomy":"post_tag","embeddable":true,"href":"https:\/\/akunq.net\/tr\/index.php?rest_route=%2Fwp%2Fv2%2Ftags&post=27483"}],"curies":[{"name":"wp","href":"https:\/\/api.w.org\/{rel}","templated":true}]}}