{"id":27480,"date":"2013-12-17T04:11:51","date_gmt":"2013-12-17T09:11:51","guid":{"rendered":"http:\/\/akunq.net\/tr\/?p=27480"},"modified":"2013-12-17T04:11:51","modified_gmt":"2013-12-17T09:11:51","slug":"davutoglunun-sozlerine-tarihcilerden-sert-tepki","status":"publish","type":"post","link":"https:\/\/akunq.net\/tr\/?p=27480","title":{"rendered":"Davuto\u011flu&#8217;nun s\u00f6zlerine tarih\u00e7ilerden sert tepki"},"content":{"rendered":"<p style=\"text-align: justify;\"><em><strong><a href=\"http:\/\/akunq.net\/tr\/wp-content\/uploads\/2013\/12\/\u0545\u0578\u0582\u057d\u0578\u0582\u0586-\u0540\u0561\u056c\u0561\u0579\u0585\u0572\u056c\u0578\u0582.jpg\"><img loading=\"lazy\" decoding=\"async\" class=\"alignright size-medium wp-image-27481\" alt=\"\u0545\u0578\u0582\u057d\u0578\u0582\u0586 \u0540\u0561\u056c\u0561\u0579\u0585\u0572\u056c\u0578\u0582\" src=\"http:\/\/akunq.net\/tr\/wp-content\/uploads\/2013\/12\/\u0545\u0578\u0582\u057d\u0578\u0582\u0586-\u0540\u0561\u056c\u0561\u0579\u0585\u0572\u056c\u0578\u0582-300x166.jpg\" width=\"300\" height=\"166\" srcset=\"https:\/\/akunq.net\/tr\/wp-content\/uploads\/sites\/6\/2013\/12\/\u0545\u0578\u0582\u057d\u0578\u0582\u0586-\u0540\u0561\u056c\u0561\u0579\u0585\u0572\u056c\u0578\u0582-300x166.jpg 300w, https:\/\/akunq.net\/tr\/wp-content\/uploads\/sites\/6\/2013\/12\/\u0545\u0578\u0582\u057d\u0578\u0582\u0586-\u0540\u0561\u056c\u0561\u0579\u0585\u0572\u056c\u0578\u0582.jpg 301w\" sizes=\"auto, (max-width: 300px) 100vw, 300px\" \/><\/a>Ayd\u0131nl\u0131k gazetesine g\u00f6re, Ahmet Davuto\u011flu&#8217;nun Erivan ziyareti \u00f6ncesi sarf etti\u011fi s\u00f6zleri Ayd\u0131nl\u0131k&#8217;a de\u011ferlendiren Yusuf Hala\u00e7o\u011flu, h\u00fck\u00fcmetin Ermeni soyk\u0131r\u0131m\u0131n\u0131 kabul edecek bir anlay\u0131\u015fa sahip oldu\u011funu s\u00f6yledi.<\/strong><\/em><br \/>\nD\u0131\u015fi\u015fleri Bakan\u0131 Ahmet Davuto\u011flu, Ermenistan ziyareti \u00f6ncesinde \u201cTehciri benimsemiyoruz, gayriinsani bir uygulama\u201d s\u00f6zleriyle b\u00fct\u00fcn ele\u015ftirileri toplad\u0131. Davuto\u011flu, Ermenistan&#8217;da yapt\u0131\u011f\u0131 a\u00e7\u0131klamada da 2005&#8217;teki Ermenilere soyk\u0131r\u0131m yap\u0131ld\u0131\u011f\u0131 tezlerinin savunuldu\u011fu konferans\u0131n Tayyip Erdo\u011fan ve Abdullah G\u00fcl&#8217;\u00fcn deste\u011fiyle ger\u00e7ekle\u015fti\u011fini s\u00f6yledi. Tarih\u00e7iler, Davuto\u011flu&#8217;nun bu a\u00e7\u0131klamalar\u0131yla T\u00fcrkiye&#8217;nin uluslararas\u0131 alanda \u00e7ok zor durumda kalaca\u011f\u0131n\u0131 vurgulad\u0131. MHP Grup Ba\u015fkanvekili ve eski T\u00fcrk Tarih Kurumu Ba\u015fkan\u0131 Yusuf Hala\u00e7o\u011flu, AKP&#8217;nin kamuoyundan \u00e7ekinmese Ermeni soyk\u0131r\u0131m\u0131n\u0131 kabul edece\u011fini kaydetti. Ermeni soyk\u0131r\u0131m iddialar\u0131 \u00fczerine ara\u015ft\u0131rmalar\u0131yla bilinen Mehmet Perin\u00e7ek ise \u201cT\u00fcrkiye&#8217;yi Ermenistan&#8217;\u0131n kar\u015f\u0131s\u0131nda geri ad\u0131m att\u0131racak s\u00f6ylemlerde bulunmaya ba\u015flad\u0131lar. Davuto\u011flu&#8217;nun s\u00f6ylediklerinin ger\u00e7ekle de bir ilgisi yok\u201d dedi.<\/p>\n<p style=\"text-align: justify;\"><strong>&#8216;AKP&#8217;yi b\u0131raksan\u0131z soyk\u0131r\u0131m\u0131 tan\u0131r&#8217;<\/strong><br \/>\nDavuto\u011flu&#8217;nun s\u00f6zlerini Ayd\u0131nl\u0131k&#8217;a de\u011ferlendiren Hala\u00e7o\u011flu, \u201cH\u00fck\u00fcmetin Ermeni a\u00e7\u0131l\u0131m\u0131n\u0131, kap\u0131lar\u0131n a\u00e7\u0131lmas\u0131 gibi konular\u0131 g\u00f6z\u00f6n\u00fcne alacak olursan\u0131z Ahmet Davuto\u011flu&#8217;nun veya h\u00fck\u00fcmetin b\u0131raksan\u0131z soyk\u0131r\u0131m\u0131 kabul edecek bir anlay\u0131\u015fa sahip olduklar\u0131n\u0131 g\u00f6r\u00fcrs\u00fcn\u00fcz. Ermenilere kar\u015f\u0131 tavizler vermeye haz\u0131r olduklar\u0131n\u0131n g\u00f6stergesi. Ben T\u00fcrk Tarih Kurumu&#8217;ndayken bu konuda \u00e7ok ciddi \u00e7al\u0131\u015fmalara imza atm\u0131\u015ft\u0131k. Benim g\u00f6revden al\u0131nmam\u0131n temelinde de Ermeni a\u00e7\u0131l\u0131m\u0131 var. H\u00fck\u00fcmetin bu konuda ciddi bir \u015fekilde ger\u00e7eklerle ba\u011fda\u015f\u0131r bir politika izledi\u011fini zannetmiyorum. Tamamen Amerika&#8217;n\u0131n iste\u011fi \u00fczerine Ermenilerle yak\u0131nla\u015fmay\u0131 ve Ermenilerin Amerika taraf\u0131ndan \u00e7ekme politikas\u0131 izlediklerini d\u00fc\u015f\u00fcn\u00fcyorum. Onun i\u00e7in de Ermenilere her t\u00fcrl\u00fc tavizi vermeye haz\u0131r olduklar\u0131n\u0131 d\u00fc\u015f\u00fcn\u00fcyorum. Kamuyoundan \u00e7ekinmeseler bug\u00fcn \u00e7ok h\u0131zl\u0131 bir \u015fekilde Ermeni soyk\u0131r\u0131m\u0131n\u0131 da kabul ederler. Dikkat ederseniz K\u0131br\u0131s&#8217;ta yapt\u0131klar\u0131 da ayn\u0131s\u0131yd\u0131. Referanduma g\u00f6t\u00fcrd\u00fcler. T\u00fcrklerin &#8216;Evet&#8217; demesine kar\u015f\u0131n Rumlar &#8216;Hay\u0131r&#8217; demeseydi bug\u00fcn K\u0131br\u0131s sorunumuz yoktu. K\u0131br\u0131s zaten elimizde de\u011fil art\u0131k. H\u00fck\u00fcmetin 2015&#8217;e haz\u0131rl\u0131k yap\u0131p yapmad\u0131klar\u0131n\u0131 g\u00f6rece\u011fiz. Nas\u0131l bir kar\u015f\u0131 politika izleyip izlemediklerini g\u00f6rece\u011fiz. S\u00f6ylediklerimin do\u011fru oldu\u011fu zaten ortaya \u00e7\u0131kacak\u201d dedi.<\/p>\n<p style=\"text-align: justify;\"><strong>&#8216;Ermenistan&#8217;\u0131 ABD&#8217;ye ba\u011flama plan\u0131&#8217;<\/strong><br \/>\nMehmet Perin\u00e7ek ise Davuto\u011flu&#8217;nun tutumunu ve T\u00fcrk d\u0131\u015f politikas\u0131n\u0131 \u015fu s\u00f6zlerle de\u011ferlendirdi: \u201cT\u00fcrkiye&#8217;nin \u015fimdiye kadar kritik konularda k\u0131rm\u0131z\u0131 \u00e7izgileri vard\u0131. Ermeni meselesi, K\u0131br\u0131s meselesi gibi konularda hangi h\u00fck\u00fcmet gelirse gelsin bu konularda \u00e7ok farkl\u0131 politikalar uygulanmazd\u0131. Fakat AKP h\u00fck\u00fcmeti bu T\u00fcrkiye&#8217;nin temel k\u0131rm\u0131z\u0131 \u00e7izgileri konusunda tamamen farkl\u0131 bir \u00e7izgi izliyor. K\u0131br\u0131s meselesinde, T\u00fcrkiye&#8217;nin toprak b\u00fct\u00fcnl\u00fc\u011f\u00fc konusunda da, Ermeni meselesinde de bir \u00e7ok ciddi farkl\u0131 politikalar izlemeye ba\u015flad\u0131. T\u00fcrkiye&#8217;de bu milli menfaatlere ayk\u0131r\u0131 oluyor. Bunun temelinde yatan Amerika Birle\u015fik Devletleri&#8217;nin Ermenistan&#8217;\u0131 T\u00fcrkiye \u00fczerinden Rusya&#8217;dan kopar\u0131p Amerika&#8217;ya ba\u011flama plan\u0131d\u0131r. Bunu da Ermeni a\u00e7\u0131l\u0131m\u0131yla ortaya koydular. Ermeni a\u00e7\u0131l\u0131m\u0131 \u00e7ok b\u00fcy\u00fck bir fiyaskoyla sonu\u00e7land\u0131. Fiyaskoyla sonu\u00e7lanmas\u0131nda T\u00fcrkiye&#8217;deki tepkiler \u00e7ok ciddi rol oynam\u0131\u015ft\u0131. \u015eimdi onu tekrar diriltmeye \u00e7al\u0131\u015f\u0131yorlar. T\u00fcrkiye&#8217;yi Ermenistan&#8217;\u0131n kar\u015f\u0131s\u0131nda iyice zor durumda b\u0131rakacak, geri ad\u0131m att\u0131racak s\u00f6ylemlerde bulunmaya ba\u015flad\u0131lar. Davuto\u011flu&#8217;nun s\u00f6ylediklerinin ger\u00e7ekle de bir ilgisi yok.\u201d<\/p>\n<p style=\"text-align: justify;\"><em><strong>http:\/\/www.ulusalkanal.com.tr\/gundem\/davutoglunun-sozlerine-tarihcilerden-sert-tepki-h19365.html<\/strong><\/em><\/p>\n","protected":false},"excerpt":{"rendered":"<p>Ayd\u0131nl\u0131k gazetesine g\u00f6re, Ahmet Davuto\u011flu&#8217;nun Erivan ziyareti \u00f6ncesi sarf etti\u011fi s\u00f6zleri Ayd\u0131nl\u0131k&#8217;a de\u011ferlendiren Yusuf Hala\u00e7o\u011flu, h\u00fck\u00fcmetin Ermeni soyk\u0131r\u0131m\u0131n\u0131 kabul edecek bir anlay\u0131\u015fa sahip oldu\u011funu s\u00f6yledi. D\u0131\u015fi\u015fleri Bakan\u0131 Ahmet Davuto\u011flu, Ermenistan ziyareti \u00f6ncesinde \u201cTehciri benimsemiyoruz, gayriinsani bir uygulama\u201d s\u00f6zleriyle b\u00fct\u00fcn ele\u015ftirileri toplad\u0131. Davuto\u011flu, Ermenistan&#8217;da yapt\u0131\u011f\u0131 a\u00e7\u0131klamada da 2005&#8217;teki Ermenilere soyk\u0131r\u0131m yap\u0131ld\u0131\u011f\u0131 tezlerinin savunuldu\u011fu konferans\u0131n Tayyip Erdo\u011fan [&hellip;]<\/p>\n","protected":false},"author":7,"featured_media":0,"comment_status":"open","ping_status":"open","sticky":false,"template":"","format":"standard","meta":{"footnotes":""},"categories":[1],"tags":[],"class_list":["post-27480","post","type-post","status-publish","format-standard","hentry","category-haberler"],"yoast_head":"<!-- This site is optimized with the Yoast SEO plugin v27.4 - https:\/\/yoast.com\/product\/yoast-seo-wordpress\/ -->\n<title>Davuto\u011flu&#039;nun s\u00f6zlerine tarih\u00e7ilerden sert tepki - Bati Ermenistan Ve Bati Ermenileri Sorunlari Ara\u015ftirmalar Merkezi<\/title>\n<meta name=\"robots\" content=\"index, follow, max-snippet:-1, max-image-preview:large, max-video-preview:-1\" \/>\n<link rel=\"canonical\" href=\"https:\/\/akunq.net\/tr\/?p=27480\" \/>\n<meta property=\"og:locale\" content=\"en_US\" \/>\n<meta property=\"og:type\" content=\"article\" \/>\n<meta property=\"og:title\" content=\"Davuto\u011flu&#039;nun s\u00f6zlerine tarih\u00e7ilerden sert tepki - Bati Ermenistan Ve Bati Ermenileri Sorunlari Ara\u015ftirmalar Merkezi\" \/>\n<meta property=\"og:description\" content=\"Ayd\u0131nl\u0131k gazetesine g\u00f6re, Ahmet Davuto\u011flu&#8217;nun Erivan ziyareti \u00f6ncesi sarf etti\u011fi s\u00f6zleri Ayd\u0131nl\u0131k&#8217;a de\u011ferlendiren Yusuf Hala\u00e7o\u011flu, h\u00fck\u00fcmetin Ermeni soyk\u0131r\u0131m\u0131n\u0131 kabul edecek bir anlay\u0131\u015fa sahip oldu\u011funu s\u00f6yledi. D\u0131\u015fi\u015fleri Bakan\u0131 Ahmet Davuto\u011flu, Ermenistan ziyareti \u00f6ncesinde \u201cTehciri benimsemiyoruz, gayriinsani bir uygulama\u201d s\u00f6zleriyle b\u00fct\u00fcn ele\u015ftirileri toplad\u0131. Davuto\u011flu, Ermenistan&#8217;da yapt\u0131\u011f\u0131 a\u00e7\u0131klamada da 2005&#8217;teki Ermenilere soyk\u0131r\u0131m yap\u0131ld\u0131\u011f\u0131 tezlerinin savunuldu\u011fu konferans\u0131n Tayyip Erdo\u011fan [&hellip;]\" \/>\n<meta property=\"og:url\" content=\"https:\/\/akunq.net\/tr\/?p=27480\" \/>\n<meta property=\"og:site_name\" content=\"Bati Ermenistan Ve Bati Ermenileri Sorunlari Ara\u015ftirmalar Merkezi\" \/>\n<meta property=\"article:published_time\" content=\"2013-12-17T09:11:51+00:00\" \/>\n<meta name=\"author\" content=\"admin\" \/>\n<meta name=\"twitter:card\" content=\"summary_large_image\" \/>\n<meta name=\"twitter:label1\" content=\"Written by\" \/>\n\t<meta name=\"twitter:data1\" content=\"admin\" \/>\n\t<meta name=\"twitter:label2\" content=\"Est. reading time\" \/>\n\t<meta name=\"twitter:data2\" content=\"3 minutes\" \/>\n<script type=\"application\/ld+json\" class=\"yoast-schema-graph\">{\"@context\":\"https:\\\/\\\/schema.org\",\"@graph\":[{\"@type\":\"Article\",\"@id\":\"https:\\\/\\\/akunq.net\\\/tr\\\/?p=27480#article\",\"isPartOf\":{\"@id\":\"https:\\\/\\\/akunq.net\\\/tr\\\/?p=27480\"},\"author\":{\"name\":\"admin\",\"@id\":\"https:\\\/\\\/akunq.net\\\/tr\\\/#\\\/schema\\\/person\\\/096f1d38a12cce57fb855b485ed24c9e\"},\"headline\":\"Davuto\u011flu&#8217;nun s\u00f6zlerine tarih\u00e7ilerden sert tepki\",\"datePublished\":\"2013-12-17T09:11:51+00:00\",\"mainEntityOfPage\":{\"@id\":\"https:\\\/\\\/akunq.net\\\/tr\\\/?p=27480\"},\"wordCount\":663,\"commentCount\":0,\"articleSection\":[\"Haberler\"],\"inLanguage\":\"en-US\",\"potentialAction\":[{\"@type\":\"CommentAction\",\"name\":\"Comment\",\"target\":[\"https:\\\/\\\/akunq.net\\\/tr\\\/?p=27480#respond\"]}]},{\"@type\":\"WebPage\",\"@id\":\"https:\\\/\\\/akunq.net\\\/tr\\\/?p=27480\",\"url\":\"https:\\\/\\\/akunq.net\\\/tr\\\/?p=27480\",\"name\":\"Davuto\u011flu'nun s\u00f6zlerine tarih\u00e7ilerden sert tepki - Bati Ermenistan Ve Bati Ermenileri Sorunlari Ara\u015ftirmalar Merkezi\",\"isPartOf\":{\"@id\":\"https:\\\/\\\/akunq.net\\\/tr\\\/#website\"},\"datePublished\":\"2013-12-17T09:11:51+00:00\",\"author\":{\"@id\":\"https:\\\/\\\/akunq.net\\\/tr\\\/#\\\/schema\\\/person\\\/096f1d38a12cce57fb855b485ed24c9e\"},\"breadcrumb\":{\"@id\":\"https:\\\/\\\/akunq.net\\\/tr\\\/?p=27480#breadcrumb\"},\"inLanguage\":\"en-US\",\"potentialAction\":[{\"@type\":\"ReadAction\",\"target\":[\"https:\\\/\\\/akunq.net\\\/tr\\\/?p=27480\"]}]},{\"@type\":\"BreadcrumbList\",\"@id\":\"https:\\\/\\\/akunq.net\\\/tr\\\/?p=27480#breadcrumb\",\"itemListElement\":[{\"@type\":\"ListItem\",\"position\":1,\"name\":\"Home\",\"item\":\"https:\\\/\\\/akunq.net\\\/tr\"},{\"@type\":\"ListItem\",\"position\":2,\"name\":\"Davuto\u011flu&#8217;nun s\u00f6zlerine tarih\u00e7ilerden sert tepki\"}]},{\"@type\":\"WebSite\",\"@id\":\"https:\\\/\\\/akunq.net\\\/tr\\\/#website\",\"url\":\"https:\\\/\\\/akunq.net\\\/tr\\\/\",\"name\":\"Bati Ermenistan Ve Bati Ermenileri Sorunlari Ara\u015ftirmalar Merkezi\",\"description\":\"\",\"potentialAction\":[{\"@type\":\"SearchAction\",\"target\":{\"@type\":\"EntryPoint\",\"urlTemplate\":\"https:\\\/\\\/akunq.net\\\/tr\\\/?s={search_term_string}\"},\"query-input\":{\"@type\":\"PropertyValueSpecification\",\"valueRequired\":true,\"valueName\":\"search_term_string\"}}],\"inLanguage\":\"en-US\"},{\"@type\":\"Person\",\"@id\":\"https:\\\/\\\/akunq.net\\\/tr\\\/#\\\/schema\\\/person\\\/096f1d38a12cce57fb855b485ed24c9e\",\"name\":\"admin\",\"url\":\"https:\\\/\\\/akunq.net\\\/tr\\\/?author=7\"}]}<\/script>\n<!-- \/ Yoast SEO plugin. -->","yoast_head_json":{"title":"Davuto\u011flu'nun s\u00f6zlerine tarih\u00e7ilerden sert tepki - Bati Ermenistan Ve Bati Ermenileri Sorunlari Ara\u015ftirmalar Merkezi","robots":{"index":"index","follow":"follow","max-snippet":"max-snippet:-1","max-image-preview":"max-image-preview:large","max-video-preview":"max-video-preview:-1"},"canonical":"https:\/\/akunq.net\/tr\/?p=27480","og_locale":"en_US","og_type":"article","og_title":"Davuto\u011flu'nun s\u00f6zlerine tarih\u00e7ilerden sert tepki - Bati Ermenistan Ve Bati Ermenileri Sorunlari Ara\u015ftirmalar Merkezi","og_description":"Ayd\u0131nl\u0131k gazetesine g\u00f6re, Ahmet Davuto\u011flu&#8217;nun Erivan ziyareti \u00f6ncesi sarf etti\u011fi s\u00f6zleri Ayd\u0131nl\u0131k&#8217;a de\u011ferlendiren Yusuf Hala\u00e7o\u011flu, h\u00fck\u00fcmetin Ermeni soyk\u0131r\u0131m\u0131n\u0131 kabul edecek bir anlay\u0131\u015fa sahip oldu\u011funu s\u00f6yledi. D\u0131\u015fi\u015fleri Bakan\u0131 Ahmet Davuto\u011flu, Ermenistan ziyareti \u00f6ncesinde \u201cTehciri benimsemiyoruz, gayriinsani bir uygulama\u201d s\u00f6zleriyle b\u00fct\u00fcn ele\u015ftirileri toplad\u0131. Davuto\u011flu, Ermenistan&#8217;da yapt\u0131\u011f\u0131 a\u00e7\u0131klamada da 2005&#8217;teki Ermenilere soyk\u0131r\u0131m yap\u0131ld\u0131\u011f\u0131 tezlerinin savunuldu\u011fu konferans\u0131n Tayyip Erdo\u011fan [&hellip;]","og_url":"https:\/\/akunq.net\/tr\/?p=27480","og_site_name":"Bati Ermenistan Ve Bati Ermenileri Sorunlari Ara\u015ftirmalar Merkezi","article_published_time":"2013-12-17T09:11:51+00:00","author":"admin","twitter_card":"summary_large_image","twitter_misc":{"Written by":"admin","Est. reading time":"3 minutes"},"schema":{"@context":"https:\/\/schema.org","@graph":[{"@type":"Article","@id":"https:\/\/akunq.net\/tr\/?p=27480#article","isPartOf":{"@id":"https:\/\/akunq.net\/tr\/?p=27480"},"author":{"name":"admin","@id":"https:\/\/akunq.net\/tr\/#\/schema\/person\/096f1d38a12cce57fb855b485ed24c9e"},"headline":"Davuto\u011flu&#8217;nun s\u00f6zlerine tarih\u00e7ilerden sert tepki","datePublished":"2013-12-17T09:11:51+00:00","mainEntityOfPage":{"@id":"https:\/\/akunq.net\/tr\/?p=27480"},"wordCount":663,"commentCount":0,"articleSection":["Haberler"],"inLanguage":"en-US","potentialAction":[{"@type":"CommentAction","name":"Comment","target":["https:\/\/akunq.net\/tr\/?p=27480#respond"]}]},{"@type":"WebPage","@id":"https:\/\/akunq.net\/tr\/?p=27480","url":"https:\/\/akunq.net\/tr\/?p=27480","name":"Davuto\u011flu'nun s\u00f6zlerine tarih\u00e7ilerden sert tepki - Bati Ermenistan Ve Bati Ermenileri Sorunlari Ara\u015ftirmalar Merkezi","isPartOf":{"@id":"https:\/\/akunq.net\/tr\/#website"},"datePublished":"2013-12-17T09:11:51+00:00","author":{"@id":"https:\/\/akunq.net\/tr\/#\/schema\/person\/096f1d38a12cce57fb855b485ed24c9e"},"breadcrumb":{"@id":"https:\/\/akunq.net\/tr\/?p=27480#breadcrumb"},"inLanguage":"en-US","potentialAction":[{"@type":"ReadAction","target":["https:\/\/akunq.net\/tr\/?p=27480"]}]},{"@type":"BreadcrumbList","@id":"https:\/\/akunq.net\/tr\/?p=27480#breadcrumb","itemListElement":[{"@type":"ListItem","position":1,"name":"Home","item":"https:\/\/akunq.net\/tr"},{"@type":"ListItem","position":2,"name":"Davuto\u011flu&#8217;nun s\u00f6zlerine tarih\u00e7ilerden sert tepki"}]},{"@type":"WebSite","@id":"https:\/\/akunq.net\/tr\/#website","url":"https:\/\/akunq.net\/tr\/","name":"Bati Ermenistan Ve Bati Ermenileri Sorunlari Ara\u015ftirmalar Merkezi","description":"","potentialAction":[{"@type":"SearchAction","target":{"@type":"EntryPoint","urlTemplate":"https:\/\/akunq.net\/tr\/?s={search_term_string}"},"query-input":{"@type":"PropertyValueSpecification","valueRequired":true,"valueName":"search_term_string"}}],"inLanguage":"en-US"},{"@type":"Person","@id":"https:\/\/akunq.net\/tr\/#\/schema\/person\/096f1d38a12cce57fb855b485ed24c9e","name":"admin","url":"https:\/\/akunq.net\/tr\/?author=7"}]}},"_links":{"self":[{"href":"https:\/\/akunq.net\/tr\/index.php?rest_route=\/wp\/v2\/posts\/27480","targetHints":{"allow":["GET"]}}],"collection":[{"href":"https:\/\/akunq.net\/tr\/index.php?rest_route=\/wp\/v2\/posts"}],"about":[{"href":"https:\/\/akunq.net\/tr\/index.php?rest_route=\/wp\/v2\/types\/post"}],"author":[{"embeddable":true,"href":"https:\/\/akunq.net\/tr\/index.php?rest_route=\/wp\/v2\/users\/7"}],"replies":[{"embeddable":true,"href":"https:\/\/akunq.net\/tr\/index.php?rest_route=%2Fwp%2Fv2%2Fcomments&post=27480"}],"version-history":[{"count":1,"href":"https:\/\/akunq.net\/tr\/index.php?rest_route=\/wp\/v2\/posts\/27480\/revisions"}],"predecessor-version":[{"id":27482,"href":"https:\/\/akunq.net\/tr\/index.php?rest_route=\/wp\/v2\/posts\/27480\/revisions\/27482"}],"wp:attachment":[{"href":"https:\/\/akunq.net\/tr\/index.php?rest_route=%2Fwp%2Fv2%2Fmedia&parent=27480"}],"wp:term":[{"taxonomy":"category","embeddable":true,"href":"https:\/\/akunq.net\/tr\/index.php?rest_route=%2Fwp%2Fv2%2Fcategories&post=27480"},{"taxonomy":"post_tag","embeddable":true,"href":"https:\/\/akunq.net\/tr\/index.php?rest_route=%2Fwp%2Fv2%2Ftags&post=27480"}],"curies":[{"name":"wp","href":"https:\/\/api.w.org\/{rel}","templated":true}]}}